{"id":78674,"date":"2022-04-06T18:00:21","date_gmt":"2022-04-06T17:00:21","guid":{"rendered":"https:\/\/www.altominho.tv\/site\/?p=78674"},"modified":"2022-04-06T18:00:25","modified_gmt":"2022-04-06T17:00:25","slug":"ovos-gigantes-mercado-e-queima-de-judas-celebram-pascoa-em-cerveira","status":"publish","type":"post","link":"https:\/\/www.altominho.tv\/site\/2022\/04\/06\/ovos-gigantes-mercado-e-queima-de-judas-celebram-pascoa-em-cerveira\/","title":{"rendered":"Ovos gigantes, mercado e queima de Judas celebram P\u00e1scoa em Cerveira"},"content":{"rendered":"<p>A C\u00e2mara de Vila Nova de Cerveira vai celebrar a quadra pascal entre 9 e 17 de abril, com a dinamiza\u00e7\u00e3o de tr\u00eas eventos. Pela primeira vez, o centro hist\u00f3rico vai estar decorado com cerca de 30 ovos gigantes e o Parque de Lazer do Castelinho vai receber o Mercado da P\u00e1scoa, al\u00e9m da realiza\u00e7\u00e3o da tradicional \u2018Queima de Judas\u2019.<\/p>\n<p>O arranque da programa\u00e7\u00e3o pascal acontece j\u00e1 no pr\u00f3ximo s\u00e1bado, com as v\u00e1rias ruas do centro hist\u00f3rico de Vila Nova de Cerveira decoradas com motivos pascais. Cerca de 30 ovos de P\u00e1scoa executados por associa\u00e7\u00f5es, IPSS e juntas de freguesia v\u00e3o estar expostos em formato 3D gigante (1,5m a 2m de altura).<\/p>\n<p>A iniciativa integra um concurso lan\u00e7ado pela autarquia e as fotografias dos trabalhos ser\u00e3o disponibilizadas na p\u00e1gina do Facebook do munic\u00edpio, para que a vota\u00e7\u00e3o seja feita pelo p\u00fablico, entre as 09h00 do dia 9 de abril e as 23h59 do dia 18 de abril. O vencedor ser\u00e1 conhecido a 20 de abril e premiado com 500 euros. Em caso de empate, o pr\u00e9mio ser\u00e1 dividido em partes iguais pelos vencedores.<\/p>\n<p>J\u00e1 no fim-de-semana prolongado da P\u00e1scoa, entre 15 e 17 de abril, o Parque de Lazer do Castelinho acolhe o Mercado da P\u00e1scoa, que reunir\u00e1 expositores de produtos gastron\u00f3micos alusivos \u00e0 quadra festiva. Complementarmente, a autarquia preparou um conjunto de atividades dirigidas ao p\u00fablico infantojuvenil.<\/p>\n<p>De entrada livre, os tr\u00eas dias do Mercado da P\u00e1scoa v\u00e3o ter a tradicional ca\u00e7a aos ovos, oficinas de pintura de ovos, <em>workshops <\/em>de cestinhas de P\u00e1scoa, de decora\u00e7\u00e3o de bolachas e de ovos mexidos, al\u00e9m de espet\u00e1culos de dan\u00e7a e de magia, uma Hora do Conto ao ar livre, pinturas faciais, insufl\u00e1veis e a venda de do\u00e7aria t\u00edpica. As atividades decorrem entre as 10h00 e as 19h00, de sexta-feira a domingo de P\u00e1scoa.<\/p>\n<p>No S\u00e1bado de Aleluia, dia 16 de abril, \u00e0s 23h30, o centro hist\u00f3rico vai ainda ser palco de mais uma edi\u00e7\u00e3o da \u2018Queima de Judas\u2019, uma das tradi\u00e7\u00f5es mais profundas de s\u00e1tira e cr\u00edtica popular e de pendor judaico crist\u00e3o, em formato de espet\u00e1culo de teatro comunit\u00e1rio produzido pela companhia de teatro Com\u00e9dias do Minho.<\/p>\n<p>No \u00e2mbito religioso, vai decorrer a secular prociss\u00e3o do Senhor dos Passos que, na quinta-feira santa, pelas 21h00, percorre as ruas do centro hist\u00f3rico da vila, numa Via-Sacra aos sete nichos da Paix\u00e3o de Cristo, onde se fazem ouvir os c\u00e2nticos da Ver\u00f3nica, dinamizada pela Santa Casa da Miseric\u00f3rdia, al\u00e9m das cerim\u00f3nias religiosas nas v\u00e1rias par\u00f3quias do concelho.<\/p>\n","protected":false},"excerpt":{"rendered":"<p>A C\u00e2mara de Vila Nova de Cerveira vai celebrar a quadra pascal entre 9 e 17 de abril, com a dinamiza\u00e7\u00e3o de tr\u00eas eventos. Pela primeira vez, o centro hist\u00f3rico vai estar decorado com cerca de 30 ovos gigantes e o Parque de Lazer do Castelinho vai receber o Mercado da P\u00e1scoa, al\u00e9m da realiza\u00e7\u00e3o [&hellip;]<\/p>\n","protected":false},"author":12,"featured_media":27556,"comment_status":"closed","ping_status":"closed","sticky":false,"template":"","format":"standard","meta":{"_exactmetrics_skip_tracking":false,"_exactmetrics_sitenote_active":false,"_exactmetrics_sitenote_note":"","_exactmetrics_sitenote_category":0,"footnotes":""},"categories":[15],"tags":[24],"class_list":["post-78674","post","type-post","status-publish","format-standard","has-post-thumbnail","hentry","category-vila-nova-de-cerveira","tag-lazer"],"yoast_head":"<!-- This site is optimized with the Yoast SEO Premium plugin v27.4 (Yoast SEO v27.4) - https:\/\/yoast.com\/product\/yoast-seo-premium-wordpress\/ -->\n<title>Ovos gigantes, mercado e queima de Judas celebram P\u00e1scoa em Cerveira<\/title>\n<meta name=\"description\" content=\"Ovos gigantes, Mercado da P\u00e1scoa e Queima de Judas s\u00e3o as propostas de Vila Nova de Cerveira para assinalar a quadra pascal.\" \/>\n<meta name=\"robots\" content=\"index, follow, max-snippet:-1, max-image-preview:large, max-video-preview:-1\" \/>\n<link rel=\"canonical\" href=\"https:\/\/www.altominho.tv\/site\/2022\/04\/06\/ovos-gigantes-mercado-e-queima-de-judas-celebram-pascoa-em-cerveira\/\" \/>\n<meta property=\"og:locale\" content=\"pt_PT\" \/>\n<meta property=\"og:type\" content=\"article\" \/>\n<meta property=\"og:title\" content=\"Ovos gigantes, mercado e queima de Judas celebram P\u00e1scoa em Cerveira\" \/>\n<meta property=\"og:description\" content=\"Ovos gigantes, Mercado da P\u00e1scoa e Queima de Judas s\u00e3o as propostas de Vila Nova de Cerveira para assinalar a quadra pascal.\" \/>\n<meta property=\"og:url\" content=\"https:\/\/www.altominho.tv\/site\/2022\/04\/06\/ovos-gigantes-mercado-e-queima-de-judas-celebram-pascoa-em-cerveira\/\" \/>\n<meta property=\"og:site_name\" content=\"Altominho.tv\" \/>\n<meta property=\"article:publisher\" content=\"https:\/\/www.facebook.com\/altominhotv\" \/>\n<meta property=\"article:published_time\" content=\"2022-04-06T17:00:21+00:00\" \/>\n<meta property=\"article:modified_time\" content=\"2022-04-06T17:00:25+00:00\" \/>\n<meta property=\"og:image\" content=\"https:\/\/www.altominho.tv\/site\/wp-content\/uploads\/2019\/04\/Captura-de-ecra\u0303-2019-04-23-a\u0300s-12.06.24.jpg\" \/>\n\t<meta property=\"og:image:width\" content=\"2880\" \/>\n\t<meta property=\"og:image:height\" content=\"1614\" \/>\n\t<meta property=\"og:image:type\" content=\"image\/jpeg\" \/>\n<meta name=\"author\" content=\"Andreia Ferreira\" \/>\n<meta name=\"twitter:card\" content=\"summary_large_image\" \/>\n<meta name=\"twitter:creator\" content=\"@altominhoTV\" \/>\n<meta name=\"twitter:site\" content=\"@altominhoTV\" \/>\n<meta name=\"twitter:label1\" content=\"Escrito por\" \/>\n\t<meta name=\"twitter:data1\" content=\"Andreia Ferreira\" \/>\n\t<meta name=\"twitter:label2\" content=\"Tempo estimado de leitura\" \/>\n\t<meta name=\"twitter:data2\" content=\"3 minutos\" \/>\n<script type=\"application\/ld+json\" class=\"yoast-schema-graph\">{\"@context\":\"https:\\\/\\\/schema.org\",\"@graph\":[{\"@type\":\"Article\",\"@id\":\"https:\\\/\\\/www.altominho.tv\\\/site\\\/2022\\\/04\\\/06\\\/ovos-gigantes-mercado-e-queima-de-judas-celebram-pascoa-em-cerveira\\\/#article\",\"isPartOf\":{\"@id\":\"https:\\\/\\\/www.altominho.tv\\\/site\\\/2022\\\/04\\\/06\\\/ovos-gigantes-mercado-e-queima-de-judas-celebram-pascoa-em-cerveira\\\/\"},\"author\":{\"name\":\"Andreia Ferreira\",\"@id\":\"https:\\\/\\\/www.altominho.tv\\\/site\\\/#\\\/schema\\\/person\\\/d9be4265364723f14ea8e0d56a1d38cd\"},\"headline\":\"Ovos gigantes, mercado e queima de Judas celebram P\u00e1scoa em Cerveira\",\"datePublished\":\"2022-04-06T17:00:21+00:00\",\"dateModified\":\"2022-04-06T17:00:25+00:00\",\"mainEntityOfPage\":{\"@id\":\"https:\\\/\\\/www.altominho.tv\\\/site\\\/2022\\\/04\\\/06\\\/ovos-gigantes-mercado-e-queima-de-judas-celebram-pascoa-em-cerveira\\\/\"},\"wordCount\":474,\"image\":{\"@id\":\"https:\\\/\\\/www.altominho.tv\\\/site\\\/2022\\\/04\\\/06\\\/ovos-gigantes-mercado-e-queima-de-judas-celebram-pascoa-em-cerveira\\\/#primaryimage\"},\"thumbnailUrl\":\"https:\\\/\\\/www.altominho.tv\\\/site\\\/wp-content\\\/uploads\\\/2019\\\/04\\\/Captura-de-ecra\u0303-2019-04-23-a\u0300s-12.06.24.jpg\",\"keywords\":[\"Lazer\"],\"articleSection\":[\"Vila Nova de Cerveira\"],\"inLanguage\":\"pt-PT\",\"copyrightYear\":\"2022\",\"copyrightHolder\":{\"@id\":\"https:\\\/\\\/www.altominho.tv\\\/site\\\/#organization\"}},{\"@type\":\"WebPage\",\"@id\":\"https:\\\/\\\/www.altominho.tv\\\/site\\\/2022\\\/04\\\/06\\\/ovos-gigantes-mercado-e-queima-de-judas-celebram-pascoa-em-cerveira\\\/\",\"url\":\"https:\\\/\\\/www.altominho.tv\\\/site\\\/2022\\\/04\\\/06\\\/ovos-gigantes-mercado-e-queima-de-judas-celebram-pascoa-em-cerveira\\\/\",\"name\":\"Ovos gigantes, mercado e queima de Judas celebram P\u00e1scoa em Cerveira\",\"isPartOf\":{\"@id\":\"https:\\\/\\\/www.altominho.tv\\\/site\\\/#website\"},\"primaryImageOfPage\":{\"@id\":\"https:\\\/\\\/www.altominho.tv\\\/site\\\/2022\\\/04\\\/06\\\/ovos-gigantes-mercado-e-queima-de-judas-celebram-pascoa-em-cerveira\\\/#primaryimage\"},\"image\":{\"@id\":\"https:\\\/\\\/www.altominho.tv\\\/site\\\/2022\\\/04\\\/06\\\/ovos-gigantes-mercado-e-queima-de-judas-celebram-pascoa-em-cerveira\\\/#primaryimage\"},\"thumbnailUrl\":\"https:\\\/\\\/www.altominho.tv\\\/site\\\/wp-content\\\/uploads\\\/2019\\\/04\\\/Captura-de-ecra\u0303-2019-04-23-a\u0300s-12.06.24.jpg\",\"datePublished\":\"2022-04-06T17:00:21+00:00\",\"dateModified\":\"2022-04-06T17:00:25+00:00\",\"author\":{\"@id\":\"https:\\\/\\\/www.altominho.tv\\\/site\\\/#\\\/schema\\\/person\\\/d9be4265364723f14ea8e0d56a1d38cd\"},\"description\":\"Ovos gigantes, Mercado da P\u00e1scoa e Queima de Judas s\u00e3o as propostas de Vila Nova de Cerveira para assinalar a quadra pascal.\",\"breadcrumb\":{\"@id\":\"https:\\\/\\\/www.altominho.tv\\\/site\\\/2022\\\/04\\\/06\\\/ovos-gigantes-mercado-e-queima-de-judas-celebram-pascoa-em-cerveira\\\/#breadcrumb\"},\"inLanguage\":\"pt-PT\",\"potentialAction\":[{\"@type\":\"ReadAction\",\"target\":[\"https:\\\/\\\/www.altominho.tv\\\/site\\\/2022\\\/04\\\/06\\\/ovos-gigantes-mercado-e-queima-de-judas-celebram-pascoa-em-cerveira\\\/\"]}]},{\"@type\":\"ImageObject\",\"inLanguage\":\"pt-PT\",\"@id\":\"https:\\\/\\\/www.altominho.tv\\\/site\\\/2022\\\/04\\\/06\\\/ovos-gigantes-mercado-e-queima-de-judas-celebram-pascoa-em-cerveira\\\/#primaryimage\",\"url\":\"https:\\\/\\\/www.altominho.tv\\\/site\\\/wp-content\\\/uploads\\\/2019\\\/04\\\/Captura-de-ecra\u0303-2019-04-23-a\u0300s-12.06.24.jpg\",\"contentUrl\":\"https:\\\/\\\/www.altominho.tv\\\/site\\\/wp-content\\\/uploads\\\/2019\\\/04\\\/Captura-de-ecra\u0303-2019-04-23-a\u0300s-12.06.24.jpg\",\"width\":2880,\"height\":1614},{\"@type\":\"BreadcrumbList\",\"@id\":\"https:\\\/\\\/www.altominho.tv\\\/site\\\/2022\\\/04\\\/06\\\/ovos-gigantes-mercado-e-queima-de-judas-celebram-pascoa-em-cerveira\\\/#breadcrumb\",\"itemListElement\":[{\"@type\":\"ListItem\",\"position\":1,\"name\":\"In\u00edcio\",\"item\":\"https:\\\/\\\/www.altominho.tv\\\/site\\\/\"},{\"@type\":\"ListItem\",\"position\":2,\"name\":\"Ovos gigantes, mercado e queima de Judas celebram P\u00e1scoa em Cerveira\"}]},{\"@type\":\"WebSite\",\"@id\":\"https:\\\/\\\/www.altominho.tv\\\/site\\\/#website\",\"url\":\"https:\\\/\\\/www.altominho.tv\\\/site\\\/\",\"name\":\"Altominho.tv\",\"description\":\"A sua regi\u00e3o \u00e0 dist\u00e2ncia de um clique...\",\"potentialAction\":[{\"@type\":\"SearchAction\",\"target\":{\"@type\":\"EntryPoint\",\"urlTemplate\":\"https:\\\/\\\/www.altominho.tv\\\/site\\\/?s={search_term_string}\"},\"query-input\":{\"@type\":\"PropertyValueSpecification\",\"valueRequired\":true,\"valueName\":\"search_term_string\"}}],\"inLanguage\":\"pt-PT\"},{\"@type\":\"Person\",\"@id\":\"https:\\\/\\\/www.altominho.tv\\\/site\\\/#\\\/schema\\\/person\\\/d9be4265364723f14ea8e0d56a1d38cd\",\"name\":\"Andreia Ferreira\",\"image\":{\"@type\":\"ImageObject\",\"inLanguage\":\"pt-PT\",\"@id\":\"https:\\\/\\\/www.altominho.tv\\\/site\\\/wp-content\\\/uploads\\\/2021\\\/01\\\/AndreiaFerreira-150x150.jpg\",\"url\":\"https:\\\/\\\/www.altominho.tv\\\/site\\\/wp-content\\\/uploads\\\/2021\\\/01\\\/AndreiaFerreira-150x150.jpg\",\"contentUrl\":\"https:\\\/\\\/www.altominho.tv\\\/site\\\/wp-content\\\/uploads\\\/2021\\\/01\\\/AndreiaFerreira-150x150.jpg\",\"caption\":\"Andreia Ferreira\"},\"url\":\"https:\\\/\\\/www.altominho.tv\\\/site\\\/author\\\/andreiaferreira\\\/\"}]}<\/script>\n<!-- \/ Yoast SEO Premium plugin. -->","yoast_head_json":{"title":"Ovos gigantes, mercado e queima de Judas celebram P\u00e1scoa em Cerveira","description":"Ovos gigantes, Mercado da P\u00e1scoa e Queima de Judas s\u00e3o as propostas de Vila Nova de Cerveira para assinalar a quadra pascal.","robots":{"index":"index","follow":"follow","max-snippet":"max-snippet:-1","max-image-preview":"max-image-preview:large","max-video-preview":"max-video-preview:-1"},"canonical":"https:\/\/www.altominho.tv\/site\/2022\/04\/06\/ovos-gigantes-mercado-e-queima-de-judas-celebram-pascoa-em-cerveira\/","og_locale":"pt_PT","og_type":"article","og_title":"Ovos gigantes, mercado e queima de Judas celebram P\u00e1scoa em Cerveira","og_description":"Ovos gigantes, Mercado da P\u00e1scoa e Queima de Judas s\u00e3o as propostas de Vila Nova de Cerveira para assinalar a quadra pascal.","og_url":"https:\/\/www.altominho.tv\/site\/2022\/04\/06\/ovos-gigantes-mercado-e-queima-de-judas-celebram-pascoa-em-cerveira\/","og_site_name":"Altominho.tv","article_publisher":"https:\/\/www.facebook.com\/altominhotv","article_published_time":"2022-04-06T17:00:21+00:00","article_modified_time":"2022-04-06T17:00:25+00:00","og_image":[{"width":2880,"height":1614,"url":"https:\/\/www.altominho.tv\/site\/wp-content\/uploads\/2019\/04\/Captura-de-ecra\u0303-2019-04-23-a\u0300s-12.06.24.jpg","type":"image\/jpeg"}],"author":"Andreia Ferreira","twitter_card":"summary_large_image","twitter_creator":"@altominhoTV","twitter_site":"@altominhoTV","twitter_misc":{"Escrito por":"Andreia Ferreira","Tempo estimado de leitura":"3 minutos"},"schema":{"@context":"https:\/\/schema.org","@graph":[{"@type":"Article","@id":"https:\/\/www.altominho.tv\/site\/2022\/04\/06\/ovos-gigantes-mercado-e-queima-de-judas-celebram-pascoa-em-cerveira\/#article","isPartOf":{"@id":"https:\/\/www.altominho.tv\/site\/2022\/04\/06\/ovos-gigantes-mercado-e-queima-de-judas-celebram-pascoa-em-cerveira\/"},"author":{"name":"Andreia Ferreira","@id":"https:\/\/www.altominho.tv\/site\/#\/schema\/person\/d9be4265364723f14ea8e0d56a1d38cd"},"headline":"Ovos gigantes, mercado e queima de Judas celebram P\u00e1scoa em Cerveira","datePublished":"2022-04-06T17:00:21+00:00","dateModified":"2022-04-06T17:00:25+00:00","mainEntityOfPage":{"@id":"https:\/\/www.altominho.tv\/site\/2022\/04\/06\/ovos-gigantes-mercado-e-queima-de-judas-celebram-pascoa-em-cerveira\/"},"wordCount":474,"image":{"@id":"https:\/\/www.altominho.tv\/site\/2022\/04\/06\/ovos-gigantes-mercado-e-queima-de-judas-celebram-pascoa-em-cerveira\/#primaryimage"},"thumbnailUrl":"https:\/\/www.altominho.tv\/site\/wp-content\/uploads\/2019\/04\/Captura-de-ecra\u0303-2019-04-23-a\u0300s-12.06.24.jpg","keywords":["Lazer"],"articleSection":["Vila Nova de Cerveira"],"inLanguage":"pt-PT","copyrightYear":"2022","copyrightHolder":{"@id":"https:\/\/www.altominho.tv\/site\/#organization"}},{"@type":"WebPage","@id":"https:\/\/www.altominho.tv\/site\/2022\/04\/06\/ovos-gigantes-mercado-e-queima-de-judas-celebram-pascoa-em-cerveira\/","url":"https:\/\/www.altominho.tv\/site\/2022\/04\/06\/ovos-gigantes-mercado-e-queima-de-judas-celebram-pascoa-em-cerveira\/","name":"Ovos gigantes, mercado e queima de Judas celebram P\u00e1scoa em Cerveira","isPartOf":{"@id":"https:\/\/www.altominho.tv\/site\/#website"},"primaryImageOfPage":{"@id":"https:\/\/www.altominho.tv\/site\/2022\/04\/06\/ovos-gigantes-mercado-e-queima-de-judas-celebram-pascoa-em-cerveira\/#primaryimage"},"image":{"@id":"https:\/\/www.altominho.tv\/site\/2022\/04\/06\/ovos-gigantes-mercado-e-queima-de-judas-celebram-pascoa-em-cerveira\/#primaryimage"},"thumbnailUrl":"https:\/\/www.altominho.tv\/site\/wp-content\/uploads\/2019\/04\/Captura-de-ecra\u0303-2019-04-23-a\u0300s-12.06.24.jpg","datePublished":"2022-04-06T17:00:21+00:00","dateModified":"2022-04-06T17:00:25+00:00","author":{"@id":"https:\/\/www.altominho.tv\/site\/#\/schema\/person\/d9be4265364723f14ea8e0d56a1d38cd"},"description":"Ovos gigantes, Mercado da P\u00e1scoa e Queima de Judas s\u00e3o as propostas de Vila Nova de Cerveira para assinalar a quadra pascal.","breadcrumb":{"@id":"https:\/\/www.altominho.tv\/site\/2022\/04\/06\/ovos-gigantes-mercado-e-queima-de-judas-celebram-pascoa-em-cerveira\/#breadcrumb"},"inLanguage":"pt-PT","potentialAction":[{"@type":"ReadAction","target":["https:\/\/www.altominho.tv\/site\/2022\/04\/06\/ovos-gigantes-mercado-e-queima-de-judas-celebram-pascoa-em-cerveira\/"]}]},{"@type":"ImageObject","inLanguage":"pt-PT","@id":"https:\/\/www.altominho.tv\/site\/2022\/04\/06\/ovos-gigantes-mercado-e-queima-de-judas-celebram-pascoa-em-cerveira\/#primaryimage","url":"https:\/\/www.altominho.tv\/site\/wp-content\/uploads\/2019\/04\/Captura-de-ecra\u0303-2019-04-23-a\u0300s-12.06.24.jpg","contentUrl":"https:\/\/www.altominho.tv\/site\/wp-content\/uploads\/2019\/04\/Captura-de-ecra\u0303-2019-04-23-a\u0300s-12.06.24.jpg","width":2880,"height":1614},{"@type":"BreadcrumbList","@id":"https:\/\/www.altominho.tv\/site\/2022\/04\/06\/ovos-gigantes-mercado-e-queima-de-judas-celebram-pascoa-em-cerveira\/#breadcrumb","itemListElement":[{"@type":"ListItem","position":1,"name":"In\u00edcio","item":"https:\/\/www.altominho.tv\/site\/"},{"@type":"ListItem","position":2,"name":"Ovos gigantes, mercado e queima de Judas celebram P\u00e1scoa em Cerveira"}]},{"@type":"WebSite","@id":"https:\/\/www.altominho.tv\/site\/#website","url":"https:\/\/www.altominho.tv\/site\/","name":"Altominho.tv","description":"A sua regi\u00e3o \u00e0 dist\u00e2ncia de um clique...","potentialAction":[{"@type":"SearchAction","target":{"@type":"EntryPoint","urlTemplate":"https:\/\/www.altominho.tv\/site\/?s={search_term_string}"},"query-input":{"@type":"PropertyValueSpecification","valueRequired":true,"valueName":"search_term_string"}}],"inLanguage":"pt-PT"},{"@type":"Person","@id":"https:\/\/www.altominho.tv\/site\/#\/schema\/person\/d9be4265364723f14ea8e0d56a1d38cd","name":"Andreia Ferreira","image":{"@type":"ImageObject","inLanguage":"pt-PT","@id":"https:\/\/www.altominho.tv\/site\/wp-content\/uploads\/2021\/01\/AndreiaFerreira-150x150.jpg","url":"https:\/\/www.altominho.tv\/site\/wp-content\/uploads\/2021\/01\/AndreiaFerreira-150x150.jpg","contentUrl":"https:\/\/www.altominho.tv\/site\/wp-content\/uploads\/2021\/01\/AndreiaFerreira-150x150.jpg","caption":"Andreia Ferreira"},"url":"https:\/\/www.altominho.tv\/site\/author\/andreiaferreira\/"}]}},"_links":{"self":[{"href":"https:\/\/www.altominho.tv\/site\/wp-json\/wp\/v2\/posts\/78674","targetHints":{"allow":["GET"]}}],"collection":[{"href":"https:\/\/www.altominho.tv\/site\/wp-json\/wp\/v2\/posts"}],"about":[{"href":"https:\/\/www.altominho.tv\/site\/wp-json\/wp\/v2\/types\/post"}],"author":[{"embeddable":true,"href":"https:\/\/www.altominho.tv\/site\/wp-json\/wp\/v2\/users\/12"}],"replies":[{"embeddable":true,"href":"https:\/\/www.altominho.tv\/site\/wp-json\/wp\/v2\/comments?post=78674"}],"version-history":[{"count":0,"href":"https:\/\/www.altominho.tv\/site\/wp-json\/wp\/v2\/posts\/78674\/revisions"}],"wp:featuredmedia":[{"embeddable":true,"href":"https:\/\/www.altominho.tv\/site\/wp-json\/wp\/v2\/media\/27556"}],"wp:attachment":[{"href":"https:\/\/www.altominho.tv\/site\/wp-json\/wp\/v2\/media?parent=78674"}],"wp:term":[{"taxonomy":"category","embeddable":true,"href":"https:\/\/www.altominho.tv\/site\/wp-json\/wp\/v2\/categories?post=78674"},{"taxonomy":"post_tag","embeddable":true,"href":"https:\/\/www.altominho.tv\/site\/wp-json\/wp\/v2\/tags?post=78674"}],"curies":[{"name":"wp","href":"https:\/\/api.w.org\/{rel}","templated":true}]}}