{"id":78587,"date":"2022-04-05T12:09:35","date_gmt":"2022-04-05T11:09:35","guid":{"rendered":"https:\/\/www.altominho.tv\/site\/?p=78587"},"modified":"2022-04-05T12:09:40","modified_gmt":"2022-04-05T11:09:40","slug":"valenca-inicia-estrategia-de-habitacao","status":"publish","type":"post","link":"https:\/\/www.altominho.tv\/site\/2022\/04\/05\/valenca-inicia-estrategia-de-habitacao\/","title":{"rendered":"Valen\u00e7a inicia estrat\u00e9gia de habita\u00e7\u00e3o para melhorar casas de 249 pessoas"},"content":{"rendered":"<p>A C\u00e2mara de Valen\u00e7a inicia, depois da P\u00e1scoa, a reabilita\u00e7\u00e3o do primeiro de cinco bairros sociais onde vivem, \u201cem condi\u00e7\u00f5es indignas\u201d, 93 fam\u00edlias, num total 249 pessoas, ao abrigo da Estrat\u00e9gia Local de Habita\u00e7\u00e3o (ELH).<\/p>\n<p>&#8220;Esta \u00e9 a primeira de um conjunto de interven\u00e7\u00f5es delineadas para os bairros sociais de Valen\u00e7a, visando a disponibiliza\u00e7\u00e3o de condi\u00e7\u00f5es de habitabilidade adequadas ao bem-estar das fam\u00edlias\u201d, disse, esta ter\u00e7a-feira, \u00e0 ag\u00eancia Lusa o presidente da C\u00e2mara, Jos\u00e9 Manuel Carpinteira.<\/p>\n<p>O autarca socialista daquela que \u00e9 a segunda cidade do distrito de Viana do Castelo adiantou que, \u201cal\u00e9m da reabilita\u00e7\u00e3o dos cinco bairros existentes\u201d, o munic\u00edpio pretende \u201cser mais ambicioso na implementa\u00e7\u00e3o da ELH, contemplando o alargamento das respostas de habita\u00e7\u00e3o social ou a custos controlados\u201d.<\/p>\n<p>Os cinco bairros sociais integrados na ELH situam-se nas freguesias de Cerdal (2), S\u00e3o Pedro da Torre (1), Uni\u00e3o de Freguesias de Valen\u00e7a, Cristelo Covo e Ar\u00e3o (1) e outro na freguesia de Friestas.<\/p>\n<p>\u201cO acesso \u00e0 habita\u00e7\u00e3o \u00e9 um direito consagrado na Constitui\u00e7\u00e3o. Por isso, a autarquia pugnar\u00e1 para que todas as fam\u00edlias valencianas tenham uma habita\u00e7\u00e3o condigna&#8221;, destacou.<\/p>\n<p>No total, \u201cas obras que ir\u00e3o decorrer nos cinco bairros sociais do concelho ter\u00e3o um valor global de cerca de 2,1 milh\u00f5es de euros\u201d.<\/p>\n<p>A reabilita\u00e7\u00e3o do bairro de Passos, em Cerdal, vai iniciar-se depois da P\u00e1scoa.<\/p>\n<p>O auto de consigna\u00e7\u00e3o da reabilita\u00e7\u00e3o do bairro social de Passos, com um prazo de execu\u00e7\u00e3o de 180 dias e um valor de aproximadamente 175 mil euros, foi assinado em 31 de mar\u00e7o.<\/p>\n<p>A opera\u00e7\u00e3o \u201cvisa a reabilita\u00e7\u00e3o do bloco habitacional, composto por 6 fogos (2 T4, 2 T3 e 2 T2), que atualmente se encontra com graves patologias, principalmente ao n\u00edvel de infiltra\u00e7\u00f5es na cobertura, fachadas, condi\u00e7\u00f5es t\u00e9rmicas e ac\u00fasticas deficientes, instala\u00e7\u00f5es sanit\u00e1rias, pisos e carpintarias interiores em alguns fogos degradadas\u201d.<\/p>\n<p>Tamb\u00e9m no exterior, as fachadas \u201cv\u00e3o ser alvo de obras, nomeadamente ao n\u00edvel de isolamento t\u00e9rmico e substitui\u00e7\u00e3o dos rufos da cobertura\u201d.<\/p>\n<p>\u201cEsta interven\u00e7\u00e3o pretende criar melhores condi\u00e7\u00f5es de habitabilidade e dignidade de modo a melhorar a qualidade de vida destas fam\u00edlias\u201d, destacou Jos\u00e9 Manuel Carpinteira.<\/p>\n<p>A ELH \u201cpromove um refor\u00e7o da reabilita\u00e7\u00e3o urbana assente numa oferta habitacional mais diversificada e inclusiva que passar\u00e1, tamb\u00e9m, pelo alargamento do Parque habitacional adequado \u00e0 popula\u00e7\u00e3o mais vulner\u00e1vel\u201d.<\/p>\n<p>A empreitada no bairro social de Passos est\u00e1 a cargo da empresa Baltor Steel, Lda., financiada pelo Programa 1.\u00ba Direito (Programa de Apoio ao Acesso \u00e0 Habita\u00e7\u00e3o), no \u00e2mbito do Acordo de Colabora\u00e7\u00e3o com o Instituto da Habita\u00e7\u00e3o e da Reabilita\u00e7\u00e3o Urbana (IHRU).<\/p>\n","protected":false},"excerpt":{"rendered":"<p>A C\u00e2mara de Valen\u00e7a inicia, depois da P\u00e1scoa, a reabilita\u00e7\u00e3o do primeiro de cinco bairros sociais onde vivem, \u201cem condi\u00e7\u00f5es indignas\u201d, 93 fam\u00edlias, num total 249 pessoas, ao abrigo da Estrat\u00e9gia Local de Habita\u00e7\u00e3o (ELH). &#8220;Esta \u00e9 a primeira de um conjunto de interven\u00e7\u00f5es delineadas para os bairros sociais de Valen\u00e7a, visando a disponibiliza\u00e7\u00e3o de [&hellip;]<\/p>\n","protected":false},"author":13,"featured_media":45209,"comment_status":"closed","ping_status":"closed","sticky":false,"template":"","format":"standard","meta":{"_exactmetrics_skip_tracking":false,"footnotes":""},"categories":[13],"tags":[27],"class_list":["post-78587","post","type-post","status-publish","format-standard","has-post-thumbnail","hentry","category-valenca","tag-sociedade"],"yoast_head":"<!-- This site is optimized with the Yoast SEO Premium plugin v28.3 (Yoast SEO v28.3) - https:\/\/yoast.com\/product\/yoast-seo-premium-wordpress\/ -->\n<title>Valen\u00e7a inicia estrat\u00e9gia de habita\u00e7\u00e3o para melhorar casas de 249 pessoas<\/title>\n<meta name=\"description\" content=\"&quot;Esta \u00e9 a primeira de um conjunto de interven\u00e7\u00f5es delineadas para os bairros sociais de Valen\u00e7a&quot;.\" \/>\n<meta name=\"robots\" content=\"index, follow, max-snippet:-1, max-image-preview:large, max-video-preview:-1\" \/>\n<link rel=\"canonical\" href=\"https:\/\/www.altominho.tv\/site\/2022\/04\/05\/valenca-inicia-estrategia-de-habitacao\/\" \/>\n<meta property=\"og:locale\" content=\"pt_PT\" \/>\n<meta property=\"og:type\" content=\"article\" \/>\n<meta property=\"og:title\" content=\"Valen\u00e7a inicia estrat\u00e9gia de habita\u00e7\u00e3o para melhorar casas de 249 pessoas\" \/>\n<meta property=\"og:description\" content=\"&quot;Esta \u00e9 a primeira de um conjunto de interven\u00e7\u00f5es delineadas para os bairros sociais de Valen\u00e7a&quot;.\" \/>\n<meta property=\"og:url\" content=\"https:\/\/www.altominho.tv\/site\/2022\/04\/05\/valenca-inicia-estrategia-de-habitacao\/\" \/>\n<meta property=\"og:site_name\" content=\"Altominho.tv\" \/>\n<meta property=\"article:publisher\" content=\"https:\/\/www.facebook.com\/altominhotv\" \/>\n<meta property=\"article:published_time\" content=\"2022-04-05T11:09:35+00:00\" \/>\n<meta property=\"article:modified_time\" content=\"2022-04-05T11:09:40+00:00\" \/>\n<meta property=\"og:image\" content=\"https:\/\/www.altominho.tv\/site\/wp-content\/uploads\/2020\/04\/valen\u00e7atui.jpg\" \/>\n\t<meta property=\"og:image:width\" content=\"1600\" \/>\n\t<meta property=\"og:image:height\" content=\"900\" \/>\n\t<meta property=\"og:image:type\" content=\"image\/jpeg\" \/>\n<meta name=\"author\" content=\"Lusa\" \/>\n<meta name=\"twitter:card\" content=\"summary_large_image\" \/>\n<meta name=\"twitter:creator\" content=\"@altominhoTV\" \/>\n<meta name=\"twitter:site\" content=\"@altominhoTV\" \/>\n<meta name=\"twitter:label1\" content=\"Escrito por\" \/>\n\t<meta name=\"twitter:data1\" content=\"Lusa\" \/>\n\t<meta name=\"twitter:label2\" content=\"Tempo estimado de leitura\" \/>\n\t<meta name=\"twitter:data2\" content=\"3 minutos\" \/>\n<script type=\"application\/ld+json\" class=\"yoast-schema-graph\">{\"@context\":\"https:\\\/\\\/schema.org\",\"@graph\":[{\"@type\":\"Article\",\"@id\":\"https:\\\/\\\/www.altominho.tv\\\/site\\\/2022\\\/04\\\/05\\\/valenca-inicia-estrategia-de-habitacao\\\/#article\",\"isPartOf\":{\"@id\":\"https:\\\/\\\/www.altominho.tv\\\/site\\\/2022\\\/04\\\/05\\\/valenca-inicia-estrategia-de-habitacao\\\/\"},\"author\":{\"name\":\"Lusa\",\"@id\":\"https:\\\/\\\/www.altominho.tv\\\/site\\\/#\\\/schema\\\/person\\\/63f693da3e1899361cbe955c46f3232e\"},\"headline\":\"Valen\u00e7a inicia estrat\u00e9gia de habita\u00e7\u00e3o para melhorar casas de 249 pessoas\",\"datePublished\":\"2022-04-05T11:09:35+00:00\",\"dateModified\":\"2022-04-05T11:09:40+00:00\",\"mainEntityOfPage\":{\"@id\":\"https:\\\/\\\/www.altominho.tv\\\/site\\\/2022\\\/04\\\/05\\\/valenca-inicia-estrategia-de-habitacao\\\/\"},\"wordCount\":475,\"image\":{\"@id\":\"https:\\\/\\\/www.altominho.tv\\\/site\\\/2022\\\/04\\\/05\\\/valenca-inicia-estrategia-de-habitacao\\\/#primaryimage\"},\"thumbnailUrl\":\"https:\\\/\\\/www.altominho.tv\\\/site\\\/wp-content\\\/uploads\\\/2020\\\/04\\\/valen\u00e7atui.jpg\",\"keywords\":[\"Sociedade\"],\"articleSection\":[\"Valen\u00e7a\"],\"inLanguage\":\"pt-PT\",\"copyrightYear\":\"2022\",\"copyrightHolder\":{\"@id\":\"https:\\\/\\\/www.altominho.tv\\\/site\\\/#organization\"}},{\"@type\":\"WebPage\",\"@id\":\"https:\\\/\\\/www.altominho.tv\\\/site\\\/2022\\\/04\\\/05\\\/valenca-inicia-estrategia-de-habitacao\\\/\",\"url\":\"https:\\\/\\\/www.altominho.tv\\\/site\\\/2022\\\/04\\\/05\\\/valenca-inicia-estrategia-de-habitacao\\\/\",\"name\":\"Valen\u00e7a inicia estrat\u00e9gia de habita\u00e7\u00e3o para melhorar casas de 249 pessoas\",\"isPartOf\":{\"@id\":\"https:\\\/\\\/www.altominho.tv\\\/site\\\/#website\"},\"primaryImageOfPage\":{\"@id\":\"https:\\\/\\\/www.altominho.tv\\\/site\\\/2022\\\/04\\\/05\\\/valenca-inicia-estrategia-de-habitacao\\\/#primaryimage\"},\"image\":{\"@id\":\"https:\\\/\\\/www.altominho.tv\\\/site\\\/2022\\\/04\\\/05\\\/valenca-inicia-estrategia-de-habitacao\\\/#primaryimage\"},\"thumbnailUrl\":\"https:\\\/\\\/www.altominho.tv\\\/site\\\/wp-content\\\/uploads\\\/2020\\\/04\\\/valen\u00e7atui.jpg\",\"datePublished\":\"2022-04-05T11:09:35+00:00\",\"dateModified\":\"2022-04-05T11:09:40+00:00\",\"author\":{\"@id\":\"https:\\\/\\\/www.altominho.tv\\\/site\\\/#\\\/schema\\\/person\\\/63f693da3e1899361cbe955c46f3232e\"},\"description\":\"\\\"Esta \u00e9 a primeira de um conjunto de interven\u00e7\u00f5es delineadas para os bairros sociais de Valen\u00e7a\\\".\",\"breadcrumb\":{\"@id\":\"https:\\\/\\\/www.altominho.tv\\\/site\\\/2022\\\/04\\\/05\\\/valenca-inicia-estrategia-de-habitacao\\\/#breadcrumb\"},\"inLanguage\":\"pt-PT\",\"potentialAction\":[{\"@type\":\"ReadAction\",\"target\":[\"https:\\\/\\\/www.altominho.tv\\\/site\\\/2022\\\/04\\\/05\\\/valenca-inicia-estrategia-de-habitacao\\\/\"]}]},{\"@type\":\"ImageObject\",\"inLanguage\":\"pt-PT\",\"@id\":\"https:\\\/\\\/www.altominho.tv\\\/site\\\/2022\\\/04\\\/05\\\/valenca-inicia-estrategia-de-habitacao\\\/#primaryimage\",\"url\":\"https:\\\/\\\/www.altominho.tv\\\/site\\\/wp-content\\\/uploads\\\/2020\\\/04\\\/valen\u00e7atui.jpg\",\"contentUrl\":\"https:\\\/\\\/www.altominho.tv\\\/site\\\/wp-content\\\/uploads\\\/2020\\\/04\\\/valen\u00e7atui.jpg\",\"width\":1600,\"height\":900},{\"@type\":\"BreadcrumbList\",\"@id\":\"https:\\\/\\\/www.altominho.tv\\\/site\\\/2022\\\/04\\\/05\\\/valenca-inicia-estrategia-de-habitacao\\\/#breadcrumb\",\"itemListElement\":[{\"@type\":\"ListItem\",\"position\":1,\"name\":\"In\u00edcio\",\"item\":\"https:\\\/\\\/www.altominho.tv\\\/site\\\/\"},{\"@type\":\"ListItem\",\"position\":2,\"name\":\"Valen\u00e7a inicia estrat\u00e9gia de habita\u00e7\u00e3o para melhorar casas de 249 pessoas\"}]},{\"@type\":\"WebSite\",\"@id\":\"https:\\\/\\\/www.altominho.tv\\\/site\\\/#website\",\"url\":\"https:\\\/\\\/www.altominho.tv\\\/site\\\/\",\"name\":\"Altominho.tv\",\"description\":\"A sua regi\u00e3o \u00e0 dist\u00e2ncia de um clique...\",\"potentialAction\":[{\"@type\":\"SearchAction\",\"target\":{\"@type\":\"EntryPoint\",\"urlTemplate\":\"https:\\\/\\\/www.altominho.tv\\\/site\\\/?s={search_term_string}\"},\"query-input\":{\"@type\":\"PropertyValueSpecification\",\"valueRequired\":true,\"valueName\":\"search_term_string\"}}],\"inLanguage\":\"pt-PT\"},{\"@type\":\"Person\",\"@id\":\"https:\\\/\\\/www.altominho.tv\\\/site\\\/#\\\/schema\\\/person\\\/63f693da3e1899361cbe955c46f3232e\",\"name\":\"Lusa\",\"image\":{\"@type\":\"ImageObject\",\"inLanguage\":\"pt-PT\",\"@id\":\"https:\\\/\\\/www.altominho.tv\\\/site\\\/wp-content\\\/uploads\\\/2019\\\/08\\\/LUSA_Logo.gif\",\"url\":\"https:\\\/\\\/www.altominho.tv\\\/site\\\/wp-content\\\/uploads\\\/2019\\\/08\\\/LUSA_Logo.gif\",\"contentUrl\":\"https:\\\/\\\/www.altominho.tv\\\/site\\\/wp-content\\\/uploads\\\/2019\\\/08\\\/LUSA_Logo.gif\",\"caption\":\"Lusa\"},\"sameAs\":[\"http:\\\/\\\/\\\/\\\/www.altominho.tv\\\/site\"],\"url\":\"https:\\\/\\\/www.altominho.tv\\\/site\\\/author\\\/lusa\\\/\"}]}<\/script>\n<!-- \/ Yoast SEO Premium plugin. -->","yoast_head_json":{"title":"Valen\u00e7a inicia estrat\u00e9gia de habita\u00e7\u00e3o para melhorar casas de 249 pessoas","description":"\"Esta \u00e9 a primeira de um conjunto de interven\u00e7\u00f5es delineadas para os bairros sociais de Valen\u00e7a\".","robots":{"index":"index","follow":"follow","max-snippet":"max-snippet:-1","max-image-preview":"max-image-preview:large","max-video-preview":"max-video-preview:-1"},"canonical":"https:\/\/www.altominho.tv\/site\/2022\/04\/05\/valenca-inicia-estrategia-de-habitacao\/","og_locale":"pt_PT","og_type":"article","og_title":"Valen\u00e7a inicia estrat\u00e9gia de habita\u00e7\u00e3o para melhorar casas de 249 pessoas","og_description":"\"Esta \u00e9 a primeira de um conjunto de interven\u00e7\u00f5es delineadas para os bairros sociais de Valen\u00e7a\".","og_url":"https:\/\/www.altominho.tv\/site\/2022\/04\/05\/valenca-inicia-estrategia-de-habitacao\/","og_site_name":"Altominho.tv","article_publisher":"https:\/\/www.facebook.com\/altominhotv","article_published_time":"2022-04-05T11:09:35+00:00","article_modified_time":"2022-04-05T11:09:40+00:00","og_image":[{"width":1600,"height":900,"url":"https:\/\/www.altominho.tv\/site\/wp-content\/uploads\/2020\/04\/valen\u00e7atui.jpg","type":"image\/jpeg"}],"author":"Lusa","twitter_card":"summary_large_image","twitter_creator":"@altominhoTV","twitter_site":"@altominhoTV","twitter_misc":{"Escrito por":"Lusa","Tempo estimado de leitura":"3 minutos"},"schema":{"@context":"https:\/\/schema.org","@graph":[{"@type":"Article","@id":"https:\/\/www.altominho.tv\/site\/2022\/04\/05\/valenca-inicia-estrategia-de-habitacao\/#article","isPartOf":{"@id":"https:\/\/www.altominho.tv\/site\/2022\/04\/05\/valenca-inicia-estrategia-de-habitacao\/"},"author":{"name":"Lusa","@id":"https:\/\/www.altominho.tv\/site\/#\/schema\/person\/63f693da3e1899361cbe955c46f3232e"},"headline":"Valen\u00e7a inicia estrat\u00e9gia de habita\u00e7\u00e3o para melhorar casas de 249 pessoas","datePublished":"2022-04-05T11:09:35+00:00","dateModified":"2022-04-05T11:09:40+00:00","mainEntityOfPage":{"@id":"https:\/\/www.altominho.tv\/site\/2022\/04\/05\/valenca-inicia-estrategia-de-habitacao\/"},"wordCount":475,"image":{"@id":"https:\/\/www.altominho.tv\/site\/2022\/04\/05\/valenca-inicia-estrategia-de-habitacao\/#primaryimage"},"thumbnailUrl":"https:\/\/www.altominho.tv\/site\/wp-content\/uploads\/2020\/04\/valen\u00e7atui.jpg","keywords":["Sociedade"],"articleSection":["Valen\u00e7a"],"inLanguage":"pt-PT","copyrightYear":"2022","copyrightHolder":{"@id":"https:\/\/www.altominho.tv\/site\/#organization"}},{"@type":"WebPage","@id":"https:\/\/www.altominho.tv\/site\/2022\/04\/05\/valenca-inicia-estrategia-de-habitacao\/","url":"https:\/\/www.altominho.tv\/site\/2022\/04\/05\/valenca-inicia-estrategia-de-habitacao\/","name":"Valen\u00e7a inicia estrat\u00e9gia de habita\u00e7\u00e3o para melhorar casas de 249 pessoas","isPartOf":{"@id":"https:\/\/www.altominho.tv\/site\/#website"},"primaryImageOfPage":{"@id":"https:\/\/www.altominho.tv\/site\/2022\/04\/05\/valenca-inicia-estrategia-de-habitacao\/#primaryimage"},"image":{"@id":"https:\/\/www.altominho.tv\/site\/2022\/04\/05\/valenca-inicia-estrategia-de-habitacao\/#primaryimage"},"thumbnailUrl":"https:\/\/www.altominho.tv\/site\/wp-content\/uploads\/2020\/04\/valen\u00e7atui.jpg","datePublished":"2022-04-05T11:09:35+00:00","dateModified":"2022-04-05T11:09:40+00:00","author":{"@id":"https:\/\/www.altominho.tv\/site\/#\/schema\/person\/63f693da3e1899361cbe955c46f3232e"},"description":"\"Esta \u00e9 a primeira de um conjunto de interven\u00e7\u00f5es delineadas para os bairros sociais de Valen\u00e7a\".","breadcrumb":{"@id":"https:\/\/www.altominho.tv\/site\/2022\/04\/05\/valenca-inicia-estrategia-de-habitacao\/#breadcrumb"},"inLanguage":"pt-PT","potentialAction":[{"@type":"ReadAction","target":["https:\/\/www.altominho.tv\/site\/2022\/04\/05\/valenca-inicia-estrategia-de-habitacao\/"]}]},{"@type":"ImageObject","inLanguage":"pt-PT","@id":"https:\/\/www.altominho.tv\/site\/2022\/04\/05\/valenca-inicia-estrategia-de-habitacao\/#primaryimage","url":"https:\/\/www.altominho.tv\/site\/wp-content\/uploads\/2020\/04\/valen\u00e7atui.jpg","contentUrl":"https:\/\/www.altominho.tv\/site\/wp-content\/uploads\/2020\/04\/valen\u00e7atui.jpg","width":1600,"height":900},{"@type":"BreadcrumbList","@id":"https:\/\/www.altominho.tv\/site\/2022\/04\/05\/valenca-inicia-estrategia-de-habitacao\/#breadcrumb","itemListElement":[{"@type":"ListItem","position":1,"name":"In\u00edcio","item":"https:\/\/www.altominho.tv\/site\/"},{"@type":"ListItem","position":2,"name":"Valen\u00e7a inicia estrat\u00e9gia de habita\u00e7\u00e3o para melhorar casas de 249 pessoas"}]},{"@type":"WebSite","@id":"https:\/\/www.altominho.tv\/site\/#website","url":"https:\/\/www.altominho.tv\/site\/","name":"Altominho.tv","description":"A sua regi\u00e3o \u00e0 dist\u00e2ncia de um clique...","potentialAction":[{"@type":"SearchAction","target":{"@type":"EntryPoint","urlTemplate":"https:\/\/www.altominho.tv\/site\/?s={search_term_string}"},"query-input":{"@type":"PropertyValueSpecification","valueRequired":true,"valueName":"search_term_string"}}],"inLanguage":"pt-PT"},{"@type":"Person","@id":"https:\/\/www.altominho.tv\/site\/#\/schema\/person\/63f693da3e1899361cbe955c46f3232e","name":"Lusa","image":{"@type":"ImageObject","inLanguage":"pt-PT","@id":"https:\/\/www.altominho.tv\/site\/wp-content\/uploads\/2019\/08\/LUSA_Logo.gif","url":"https:\/\/www.altominho.tv\/site\/wp-content\/uploads\/2019\/08\/LUSA_Logo.gif","contentUrl":"https:\/\/www.altominho.tv\/site\/wp-content\/uploads\/2019\/08\/LUSA_Logo.gif","caption":"Lusa"},"sameAs":["http:\/\/\/\/www.altominho.tv\/site"],"url":"https:\/\/www.altominho.tv\/site\/author\/lusa\/"}]}},"_links":{"self":[{"href":"https:\/\/www.altominho.tv\/site\/wp-json\/wp\/v2\/posts\/78587","targetHints":{"allow":["GET"]}}],"collection":[{"href":"https:\/\/www.altominho.tv\/site\/wp-json\/wp\/v2\/posts"}],"about":[{"href":"https:\/\/www.altominho.tv\/site\/wp-json\/wp\/v2\/types\/post"}],"author":[{"embeddable":true,"href":"https:\/\/www.altominho.tv\/site\/wp-json\/wp\/v2\/users\/13"}],"replies":[{"embeddable":true,"href":"https:\/\/www.altominho.tv\/site\/wp-json\/wp\/v2\/comments?post=78587"}],"version-history":[{"count":0,"href":"https:\/\/www.altominho.tv\/site\/wp-json\/wp\/v2\/posts\/78587\/revisions"}],"wp:featuredmedia":[{"embeddable":true,"href":"https:\/\/www.altominho.tv\/site\/wp-json\/wp\/v2\/media\/45209"}],"wp:attachment":[{"href":"https:\/\/www.altominho.tv\/site\/wp-json\/wp\/v2\/media?parent=78587"}],"wp:term":[{"taxonomy":"category","embeddable":true,"href":"https:\/\/www.altominho.tv\/site\/wp-json\/wp\/v2\/categories?post=78587"},{"taxonomy":"post_tag","embeddable":true,"href":"https:\/\/www.altominho.tv\/site\/wp-json\/wp\/v2\/tags?post=78587"}],"curies":[{"name":"wp","href":"https:\/\/api.w.org\/{rel}","templated":true}]}}