{"id":78582,"date":"2022-04-05T10:55:56","date_gmt":"2022-04-05T09:55:56","guid":{"rendered":"https:\/\/www.altominho.tv\/site\/?p=78582"},"modified":"2022-04-05T10:56:01","modified_gmt":"2022-04-05T09:56:01","slug":"autarquia-comemora-dia-mundial-da-saude-com-acoes-de-sensibilizacao-ao-longo-de-tres-dias","status":"publish","type":"post","link":"https:\/\/www.altominho.tv\/site\/2022\/04\/05\/autarquia-comemora-dia-mundial-da-saude-com-acoes-de-sensibilizacao-ao-longo-de-tres-dias\/","title":{"rendered":"Autarquia comemora Dia Mundial da Sa\u00fade com a\u00e7\u00f5es de sensibiliza\u00e7\u00e3o ao longo de tr\u00eas dias"},"content":{"rendered":"\n<p>Procurando sensibilizar a popula\u00e7\u00e3o para a import\u00e2ncia da pr\u00e1tica regular de atividade f\u00edsica e de uma alimenta\u00e7\u00e3o saud\u00e1vel, a C\u00e2mara Municipal de Vila Nova de Cerveira, em estreita colabora\u00e7\u00e3o com v\u00e1rias entidades do concelho, vai dinamizar, entre 7 e 9 de abril, um conjunto de a\u00e7\u00f5es com vista \u00e0 promo\u00e7\u00e3o da sa\u00fade, nomeadamente, palestras, workshops, reuni\u00f5es de trabalho, al\u00e9m de aulas de dan\u00e7a e de gin\u00e1stica. <\/p>\n\n\n\n<p>A iniciativa enquadra-se na comemora\u00e7\u00e3o do Dia Mundial da Sa\u00fade (7 de abril).<\/p>\n\n\n\n<p>A programa\u00e7\u00e3o arranca na quinta-feira, 7 de abril, com uma palestra dedicada \u00e0 tem\u00e1tica da \u201cHipertens\u00e3o e a Alimenta\u00e7\u00e3o\u201d, com a presen\u00e7a de um orador da Universidade do Porto, dirigida aos idosos institucionalizados, T\u00e9cnicos das IPSS e comunidade em geral (10h00, na Biblioteca Municipal). <\/p>\n\n\n\n<p>Para o per\u00edodo da tarde, est\u00e1 ainda agendado, um workshop da EPRAMI a abordar a \u201cSele\u00e7\u00e3o de G\u00e9neros Alimentares e a Preven\u00e7\u00e3o do Desperd\u00edcio\u201d, para benefici\u00e1rios do Programa Operacional de Apoio a Pessoas Mais Carenciadas (14h00, no Mercado Municipal).<\/p>\n\n\n\n<p>Para o segundo dia, 8 de abril, est\u00e1 prevista uma sess\u00e3o de trabalho com T\u00e9cnicos de Sa\u00fade dos Munic\u00edpios do distrito de Viana do Castelo, com o prop\u00f3sito de explanar \u201cO Papel dos Munic\u00edpios na Promo\u00e7\u00e3o da Sa\u00fade da Comunidade\u201d (10h00, na Biblioteca Municipal).<\/p>\n\n\n\n<p>J\u00e1 o s\u00e1bado, 9 de abril, inicia e termina com exerc\u00edcio f\u00edsico, com a dinamiza\u00e7\u00e3o de uma Aula de Dan\u00e7a (09h00) e uma Aula de Gin\u00e1stica (16h00) para a comunidade em geral, em pleno centro hist\u00f3rico. <\/p>\n\n\n\n<p>Aproveitando a din\u00e2mica da Feira Semanal, a ETAP vai promover um workshop sobre \u201cAlimenta\u00e7\u00e3o Saud\u00e1vel \u2013 Saladas Quentes\u201d (10h00, Mercado Municipal); havendo ainda lugar para a palestra \u201cO Voluntariado na Promo\u00e7\u00e3o da Sa\u00fade Mental\u201d, (16h00, F\u00f3rum Cultural de Cerveira), dirigido aos volunt\u00e1rios e \u00e0 comunidade.<\/p>\n\n\n\n<p>A organiza\u00e7\u00e3o desta iniciativa s\u00f3 \u00e9 poss\u00edvel gra\u00e7as ao envolvimento de v\u00e1rias entidades, nomeadamente, Universidade do Porto, ETAP, EPRAMI, Citius Fit, Manos S\u00e1, Banco Local do Voluntariado e IPSS do concelho.<\/p>\n\n\n\n<p>O Dia Mundial da Sa\u00fade, institu\u00eddo pela OMS (Organiza\u00e7\u00e3o Mundial da Sa\u00fade) no dia 7 de abril de 1948, passou a ser comemorado em 1950, e visa a consciencializa\u00e7\u00e3o para a import\u00e2ncia da sa\u00fade, alertando a sociedade para temas da \u00e1rea que afetam a humanidade, assim como a promo\u00e7\u00e3o e a ado\u00e7\u00e3o de estilos de vida saud\u00e1veis.<\/p>\n","protected":false},"excerpt":{"rendered":"<p>Procurando sensibilizar a popula\u00e7\u00e3o para a import\u00e2ncia da pr\u00e1tica regular de atividade f\u00edsica e de uma alimenta\u00e7\u00e3o saud\u00e1vel, a C\u00e2mara Municipal de Vila Nova de Cerveira, em estreita colabora\u00e7\u00e3o com v\u00e1rias entidades do concelho, vai dinamizar, entre 7 e 9 de abril, um conjunto de a\u00e7\u00f5es com vista \u00e0 promo\u00e7\u00e3o da sa\u00fade, nomeadamente, palestras, workshops, [&hellip;]<\/p>\n","protected":false},"author":1,"featured_media":78583,"comment_status":"closed","ping_status":"closed","sticky":false,"template":"","format":"standard","meta":{"_exactmetrics_skip_tracking":false,"_exactmetrics_sitenote_active":false,"_exactmetrics_sitenote_note":"","_exactmetrics_sitenote_category":0,"footnotes":""},"categories":[15],"tags":[27],"class_list":["post-78582","post","type-post","status-publish","format-standard","has-post-thumbnail","hentry","category-vila-nova-de-cerveira","tag-sociedade"],"yoast_head":"<!-- This site is optimized with the Yoast SEO Premium plugin v27.4 (Yoast SEO v27.4) - https:\/\/yoast.com\/product\/yoast-seo-premium-wordpress\/ -->\n<title>Autarquia comemora Dia Mundial da Sa\u00fade com a\u00e7\u00f5es de sensibiliza\u00e7\u00e3o ao longo de tr\u00eas dias<\/title>\n<meta name=\"description\" content=\"A C\u00e2mara Municipal de Vila Nova de Cerveira, vai dinamizar, entre 7 e 9 de abril, um conjunto de a\u00e7\u00f5es com vista \u00e0 promo\u00e7\u00e3o da sa\u00fade.\" \/>\n<meta name=\"robots\" content=\"index, follow, max-snippet:-1, max-image-preview:large, max-video-preview:-1\" \/>\n<link rel=\"canonical\" href=\"https:\/\/www.altominho.tv\/site\/2022\/04\/05\/autarquia-comemora-dia-mundial-da-saude-com-acoes-de-sensibilizacao-ao-longo-de-tres-dias\/\" \/>\n<meta property=\"og:locale\" content=\"pt_PT\" \/>\n<meta property=\"og:type\" content=\"article\" \/>\n<meta property=\"og:title\" content=\"Autarquia comemora Dia Mundial da Sa\u00fade com a\u00e7\u00f5es de sensibiliza\u00e7\u00e3o ao longo de tr\u00eas dias\" \/>\n<meta property=\"og:description\" content=\"A C\u00e2mara Municipal de Vila Nova de Cerveira, vai dinamizar, entre 7 e 9 de abril, um conjunto de a\u00e7\u00f5es com vista \u00e0 promo\u00e7\u00e3o da sa\u00fade.\" \/>\n<meta property=\"og:url\" content=\"https:\/\/www.altominho.tv\/site\/2022\/04\/05\/autarquia-comemora-dia-mundial-da-saude-com-acoes-de-sensibilizacao-ao-longo-de-tres-dias\/\" \/>\n<meta property=\"og:site_name\" content=\"Altominho.tv\" \/>\n<meta property=\"article:publisher\" content=\"https:\/\/www.facebook.com\/altominhotv\" \/>\n<meta property=\"article:published_time\" content=\"2022-04-05T09:55:56+00:00\" \/>\n<meta property=\"article:modified_time\" content=\"2022-04-05T09:56:01+00:00\" \/>\n<meta property=\"og:image\" content=\"https:\/\/www.altominho.tv\/site\/wp-content\/uploads\/2022\/04\/Camara_municipal-Cerveira.jpeg\" \/>\n\t<meta property=\"og:image:width\" content=\"980\" \/>\n\t<meta property=\"og:image:height\" content=\"656\" \/>\n\t<meta property=\"og:image:type\" content=\"image\/jpeg\" \/>\n<meta name=\"author\" content=\"Altominho.tv\" \/>\n<meta name=\"twitter:card\" content=\"summary_large_image\" \/>\n<meta name=\"twitter:creator\" content=\"@altominhoTV\" \/>\n<meta name=\"twitter:site\" content=\"@altominhoTV\" \/>\n<meta name=\"twitter:label1\" content=\"Escrito por\" \/>\n\t<meta name=\"twitter:data1\" content=\"Altominho.tv\" \/>\n\t<meta name=\"twitter:label2\" content=\"Tempo estimado de leitura\" \/>\n\t<meta name=\"twitter:data2\" content=\"3 minutos\" \/>\n<script type=\"application\/ld+json\" class=\"yoast-schema-graph\">{\"@context\":\"https:\\\/\\\/schema.org\",\"@graph\":[{\"@type\":\"Article\",\"@id\":\"https:\\\/\\\/www.altominho.tv\\\/site\\\/2022\\\/04\\\/05\\\/autarquia-comemora-dia-mundial-da-saude-com-acoes-de-sensibilizacao-ao-longo-de-tres-dias\\\/#article\",\"isPartOf\":{\"@id\":\"https:\\\/\\\/www.altominho.tv\\\/site\\\/2022\\\/04\\\/05\\\/autarquia-comemora-dia-mundial-da-saude-com-acoes-de-sensibilizacao-ao-longo-de-tres-dias\\\/\"},\"author\":{\"name\":\"Altominho.tv\",\"@id\":\"https:\\\/\\\/www.altominho.tv\\\/site\\\/#\\\/schema\\\/person\\\/4e536851627d7914baf3dac752b6af22\"},\"headline\":\"Autarquia comemora Dia Mundial da Sa\u00fade com a\u00e7\u00f5es de sensibiliza\u00e7\u00e3o ao longo de tr\u00eas dias\",\"datePublished\":\"2022-04-05T09:55:56+00:00\",\"dateModified\":\"2022-04-05T09:56:01+00:00\",\"mainEntityOfPage\":{\"@id\":\"https:\\\/\\\/www.altominho.tv\\\/site\\\/2022\\\/04\\\/05\\\/autarquia-comemora-dia-mundial-da-saude-com-acoes-de-sensibilizacao-ao-longo-de-tres-dias\\\/\"},\"wordCount\":446,\"image\":{\"@id\":\"https:\\\/\\\/www.altominho.tv\\\/site\\\/2022\\\/04\\\/05\\\/autarquia-comemora-dia-mundial-da-saude-com-acoes-de-sensibilizacao-ao-longo-de-tres-dias\\\/#primaryimage\"},\"thumbnailUrl\":\"https:\\\/\\\/www.altominho.tv\\\/site\\\/wp-content\\\/uploads\\\/2022\\\/04\\\/Camara_municipal-Cerveira.jpeg\",\"keywords\":[\"Sociedade\"],\"articleSection\":[\"Vila Nova de Cerveira\"],\"inLanguage\":\"pt-PT\",\"copyrightYear\":\"2022\",\"copyrightHolder\":{\"@id\":\"https:\\\/\\\/www.altominho.tv\\\/site\\\/#organization\"}},{\"@type\":\"WebPage\",\"@id\":\"https:\\\/\\\/www.altominho.tv\\\/site\\\/2022\\\/04\\\/05\\\/autarquia-comemora-dia-mundial-da-saude-com-acoes-de-sensibilizacao-ao-longo-de-tres-dias\\\/\",\"url\":\"https:\\\/\\\/www.altominho.tv\\\/site\\\/2022\\\/04\\\/05\\\/autarquia-comemora-dia-mundial-da-saude-com-acoes-de-sensibilizacao-ao-longo-de-tres-dias\\\/\",\"name\":\"Autarquia comemora Dia Mundial da Sa\u00fade com a\u00e7\u00f5es de sensibiliza\u00e7\u00e3o ao longo de tr\u00eas dias\",\"isPartOf\":{\"@id\":\"https:\\\/\\\/www.altominho.tv\\\/site\\\/#website\"},\"primaryImageOfPage\":{\"@id\":\"https:\\\/\\\/www.altominho.tv\\\/site\\\/2022\\\/04\\\/05\\\/autarquia-comemora-dia-mundial-da-saude-com-acoes-de-sensibilizacao-ao-longo-de-tres-dias\\\/#primaryimage\"},\"image\":{\"@id\":\"https:\\\/\\\/www.altominho.tv\\\/site\\\/2022\\\/04\\\/05\\\/autarquia-comemora-dia-mundial-da-saude-com-acoes-de-sensibilizacao-ao-longo-de-tres-dias\\\/#primaryimage\"},\"thumbnailUrl\":\"https:\\\/\\\/www.altominho.tv\\\/site\\\/wp-content\\\/uploads\\\/2022\\\/04\\\/Camara_municipal-Cerveira.jpeg\",\"datePublished\":\"2022-04-05T09:55:56+00:00\",\"dateModified\":\"2022-04-05T09:56:01+00:00\",\"author\":{\"@id\":\"https:\\\/\\\/www.altominho.tv\\\/site\\\/#\\\/schema\\\/person\\\/4e536851627d7914baf3dac752b6af22\"},\"description\":\"A C\u00e2mara Municipal de Vila Nova de Cerveira, vai dinamizar, entre 7 e 9 de abril, um conjunto de a\u00e7\u00f5es com vista \u00e0 promo\u00e7\u00e3o da sa\u00fade.\",\"breadcrumb\":{\"@id\":\"https:\\\/\\\/www.altominho.tv\\\/site\\\/2022\\\/04\\\/05\\\/autarquia-comemora-dia-mundial-da-saude-com-acoes-de-sensibilizacao-ao-longo-de-tres-dias\\\/#breadcrumb\"},\"inLanguage\":\"pt-PT\",\"potentialAction\":[{\"@type\":\"ReadAction\",\"target\":[\"https:\\\/\\\/www.altominho.tv\\\/site\\\/2022\\\/04\\\/05\\\/autarquia-comemora-dia-mundial-da-saude-com-acoes-de-sensibilizacao-ao-longo-de-tres-dias\\\/\"]}]},{\"@type\":\"ImageObject\",\"inLanguage\":\"pt-PT\",\"@id\":\"https:\\\/\\\/www.altominho.tv\\\/site\\\/2022\\\/04\\\/05\\\/autarquia-comemora-dia-mundial-da-saude-com-acoes-de-sensibilizacao-ao-longo-de-tres-dias\\\/#primaryimage\",\"url\":\"https:\\\/\\\/www.altominho.tv\\\/site\\\/wp-content\\\/uploads\\\/2022\\\/04\\\/Camara_municipal-Cerveira.jpeg\",\"contentUrl\":\"https:\\\/\\\/www.altominho.tv\\\/site\\\/wp-content\\\/uploads\\\/2022\\\/04\\\/Camara_municipal-Cerveira.jpeg\",\"width\":980,\"height\":656},{\"@type\":\"BreadcrumbList\",\"@id\":\"https:\\\/\\\/www.altominho.tv\\\/site\\\/2022\\\/04\\\/05\\\/autarquia-comemora-dia-mundial-da-saude-com-acoes-de-sensibilizacao-ao-longo-de-tres-dias\\\/#breadcrumb\",\"itemListElement\":[{\"@type\":\"ListItem\",\"position\":1,\"name\":\"In\u00edcio\",\"item\":\"https:\\\/\\\/www.altominho.tv\\\/site\\\/\"},{\"@type\":\"ListItem\",\"position\":2,\"name\":\"Autarquia comemora Dia Mundial da Sa\u00fade com a\u00e7\u00f5es de sensibiliza\u00e7\u00e3o ao longo de tr\u00eas dias\"}]},{\"@type\":\"WebSite\",\"@id\":\"https:\\\/\\\/www.altominho.tv\\\/site\\\/#website\",\"url\":\"https:\\\/\\\/www.altominho.tv\\\/site\\\/\",\"name\":\"Altominho.tv\",\"description\":\"A sua regi\u00e3o \u00e0 dist\u00e2ncia de um clique...\",\"potentialAction\":[{\"@type\":\"SearchAction\",\"target\":{\"@type\":\"EntryPoint\",\"urlTemplate\":\"https:\\\/\\\/www.altominho.tv\\\/site\\\/?s={search_term_string}\"},\"query-input\":{\"@type\":\"PropertyValueSpecification\",\"valueRequired\":true,\"valueName\":\"search_term_string\"}}],\"inLanguage\":\"pt-PT\"},{\"@type\":\"Person\",\"@id\":\"https:\\\/\\\/www.altominho.tv\\\/site\\\/#\\\/schema\\\/person\\\/4e536851627d7914baf3dac752b6af22\",\"name\":\"Altominho.tv\",\"image\":{\"@type\":\"ImageObject\",\"inLanguage\":\"pt-PT\",\"@id\":\"https:\\\/\\\/www.altominho.tv\\\/site\\\/wp-content\\\/uploads\\\/2019\\\/11\\\/Logo_Avatar_2-150x150.jpg\",\"url\":\"https:\\\/\\\/www.altominho.tv\\\/site\\\/wp-content\\\/uploads\\\/2019\\\/11\\\/Logo_Avatar_2-150x150.jpg\",\"contentUrl\":\"https:\\\/\\\/www.altominho.tv\\\/site\\\/wp-content\\\/uploads\\\/2019\\\/11\\\/Logo_Avatar_2-150x150.jpg\",\"caption\":\"Altominho.tv\"},\"url\":\"https:\\\/\\\/www.altominho.tv\\\/site\\\/author\\\/altominhotv-tecnico\\\/\"}]}<\/script>\n<!-- \/ Yoast SEO Premium plugin. -->","yoast_head_json":{"title":"Autarquia comemora Dia Mundial da Sa\u00fade com a\u00e7\u00f5es de sensibiliza\u00e7\u00e3o ao longo de tr\u00eas dias","description":"A C\u00e2mara Municipal de Vila Nova de Cerveira, vai dinamizar, entre 7 e 9 de abril, um conjunto de a\u00e7\u00f5es com vista \u00e0 promo\u00e7\u00e3o da sa\u00fade.","robots":{"index":"index","follow":"follow","max-snippet":"max-snippet:-1","max-image-preview":"max-image-preview:large","max-video-preview":"max-video-preview:-1"},"canonical":"https:\/\/www.altominho.tv\/site\/2022\/04\/05\/autarquia-comemora-dia-mundial-da-saude-com-acoes-de-sensibilizacao-ao-longo-de-tres-dias\/","og_locale":"pt_PT","og_type":"article","og_title":"Autarquia comemora Dia Mundial da Sa\u00fade com a\u00e7\u00f5es de sensibiliza\u00e7\u00e3o ao longo de tr\u00eas dias","og_description":"A C\u00e2mara Municipal de Vila Nova de Cerveira, vai dinamizar, entre 7 e 9 de abril, um conjunto de a\u00e7\u00f5es com vista \u00e0 promo\u00e7\u00e3o da sa\u00fade.","og_url":"https:\/\/www.altominho.tv\/site\/2022\/04\/05\/autarquia-comemora-dia-mundial-da-saude-com-acoes-de-sensibilizacao-ao-longo-de-tres-dias\/","og_site_name":"Altominho.tv","article_publisher":"https:\/\/www.facebook.com\/altominhotv","article_published_time":"2022-04-05T09:55:56+00:00","article_modified_time":"2022-04-05T09:56:01+00:00","og_image":[{"width":980,"height":656,"url":"https:\/\/www.altominho.tv\/site\/wp-content\/uploads\/2022\/04\/Camara_municipal-Cerveira.jpeg","type":"image\/jpeg"}],"author":"Altominho.tv","twitter_card":"summary_large_image","twitter_creator":"@altominhoTV","twitter_site":"@altominhoTV","twitter_misc":{"Escrito por":"Altominho.tv","Tempo estimado de leitura":"3 minutos"},"schema":{"@context":"https:\/\/schema.org","@graph":[{"@type":"Article","@id":"https:\/\/www.altominho.tv\/site\/2022\/04\/05\/autarquia-comemora-dia-mundial-da-saude-com-acoes-de-sensibilizacao-ao-longo-de-tres-dias\/#article","isPartOf":{"@id":"https:\/\/www.altominho.tv\/site\/2022\/04\/05\/autarquia-comemora-dia-mundial-da-saude-com-acoes-de-sensibilizacao-ao-longo-de-tres-dias\/"},"author":{"name":"Altominho.tv","@id":"https:\/\/www.altominho.tv\/site\/#\/schema\/person\/4e536851627d7914baf3dac752b6af22"},"headline":"Autarquia comemora Dia Mundial da Sa\u00fade com a\u00e7\u00f5es de sensibiliza\u00e7\u00e3o ao longo de tr\u00eas dias","datePublished":"2022-04-05T09:55:56+00:00","dateModified":"2022-04-05T09:56:01+00:00","mainEntityOfPage":{"@id":"https:\/\/www.altominho.tv\/site\/2022\/04\/05\/autarquia-comemora-dia-mundial-da-saude-com-acoes-de-sensibilizacao-ao-longo-de-tres-dias\/"},"wordCount":446,"image":{"@id":"https:\/\/www.altominho.tv\/site\/2022\/04\/05\/autarquia-comemora-dia-mundial-da-saude-com-acoes-de-sensibilizacao-ao-longo-de-tres-dias\/#primaryimage"},"thumbnailUrl":"https:\/\/www.altominho.tv\/site\/wp-content\/uploads\/2022\/04\/Camara_municipal-Cerveira.jpeg","keywords":["Sociedade"],"articleSection":["Vila Nova de Cerveira"],"inLanguage":"pt-PT","copyrightYear":"2022","copyrightHolder":{"@id":"https:\/\/www.altominho.tv\/site\/#organization"}},{"@type":"WebPage","@id":"https:\/\/www.altominho.tv\/site\/2022\/04\/05\/autarquia-comemora-dia-mundial-da-saude-com-acoes-de-sensibilizacao-ao-longo-de-tres-dias\/","url":"https:\/\/www.altominho.tv\/site\/2022\/04\/05\/autarquia-comemora-dia-mundial-da-saude-com-acoes-de-sensibilizacao-ao-longo-de-tres-dias\/","name":"Autarquia comemora Dia Mundial da Sa\u00fade com a\u00e7\u00f5es de sensibiliza\u00e7\u00e3o ao longo de tr\u00eas dias","isPartOf":{"@id":"https:\/\/www.altominho.tv\/site\/#website"},"primaryImageOfPage":{"@id":"https:\/\/www.altominho.tv\/site\/2022\/04\/05\/autarquia-comemora-dia-mundial-da-saude-com-acoes-de-sensibilizacao-ao-longo-de-tres-dias\/#primaryimage"},"image":{"@id":"https:\/\/www.altominho.tv\/site\/2022\/04\/05\/autarquia-comemora-dia-mundial-da-saude-com-acoes-de-sensibilizacao-ao-longo-de-tres-dias\/#primaryimage"},"thumbnailUrl":"https:\/\/www.altominho.tv\/site\/wp-content\/uploads\/2022\/04\/Camara_municipal-Cerveira.jpeg","datePublished":"2022-04-05T09:55:56+00:00","dateModified":"2022-04-05T09:56:01+00:00","author":{"@id":"https:\/\/www.altominho.tv\/site\/#\/schema\/person\/4e536851627d7914baf3dac752b6af22"},"description":"A C\u00e2mara Municipal de Vila Nova de Cerveira, vai dinamizar, entre 7 e 9 de abril, um conjunto de a\u00e7\u00f5es com vista \u00e0 promo\u00e7\u00e3o da sa\u00fade.","breadcrumb":{"@id":"https:\/\/www.altominho.tv\/site\/2022\/04\/05\/autarquia-comemora-dia-mundial-da-saude-com-acoes-de-sensibilizacao-ao-longo-de-tres-dias\/#breadcrumb"},"inLanguage":"pt-PT","potentialAction":[{"@type":"ReadAction","target":["https:\/\/www.altominho.tv\/site\/2022\/04\/05\/autarquia-comemora-dia-mundial-da-saude-com-acoes-de-sensibilizacao-ao-longo-de-tres-dias\/"]}]},{"@type":"ImageObject","inLanguage":"pt-PT","@id":"https:\/\/www.altominho.tv\/site\/2022\/04\/05\/autarquia-comemora-dia-mundial-da-saude-com-acoes-de-sensibilizacao-ao-longo-de-tres-dias\/#primaryimage","url":"https:\/\/www.altominho.tv\/site\/wp-content\/uploads\/2022\/04\/Camara_municipal-Cerveira.jpeg","contentUrl":"https:\/\/www.altominho.tv\/site\/wp-content\/uploads\/2022\/04\/Camara_municipal-Cerveira.jpeg","width":980,"height":656},{"@type":"BreadcrumbList","@id":"https:\/\/www.altominho.tv\/site\/2022\/04\/05\/autarquia-comemora-dia-mundial-da-saude-com-acoes-de-sensibilizacao-ao-longo-de-tres-dias\/#breadcrumb","itemListElement":[{"@type":"ListItem","position":1,"name":"In\u00edcio","item":"https:\/\/www.altominho.tv\/site\/"},{"@type":"ListItem","position":2,"name":"Autarquia comemora Dia Mundial da Sa\u00fade com a\u00e7\u00f5es de sensibiliza\u00e7\u00e3o ao longo de tr\u00eas dias"}]},{"@type":"WebSite","@id":"https:\/\/www.altominho.tv\/site\/#website","url":"https:\/\/www.altominho.tv\/site\/","name":"Altominho.tv","description":"A sua regi\u00e3o \u00e0 dist\u00e2ncia de um clique...","potentialAction":[{"@type":"SearchAction","target":{"@type":"EntryPoint","urlTemplate":"https:\/\/www.altominho.tv\/site\/?s={search_term_string}"},"query-input":{"@type":"PropertyValueSpecification","valueRequired":true,"valueName":"search_term_string"}}],"inLanguage":"pt-PT"},{"@type":"Person","@id":"https:\/\/www.altominho.tv\/site\/#\/schema\/person\/4e536851627d7914baf3dac752b6af22","name":"Altominho.tv","image":{"@type":"ImageObject","inLanguage":"pt-PT","@id":"https:\/\/www.altominho.tv\/site\/wp-content\/uploads\/2019\/11\/Logo_Avatar_2-150x150.jpg","url":"https:\/\/www.altominho.tv\/site\/wp-content\/uploads\/2019\/11\/Logo_Avatar_2-150x150.jpg","contentUrl":"https:\/\/www.altominho.tv\/site\/wp-content\/uploads\/2019\/11\/Logo_Avatar_2-150x150.jpg","caption":"Altominho.tv"},"url":"https:\/\/www.altominho.tv\/site\/author\/altominhotv-tecnico\/"}]}},"_links":{"self":[{"href":"https:\/\/www.altominho.tv\/site\/wp-json\/wp\/v2\/posts\/78582","targetHints":{"allow":["GET"]}}],"collection":[{"href":"https:\/\/www.altominho.tv\/site\/wp-json\/wp\/v2\/posts"}],"about":[{"href":"https:\/\/www.altominho.tv\/site\/wp-json\/wp\/v2\/types\/post"}],"author":[{"embeddable":true,"href":"https:\/\/www.altominho.tv\/site\/wp-json\/wp\/v2\/users\/1"}],"replies":[{"embeddable":true,"href":"https:\/\/www.altominho.tv\/site\/wp-json\/wp\/v2\/comments?post=78582"}],"version-history":[{"count":0,"href":"https:\/\/www.altominho.tv\/site\/wp-json\/wp\/v2\/posts\/78582\/revisions"}],"wp:featuredmedia":[{"embeddable":true,"href":"https:\/\/www.altominho.tv\/site\/wp-json\/wp\/v2\/media\/78583"}],"wp:attachment":[{"href":"https:\/\/www.altominho.tv\/site\/wp-json\/wp\/v2\/media?parent=78582"}],"wp:term":[{"taxonomy":"category","embeddable":true,"href":"https:\/\/www.altominho.tv\/site\/wp-json\/wp\/v2\/categories?post=78582"},{"taxonomy":"post_tag","embeddable":true,"href":"https:\/\/www.altominho.tv\/site\/wp-json\/wp\/v2\/tags?post=78582"}],"curies":[{"name":"wp","href":"https:\/\/api.w.org\/{rel}","templated":true}]}}