{"id":78565,"date":"2022-04-04T15:59:23","date_gmt":"2022-04-04T14:59:23","guid":{"rendered":"https:\/\/www.altominho.tv\/site\/?p=78565"},"modified":"2022-04-04T16:00:39","modified_gmt":"2022-04-04T15:00:39","slug":"investimento-de-175-mil-euros-reabilita-bairro-social-em-cerdal","status":"publish","type":"post","link":"https:\/\/www.altominho.tv\/site\/2022\/04\/04\/investimento-de-175-mil-euros-reabilita-bairro-social-em-cerdal\/","title":{"rendered":"Investimento de 175 mil euros reabilita bairro social em Cerdal"},"content":{"rendered":"<p>A C\u00e2mara de Valen\u00e7a assinou o auto de consigna\u00e7\u00e3o da empreitada de reabilita\u00e7\u00e3o do bairro social de Passos, na freguesia de Cerdal, num investimento de cerca de 175 mil euros.<\/p>\n<p>Em comunicado, a autarquia explicou que a empreitada tem um prazo de execu\u00e7\u00e3o de 180 dias, visando a &#8220;reabilita\u00e7\u00e3o do bloco habitacional, composto por seis fogos&#8221;.<\/p>\n<p>Atualmente, o Bloco A do bairro social de Passos &#8220;encontra-se com graves patologias, principalmente ao n\u00edvel de infiltra\u00e7\u00f5es na cobertura, fachadas, condi\u00e7\u00f5es t\u00e9rmicas e ac\u00fasticas deficientes, instala\u00e7\u00f5es sanit\u00e1rias, pisos e carpintarias interiores em alguns fogos degradadas&#8221;, adianta a nota enviada \u00e0 imprensa, acrescentando que o exterior das fachadas vai tamb\u00e9m ser alvo de obras, ao n\u00edvel de isolamento t\u00e9rmico e substitui\u00e7\u00e3o dos rufos da cobertura.<\/p>\n<p>&#8220;Esta interven\u00e7\u00e3o pretende criar melhores condi\u00e7\u00f5es de habitabilidade e dignidade, de modo a melhorar a qualidade de vida destas fam\u00edlias&#8221;, afirma o presidente da C\u00e2mara, Jos\u00e9 Manuel Carpinteira, citado naquela nota.<\/p>\n<p>A consigna\u00e7\u00e3o enquadra-se na Estrat\u00e9gia Local de Habita\u00e7\u00e3o do munic\u00edpio de Valen\u00e7a, que consubstancia uma candidatura ao 1\u00ba Direito &#8211; Programa de Apoio ao Acesso \u00e0 Habita\u00e7\u00e3o. De acordo com a autarquia, trata-se da &#8220;primeira reabilita\u00e7\u00e3o de um conjunto de obras que ir\u00e3o decorrer em v\u00e1rios bairros sociais do concelho, num valor global de cerca de 2,1 milh\u00f5es de euros&#8221;.<\/p>\n<p>Este programa &#8220;promove um refor\u00e7o da reabilita\u00e7\u00e3o urbana assente numa oferta habitacional mais diversificada e inclusiva, que passar\u00e1 tamb\u00e9m pelo alargamento do parque habitacional adequado \u00e0 popula\u00e7\u00e3o mais vulner\u00e1vel&#8221;, conclui o munic\u00edpio.<\/p>\n","protected":false},"excerpt":{"rendered":"<p>A C\u00e2mara de Valen\u00e7a assinou o auto de consigna\u00e7\u00e3o da empreitada de reabilita\u00e7\u00e3o do bairro social de Passos, na freguesia de Cerdal, num investimento de cerca de 175 mil euros. Em comunicado, a autarquia explicou que a empreitada tem um prazo de execu\u00e7\u00e3o de 180 dias, visando a &#8220;reabilita\u00e7\u00e3o do bloco habitacional, composto por seis [&hellip;]<\/p>\n","protected":false},"author":12,"featured_media":78566,"comment_status":"closed","ping_status":"closed","sticky":false,"template":"","format":"standard","meta":{"_exactmetrics_skip_tracking":false,"footnotes":""},"categories":[13],"tags":[27],"class_list":["post-78565","post","type-post","status-publish","format-standard","has-post-thumbnail","hentry","category-valenca","tag-sociedade"],"yoast_head":"<!-- This site is optimized with the Yoast SEO Premium plugin v28.3 (Yoast SEO v28.3) - https:\/\/yoast.com\/product\/yoast-seo-premium-wordpress\/ -->\n<title>Investimento de 175 mil euros reabilita bairro social em Cerdal<\/title>\n<meta name=\"description\" content=\"A C\u00e2mara de Valen\u00e7a assinou o auto de consigna\u00e7\u00e3o da empreitada de reabilita\u00e7\u00e3o do bairro social de Passos, em Cerdal, num investimento de cerca de 175 mil euros.\" \/>\n<meta name=\"robots\" content=\"index, follow, max-snippet:-1, max-image-preview:large, max-video-preview:-1\" \/>\n<link rel=\"canonical\" href=\"https:\/\/www.altominho.tv\/site\/2022\/04\/04\/investimento-de-175-mil-euros-reabilita-bairro-social-em-cerdal\/\" \/>\n<meta property=\"og:locale\" content=\"pt_PT\" \/>\n<meta property=\"og:type\" content=\"article\" \/>\n<meta property=\"og:title\" content=\"Investimento de 175 mil euros reabilita bairro social em Cerdal\" \/>\n<meta property=\"og:description\" content=\"A C\u00e2mara de Valen\u00e7a assinou o auto de consigna\u00e7\u00e3o da empreitada de reabilita\u00e7\u00e3o do bairro social de Passos, em Cerdal, num investimento de cerca de 175 mil euros.\" \/>\n<meta property=\"og:url\" content=\"https:\/\/www.altominho.tv\/site\/2022\/04\/04\/investimento-de-175-mil-euros-reabilita-bairro-social-em-cerdal\/\" \/>\n<meta property=\"og:site_name\" content=\"Altominho.tv\" \/>\n<meta property=\"article:publisher\" content=\"https:\/\/www.facebook.com\/altominhotv\" \/>\n<meta property=\"article:published_time\" content=\"2022-04-04T14:59:23+00:00\" \/>\n<meta property=\"article:modified_time\" content=\"2022-04-04T15:00:39+00:00\" \/>\n<meta property=\"og:image\" content=\"https:\/\/www.altominho.tv\/site\/wp-content\/uploads\/2022\/04\/Bairro-social-Cerdal.jpg\" \/>\n\t<meta property=\"og:image:width\" content=\"1500\" \/>\n\t<meta property=\"og:image:height\" content=\"845\" \/>\n\t<meta property=\"og:image:type\" content=\"image\/jpeg\" \/>\n<meta name=\"author\" content=\"Andreia Ferreira\" \/>\n<meta name=\"twitter:card\" content=\"summary_large_image\" \/>\n<meta name=\"twitter:creator\" content=\"@altominhoTV\" \/>\n<meta name=\"twitter:site\" content=\"@altominhoTV\" \/>\n<meta name=\"twitter:label1\" content=\"Escrito por\" \/>\n\t<meta name=\"twitter:data1\" content=\"Andreia Ferreira\" \/>\n\t<meta name=\"twitter:label2\" content=\"Tempo estimado de leitura\" \/>\n\t<meta name=\"twitter:data2\" content=\"2 minutos\" \/>\n<script type=\"application\/ld+json\" class=\"yoast-schema-graph\">{\"@context\":\"https:\\\/\\\/schema.org\",\"@graph\":[{\"@type\":\"Article\",\"@id\":\"https:\\\/\\\/www.altominho.tv\\\/site\\\/2022\\\/04\\\/04\\\/investimento-de-175-mil-euros-reabilita-bairro-social-em-cerdal\\\/#article\",\"isPartOf\":{\"@id\":\"https:\\\/\\\/www.altominho.tv\\\/site\\\/2022\\\/04\\\/04\\\/investimento-de-175-mil-euros-reabilita-bairro-social-em-cerdal\\\/\"},\"author\":{\"name\":\"Andreia Ferreira\",\"@id\":\"https:\\\/\\\/www.altominho.tv\\\/site\\\/#\\\/schema\\\/person\\\/d9be4265364723f14ea8e0d56a1d38cd\"},\"headline\":\"Investimento de 175 mil euros reabilita bairro social em Cerdal\",\"datePublished\":\"2022-04-04T14:59:23+00:00\",\"dateModified\":\"2022-04-04T15:00:39+00:00\",\"mainEntityOfPage\":{\"@id\":\"https:\\\/\\\/www.altominho.tv\\\/site\\\/2022\\\/04\\\/04\\\/investimento-de-175-mil-euros-reabilita-bairro-social-em-cerdal\\\/\"},\"wordCount\":283,\"image\":{\"@id\":\"https:\\\/\\\/www.altominho.tv\\\/site\\\/2022\\\/04\\\/04\\\/investimento-de-175-mil-euros-reabilita-bairro-social-em-cerdal\\\/#primaryimage\"},\"thumbnailUrl\":\"https:\\\/\\\/www.altominho.tv\\\/site\\\/wp-content\\\/uploads\\\/2022\\\/04\\\/Bairro-social-Cerdal.jpg\",\"keywords\":[\"Sociedade\"],\"articleSection\":[\"Valen\u00e7a\"],\"inLanguage\":\"pt-PT\",\"copyrightYear\":\"2022\",\"copyrightHolder\":{\"@id\":\"https:\\\/\\\/www.altominho.tv\\\/site\\\/#organization\"}},{\"@type\":\"WebPage\",\"@id\":\"https:\\\/\\\/www.altominho.tv\\\/site\\\/2022\\\/04\\\/04\\\/investimento-de-175-mil-euros-reabilita-bairro-social-em-cerdal\\\/\",\"url\":\"https:\\\/\\\/www.altominho.tv\\\/site\\\/2022\\\/04\\\/04\\\/investimento-de-175-mil-euros-reabilita-bairro-social-em-cerdal\\\/\",\"name\":\"Investimento de 175 mil euros reabilita bairro social em Cerdal\",\"isPartOf\":{\"@id\":\"https:\\\/\\\/www.altominho.tv\\\/site\\\/#website\"},\"primaryImageOfPage\":{\"@id\":\"https:\\\/\\\/www.altominho.tv\\\/site\\\/2022\\\/04\\\/04\\\/investimento-de-175-mil-euros-reabilita-bairro-social-em-cerdal\\\/#primaryimage\"},\"image\":{\"@id\":\"https:\\\/\\\/www.altominho.tv\\\/site\\\/2022\\\/04\\\/04\\\/investimento-de-175-mil-euros-reabilita-bairro-social-em-cerdal\\\/#primaryimage\"},\"thumbnailUrl\":\"https:\\\/\\\/www.altominho.tv\\\/site\\\/wp-content\\\/uploads\\\/2022\\\/04\\\/Bairro-social-Cerdal.jpg\",\"datePublished\":\"2022-04-04T14:59:23+00:00\",\"dateModified\":\"2022-04-04T15:00:39+00:00\",\"author\":{\"@id\":\"https:\\\/\\\/www.altominho.tv\\\/site\\\/#\\\/schema\\\/person\\\/d9be4265364723f14ea8e0d56a1d38cd\"},\"description\":\"A C\u00e2mara de Valen\u00e7a assinou o auto de consigna\u00e7\u00e3o da empreitada de reabilita\u00e7\u00e3o do bairro social de Passos, em Cerdal, num investimento de cerca de 175 mil euros.\",\"breadcrumb\":{\"@id\":\"https:\\\/\\\/www.altominho.tv\\\/site\\\/2022\\\/04\\\/04\\\/investimento-de-175-mil-euros-reabilita-bairro-social-em-cerdal\\\/#breadcrumb\"},\"inLanguage\":\"pt-PT\",\"potentialAction\":[{\"@type\":\"ReadAction\",\"target\":[\"https:\\\/\\\/www.altominho.tv\\\/site\\\/2022\\\/04\\\/04\\\/investimento-de-175-mil-euros-reabilita-bairro-social-em-cerdal\\\/\"]}]},{\"@type\":\"ImageObject\",\"inLanguage\":\"pt-PT\",\"@id\":\"https:\\\/\\\/www.altominho.tv\\\/site\\\/2022\\\/04\\\/04\\\/investimento-de-175-mil-euros-reabilita-bairro-social-em-cerdal\\\/#primaryimage\",\"url\":\"https:\\\/\\\/www.altominho.tv\\\/site\\\/wp-content\\\/uploads\\\/2022\\\/04\\\/Bairro-social-Cerdal.jpg\",\"contentUrl\":\"https:\\\/\\\/www.altominho.tv\\\/site\\\/wp-content\\\/uploads\\\/2022\\\/04\\\/Bairro-social-Cerdal.jpg\",\"width\":1500,\"height\":845,\"caption\":\"MUNIC\u00cdPIO DE VALEN\u00c7A\"},{\"@type\":\"BreadcrumbList\",\"@id\":\"https:\\\/\\\/www.altominho.tv\\\/site\\\/2022\\\/04\\\/04\\\/investimento-de-175-mil-euros-reabilita-bairro-social-em-cerdal\\\/#breadcrumb\",\"itemListElement\":[{\"@type\":\"ListItem\",\"position\":1,\"name\":\"In\u00edcio\",\"item\":\"https:\\\/\\\/www.altominho.tv\\\/site\\\/\"},{\"@type\":\"ListItem\",\"position\":2,\"name\":\"Investimento de 175 mil euros reabilita bairro social em Cerdal\"}]},{\"@type\":\"WebSite\",\"@id\":\"https:\\\/\\\/www.altominho.tv\\\/site\\\/#website\",\"url\":\"https:\\\/\\\/www.altominho.tv\\\/site\\\/\",\"name\":\"Altominho.tv\",\"description\":\"A sua regi\u00e3o \u00e0 dist\u00e2ncia de um clique...\",\"potentialAction\":[{\"@type\":\"SearchAction\",\"target\":{\"@type\":\"EntryPoint\",\"urlTemplate\":\"https:\\\/\\\/www.altominho.tv\\\/site\\\/?s={search_term_string}\"},\"query-input\":{\"@type\":\"PropertyValueSpecification\",\"valueRequired\":true,\"valueName\":\"search_term_string\"}}],\"inLanguage\":\"pt-PT\"},{\"@type\":\"Person\",\"@id\":\"https:\\\/\\\/www.altominho.tv\\\/site\\\/#\\\/schema\\\/person\\\/d9be4265364723f14ea8e0d56a1d38cd\",\"name\":\"Andreia Ferreira\",\"image\":{\"@type\":\"ImageObject\",\"inLanguage\":\"pt-PT\",\"@id\":\"https:\\\/\\\/www.altominho.tv\\\/site\\\/wp-content\\\/uploads\\\/2021\\\/01\\\/AndreiaFerreira-150x150.jpg\",\"url\":\"https:\\\/\\\/www.altominho.tv\\\/site\\\/wp-content\\\/uploads\\\/2021\\\/01\\\/AndreiaFerreira-150x150.jpg\",\"contentUrl\":\"https:\\\/\\\/www.altominho.tv\\\/site\\\/wp-content\\\/uploads\\\/2021\\\/01\\\/AndreiaFerreira-150x150.jpg\",\"caption\":\"Andreia Ferreira\"},\"url\":\"https:\\\/\\\/www.altominho.tv\\\/site\\\/author\\\/andreiaferreira\\\/\"}]}<\/script>\n<!-- \/ Yoast SEO Premium plugin. -->","yoast_head_json":{"title":"Investimento de 175 mil euros reabilita bairro social em Cerdal","description":"A C\u00e2mara de Valen\u00e7a assinou o auto de consigna\u00e7\u00e3o da empreitada de reabilita\u00e7\u00e3o do bairro social de Passos, em Cerdal, num investimento de cerca de 175 mil euros.","robots":{"index":"index","follow":"follow","max-snippet":"max-snippet:-1","max-image-preview":"max-image-preview:large","max-video-preview":"max-video-preview:-1"},"canonical":"https:\/\/www.altominho.tv\/site\/2022\/04\/04\/investimento-de-175-mil-euros-reabilita-bairro-social-em-cerdal\/","og_locale":"pt_PT","og_type":"article","og_title":"Investimento de 175 mil euros reabilita bairro social em Cerdal","og_description":"A C\u00e2mara de Valen\u00e7a assinou o auto de consigna\u00e7\u00e3o da empreitada de reabilita\u00e7\u00e3o do bairro social de Passos, em Cerdal, num investimento de cerca de 175 mil euros.","og_url":"https:\/\/www.altominho.tv\/site\/2022\/04\/04\/investimento-de-175-mil-euros-reabilita-bairro-social-em-cerdal\/","og_site_name":"Altominho.tv","article_publisher":"https:\/\/www.facebook.com\/altominhotv","article_published_time":"2022-04-04T14:59:23+00:00","article_modified_time":"2022-04-04T15:00:39+00:00","og_image":[{"width":1500,"height":845,"url":"https:\/\/www.altominho.tv\/site\/wp-content\/uploads\/2022\/04\/Bairro-social-Cerdal.jpg","type":"image\/jpeg"}],"author":"Andreia Ferreira","twitter_card":"summary_large_image","twitter_creator":"@altominhoTV","twitter_site":"@altominhoTV","twitter_misc":{"Escrito por":"Andreia Ferreira","Tempo estimado de leitura":"2 minutos"},"schema":{"@context":"https:\/\/schema.org","@graph":[{"@type":"Article","@id":"https:\/\/www.altominho.tv\/site\/2022\/04\/04\/investimento-de-175-mil-euros-reabilita-bairro-social-em-cerdal\/#article","isPartOf":{"@id":"https:\/\/www.altominho.tv\/site\/2022\/04\/04\/investimento-de-175-mil-euros-reabilita-bairro-social-em-cerdal\/"},"author":{"name":"Andreia Ferreira","@id":"https:\/\/www.altominho.tv\/site\/#\/schema\/person\/d9be4265364723f14ea8e0d56a1d38cd"},"headline":"Investimento de 175 mil euros reabilita bairro social em Cerdal","datePublished":"2022-04-04T14:59:23+00:00","dateModified":"2022-04-04T15:00:39+00:00","mainEntityOfPage":{"@id":"https:\/\/www.altominho.tv\/site\/2022\/04\/04\/investimento-de-175-mil-euros-reabilita-bairro-social-em-cerdal\/"},"wordCount":283,"image":{"@id":"https:\/\/www.altominho.tv\/site\/2022\/04\/04\/investimento-de-175-mil-euros-reabilita-bairro-social-em-cerdal\/#primaryimage"},"thumbnailUrl":"https:\/\/www.altominho.tv\/site\/wp-content\/uploads\/2022\/04\/Bairro-social-Cerdal.jpg","keywords":["Sociedade"],"articleSection":["Valen\u00e7a"],"inLanguage":"pt-PT","copyrightYear":"2022","copyrightHolder":{"@id":"https:\/\/www.altominho.tv\/site\/#organization"}},{"@type":"WebPage","@id":"https:\/\/www.altominho.tv\/site\/2022\/04\/04\/investimento-de-175-mil-euros-reabilita-bairro-social-em-cerdal\/","url":"https:\/\/www.altominho.tv\/site\/2022\/04\/04\/investimento-de-175-mil-euros-reabilita-bairro-social-em-cerdal\/","name":"Investimento de 175 mil euros reabilita bairro social em Cerdal","isPartOf":{"@id":"https:\/\/www.altominho.tv\/site\/#website"},"primaryImageOfPage":{"@id":"https:\/\/www.altominho.tv\/site\/2022\/04\/04\/investimento-de-175-mil-euros-reabilita-bairro-social-em-cerdal\/#primaryimage"},"image":{"@id":"https:\/\/www.altominho.tv\/site\/2022\/04\/04\/investimento-de-175-mil-euros-reabilita-bairro-social-em-cerdal\/#primaryimage"},"thumbnailUrl":"https:\/\/www.altominho.tv\/site\/wp-content\/uploads\/2022\/04\/Bairro-social-Cerdal.jpg","datePublished":"2022-04-04T14:59:23+00:00","dateModified":"2022-04-04T15:00:39+00:00","author":{"@id":"https:\/\/www.altominho.tv\/site\/#\/schema\/person\/d9be4265364723f14ea8e0d56a1d38cd"},"description":"A C\u00e2mara de Valen\u00e7a assinou o auto de consigna\u00e7\u00e3o da empreitada de reabilita\u00e7\u00e3o do bairro social de Passos, em Cerdal, num investimento de cerca de 175 mil euros.","breadcrumb":{"@id":"https:\/\/www.altominho.tv\/site\/2022\/04\/04\/investimento-de-175-mil-euros-reabilita-bairro-social-em-cerdal\/#breadcrumb"},"inLanguage":"pt-PT","potentialAction":[{"@type":"ReadAction","target":["https:\/\/www.altominho.tv\/site\/2022\/04\/04\/investimento-de-175-mil-euros-reabilita-bairro-social-em-cerdal\/"]}]},{"@type":"ImageObject","inLanguage":"pt-PT","@id":"https:\/\/www.altominho.tv\/site\/2022\/04\/04\/investimento-de-175-mil-euros-reabilita-bairro-social-em-cerdal\/#primaryimage","url":"https:\/\/www.altominho.tv\/site\/wp-content\/uploads\/2022\/04\/Bairro-social-Cerdal.jpg","contentUrl":"https:\/\/www.altominho.tv\/site\/wp-content\/uploads\/2022\/04\/Bairro-social-Cerdal.jpg","width":1500,"height":845,"caption":"MUNIC\u00cdPIO DE VALEN\u00c7A"},{"@type":"BreadcrumbList","@id":"https:\/\/www.altominho.tv\/site\/2022\/04\/04\/investimento-de-175-mil-euros-reabilita-bairro-social-em-cerdal\/#breadcrumb","itemListElement":[{"@type":"ListItem","position":1,"name":"In\u00edcio","item":"https:\/\/www.altominho.tv\/site\/"},{"@type":"ListItem","position":2,"name":"Investimento de 175 mil euros reabilita bairro social em Cerdal"}]},{"@type":"WebSite","@id":"https:\/\/www.altominho.tv\/site\/#website","url":"https:\/\/www.altominho.tv\/site\/","name":"Altominho.tv","description":"A sua regi\u00e3o \u00e0 dist\u00e2ncia de um clique...","potentialAction":[{"@type":"SearchAction","target":{"@type":"EntryPoint","urlTemplate":"https:\/\/www.altominho.tv\/site\/?s={search_term_string}"},"query-input":{"@type":"PropertyValueSpecification","valueRequired":true,"valueName":"search_term_string"}}],"inLanguage":"pt-PT"},{"@type":"Person","@id":"https:\/\/www.altominho.tv\/site\/#\/schema\/person\/d9be4265364723f14ea8e0d56a1d38cd","name":"Andreia Ferreira","image":{"@type":"ImageObject","inLanguage":"pt-PT","@id":"https:\/\/www.altominho.tv\/site\/wp-content\/uploads\/2021\/01\/AndreiaFerreira-150x150.jpg","url":"https:\/\/www.altominho.tv\/site\/wp-content\/uploads\/2021\/01\/AndreiaFerreira-150x150.jpg","contentUrl":"https:\/\/www.altominho.tv\/site\/wp-content\/uploads\/2021\/01\/AndreiaFerreira-150x150.jpg","caption":"Andreia Ferreira"},"url":"https:\/\/www.altominho.tv\/site\/author\/andreiaferreira\/"}]}},"_links":{"self":[{"href":"https:\/\/www.altominho.tv\/site\/wp-json\/wp\/v2\/posts\/78565","targetHints":{"allow":["GET"]}}],"collection":[{"href":"https:\/\/www.altominho.tv\/site\/wp-json\/wp\/v2\/posts"}],"about":[{"href":"https:\/\/www.altominho.tv\/site\/wp-json\/wp\/v2\/types\/post"}],"author":[{"embeddable":true,"href":"https:\/\/www.altominho.tv\/site\/wp-json\/wp\/v2\/users\/12"}],"replies":[{"embeddable":true,"href":"https:\/\/www.altominho.tv\/site\/wp-json\/wp\/v2\/comments?post=78565"}],"version-history":[{"count":0,"href":"https:\/\/www.altominho.tv\/site\/wp-json\/wp\/v2\/posts\/78565\/revisions"}],"wp:featuredmedia":[{"embeddable":true,"href":"https:\/\/www.altominho.tv\/site\/wp-json\/wp\/v2\/media\/78566"}],"wp:attachment":[{"href":"https:\/\/www.altominho.tv\/site\/wp-json\/wp\/v2\/media?parent=78565"}],"wp:term":[{"taxonomy":"category","embeddable":true,"href":"https:\/\/www.altominho.tv\/site\/wp-json\/wp\/v2\/categories?post=78565"},{"taxonomy":"post_tag","embeddable":true,"href":"https:\/\/www.altominho.tv\/site\/wp-json\/wp\/v2\/tags?post=78565"}],"curies":[{"name":"wp","href":"https:\/\/api.w.org\/{rel}","templated":true}]}}