{"id":78553,"date":"2022-04-01T19:11:58","date_gmt":"2022-04-01T18:11:58","guid":{"rendered":"https:\/\/www.altominho.tv\/site\/?p=78553"},"modified":"2022-04-01T19:12:02","modified_gmt":"2022-04-01T18:12:02","slug":"vila-nova-de-cerveira-acolhe-festa-do-livro-e-da-leitura-2","status":"publish","type":"post","link":"https:\/\/www.altominho.tv\/site\/2022\/04\/01\/vila-nova-de-cerveira-acolhe-festa-do-livro-e-da-leitura-2\/","title":{"rendered":"Vila Nova de Cerveira acolhe Festa do Livro e da Leitura"},"content":{"rendered":"<p>A C\u00e2mara de Vila Nova de Cerveira dinamiza, ao longo do m\u00eas de abril, a 31.\u00aa edi\u00e7\u00e3o da Festa do Livro e da Leitura. At\u00e9 30 de abril, h\u00e1 atividades gratuitas na biblioteca municipal dirigidas aos p\u00fablicos infantil, escolar e geral.<\/p>\n<p>Segundo o munic\u00edpio, o programa do evento pretende &#8220;aproximar a popula\u00e7\u00e3o aos escritores e \u00e0s mais diversas din\u00e2micas e manifesta\u00e7\u00f5es liter\u00e1rias&#8221;, contemplando a realiza\u00e7\u00e3o de encontros com escritores, espet\u00e1culos de teatro, horas do conto, uma homenagem a Jos\u00e9 Saramago e uma conversa com M\u00e1rio Augusto e \u00c1lvaro Laborinho L\u00facio.<\/p>\n<p>A Festa do Livro e da Leitura de Vila Nova de Cerveira arrancou esta sexta-feira com os encontros com a escritora Adelaide Gra\u00e7a e a sua mais recente obra \u201cVamos L\u00e1!\u201d.<\/p>\n<p>Ao longo do m\u00eas de abril, est\u00e3o agendados espet\u00e1culos para beb\u00e9s, abertos ao p\u00fablico infantil e fam\u00edlias, nos dias 2, 22 e 23; encontros com o ilustrador Sebasti\u00e3o Peixoto e a escritora Clara Cunha, dirigidos ao p\u00fablico escolar, nos dias 4 e 5 e 26 e 27, respetivamente; hora do conto nos dias 9 e 16, para p\u00fablico infantil e fam\u00edlias; evoca\u00e7\u00e3o de Jos\u00e9 Saramago no centen\u00e1rio do seu nascimento a 9 de abril, o teatro \u201cHist\u00f3ria de um Muro\u201d, no dia 12, para p\u00fablico infantil e escolar, e o espet\u00e1culo \u201c\u00c0 Margem, de uma certa maneira \u2013 O Canto do Ex\u00edlio\u201d, a 23 de abril, para o p\u00fablico geral.<\/p>\n<p>O evento termina no dia 30 de abril com uma conversa com os autores M\u00e1rio Augusto e \u00c1lvaro Sobrinho L\u00facio, abordando \u201cA Perspetiva de Quem Conta\u201d. A iniciativa \u00e9 dirigida ao p\u00fablico em geral e realiza-se no audit\u00f3rio da biblioteca municipal, pelas 16h30.<\/p>\n<p>O \u00faltimo dia conta ainda com uma conversa com M\u00e1rio Augusto, dirigida ao p\u00fablico infantil e fam\u00edlias, sobre as \u201cHist\u00f3rias do Cinema que n\u00e3o se veem nos filmes\u201d, uma iniciativa integrada no projeto da CIM Alto Minho \u201cCultura para Todos\u201d. H\u00e1 tamb\u00e9m uma atua\u00e7\u00e3o da Tuna da Unis\u00e9nior e a inaugura\u00e7\u00e3o da exposi\u00e7\u00e3o art\u00edstica \u201cSe a Mem\u00f3ria n\u00e3o me falha\u2026\u201d do curso de pintura da Unis\u00e9nior.<\/p>\n","protected":false},"excerpt":{"rendered":"<p>A C\u00e2mara de Vila Nova de Cerveira dinamiza, ao longo do m\u00eas de abril, a 31.\u00aa edi\u00e7\u00e3o da Festa do Livro e da Leitura. At\u00e9 30 de abril, h\u00e1 atividades gratuitas na biblioteca municipal dirigidas aos p\u00fablicos infantil, escolar e geral. Segundo o munic\u00edpio, o programa do evento pretende &#8220;aproximar a popula\u00e7\u00e3o aos escritores e [&hellip;]<\/p>\n","protected":false},"author":12,"featured_media":35810,"comment_status":"closed","ping_status":"closed","sticky":false,"template":"","format":"standard","meta":{"_exactmetrics_skip_tracking":false,"_exactmetrics_sitenote_active":false,"_exactmetrics_sitenote_note":"","_exactmetrics_sitenote_category":0,"footnotes":""},"categories":[15],"tags":[19],"class_list":["post-78553","post","type-post","status-publish","format-standard","has-post-thumbnail","hentry","category-vila-nova-de-cerveira","tag-cultura"],"yoast_head":"<!-- This site is optimized with the Yoast SEO Premium plugin v27.4 (Yoast SEO v27.4) - https:\/\/yoast.com\/product\/yoast-seo-premium-wordpress\/ -->\n<title>Vila Nova de Cerveira acolhe Festa do Livro e da Leitura<\/title>\n<meta name=\"description\" content=\"A C\u00e2mara de Vila Nova de Cerveira dinamiza, ao longo do m\u00eas de abril, a 31.\u00aa edi\u00e7\u00e3o da Festa do Livro e da Leitura.\" \/>\n<meta name=\"robots\" content=\"index, follow, max-snippet:-1, max-image-preview:large, max-video-preview:-1\" \/>\n<link rel=\"canonical\" href=\"https:\/\/www.altominho.tv\/site\/2022\/04\/01\/vila-nova-de-cerveira-acolhe-festa-do-livro-e-da-leitura-2\/\" \/>\n<meta property=\"og:locale\" content=\"pt_PT\" \/>\n<meta property=\"og:type\" content=\"article\" \/>\n<meta property=\"og:title\" content=\"Vila Nova de Cerveira acolhe Festa do Livro e da Leitura\" \/>\n<meta property=\"og:description\" content=\"A C\u00e2mara de Vila Nova de Cerveira dinamiza, ao longo do m\u00eas de abril, a 31.\u00aa edi\u00e7\u00e3o da Festa do Livro e da Leitura.\" \/>\n<meta property=\"og:url\" content=\"https:\/\/www.altominho.tv\/site\/2022\/04\/01\/vila-nova-de-cerveira-acolhe-festa-do-livro-e-da-leitura-2\/\" \/>\n<meta property=\"og:site_name\" content=\"Altominho.tv\" \/>\n<meta property=\"article:publisher\" content=\"https:\/\/www.facebook.com\/altominhotv\" \/>\n<meta property=\"article:published_time\" content=\"2022-04-01T18:11:58+00:00\" \/>\n<meta property=\"article:modified_time\" content=\"2022-04-01T18:12:02+00:00\" \/>\n<meta property=\"og:image\" content=\"https:\/\/www.altominho.tv\/site\/wp-content\/uploads\/2019\/10\/biblioteca-cv.jpg\" \/>\n\t<meta property=\"og:image:width\" content=\"1000\" \/>\n\t<meta property=\"og:image:height\" content=\"500\" \/>\n\t<meta property=\"og:image:type\" content=\"image\/jpeg\" \/>\n<meta name=\"author\" content=\"Andreia Ferreira\" \/>\n<meta name=\"twitter:card\" content=\"summary_large_image\" \/>\n<meta name=\"twitter:creator\" content=\"@altominhoTV\" \/>\n<meta name=\"twitter:site\" content=\"@altominhoTV\" \/>\n<meta name=\"twitter:label1\" content=\"Escrito por\" \/>\n\t<meta name=\"twitter:data1\" content=\"Andreia Ferreira\" \/>\n\t<meta name=\"twitter:label2\" content=\"Tempo estimado de leitura\" \/>\n\t<meta name=\"twitter:data2\" content=\"2 minutos\" \/>\n<script type=\"application\/ld+json\" class=\"yoast-schema-graph\">{\"@context\":\"https:\\\/\\\/schema.org\",\"@graph\":[{\"@type\":\"Article\",\"@id\":\"https:\\\/\\\/www.altominho.tv\\\/site\\\/2022\\\/04\\\/01\\\/vila-nova-de-cerveira-acolhe-festa-do-livro-e-da-leitura-2\\\/#article\",\"isPartOf\":{\"@id\":\"https:\\\/\\\/www.altominho.tv\\\/site\\\/2022\\\/04\\\/01\\\/vila-nova-de-cerveira-acolhe-festa-do-livro-e-da-leitura-2\\\/\"},\"author\":{\"name\":\"Andreia Ferreira\",\"@id\":\"https:\\\/\\\/www.altominho.tv\\\/site\\\/#\\\/schema\\\/person\\\/d9be4265364723f14ea8e0d56a1d38cd\"},\"headline\":\"Vila Nova de Cerveira acolhe Festa do Livro e da Leitura\",\"datePublished\":\"2022-04-01T18:11:58+00:00\",\"dateModified\":\"2022-04-01T18:12:02+00:00\",\"mainEntityOfPage\":{\"@id\":\"https:\\\/\\\/www.altominho.tv\\\/site\\\/2022\\\/04\\\/01\\\/vila-nova-de-cerveira-acolhe-festa-do-livro-e-da-leitura-2\\\/\"},\"wordCount\":382,\"image\":{\"@id\":\"https:\\\/\\\/www.altominho.tv\\\/site\\\/2022\\\/04\\\/01\\\/vila-nova-de-cerveira-acolhe-festa-do-livro-e-da-leitura-2\\\/#primaryimage\"},\"thumbnailUrl\":\"https:\\\/\\\/www.altominho.tv\\\/site\\\/wp-content\\\/uploads\\\/2019\\\/10\\\/biblioteca-cv.jpg\",\"keywords\":[\"Cultura\"],\"articleSection\":[\"Vila Nova de Cerveira\"],\"inLanguage\":\"pt-PT\",\"copyrightYear\":\"2022\",\"copyrightHolder\":{\"@id\":\"https:\\\/\\\/www.altominho.tv\\\/site\\\/#organization\"}},{\"@type\":\"WebPage\",\"@id\":\"https:\\\/\\\/www.altominho.tv\\\/site\\\/2022\\\/04\\\/01\\\/vila-nova-de-cerveira-acolhe-festa-do-livro-e-da-leitura-2\\\/\",\"url\":\"https:\\\/\\\/www.altominho.tv\\\/site\\\/2022\\\/04\\\/01\\\/vila-nova-de-cerveira-acolhe-festa-do-livro-e-da-leitura-2\\\/\",\"name\":\"Vila Nova de Cerveira acolhe Festa do Livro e da Leitura\",\"isPartOf\":{\"@id\":\"https:\\\/\\\/www.altominho.tv\\\/site\\\/#website\"},\"primaryImageOfPage\":{\"@id\":\"https:\\\/\\\/www.altominho.tv\\\/site\\\/2022\\\/04\\\/01\\\/vila-nova-de-cerveira-acolhe-festa-do-livro-e-da-leitura-2\\\/#primaryimage\"},\"image\":{\"@id\":\"https:\\\/\\\/www.altominho.tv\\\/site\\\/2022\\\/04\\\/01\\\/vila-nova-de-cerveira-acolhe-festa-do-livro-e-da-leitura-2\\\/#primaryimage\"},\"thumbnailUrl\":\"https:\\\/\\\/www.altominho.tv\\\/site\\\/wp-content\\\/uploads\\\/2019\\\/10\\\/biblioteca-cv.jpg\",\"datePublished\":\"2022-04-01T18:11:58+00:00\",\"dateModified\":\"2022-04-01T18:12:02+00:00\",\"author\":{\"@id\":\"https:\\\/\\\/www.altominho.tv\\\/site\\\/#\\\/schema\\\/person\\\/d9be4265364723f14ea8e0d56a1d38cd\"},\"description\":\"A C\u00e2mara de Vila Nova de Cerveira dinamiza, ao longo do m\u00eas de abril, a 31.\u00aa edi\u00e7\u00e3o da Festa do Livro e da Leitura.\",\"breadcrumb\":{\"@id\":\"https:\\\/\\\/www.altominho.tv\\\/site\\\/2022\\\/04\\\/01\\\/vila-nova-de-cerveira-acolhe-festa-do-livro-e-da-leitura-2\\\/#breadcrumb\"},\"inLanguage\":\"pt-PT\",\"potentialAction\":[{\"@type\":\"ReadAction\",\"target\":[\"https:\\\/\\\/www.altominho.tv\\\/site\\\/2022\\\/04\\\/01\\\/vila-nova-de-cerveira-acolhe-festa-do-livro-e-da-leitura-2\\\/\"]}]},{\"@type\":\"ImageObject\",\"inLanguage\":\"pt-PT\",\"@id\":\"https:\\\/\\\/www.altominho.tv\\\/site\\\/2022\\\/04\\\/01\\\/vila-nova-de-cerveira-acolhe-festa-do-livro-e-da-leitura-2\\\/#primaryimage\",\"url\":\"https:\\\/\\\/www.altominho.tv\\\/site\\\/wp-content\\\/uploads\\\/2019\\\/10\\\/biblioteca-cv.jpg\",\"contentUrl\":\"https:\\\/\\\/www.altominho.tv\\\/site\\\/wp-content\\\/uploads\\\/2019\\\/10\\\/biblioteca-cv.jpg\",\"width\":1000,\"height\":500},{\"@type\":\"BreadcrumbList\",\"@id\":\"https:\\\/\\\/www.altominho.tv\\\/site\\\/2022\\\/04\\\/01\\\/vila-nova-de-cerveira-acolhe-festa-do-livro-e-da-leitura-2\\\/#breadcrumb\",\"itemListElement\":[{\"@type\":\"ListItem\",\"position\":1,\"name\":\"In\u00edcio\",\"item\":\"https:\\\/\\\/www.altominho.tv\\\/site\\\/\"},{\"@type\":\"ListItem\",\"position\":2,\"name\":\"Vila Nova de Cerveira acolhe Festa do Livro e da Leitura\"}]},{\"@type\":\"WebSite\",\"@id\":\"https:\\\/\\\/www.altominho.tv\\\/site\\\/#website\",\"url\":\"https:\\\/\\\/www.altominho.tv\\\/site\\\/\",\"name\":\"Altominho.tv\",\"description\":\"A sua regi\u00e3o \u00e0 dist\u00e2ncia de um clique...\",\"potentialAction\":[{\"@type\":\"SearchAction\",\"target\":{\"@type\":\"EntryPoint\",\"urlTemplate\":\"https:\\\/\\\/www.altominho.tv\\\/site\\\/?s={search_term_string}\"},\"query-input\":{\"@type\":\"PropertyValueSpecification\",\"valueRequired\":true,\"valueName\":\"search_term_string\"}}],\"inLanguage\":\"pt-PT\"},{\"@type\":\"Person\",\"@id\":\"https:\\\/\\\/www.altominho.tv\\\/site\\\/#\\\/schema\\\/person\\\/d9be4265364723f14ea8e0d56a1d38cd\",\"name\":\"Andreia Ferreira\",\"image\":{\"@type\":\"ImageObject\",\"inLanguage\":\"pt-PT\",\"@id\":\"https:\\\/\\\/www.altominho.tv\\\/site\\\/wp-content\\\/uploads\\\/2021\\\/01\\\/AndreiaFerreira-150x150.jpg\",\"url\":\"https:\\\/\\\/www.altominho.tv\\\/site\\\/wp-content\\\/uploads\\\/2021\\\/01\\\/AndreiaFerreira-150x150.jpg\",\"contentUrl\":\"https:\\\/\\\/www.altominho.tv\\\/site\\\/wp-content\\\/uploads\\\/2021\\\/01\\\/AndreiaFerreira-150x150.jpg\",\"caption\":\"Andreia Ferreira\"},\"url\":\"https:\\\/\\\/www.altominho.tv\\\/site\\\/author\\\/andreiaferreira\\\/\"}]}<\/script>\n<!-- \/ Yoast SEO Premium plugin. -->","yoast_head_json":{"title":"Vila Nova de Cerveira acolhe Festa do Livro e da Leitura","description":"A C\u00e2mara de Vila Nova de Cerveira dinamiza, ao longo do m\u00eas de abril, a 31.\u00aa edi\u00e7\u00e3o da Festa do Livro e da Leitura.","robots":{"index":"index","follow":"follow","max-snippet":"max-snippet:-1","max-image-preview":"max-image-preview:large","max-video-preview":"max-video-preview:-1"},"canonical":"https:\/\/www.altominho.tv\/site\/2022\/04\/01\/vila-nova-de-cerveira-acolhe-festa-do-livro-e-da-leitura-2\/","og_locale":"pt_PT","og_type":"article","og_title":"Vila Nova de Cerveira acolhe Festa do Livro e da Leitura","og_description":"A C\u00e2mara de Vila Nova de Cerveira dinamiza, ao longo do m\u00eas de abril, a 31.\u00aa edi\u00e7\u00e3o da Festa do Livro e da Leitura.","og_url":"https:\/\/www.altominho.tv\/site\/2022\/04\/01\/vila-nova-de-cerveira-acolhe-festa-do-livro-e-da-leitura-2\/","og_site_name":"Altominho.tv","article_publisher":"https:\/\/www.facebook.com\/altominhotv","article_published_time":"2022-04-01T18:11:58+00:00","article_modified_time":"2022-04-01T18:12:02+00:00","og_image":[{"width":1000,"height":500,"url":"https:\/\/www.altominho.tv\/site\/wp-content\/uploads\/2019\/10\/biblioteca-cv.jpg","type":"image\/jpeg"}],"author":"Andreia Ferreira","twitter_card":"summary_large_image","twitter_creator":"@altominhoTV","twitter_site":"@altominhoTV","twitter_misc":{"Escrito por":"Andreia Ferreira","Tempo estimado de leitura":"2 minutos"},"schema":{"@context":"https:\/\/schema.org","@graph":[{"@type":"Article","@id":"https:\/\/www.altominho.tv\/site\/2022\/04\/01\/vila-nova-de-cerveira-acolhe-festa-do-livro-e-da-leitura-2\/#article","isPartOf":{"@id":"https:\/\/www.altominho.tv\/site\/2022\/04\/01\/vila-nova-de-cerveira-acolhe-festa-do-livro-e-da-leitura-2\/"},"author":{"name":"Andreia Ferreira","@id":"https:\/\/www.altominho.tv\/site\/#\/schema\/person\/d9be4265364723f14ea8e0d56a1d38cd"},"headline":"Vila Nova de Cerveira acolhe Festa do Livro e da Leitura","datePublished":"2022-04-01T18:11:58+00:00","dateModified":"2022-04-01T18:12:02+00:00","mainEntityOfPage":{"@id":"https:\/\/www.altominho.tv\/site\/2022\/04\/01\/vila-nova-de-cerveira-acolhe-festa-do-livro-e-da-leitura-2\/"},"wordCount":382,"image":{"@id":"https:\/\/www.altominho.tv\/site\/2022\/04\/01\/vila-nova-de-cerveira-acolhe-festa-do-livro-e-da-leitura-2\/#primaryimage"},"thumbnailUrl":"https:\/\/www.altominho.tv\/site\/wp-content\/uploads\/2019\/10\/biblioteca-cv.jpg","keywords":["Cultura"],"articleSection":["Vila Nova de Cerveira"],"inLanguage":"pt-PT","copyrightYear":"2022","copyrightHolder":{"@id":"https:\/\/www.altominho.tv\/site\/#organization"}},{"@type":"WebPage","@id":"https:\/\/www.altominho.tv\/site\/2022\/04\/01\/vila-nova-de-cerveira-acolhe-festa-do-livro-e-da-leitura-2\/","url":"https:\/\/www.altominho.tv\/site\/2022\/04\/01\/vila-nova-de-cerveira-acolhe-festa-do-livro-e-da-leitura-2\/","name":"Vila Nova de Cerveira acolhe Festa do Livro e da Leitura","isPartOf":{"@id":"https:\/\/www.altominho.tv\/site\/#website"},"primaryImageOfPage":{"@id":"https:\/\/www.altominho.tv\/site\/2022\/04\/01\/vila-nova-de-cerveira-acolhe-festa-do-livro-e-da-leitura-2\/#primaryimage"},"image":{"@id":"https:\/\/www.altominho.tv\/site\/2022\/04\/01\/vila-nova-de-cerveira-acolhe-festa-do-livro-e-da-leitura-2\/#primaryimage"},"thumbnailUrl":"https:\/\/www.altominho.tv\/site\/wp-content\/uploads\/2019\/10\/biblioteca-cv.jpg","datePublished":"2022-04-01T18:11:58+00:00","dateModified":"2022-04-01T18:12:02+00:00","author":{"@id":"https:\/\/www.altominho.tv\/site\/#\/schema\/person\/d9be4265364723f14ea8e0d56a1d38cd"},"description":"A C\u00e2mara de Vila Nova de Cerveira dinamiza, ao longo do m\u00eas de abril, a 31.\u00aa edi\u00e7\u00e3o da Festa do Livro e da Leitura.","breadcrumb":{"@id":"https:\/\/www.altominho.tv\/site\/2022\/04\/01\/vila-nova-de-cerveira-acolhe-festa-do-livro-e-da-leitura-2\/#breadcrumb"},"inLanguage":"pt-PT","potentialAction":[{"@type":"ReadAction","target":["https:\/\/www.altominho.tv\/site\/2022\/04\/01\/vila-nova-de-cerveira-acolhe-festa-do-livro-e-da-leitura-2\/"]}]},{"@type":"ImageObject","inLanguage":"pt-PT","@id":"https:\/\/www.altominho.tv\/site\/2022\/04\/01\/vila-nova-de-cerveira-acolhe-festa-do-livro-e-da-leitura-2\/#primaryimage","url":"https:\/\/www.altominho.tv\/site\/wp-content\/uploads\/2019\/10\/biblioteca-cv.jpg","contentUrl":"https:\/\/www.altominho.tv\/site\/wp-content\/uploads\/2019\/10\/biblioteca-cv.jpg","width":1000,"height":500},{"@type":"BreadcrumbList","@id":"https:\/\/www.altominho.tv\/site\/2022\/04\/01\/vila-nova-de-cerveira-acolhe-festa-do-livro-e-da-leitura-2\/#breadcrumb","itemListElement":[{"@type":"ListItem","position":1,"name":"In\u00edcio","item":"https:\/\/www.altominho.tv\/site\/"},{"@type":"ListItem","position":2,"name":"Vila Nova de Cerveira acolhe Festa do Livro e da Leitura"}]},{"@type":"WebSite","@id":"https:\/\/www.altominho.tv\/site\/#website","url":"https:\/\/www.altominho.tv\/site\/","name":"Altominho.tv","description":"A sua regi\u00e3o \u00e0 dist\u00e2ncia de um clique...","potentialAction":[{"@type":"SearchAction","target":{"@type":"EntryPoint","urlTemplate":"https:\/\/www.altominho.tv\/site\/?s={search_term_string}"},"query-input":{"@type":"PropertyValueSpecification","valueRequired":true,"valueName":"search_term_string"}}],"inLanguage":"pt-PT"},{"@type":"Person","@id":"https:\/\/www.altominho.tv\/site\/#\/schema\/person\/d9be4265364723f14ea8e0d56a1d38cd","name":"Andreia Ferreira","image":{"@type":"ImageObject","inLanguage":"pt-PT","@id":"https:\/\/www.altominho.tv\/site\/wp-content\/uploads\/2021\/01\/AndreiaFerreira-150x150.jpg","url":"https:\/\/www.altominho.tv\/site\/wp-content\/uploads\/2021\/01\/AndreiaFerreira-150x150.jpg","contentUrl":"https:\/\/www.altominho.tv\/site\/wp-content\/uploads\/2021\/01\/AndreiaFerreira-150x150.jpg","caption":"Andreia Ferreira"},"url":"https:\/\/www.altominho.tv\/site\/author\/andreiaferreira\/"}]}},"_links":{"self":[{"href":"https:\/\/www.altominho.tv\/site\/wp-json\/wp\/v2\/posts\/78553","targetHints":{"allow":["GET"]}}],"collection":[{"href":"https:\/\/www.altominho.tv\/site\/wp-json\/wp\/v2\/posts"}],"about":[{"href":"https:\/\/www.altominho.tv\/site\/wp-json\/wp\/v2\/types\/post"}],"author":[{"embeddable":true,"href":"https:\/\/www.altominho.tv\/site\/wp-json\/wp\/v2\/users\/12"}],"replies":[{"embeddable":true,"href":"https:\/\/www.altominho.tv\/site\/wp-json\/wp\/v2\/comments?post=78553"}],"version-history":[{"count":0,"href":"https:\/\/www.altominho.tv\/site\/wp-json\/wp\/v2\/posts\/78553\/revisions"}],"wp:featuredmedia":[{"embeddable":true,"href":"https:\/\/www.altominho.tv\/site\/wp-json\/wp\/v2\/media\/35810"}],"wp:attachment":[{"href":"https:\/\/www.altominho.tv\/site\/wp-json\/wp\/v2\/media?parent=78553"}],"wp:term":[{"taxonomy":"category","embeddable":true,"href":"https:\/\/www.altominho.tv\/site\/wp-json\/wp\/v2\/categories?post=78553"},{"taxonomy":"post_tag","embeddable":true,"href":"https:\/\/www.altominho.tv\/site\/wp-json\/wp\/v2\/tags?post=78553"}],"curies":[{"name":"wp","href":"https:\/\/api.w.org\/{rel}","templated":true}]}}