{"id":78506,"date":"2022-03-31T15:49:49","date_gmt":"2022-03-31T14:49:49","guid":{"rendered":"https:\/\/www.altominho.tv\/site\/?p=78506"},"modified":"2022-03-31T15:49:53","modified_gmt":"2022-03-31T14:49:53","slug":"projeto-migra-mino-minho-e-finalista-do-premio-natura-2000","status":"publish","type":"post","link":"https:\/\/www.altominho.tv\/site\/2022\/03\/31\/projeto-migra-mino-minho-e-finalista-do-premio-natura-2000\/","title":{"rendered":"Projeto Migra Mi\u00f1o-Minho \u00e9 finalista do Pr\u00e9mio Natura 2000"},"content":{"rendered":"<p>O projeto Migra Mi\u00f1o-Minho \u00e9 um dos finalistas da 6.\u00aa edi\u00e7\u00e3o do Pr\u00e9mio Natura 2000, promovida pela Comiss\u00e3o Europeia, na categoria de coopera\u00e7\u00e3o transfronteiri\u00e7a.<\/p>\n<p>O concelho de Vila Nova de Cerveira \u00e9 um dos parceiros do projeto, atrav\u00e9s do Aquamuseu do rio Minho, visando &#8220;a prote\u00e7\u00e3o e a conserva\u00e7\u00e3o do \u2018habitat\u2019 da sub-bacia fluvial do tro\u00e7o internacional do rio Minho, desde a barragem de Frieira, na prov\u00edncia de Ourense, Galiza, at\u00e9 a sua desembocadura, incluindo os seus afluentes ou tribut\u00e1rios de Portugal e da Galiza (superf\u00edcie de 1934 quil\u00f3metros quadrados)\u201d.<\/p>\n<p>O projeto de coopera\u00e7\u00e3o transfronteiri\u00e7a Galiza-Norte de Portugal \u00e9 um dos 40 que concorrem aquele pr\u00e9mio e os vencedores das cinco categorias, selecionados por um j\u00fari de peritos, ser\u00e3o anunciados numa cerim\u00f3nia agendada para maio, em Bruxelas<\/p>\n<p>O p\u00fablico europeu pode \u201cescolher o vencedor do Pr\u00e9mio Cidadania Europeia entre todos os projetos finalistas\u201d. O processo de <a href=\"https:\/\/ec.europa.eu\/environment\/natura-2000-award\/current-edition\/protecting-migratory-fish-spain-and-portugal_en#ecl-inpage-1823\" target=\"_blank\" rel=\"noopener\">vota\u00e7\u00e3o p\u00fablica online<\/a> decorre at\u00e9 27 de abril.<\/p>\n<p>O Pr\u00e9mio Natura 2000 reconhece os esfor\u00e7os feitos pelos pa\u00edses europeus na prote\u00e7\u00e3o e restaura\u00e7\u00e3o de ecossistemas naturais, atrav\u00e9s de a\u00e7\u00f5es de conserva\u00e7\u00e3o e de sensibiliza\u00e7\u00e3o para habitats e esp\u00e9cies.<\/p>\n","protected":false},"excerpt":{"rendered":"<p>O projeto Migra Mi\u00f1o-Minho \u00e9 um dos finalistas da 6.\u00aa edi\u00e7\u00e3o do Pr\u00e9mio Natura 2000, promovida pela Comiss\u00e3o Europeia, na categoria de coopera\u00e7\u00e3o transfronteiri\u00e7a. O concelho de Vila Nova de Cerveira \u00e9 um dos parceiros do projeto, atrav\u00e9s do Aquamuseu do rio Minho, visando &#8220;a prote\u00e7\u00e3o e a conserva\u00e7\u00e3o do \u2018habitat\u2019 da sub-bacia fluvial do [&hellip;]<\/p>\n","protected":false},"author":15,"featured_media":78511,"comment_status":"closed","ping_status":"closed","sticky":false,"template":"","format":"standard","meta":{"_exactmetrics_skip_tracking":false,"_exactmetrics_sitenote_active":false,"_exactmetrics_sitenote_note":"","_exactmetrics_sitenote_category":0,"footnotes":""},"categories":[15],"tags":[27],"class_list":["post-78506","post","type-post","status-publish","format-standard","has-post-thumbnail","hentry","category-vila-nova-de-cerveira","tag-sociedade"],"yoast_head":"<!-- This site is optimized with the Yoast SEO Premium plugin v27.4 (Yoast SEO v27.4) - https:\/\/yoast.com\/product\/yoast-seo-premium-wordpress\/ -->\n<title>Projeto Migra Mi\u00f1o-Minho \u00e9 finalista do Pr\u00e9mio Natura 2000<\/title>\n<meta name=\"description\" content=\"O projeto Migra Mi\u00f1o-Minho \u00e9 um dos finalistas da 6.\u00aa edi\u00e7\u00e3o do Pr\u00e9mio Natura 2000, promovida pela Comiss\u00e3o Europeia.\" \/>\n<meta name=\"robots\" content=\"index, follow, max-snippet:-1, max-image-preview:large, max-video-preview:-1\" \/>\n<link rel=\"canonical\" href=\"https:\/\/www.altominho.tv\/site\/2022\/03\/31\/projeto-migra-mino-minho-e-finalista-do-premio-natura-2000\/\" \/>\n<meta property=\"og:locale\" content=\"pt_PT\" \/>\n<meta property=\"og:type\" content=\"article\" \/>\n<meta property=\"og:title\" content=\"Projeto Migra Mi\u00f1o-Minho \u00e9 finalista do Pr\u00e9mio Natura 2000\" \/>\n<meta property=\"og:description\" content=\"O projeto Migra Mi\u00f1o-Minho \u00e9 um dos finalistas da 6.\u00aa edi\u00e7\u00e3o do Pr\u00e9mio Natura 2000, promovida pela Comiss\u00e3o Europeia.\" \/>\n<meta property=\"og:url\" content=\"https:\/\/www.altominho.tv\/site\/2022\/03\/31\/projeto-migra-mino-minho-e-finalista-do-premio-natura-2000\/\" \/>\n<meta property=\"og:site_name\" content=\"Altominho.tv\" \/>\n<meta property=\"article:publisher\" content=\"https:\/\/www.facebook.com\/altominhotv\" \/>\n<meta property=\"article:published_time\" content=\"2022-03-31T14:49:49+00:00\" \/>\n<meta property=\"article:modified_time\" content=\"2022-03-31T14:49:53+00:00\" \/>\n<meta property=\"og:image\" content=\"https:\/\/www.altominho.tv\/site\/wp-content\/uploads\/2022\/03\/Rio-Minho.jpg\" \/>\n\t<meta property=\"og:image:width\" content=\"1016\" \/>\n\t<meta property=\"og:image:height\" content=\"572\" \/>\n\t<meta property=\"og:image:type\" content=\"image\/jpeg\" \/>\n<meta name=\"author\" content=\"Andreia Ferreira | Lusa\" \/>\n<meta name=\"twitter:card\" content=\"summary_large_image\" \/>\n<meta name=\"twitter:creator\" content=\"@altominhoTV\" \/>\n<meta name=\"twitter:site\" content=\"@altominhoTV\" \/>\n<meta name=\"twitter:label1\" content=\"Escrito por\" \/>\n\t<meta name=\"twitter:data1\" content=\"Andreia Ferreira | Lusa\" \/>\n\t<meta name=\"twitter:label2\" content=\"Tempo estimado de leitura\" \/>\n\t<meta name=\"twitter:data2\" content=\"2 minutos\" \/>\n<script type=\"application\/ld+json\" class=\"yoast-schema-graph\">{\"@context\":\"https:\\\/\\\/schema.org\",\"@graph\":[{\"@type\":\"Article\",\"@id\":\"https:\\\/\\\/www.altominho.tv\\\/site\\\/2022\\\/03\\\/31\\\/projeto-migra-mino-minho-e-finalista-do-premio-natura-2000\\\/#article\",\"isPartOf\":{\"@id\":\"https:\\\/\\\/www.altominho.tv\\\/site\\\/2022\\\/03\\\/31\\\/projeto-migra-mino-minho-e-finalista-do-premio-natura-2000\\\/\"},\"author\":{\"name\":\"Andreia Ferreira | Lusa\",\"@id\":\"https:\\\/\\\/www.altominho.tv\\\/site\\\/#\\\/schema\\\/person\\\/a0bff6dc1041aadd46fa81887444b017\"},\"headline\":\"Projeto Migra Mi\u00f1o-Minho \u00e9 finalista do Pr\u00e9mio Natura 2000\",\"datePublished\":\"2022-03-31T14:49:49+00:00\",\"dateModified\":\"2022-03-31T14:49:53+00:00\",\"mainEntityOfPage\":{\"@id\":\"https:\\\/\\\/www.altominho.tv\\\/site\\\/2022\\\/03\\\/31\\\/projeto-migra-mino-minho-e-finalista-do-premio-natura-2000\\\/\"},\"wordCount\":218,\"image\":{\"@id\":\"https:\\\/\\\/www.altominho.tv\\\/site\\\/2022\\\/03\\\/31\\\/projeto-migra-mino-minho-e-finalista-do-premio-natura-2000\\\/#primaryimage\"},\"thumbnailUrl\":\"https:\\\/\\\/www.altominho.tv\\\/site\\\/wp-content\\\/uploads\\\/2022\\\/03\\\/Rio-Minho.jpg\",\"keywords\":[\"Sociedade\"],\"articleSection\":[\"Vila Nova de Cerveira\"],\"inLanguage\":\"pt-PT\",\"copyrightYear\":\"2022\",\"copyrightHolder\":{\"@id\":\"https:\\\/\\\/www.altominho.tv\\\/site\\\/#organization\"}},{\"@type\":\"WebPage\",\"@id\":\"https:\\\/\\\/www.altominho.tv\\\/site\\\/2022\\\/03\\\/31\\\/projeto-migra-mino-minho-e-finalista-do-premio-natura-2000\\\/\",\"url\":\"https:\\\/\\\/www.altominho.tv\\\/site\\\/2022\\\/03\\\/31\\\/projeto-migra-mino-minho-e-finalista-do-premio-natura-2000\\\/\",\"name\":\"Projeto Migra Mi\u00f1o-Minho \u00e9 finalista do Pr\u00e9mio Natura 2000\",\"isPartOf\":{\"@id\":\"https:\\\/\\\/www.altominho.tv\\\/site\\\/#website\"},\"primaryImageOfPage\":{\"@id\":\"https:\\\/\\\/www.altominho.tv\\\/site\\\/2022\\\/03\\\/31\\\/projeto-migra-mino-minho-e-finalista-do-premio-natura-2000\\\/#primaryimage\"},\"image\":{\"@id\":\"https:\\\/\\\/www.altominho.tv\\\/site\\\/2022\\\/03\\\/31\\\/projeto-migra-mino-minho-e-finalista-do-premio-natura-2000\\\/#primaryimage\"},\"thumbnailUrl\":\"https:\\\/\\\/www.altominho.tv\\\/site\\\/wp-content\\\/uploads\\\/2022\\\/03\\\/Rio-Minho.jpg\",\"datePublished\":\"2022-03-31T14:49:49+00:00\",\"dateModified\":\"2022-03-31T14:49:53+00:00\",\"author\":{\"@id\":\"https:\\\/\\\/www.altominho.tv\\\/site\\\/#\\\/schema\\\/person\\\/a0bff6dc1041aadd46fa81887444b017\"},\"description\":\"O projeto Migra Mi\u00f1o-Minho \u00e9 um dos finalistas da 6.\u00aa edi\u00e7\u00e3o do Pr\u00e9mio Natura 2000, promovida pela Comiss\u00e3o Europeia.\",\"breadcrumb\":{\"@id\":\"https:\\\/\\\/www.altominho.tv\\\/site\\\/2022\\\/03\\\/31\\\/projeto-migra-mino-minho-e-finalista-do-premio-natura-2000\\\/#breadcrumb\"},\"inLanguage\":\"pt-PT\",\"potentialAction\":[{\"@type\":\"ReadAction\",\"target\":[\"https:\\\/\\\/www.altominho.tv\\\/site\\\/2022\\\/03\\\/31\\\/projeto-migra-mino-minho-e-finalista-do-premio-natura-2000\\\/\"]}]},{\"@type\":\"ImageObject\",\"inLanguage\":\"pt-PT\",\"@id\":\"https:\\\/\\\/www.altominho.tv\\\/site\\\/2022\\\/03\\\/31\\\/projeto-migra-mino-minho-e-finalista-do-premio-natura-2000\\\/#primaryimage\",\"url\":\"https:\\\/\\\/www.altominho.tv\\\/site\\\/wp-content\\\/uploads\\\/2022\\\/03\\\/Rio-Minho.jpg\",\"contentUrl\":\"https:\\\/\\\/www.altominho.tv\\\/site\\\/wp-content\\\/uploads\\\/2022\\\/03\\\/Rio-Minho.jpg\",\"width\":1016,\"height\":572},{\"@type\":\"BreadcrumbList\",\"@id\":\"https:\\\/\\\/www.altominho.tv\\\/site\\\/2022\\\/03\\\/31\\\/projeto-migra-mino-minho-e-finalista-do-premio-natura-2000\\\/#breadcrumb\",\"itemListElement\":[{\"@type\":\"ListItem\",\"position\":1,\"name\":\"In\u00edcio\",\"item\":\"https:\\\/\\\/www.altominho.tv\\\/site\\\/\"},{\"@type\":\"ListItem\",\"position\":2,\"name\":\"Projeto Migra Mi\u00f1o-Minho \u00e9 finalista do Pr\u00e9mio Natura 2000\"}]},{\"@type\":\"WebSite\",\"@id\":\"https:\\\/\\\/www.altominho.tv\\\/site\\\/#website\",\"url\":\"https:\\\/\\\/www.altominho.tv\\\/site\\\/\",\"name\":\"Altominho.tv\",\"description\":\"A sua regi\u00e3o \u00e0 dist\u00e2ncia de um clique...\",\"potentialAction\":[{\"@type\":\"SearchAction\",\"target\":{\"@type\":\"EntryPoint\",\"urlTemplate\":\"https:\\\/\\\/www.altominho.tv\\\/site\\\/?s={search_term_string}\"},\"query-input\":{\"@type\":\"PropertyValueSpecification\",\"valueRequired\":true,\"valueName\":\"search_term_string\"}}],\"inLanguage\":\"pt-PT\"},{\"@type\":\"Person\",\"@id\":\"https:\\\/\\\/www.altominho.tv\\\/site\\\/#\\\/schema\\\/person\\\/a0bff6dc1041aadd46fa81887444b017\",\"name\":\"Andreia Ferreira | Lusa\",\"image\":{\"@type\":\"ImageObject\",\"inLanguage\":\"pt-PT\",\"@id\":\"https:\\\/\\\/www.altominho.tv\\\/site\\\/wp-content\\\/uploads\\\/2018\\\/04\\\/Andreia-150x150.jpg\",\"url\":\"https:\\\/\\\/www.altominho.tv\\\/site\\\/wp-content\\\/uploads\\\/2018\\\/04\\\/Andreia-150x150.jpg\",\"contentUrl\":\"https:\\\/\\\/www.altominho.tv\\\/site\\\/wp-content\\\/uploads\\\/2018\\\/04\\\/Andreia-150x150.jpg\",\"caption\":\"Andreia Ferreira | Lusa\"},\"sameAs\":[\"https:\\\/\\\/www.altominho.tv\\\/site\"],\"url\":\"https:\\\/\\\/www.altominho.tv\\\/site\\\/author\\\/andreiaferreiralusa\\\/\"}]}<\/script>\n<!-- \/ Yoast SEO Premium plugin. -->","yoast_head_json":{"title":"Projeto Migra Mi\u00f1o-Minho \u00e9 finalista do Pr\u00e9mio Natura 2000","description":"O projeto Migra Mi\u00f1o-Minho \u00e9 um dos finalistas da 6.\u00aa edi\u00e7\u00e3o do Pr\u00e9mio Natura 2000, promovida pela Comiss\u00e3o Europeia.","robots":{"index":"index","follow":"follow","max-snippet":"max-snippet:-1","max-image-preview":"max-image-preview:large","max-video-preview":"max-video-preview:-1"},"canonical":"https:\/\/www.altominho.tv\/site\/2022\/03\/31\/projeto-migra-mino-minho-e-finalista-do-premio-natura-2000\/","og_locale":"pt_PT","og_type":"article","og_title":"Projeto Migra Mi\u00f1o-Minho \u00e9 finalista do Pr\u00e9mio Natura 2000","og_description":"O projeto Migra Mi\u00f1o-Minho \u00e9 um dos finalistas da 6.\u00aa edi\u00e7\u00e3o do Pr\u00e9mio Natura 2000, promovida pela Comiss\u00e3o Europeia.","og_url":"https:\/\/www.altominho.tv\/site\/2022\/03\/31\/projeto-migra-mino-minho-e-finalista-do-premio-natura-2000\/","og_site_name":"Altominho.tv","article_publisher":"https:\/\/www.facebook.com\/altominhotv","article_published_time":"2022-03-31T14:49:49+00:00","article_modified_time":"2022-03-31T14:49:53+00:00","og_image":[{"width":1016,"height":572,"url":"https:\/\/www.altominho.tv\/site\/wp-content\/uploads\/2022\/03\/Rio-Minho.jpg","type":"image\/jpeg"}],"author":"Andreia Ferreira | Lusa","twitter_card":"summary_large_image","twitter_creator":"@altominhoTV","twitter_site":"@altominhoTV","twitter_misc":{"Escrito por":"Andreia Ferreira | Lusa","Tempo estimado de leitura":"2 minutos"},"schema":{"@context":"https:\/\/schema.org","@graph":[{"@type":"Article","@id":"https:\/\/www.altominho.tv\/site\/2022\/03\/31\/projeto-migra-mino-minho-e-finalista-do-premio-natura-2000\/#article","isPartOf":{"@id":"https:\/\/www.altominho.tv\/site\/2022\/03\/31\/projeto-migra-mino-minho-e-finalista-do-premio-natura-2000\/"},"author":{"name":"Andreia Ferreira | Lusa","@id":"https:\/\/www.altominho.tv\/site\/#\/schema\/person\/a0bff6dc1041aadd46fa81887444b017"},"headline":"Projeto Migra Mi\u00f1o-Minho \u00e9 finalista do Pr\u00e9mio Natura 2000","datePublished":"2022-03-31T14:49:49+00:00","dateModified":"2022-03-31T14:49:53+00:00","mainEntityOfPage":{"@id":"https:\/\/www.altominho.tv\/site\/2022\/03\/31\/projeto-migra-mino-minho-e-finalista-do-premio-natura-2000\/"},"wordCount":218,"image":{"@id":"https:\/\/www.altominho.tv\/site\/2022\/03\/31\/projeto-migra-mino-minho-e-finalista-do-premio-natura-2000\/#primaryimage"},"thumbnailUrl":"https:\/\/www.altominho.tv\/site\/wp-content\/uploads\/2022\/03\/Rio-Minho.jpg","keywords":["Sociedade"],"articleSection":["Vila Nova de Cerveira"],"inLanguage":"pt-PT","copyrightYear":"2022","copyrightHolder":{"@id":"https:\/\/www.altominho.tv\/site\/#organization"}},{"@type":"WebPage","@id":"https:\/\/www.altominho.tv\/site\/2022\/03\/31\/projeto-migra-mino-minho-e-finalista-do-premio-natura-2000\/","url":"https:\/\/www.altominho.tv\/site\/2022\/03\/31\/projeto-migra-mino-minho-e-finalista-do-premio-natura-2000\/","name":"Projeto Migra Mi\u00f1o-Minho \u00e9 finalista do Pr\u00e9mio Natura 2000","isPartOf":{"@id":"https:\/\/www.altominho.tv\/site\/#website"},"primaryImageOfPage":{"@id":"https:\/\/www.altominho.tv\/site\/2022\/03\/31\/projeto-migra-mino-minho-e-finalista-do-premio-natura-2000\/#primaryimage"},"image":{"@id":"https:\/\/www.altominho.tv\/site\/2022\/03\/31\/projeto-migra-mino-minho-e-finalista-do-premio-natura-2000\/#primaryimage"},"thumbnailUrl":"https:\/\/www.altominho.tv\/site\/wp-content\/uploads\/2022\/03\/Rio-Minho.jpg","datePublished":"2022-03-31T14:49:49+00:00","dateModified":"2022-03-31T14:49:53+00:00","author":{"@id":"https:\/\/www.altominho.tv\/site\/#\/schema\/person\/a0bff6dc1041aadd46fa81887444b017"},"description":"O projeto Migra Mi\u00f1o-Minho \u00e9 um dos finalistas da 6.\u00aa edi\u00e7\u00e3o do Pr\u00e9mio Natura 2000, promovida pela Comiss\u00e3o Europeia.","breadcrumb":{"@id":"https:\/\/www.altominho.tv\/site\/2022\/03\/31\/projeto-migra-mino-minho-e-finalista-do-premio-natura-2000\/#breadcrumb"},"inLanguage":"pt-PT","potentialAction":[{"@type":"ReadAction","target":["https:\/\/www.altominho.tv\/site\/2022\/03\/31\/projeto-migra-mino-minho-e-finalista-do-premio-natura-2000\/"]}]},{"@type":"ImageObject","inLanguage":"pt-PT","@id":"https:\/\/www.altominho.tv\/site\/2022\/03\/31\/projeto-migra-mino-minho-e-finalista-do-premio-natura-2000\/#primaryimage","url":"https:\/\/www.altominho.tv\/site\/wp-content\/uploads\/2022\/03\/Rio-Minho.jpg","contentUrl":"https:\/\/www.altominho.tv\/site\/wp-content\/uploads\/2022\/03\/Rio-Minho.jpg","width":1016,"height":572},{"@type":"BreadcrumbList","@id":"https:\/\/www.altominho.tv\/site\/2022\/03\/31\/projeto-migra-mino-minho-e-finalista-do-premio-natura-2000\/#breadcrumb","itemListElement":[{"@type":"ListItem","position":1,"name":"In\u00edcio","item":"https:\/\/www.altominho.tv\/site\/"},{"@type":"ListItem","position":2,"name":"Projeto Migra Mi\u00f1o-Minho \u00e9 finalista do Pr\u00e9mio Natura 2000"}]},{"@type":"WebSite","@id":"https:\/\/www.altominho.tv\/site\/#website","url":"https:\/\/www.altominho.tv\/site\/","name":"Altominho.tv","description":"A sua regi\u00e3o \u00e0 dist\u00e2ncia de um clique...","potentialAction":[{"@type":"SearchAction","target":{"@type":"EntryPoint","urlTemplate":"https:\/\/www.altominho.tv\/site\/?s={search_term_string}"},"query-input":{"@type":"PropertyValueSpecification","valueRequired":true,"valueName":"search_term_string"}}],"inLanguage":"pt-PT"},{"@type":"Person","@id":"https:\/\/www.altominho.tv\/site\/#\/schema\/person\/a0bff6dc1041aadd46fa81887444b017","name":"Andreia Ferreira | Lusa","image":{"@type":"ImageObject","inLanguage":"pt-PT","@id":"https:\/\/www.altominho.tv\/site\/wp-content\/uploads\/2018\/04\/Andreia-150x150.jpg","url":"https:\/\/www.altominho.tv\/site\/wp-content\/uploads\/2018\/04\/Andreia-150x150.jpg","contentUrl":"https:\/\/www.altominho.tv\/site\/wp-content\/uploads\/2018\/04\/Andreia-150x150.jpg","caption":"Andreia Ferreira | Lusa"},"sameAs":["https:\/\/www.altominho.tv\/site"],"url":"https:\/\/www.altominho.tv\/site\/author\/andreiaferreiralusa\/"}]}},"_links":{"self":[{"href":"https:\/\/www.altominho.tv\/site\/wp-json\/wp\/v2\/posts\/78506","targetHints":{"allow":["GET"]}}],"collection":[{"href":"https:\/\/www.altominho.tv\/site\/wp-json\/wp\/v2\/posts"}],"about":[{"href":"https:\/\/www.altominho.tv\/site\/wp-json\/wp\/v2\/types\/post"}],"author":[{"embeddable":true,"href":"https:\/\/www.altominho.tv\/site\/wp-json\/wp\/v2\/users\/15"}],"replies":[{"embeddable":true,"href":"https:\/\/www.altominho.tv\/site\/wp-json\/wp\/v2\/comments?post=78506"}],"version-history":[{"count":0,"href":"https:\/\/www.altominho.tv\/site\/wp-json\/wp\/v2\/posts\/78506\/revisions"}],"wp:featuredmedia":[{"embeddable":true,"href":"https:\/\/www.altominho.tv\/site\/wp-json\/wp\/v2\/media\/78511"}],"wp:attachment":[{"href":"https:\/\/www.altominho.tv\/site\/wp-json\/wp\/v2\/media?parent=78506"}],"wp:term":[{"taxonomy":"category","embeddable":true,"href":"https:\/\/www.altominho.tv\/site\/wp-json\/wp\/v2\/categories?post=78506"},{"taxonomy":"post_tag","embeddable":true,"href":"https:\/\/www.altominho.tv\/site\/wp-json\/wp\/v2\/tags?post=78506"}],"curies":[{"name":"wp","href":"https:\/\/api.w.org\/{rel}","templated":true}]}}