{"id":78469,"date":"2022-03-31T09:50:00","date_gmt":"2022-03-31T08:50:00","guid":{"rendered":"https:\/\/www.altominho.tv\/site\/?p=78469"},"modified":"2022-03-31T09:50:05","modified_gmt":"2022-03-31T08:50:05","slug":"valenca-requalifica-nucleo-museologico","status":"publish","type":"post","link":"https:\/\/www.altominho.tv\/site\/2022\/03\/31\/valenca-requalifica-nucleo-museologico\/","title":{"rendered":"Valen\u00e7a requalifica N\u00facleo Museol\u00f3gico"},"content":{"rendered":"<p class=\"news-body-top\">A C\u00e2mara de Valen\u00e7a avan\u00e7ou com a requalifica\u00e7\u00e3o do N\u00facleo Museol\u00f3gico, para qualificar e capacitar o espa\u00e7o e proporcionar melhores condi\u00e7\u00f5es de visita e de preserva\u00e7\u00e3o do esp\u00f3lio exposto.<\/p>\n<p class=\"news-body-top\">Segundo a autarquia, trata-se da &#8220;primeira obra de fundo no interior deste espa\u00e7o museol\u00f3gico&#8221; com quase 14 anos de atividade e a interven\u00e7\u00e3o contempla, sobretudo, as salas tem\u00e1ticas da Fortifica\u00e7\u00e3o Medieval, de Arqueologia e das Invas\u00f5es Francesas.<\/p>\n<p class=\"news-body-top\">Desde a inaugura\u00e7\u00e3o a 20 de novembro de 2008, o N\u00facleo Museol\u00f3gico de Valen\u00e7a j\u00e1 recebeu 147.598 visitantes, oriundos de 80 pa\u00edses, sendo que as origens com mais visitantes, por ordem de registo, s\u00e3o Espanha, Portugal, Fran\u00e7a, Brasil, Gr\u00e3 Bretanha, Alemanha, Estados Unidos, It\u00e1lia e Holanda.<\/p>\n<p class=\"news-body-top\">O espa\u00e7o museol\u00f3gico situado na Fortaleza de Valen\u00e7a &#8220;guarda e interpreta a mem\u00f3ria hist\u00f3rica&#8221; do concelho e est\u00e1 constitu\u00eddo por uma sala de exposi\u00e7\u00f5es tempor\u00e1rias, no r\u00e9s-do-ch\u00e3o, uma sala que retrata a fortifica\u00e7\u00e3o medieval, com uma maqueta \u00e0 escala da \u00e9poca instalada no piso superior e uma sala de arqueologia que aborda a Proto-hist\u00f3ria, Idade da Pedra, Arte Rupestre, \u00c9poca Romana e Idade M\u00e9dia. R\u00e9plicas de gravuras rupestres, de pelourinhos e pe\u00e7as originais de cer\u00e2mica e uma l\u00e1pide romana s\u00e3o alguns dos principais atrativos.<\/p>\n<p class=\"news-body-top\">Existe ainda uma sala interm\u00e9dia, no piso superior, com uma maqueta que representa o cen\u00e1rio das Invas\u00f5es Francesas e uma quarta sala onde se encontra o Centro de Recursos, um espa\u00e7o de consulta de documenta\u00e7\u00e3o dedicada ao n\u00facleo.<\/p>\n","protected":false},"excerpt":{"rendered":"<p>A C\u00e2mara de Valen\u00e7a avan\u00e7ou com a requalifica\u00e7\u00e3o do N\u00facleo Museol\u00f3gico, para qualificar e capacitar o espa\u00e7o e proporcionar melhores condi\u00e7\u00f5es de visita e de preserva\u00e7\u00e3o do esp\u00f3lio exposto. Segundo a autarquia, trata-se da &#8220;primeira obra de fundo no interior deste espa\u00e7o museol\u00f3gico&#8221; com quase 14 anos de atividade e a interven\u00e7\u00e3o contempla, sobretudo, as [&hellip;]<\/p>\n","protected":false},"author":12,"featured_media":78470,"comment_status":"closed","ping_status":"closed","sticky":false,"template":"","format":"standard","meta":{"_exactmetrics_skip_tracking":false,"footnotes":""},"categories":[13],"tags":[19],"class_list":["post-78469","post","type-post","status-publish","format-standard","has-post-thumbnail","hentry","category-valenca","tag-cultura"],"yoast_head":"<!-- This site is optimized with the Yoast SEO Premium plugin v28.3 (Yoast SEO v28.3) - https:\/\/yoast.com\/product\/yoast-seo-premium-wordpress\/ -->\n<title>Valen\u00e7a requalifica N\u00facleo Museol\u00f3gico<\/title>\n<meta name=\"description\" content=\"A C\u00e2mara de Valen\u00e7a avan\u00e7ou com a requalifica\u00e7\u00e3o dos espa\u00e7os interiores do N\u00facleo Museol\u00f3gico, com 14 anos de atividade.\" \/>\n<meta name=\"robots\" content=\"index, follow, max-snippet:-1, max-image-preview:large, max-video-preview:-1\" \/>\n<link rel=\"canonical\" href=\"https:\/\/www.altominho.tv\/site\/2022\/03\/31\/valenca-requalifica-nucleo-museologico\/\" \/>\n<meta property=\"og:locale\" content=\"pt_PT\" \/>\n<meta property=\"og:type\" content=\"article\" \/>\n<meta property=\"og:title\" content=\"Valen\u00e7a requalifica N\u00facleo Museol\u00f3gico\" \/>\n<meta property=\"og:description\" content=\"A C\u00e2mara de Valen\u00e7a avan\u00e7ou com a requalifica\u00e7\u00e3o dos espa\u00e7os interiores do N\u00facleo Museol\u00f3gico, com 14 anos de atividade.\" \/>\n<meta property=\"og:url\" content=\"https:\/\/www.altominho.tv\/site\/2022\/03\/31\/valenca-requalifica-nucleo-museologico\/\" \/>\n<meta property=\"og:site_name\" content=\"Altominho.tv\" \/>\n<meta property=\"article:publisher\" content=\"https:\/\/www.facebook.com\/altominhotv\" \/>\n<meta property=\"article:published_time\" content=\"2022-03-31T08:50:00+00:00\" \/>\n<meta property=\"article:modified_time\" content=\"2022-03-31T08:50:05+00:00\" \/>\n<meta property=\"og:image\" content=\"https:\/\/www.altominho.tv\/site\/wp-content\/uploads\/2022\/03\/nucleo-museologico-valenca.jpg\" \/>\n\t<meta property=\"og:image:width\" content=\"800\" \/>\n\t<meta property=\"og:image:height\" content=\"451\" \/>\n\t<meta property=\"og:image:type\" content=\"image\/jpeg\" \/>\n<meta name=\"author\" content=\"Andreia Ferreira\" \/>\n<meta name=\"twitter:card\" content=\"summary_large_image\" \/>\n<meta name=\"twitter:creator\" content=\"@altominhoTV\" \/>\n<meta name=\"twitter:site\" content=\"@altominhoTV\" \/>\n<meta name=\"twitter:label1\" content=\"Escrito por\" \/>\n\t<meta name=\"twitter:data1\" content=\"Andreia Ferreira\" \/>\n\t<meta name=\"twitter:label2\" content=\"Tempo estimado de leitura\" \/>\n\t<meta name=\"twitter:data2\" content=\"2 minutos\" \/>\n<script type=\"application\/ld+json\" class=\"yoast-schema-graph\">{\"@context\":\"https:\\\/\\\/schema.org\",\"@graph\":[{\"@type\":\"Article\",\"@id\":\"https:\\\/\\\/www.altominho.tv\\\/site\\\/2022\\\/03\\\/31\\\/valenca-requalifica-nucleo-museologico\\\/#article\",\"isPartOf\":{\"@id\":\"https:\\\/\\\/www.altominho.tv\\\/site\\\/2022\\\/03\\\/31\\\/valenca-requalifica-nucleo-museologico\\\/\"},\"author\":{\"name\":\"Andreia Ferreira\",\"@id\":\"https:\\\/\\\/www.altominho.tv\\\/site\\\/#\\\/schema\\\/person\\\/d9be4265364723f14ea8e0d56a1d38cd\"},\"headline\":\"Valen\u00e7a requalifica N\u00facleo Museol\u00f3gico\",\"datePublished\":\"2022-03-31T08:50:00+00:00\",\"dateModified\":\"2022-03-31T08:50:05+00:00\",\"mainEntityOfPage\":{\"@id\":\"https:\\\/\\\/www.altominho.tv\\\/site\\\/2022\\\/03\\\/31\\\/valenca-requalifica-nucleo-museologico\\\/\"},\"wordCount\":283,\"image\":{\"@id\":\"https:\\\/\\\/www.altominho.tv\\\/site\\\/2022\\\/03\\\/31\\\/valenca-requalifica-nucleo-museologico\\\/#primaryimage\"},\"thumbnailUrl\":\"https:\\\/\\\/www.altominho.tv\\\/site\\\/wp-content\\\/uploads\\\/2022\\\/03\\\/nucleo-museologico-valenca.jpg\",\"keywords\":[\"Cultura\"],\"articleSection\":[\"Valen\u00e7a\"],\"inLanguage\":\"pt-PT\",\"copyrightYear\":\"2022\",\"copyrightHolder\":{\"@id\":\"https:\\\/\\\/www.altominho.tv\\\/site\\\/#organization\"}},{\"@type\":\"WebPage\",\"@id\":\"https:\\\/\\\/www.altominho.tv\\\/site\\\/2022\\\/03\\\/31\\\/valenca-requalifica-nucleo-museologico\\\/\",\"url\":\"https:\\\/\\\/www.altominho.tv\\\/site\\\/2022\\\/03\\\/31\\\/valenca-requalifica-nucleo-museologico\\\/\",\"name\":\"Valen\u00e7a requalifica N\u00facleo Museol\u00f3gico\",\"isPartOf\":{\"@id\":\"https:\\\/\\\/www.altominho.tv\\\/site\\\/#website\"},\"primaryImageOfPage\":{\"@id\":\"https:\\\/\\\/www.altominho.tv\\\/site\\\/2022\\\/03\\\/31\\\/valenca-requalifica-nucleo-museologico\\\/#primaryimage\"},\"image\":{\"@id\":\"https:\\\/\\\/www.altominho.tv\\\/site\\\/2022\\\/03\\\/31\\\/valenca-requalifica-nucleo-museologico\\\/#primaryimage\"},\"thumbnailUrl\":\"https:\\\/\\\/www.altominho.tv\\\/site\\\/wp-content\\\/uploads\\\/2022\\\/03\\\/nucleo-museologico-valenca.jpg\",\"datePublished\":\"2022-03-31T08:50:00+00:00\",\"dateModified\":\"2022-03-31T08:50:05+00:00\",\"author\":{\"@id\":\"https:\\\/\\\/www.altominho.tv\\\/site\\\/#\\\/schema\\\/person\\\/d9be4265364723f14ea8e0d56a1d38cd\"},\"description\":\"A C\u00e2mara de Valen\u00e7a avan\u00e7ou com a requalifica\u00e7\u00e3o dos espa\u00e7os interiores do N\u00facleo Museol\u00f3gico, com 14 anos de atividade.\",\"breadcrumb\":{\"@id\":\"https:\\\/\\\/www.altominho.tv\\\/site\\\/2022\\\/03\\\/31\\\/valenca-requalifica-nucleo-museologico\\\/#breadcrumb\"},\"inLanguage\":\"pt-PT\",\"potentialAction\":[{\"@type\":\"ReadAction\",\"target\":[\"https:\\\/\\\/www.altominho.tv\\\/site\\\/2022\\\/03\\\/31\\\/valenca-requalifica-nucleo-museologico\\\/\"]}]},{\"@type\":\"ImageObject\",\"inLanguage\":\"pt-PT\",\"@id\":\"https:\\\/\\\/www.altominho.tv\\\/site\\\/2022\\\/03\\\/31\\\/valenca-requalifica-nucleo-museologico\\\/#primaryimage\",\"url\":\"https:\\\/\\\/www.altominho.tv\\\/site\\\/wp-content\\\/uploads\\\/2022\\\/03\\\/nucleo-museologico-valenca.jpg\",\"contentUrl\":\"https:\\\/\\\/www.altominho.tv\\\/site\\\/wp-content\\\/uploads\\\/2022\\\/03\\\/nucleo-museologico-valenca.jpg\",\"width\":800,\"height\":451,\"caption\":\"MUNIC\u00cdPIO DE VALEN\u00c7A\"},{\"@type\":\"BreadcrumbList\",\"@id\":\"https:\\\/\\\/www.altominho.tv\\\/site\\\/2022\\\/03\\\/31\\\/valenca-requalifica-nucleo-museologico\\\/#breadcrumb\",\"itemListElement\":[{\"@type\":\"ListItem\",\"position\":1,\"name\":\"In\u00edcio\",\"item\":\"https:\\\/\\\/www.altominho.tv\\\/site\\\/\"},{\"@type\":\"ListItem\",\"position\":2,\"name\":\"Valen\u00e7a requalifica N\u00facleo Museol\u00f3gico\"}]},{\"@type\":\"WebSite\",\"@id\":\"https:\\\/\\\/www.altominho.tv\\\/site\\\/#website\",\"url\":\"https:\\\/\\\/www.altominho.tv\\\/site\\\/\",\"name\":\"Altominho.tv\",\"description\":\"A sua regi\u00e3o \u00e0 dist\u00e2ncia de um clique...\",\"potentialAction\":[{\"@type\":\"SearchAction\",\"target\":{\"@type\":\"EntryPoint\",\"urlTemplate\":\"https:\\\/\\\/www.altominho.tv\\\/site\\\/?s={search_term_string}\"},\"query-input\":{\"@type\":\"PropertyValueSpecification\",\"valueRequired\":true,\"valueName\":\"search_term_string\"}}],\"inLanguage\":\"pt-PT\"},{\"@type\":\"Person\",\"@id\":\"https:\\\/\\\/www.altominho.tv\\\/site\\\/#\\\/schema\\\/person\\\/d9be4265364723f14ea8e0d56a1d38cd\",\"name\":\"Andreia Ferreira\",\"image\":{\"@type\":\"ImageObject\",\"inLanguage\":\"pt-PT\",\"@id\":\"https:\\\/\\\/www.altominho.tv\\\/site\\\/wp-content\\\/uploads\\\/2021\\\/01\\\/AndreiaFerreira-150x150.jpg\",\"url\":\"https:\\\/\\\/www.altominho.tv\\\/site\\\/wp-content\\\/uploads\\\/2021\\\/01\\\/AndreiaFerreira-150x150.jpg\",\"contentUrl\":\"https:\\\/\\\/www.altominho.tv\\\/site\\\/wp-content\\\/uploads\\\/2021\\\/01\\\/AndreiaFerreira-150x150.jpg\",\"caption\":\"Andreia Ferreira\"},\"url\":\"https:\\\/\\\/www.altominho.tv\\\/site\\\/author\\\/andreiaferreira\\\/\"}]}<\/script>\n<!-- \/ Yoast SEO Premium plugin. -->","yoast_head_json":{"title":"Valen\u00e7a requalifica N\u00facleo Museol\u00f3gico","description":"A C\u00e2mara de Valen\u00e7a avan\u00e7ou com a requalifica\u00e7\u00e3o dos espa\u00e7os interiores do N\u00facleo Museol\u00f3gico, com 14 anos de atividade.","robots":{"index":"index","follow":"follow","max-snippet":"max-snippet:-1","max-image-preview":"max-image-preview:large","max-video-preview":"max-video-preview:-1"},"canonical":"https:\/\/www.altominho.tv\/site\/2022\/03\/31\/valenca-requalifica-nucleo-museologico\/","og_locale":"pt_PT","og_type":"article","og_title":"Valen\u00e7a requalifica N\u00facleo Museol\u00f3gico","og_description":"A C\u00e2mara de Valen\u00e7a avan\u00e7ou com a requalifica\u00e7\u00e3o dos espa\u00e7os interiores do N\u00facleo Museol\u00f3gico, com 14 anos de atividade.","og_url":"https:\/\/www.altominho.tv\/site\/2022\/03\/31\/valenca-requalifica-nucleo-museologico\/","og_site_name":"Altominho.tv","article_publisher":"https:\/\/www.facebook.com\/altominhotv","article_published_time":"2022-03-31T08:50:00+00:00","article_modified_time":"2022-03-31T08:50:05+00:00","og_image":[{"width":800,"height":451,"url":"https:\/\/www.altominho.tv\/site\/wp-content\/uploads\/2022\/03\/nucleo-museologico-valenca.jpg","type":"image\/jpeg"}],"author":"Andreia Ferreira","twitter_card":"summary_large_image","twitter_creator":"@altominhoTV","twitter_site":"@altominhoTV","twitter_misc":{"Escrito por":"Andreia Ferreira","Tempo estimado de leitura":"2 minutos"},"schema":{"@context":"https:\/\/schema.org","@graph":[{"@type":"Article","@id":"https:\/\/www.altominho.tv\/site\/2022\/03\/31\/valenca-requalifica-nucleo-museologico\/#article","isPartOf":{"@id":"https:\/\/www.altominho.tv\/site\/2022\/03\/31\/valenca-requalifica-nucleo-museologico\/"},"author":{"name":"Andreia Ferreira","@id":"https:\/\/www.altominho.tv\/site\/#\/schema\/person\/d9be4265364723f14ea8e0d56a1d38cd"},"headline":"Valen\u00e7a requalifica N\u00facleo Museol\u00f3gico","datePublished":"2022-03-31T08:50:00+00:00","dateModified":"2022-03-31T08:50:05+00:00","mainEntityOfPage":{"@id":"https:\/\/www.altominho.tv\/site\/2022\/03\/31\/valenca-requalifica-nucleo-museologico\/"},"wordCount":283,"image":{"@id":"https:\/\/www.altominho.tv\/site\/2022\/03\/31\/valenca-requalifica-nucleo-museologico\/#primaryimage"},"thumbnailUrl":"https:\/\/www.altominho.tv\/site\/wp-content\/uploads\/2022\/03\/nucleo-museologico-valenca.jpg","keywords":["Cultura"],"articleSection":["Valen\u00e7a"],"inLanguage":"pt-PT","copyrightYear":"2022","copyrightHolder":{"@id":"https:\/\/www.altominho.tv\/site\/#organization"}},{"@type":"WebPage","@id":"https:\/\/www.altominho.tv\/site\/2022\/03\/31\/valenca-requalifica-nucleo-museologico\/","url":"https:\/\/www.altominho.tv\/site\/2022\/03\/31\/valenca-requalifica-nucleo-museologico\/","name":"Valen\u00e7a requalifica N\u00facleo Museol\u00f3gico","isPartOf":{"@id":"https:\/\/www.altominho.tv\/site\/#website"},"primaryImageOfPage":{"@id":"https:\/\/www.altominho.tv\/site\/2022\/03\/31\/valenca-requalifica-nucleo-museologico\/#primaryimage"},"image":{"@id":"https:\/\/www.altominho.tv\/site\/2022\/03\/31\/valenca-requalifica-nucleo-museologico\/#primaryimage"},"thumbnailUrl":"https:\/\/www.altominho.tv\/site\/wp-content\/uploads\/2022\/03\/nucleo-museologico-valenca.jpg","datePublished":"2022-03-31T08:50:00+00:00","dateModified":"2022-03-31T08:50:05+00:00","author":{"@id":"https:\/\/www.altominho.tv\/site\/#\/schema\/person\/d9be4265364723f14ea8e0d56a1d38cd"},"description":"A C\u00e2mara de Valen\u00e7a avan\u00e7ou com a requalifica\u00e7\u00e3o dos espa\u00e7os interiores do N\u00facleo Museol\u00f3gico, com 14 anos de atividade.","breadcrumb":{"@id":"https:\/\/www.altominho.tv\/site\/2022\/03\/31\/valenca-requalifica-nucleo-museologico\/#breadcrumb"},"inLanguage":"pt-PT","potentialAction":[{"@type":"ReadAction","target":["https:\/\/www.altominho.tv\/site\/2022\/03\/31\/valenca-requalifica-nucleo-museologico\/"]}]},{"@type":"ImageObject","inLanguage":"pt-PT","@id":"https:\/\/www.altominho.tv\/site\/2022\/03\/31\/valenca-requalifica-nucleo-museologico\/#primaryimage","url":"https:\/\/www.altominho.tv\/site\/wp-content\/uploads\/2022\/03\/nucleo-museologico-valenca.jpg","contentUrl":"https:\/\/www.altominho.tv\/site\/wp-content\/uploads\/2022\/03\/nucleo-museologico-valenca.jpg","width":800,"height":451,"caption":"MUNIC\u00cdPIO DE VALEN\u00c7A"},{"@type":"BreadcrumbList","@id":"https:\/\/www.altominho.tv\/site\/2022\/03\/31\/valenca-requalifica-nucleo-museologico\/#breadcrumb","itemListElement":[{"@type":"ListItem","position":1,"name":"In\u00edcio","item":"https:\/\/www.altominho.tv\/site\/"},{"@type":"ListItem","position":2,"name":"Valen\u00e7a requalifica N\u00facleo Museol\u00f3gico"}]},{"@type":"WebSite","@id":"https:\/\/www.altominho.tv\/site\/#website","url":"https:\/\/www.altominho.tv\/site\/","name":"Altominho.tv","description":"A sua regi\u00e3o \u00e0 dist\u00e2ncia de um clique...","potentialAction":[{"@type":"SearchAction","target":{"@type":"EntryPoint","urlTemplate":"https:\/\/www.altominho.tv\/site\/?s={search_term_string}"},"query-input":{"@type":"PropertyValueSpecification","valueRequired":true,"valueName":"search_term_string"}}],"inLanguage":"pt-PT"},{"@type":"Person","@id":"https:\/\/www.altominho.tv\/site\/#\/schema\/person\/d9be4265364723f14ea8e0d56a1d38cd","name":"Andreia Ferreira","image":{"@type":"ImageObject","inLanguage":"pt-PT","@id":"https:\/\/www.altominho.tv\/site\/wp-content\/uploads\/2021\/01\/AndreiaFerreira-150x150.jpg","url":"https:\/\/www.altominho.tv\/site\/wp-content\/uploads\/2021\/01\/AndreiaFerreira-150x150.jpg","contentUrl":"https:\/\/www.altominho.tv\/site\/wp-content\/uploads\/2021\/01\/AndreiaFerreira-150x150.jpg","caption":"Andreia Ferreira"},"url":"https:\/\/www.altominho.tv\/site\/author\/andreiaferreira\/"}]}},"_links":{"self":[{"href":"https:\/\/www.altominho.tv\/site\/wp-json\/wp\/v2\/posts\/78469","targetHints":{"allow":["GET"]}}],"collection":[{"href":"https:\/\/www.altominho.tv\/site\/wp-json\/wp\/v2\/posts"}],"about":[{"href":"https:\/\/www.altominho.tv\/site\/wp-json\/wp\/v2\/types\/post"}],"author":[{"embeddable":true,"href":"https:\/\/www.altominho.tv\/site\/wp-json\/wp\/v2\/users\/12"}],"replies":[{"embeddable":true,"href":"https:\/\/www.altominho.tv\/site\/wp-json\/wp\/v2\/comments?post=78469"}],"version-history":[{"count":0,"href":"https:\/\/www.altominho.tv\/site\/wp-json\/wp\/v2\/posts\/78469\/revisions"}],"wp:featuredmedia":[{"embeddable":true,"href":"https:\/\/www.altominho.tv\/site\/wp-json\/wp\/v2\/media\/78470"}],"wp:attachment":[{"href":"https:\/\/www.altominho.tv\/site\/wp-json\/wp\/v2\/media?parent=78469"}],"wp:term":[{"taxonomy":"category","embeddable":true,"href":"https:\/\/www.altominho.tv\/site\/wp-json\/wp\/v2\/categories?post=78469"},{"taxonomy":"post_tag","embeddable":true,"href":"https:\/\/www.altominho.tv\/site\/wp-json\/wp\/v2\/tags?post=78469"}],"curies":[{"name":"wp","href":"https:\/\/api.w.org\/{rel}","templated":true}]}}