{"id":78444,"date":"2022-03-30T11:15:15","date_gmt":"2022-03-30T10:15:15","guid":{"rendered":"https:\/\/www.altominho.tv\/site\/?p=78444"},"modified":"2022-03-30T11:15:18","modified_gmt":"2022-03-30T10:15:18","slug":"seniores-de-valenca-recebem-terapia-inovadora-com-caes","status":"publish","type":"post","link":"https:\/\/www.altominho.tv\/site\/2022\/03\/30\/seniores-de-valenca-recebem-terapia-inovadora-com-caes\/","title":{"rendered":"Seniores de Valen\u00e7a recebem terapia\u00a0inovadora\u00a0com c\u00e3es"},"content":{"rendered":"<p>A C\u00e2mara Municipal de Valen\u00e7a est\u00e1 a implementar um programa inovador de terapia com c\u00e3es junto dos seniores institucionalizados do concelho.<\/p>\n<p>Em 15 sess\u00f5es, duas vezes por m\u00eas, c\u00e3es treinados em terapias e intera\u00e7\u00f5es assistidas por animais, est\u00e3o a interagir com os utentes dos lares da Santa Casa da Miseric\u00f3rdia e da Cruz Vermelha de de Valen\u00e7a.<\/p>\n<p>A terapia assistida com c\u00e3es \u00e9 um m\u00e9todo inovador interventivo e terap\u00eautico que tem por objetivo melhorar os aspetos sociais, f\u00edsicos, cognitivos, motivacionais e emocionais dos seniores institucionalizados de Valen\u00e7a.<\/p>\n<p>Para\u00a0 a vice-presidente da\u00a0 C\u00e2mara Municipal\u00a0de Valen\u00e7a, Ana Paula Xavier, <i>\u201c<\/i> estas sess\u00f5es tem como objetivo contribuir para melhorar a qualidade de vida dos nossos seniores residentes nos lares destas duas institui\u00e7\u00f5es valencianas\u201d.<\/p>\n","protected":false},"excerpt":{"rendered":"<p>A C\u00e2mara Municipal de Valen\u00e7a est\u00e1 a implementar um programa inovador de terapia com c\u00e3es junto dos seniores institucionalizados do concelho. Em 15 sess\u00f5es, duas vezes por m\u00eas, c\u00e3es treinados em terapias e intera\u00e7\u00f5es assistidas por animais, est\u00e3o a interagir com os utentes dos lares da Santa Casa da Miseric\u00f3rdia e da Cruz Vermelha de [&hellip;]<\/p>\n","protected":false},"author":13,"featured_media":78445,"comment_status":"closed","ping_status":"closed","sticky":false,"template":"","format":"standard","meta":{"_exactmetrics_skip_tracking":false,"footnotes":""},"categories":[13],"tags":[27],"class_list":["post-78444","post","type-post","status-publish","format-standard","has-post-thumbnail","hentry","category-valenca","tag-sociedade"],"yoast_head":"<!-- This site is optimized with the Yoast SEO Premium plugin v28.3 (Yoast SEO v28.3) - https:\/\/yoast.com\/product\/yoast-seo-premium-wordpress\/ -->\n<title>Seniores de Valen\u00e7a recebem terapia\u00a0inovadora\u00a0com c\u00e3es<\/title>\n<meta name=\"description\" content=\"Valen\u00e7a est\u00e1 a implementar um programa inovador de terapia com c\u00e3es junto dos seniores institucionalizados do concelho\" \/>\n<meta name=\"robots\" content=\"index, follow, max-snippet:-1, max-image-preview:large, max-video-preview:-1\" \/>\n<link rel=\"canonical\" href=\"https:\/\/www.altominho.tv\/site\/2022\/03\/30\/seniores-de-valenca-recebem-terapia-inovadora-com-caes\/\" \/>\n<meta property=\"og:locale\" content=\"pt_PT\" \/>\n<meta property=\"og:type\" content=\"article\" \/>\n<meta property=\"og:title\" content=\"Seniores de Valen\u00e7a recebem terapia\u00a0inovadora\u00a0com c\u00e3es\" \/>\n<meta property=\"og:description\" content=\"Valen\u00e7a est\u00e1 a implementar um programa inovador de terapia com c\u00e3es junto dos seniores institucionalizados do concelho\" \/>\n<meta property=\"og:url\" content=\"https:\/\/www.altominho.tv\/site\/2022\/03\/30\/seniores-de-valenca-recebem-terapia-inovadora-com-caes\/\" \/>\n<meta property=\"og:site_name\" content=\"Altominho.tv\" \/>\n<meta property=\"article:publisher\" content=\"https:\/\/www.facebook.com\/altominhotv\" \/>\n<meta property=\"article:published_time\" content=\"2022-03-30T10:15:15+00:00\" \/>\n<meta property=\"article:modified_time\" content=\"2022-03-30T10:15:18+00:00\" \/>\n<meta property=\"og:image\" content=\"https:\/\/www.altominho.tv\/site\/wp-content\/uploads\/2022\/03\/Terapia-com-caes-.jpg\" \/>\n\t<meta property=\"og:image:width\" content=\"2048\" \/>\n\t<meta property=\"og:image:height\" content=\"1536\" \/>\n\t<meta property=\"og:image:type\" content=\"image\/jpeg\" \/>\n<meta name=\"author\" content=\"Lusa\" \/>\n<meta name=\"twitter:card\" content=\"summary_large_image\" \/>\n<meta name=\"twitter:creator\" content=\"@altominhoTV\" \/>\n<meta name=\"twitter:site\" content=\"@altominhoTV\" \/>\n<meta name=\"twitter:label1\" content=\"Escrito por\" \/>\n\t<meta name=\"twitter:data1\" content=\"Lusa\" \/>\n\t<meta name=\"twitter:label2\" content=\"Tempo estimado de leitura\" \/>\n\t<meta name=\"twitter:data2\" content=\"1 minuto\" \/>\n<script type=\"application\/ld+json\" class=\"yoast-schema-graph\">{\"@context\":\"https:\\\/\\\/schema.org\",\"@graph\":[{\"@type\":\"Article\",\"@id\":\"https:\\\/\\\/www.altominho.tv\\\/site\\\/2022\\\/03\\\/30\\\/seniores-de-valenca-recebem-terapia-inovadora-com-caes\\\/#article\",\"isPartOf\":{\"@id\":\"https:\\\/\\\/www.altominho.tv\\\/site\\\/2022\\\/03\\\/30\\\/seniores-de-valenca-recebem-terapia-inovadora-com-caes\\\/\"},\"author\":{\"name\":\"Lusa\",\"@id\":\"https:\\\/\\\/www.altominho.tv\\\/site\\\/#\\\/schema\\\/person\\\/63f693da3e1899361cbe955c46f3232e\"},\"headline\":\"Seniores de Valen\u00e7a recebem terapia\u00a0inovadora\u00a0com c\u00e3es\",\"datePublished\":\"2022-03-30T10:15:15+00:00\",\"dateModified\":\"2022-03-30T10:15:18+00:00\",\"mainEntityOfPage\":{\"@id\":\"https:\\\/\\\/www.altominho.tv\\\/site\\\/2022\\\/03\\\/30\\\/seniores-de-valenca-recebem-terapia-inovadora-com-caes\\\/\"},\"wordCount\":147,\"image\":{\"@id\":\"https:\\\/\\\/www.altominho.tv\\\/site\\\/2022\\\/03\\\/30\\\/seniores-de-valenca-recebem-terapia-inovadora-com-caes\\\/#primaryimage\"},\"thumbnailUrl\":\"https:\\\/\\\/www.altominho.tv\\\/site\\\/wp-content\\\/uploads\\\/2022\\\/03\\\/Terapia-com-caes-.jpg\",\"keywords\":[\"Sociedade\"],\"articleSection\":[\"Valen\u00e7a\"],\"inLanguage\":\"pt-PT\",\"copyrightYear\":\"2022\",\"copyrightHolder\":{\"@id\":\"https:\\\/\\\/www.altominho.tv\\\/site\\\/#organization\"}},{\"@type\":\"WebPage\",\"@id\":\"https:\\\/\\\/www.altominho.tv\\\/site\\\/2022\\\/03\\\/30\\\/seniores-de-valenca-recebem-terapia-inovadora-com-caes\\\/\",\"url\":\"https:\\\/\\\/www.altominho.tv\\\/site\\\/2022\\\/03\\\/30\\\/seniores-de-valenca-recebem-terapia-inovadora-com-caes\\\/\",\"name\":\"Seniores de Valen\u00e7a recebem terapia\u00a0inovadora\u00a0com c\u00e3es\",\"isPartOf\":{\"@id\":\"https:\\\/\\\/www.altominho.tv\\\/site\\\/#website\"},\"primaryImageOfPage\":{\"@id\":\"https:\\\/\\\/www.altominho.tv\\\/site\\\/2022\\\/03\\\/30\\\/seniores-de-valenca-recebem-terapia-inovadora-com-caes\\\/#primaryimage\"},\"image\":{\"@id\":\"https:\\\/\\\/www.altominho.tv\\\/site\\\/2022\\\/03\\\/30\\\/seniores-de-valenca-recebem-terapia-inovadora-com-caes\\\/#primaryimage\"},\"thumbnailUrl\":\"https:\\\/\\\/www.altominho.tv\\\/site\\\/wp-content\\\/uploads\\\/2022\\\/03\\\/Terapia-com-caes-.jpg\",\"datePublished\":\"2022-03-30T10:15:15+00:00\",\"dateModified\":\"2022-03-30T10:15:18+00:00\",\"author\":{\"@id\":\"https:\\\/\\\/www.altominho.tv\\\/site\\\/#\\\/schema\\\/person\\\/63f693da3e1899361cbe955c46f3232e\"},\"description\":\"Valen\u00e7a est\u00e1 a implementar um programa inovador de terapia com c\u00e3es junto dos seniores institucionalizados do concelho\",\"breadcrumb\":{\"@id\":\"https:\\\/\\\/www.altominho.tv\\\/site\\\/2022\\\/03\\\/30\\\/seniores-de-valenca-recebem-terapia-inovadora-com-caes\\\/#breadcrumb\"},\"inLanguage\":\"pt-PT\",\"potentialAction\":[{\"@type\":\"ReadAction\",\"target\":[\"https:\\\/\\\/www.altominho.tv\\\/site\\\/2022\\\/03\\\/30\\\/seniores-de-valenca-recebem-terapia-inovadora-com-caes\\\/\"]}]},{\"@type\":\"ImageObject\",\"inLanguage\":\"pt-PT\",\"@id\":\"https:\\\/\\\/www.altominho.tv\\\/site\\\/2022\\\/03\\\/30\\\/seniores-de-valenca-recebem-terapia-inovadora-com-caes\\\/#primaryimage\",\"url\":\"https:\\\/\\\/www.altominho.tv\\\/site\\\/wp-content\\\/uploads\\\/2022\\\/03\\\/Terapia-com-caes-.jpg\",\"contentUrl\":\"https:\\\/\\\/www.altominho.tv\\\/site\\\/wp-content\\\/uploads\\\/2022\\\/03\\\/Terapia-com-caes-.jpg\",\"width\":2048,\"height\":1536},{\"@type\":\"BreadcrumbList\",\"@id\":\"https:\\\/\\\/www.altominho.tv\\\/site\\\/2022\\\/03\\\/30\\\/seniores-de-valenca-recebem-terapia-inovadora-com-caes\\\/#breadcrumb\",\"itemListElement\":[{\"@type\":\"ListItem\",\"position\":1,\"name\":\"In\u00edcio\",\"item\":\"https:\\\/\\\/www.altominho.tv\\\/site\\\/\"},{\"@type\":\"ListItem\",\"position\":2,\"name\":\"Seniores de Valen\u00e7a recebem terapia\u00a0inovadora\u00a0com c\u00e3es\"}]},{\"@type\":\"WebSite\",\"@id\":\"https:\\\/\\\/www.altominho.tv\\\/site\\\/#website\",\"url\":\"https:\\\/\\\/www.altominho.tv\\\/site\\\/\",\"name\":\"Altominho.tv\",\"description\":\"A sua regi\u00e3o \u00e0 dist\u00e2ncia de um clique...\",\"potentialAction\":[{\"@type\":\"SearchAction\",\"target\":{\"@type\":\"EntryPoint\",\"urlTemplate\":\"https:\\\/\\\/www.altominho.tv\\\/site\\\/?s={search_term_string}\"},\"query-input\":{\"@type\":\"PropertyValueSpecification\",\"valueRequired\":true,\"valueName\":\"search_term_string\"}}],\"inLanguage\":\"pt-PT\"},{\"@type\":\"Person\",\"@id\":\"https:\\\/\\\/www.altominho.tv\\\/site\\\/#\\\/schema\\\/person\\\/63f693da3e1899361cbe955c46f3232e\",\"name\":\"Lusa\",\"image\":{\"@type\":\"ImageObject\",\"inLanguage\":\"pt-PT\",\"@id\":\"https:\\\/\\\/www.altominho.tv\\\/site\\\/wp-content\\\/uploads\\\/2019\\\/08\\\/LUSA_Logo.gif\",\"url\":\"https:\\\/\\\/www.altominho.tv\\\/site\\\/wp-content\\\/uploads\\\/2019\\\/08\\\/LUSA_Logo.gif\",\"contentUrl\":\"https:\\\/\\\/www.altominho.tv\\\/site\\\/wp-content\\\/uploads\\\/2019\\\/08\\\/LUSA_Logo.gif\",\"caption\":\"Lusa\"},\"sameAs\":[\"http:\\\/\\\/\\\/\\\/www.altominho.tv\\\/site\"],\"url\":\"https:\\\/\\\/www.altominho.tv\\\/site\\\/author\\\/lusa\\\/\"}]}<\/script>\n<!-- \/ Yoast SEO Premium plugin. -->","yoast_head_json":{"title":"Seniores de Valen\u00e7a recebem terapia\u00a0inovadora\u00a0com c\u00e3es","description":"Valen\u00e7a est\u00e1 a implementar um programa inovador de terapia com c\u00e3es junto dos seniores institucionalizados do concelho","robots":{"index":"index","follow":"follow","max-snippet":"max-snippet:-1","max-image-preview":"max-image-preview:large","max-video-preview":"max-video-preview:-1"},"canonical":"https:\/\/www.altominho.tv\/site\/2022\/03\/30\/seniores-de-valenca-recebem-terapia-inovadora-com-caes\/","og_locale":"pt_PT","og_type":"article","og_title":"Seniores de Valen\u00e7a recebem terapia\u00a0inovadora\u00a0com c\u00e3es","og_description":"Valen\u00e7a est\u00e1 a implementar um programa inovador de terapia com c\u00e3es junto dos seniores institucionalizados do concelho","og_url":"https:\/\/www.altominho.tv\/site\/2022\/03\/30\/seniores-de-valenca-recebem-terapia-inovadora-com-caes\/","og_site_name":"Altominho.tv","article_publisher":"https:\/\/www.facebook.com\/altominhotv","article_published_time":"2022-03-30T10:15:15+00:00","article_modified_time":"2022-03-30T10:15:18+00:00","og_image":[{"width":2048,"height":1536,"url":"https:\/\/www.altominho.tv\/site\/wp-content\/uploads\/2022\/03\/Terapia-com-caes-.jpg","type":"image\/jpeg"}],"author":"Lusa","twitter_card":"summary_large_image","twitter_creator":"@altominhoTV","twitter_site":"@altominhoTV","twitter_misc":{"Escrito por":"Lusa","Tempo estimado de leitura":"1 minuto"},"schema":{"@context":"https:\/\/schema.org","@graph":[{"@type":"Article","@id":"https:\/\/www.altominho.tv\/site\/2022\/03\/30\/seniores-de-valenca-recebem-terapia-inovadora-com-caes\/#article","isPartOf":{"@id":"https:\/\/www.altominho.tv\/site\/2022\/03\/30\/seniores-de-valenca-recebem-terapia-inovadora-com-caes\/"},"author":{"name":"Lusa","@id":"https:\/\/www.altominho.tv\/site\/#\/schema\/person\/63f693da3e1899361cbe955c46f3232e"},"headline":"Seniores de Valen\u00e7a recebem terapia\u00a0inovadora\u00a0com c\u00e3es","datePublished":"2022-03-30T10:15:15+00:00","dateModified":"2022-03-30T10:15:18+00:00","mainEntityOfPage":{"@id":"https:\/\/www.altominho.tv\/site\/2022\/03\/30\/seniores-de-valenca-recebem-terapia-inovadora-com-caes\/"},"wordCount":147,"image":{"@id":"https:\/\/www.altominho.tv\/site\/2022\/03\/30\/seniores-de-valenca-recebem-terapia-inovadora-com-caes\/#primaryimage"},"thumbnailUrl":"https:\/\/www.altominho.tv\/site\/wp-content\/uploads\/2022\/03\/Terapia-com-caes-.jpg","keywords":["Sociedade"],"articleSection":["Valen\u00e7a"],"inLanguage":"pt-PT","copyrightYear":"2022","copyrightHolder":{"@id":"https:\/\/www.altominho.tv\/site\/#organization"}},{"@type":"WebPage","@id":"https:\/\/www.altominho.tv\/site\/2022\/03\/30\/seniores-de-valenca-recebem-terapia-inovadora-com-caes\/","url":"https:\/\/www.altominho.tv\/site\/2022\/03\/30\/seniores-de-valenca-recebem-terapia-inovadora-com-caes\/","name":"Seniores de Valen\u00e7a recebem terapia\u00a0inovadora\u00a0com c\u00e3es","isPartOf":{"@id":"https:\/\/www.altominho.tv\/site\/#website"},"primaryImageOfPage":{"@id":"https:\/\/www.altominho.tv\/site\/2022\/03\/30\/seniores-de-valenca-recebem-terapia-inovadora-com-caes\/#primaryimage"},"image":{"@id":"https:\/\/www.altominho.tv\/site\/2022\/03\/30\/seniores-de-valenca-recebem-terapia-inovadora-com-caes\/#primaryimage"},"thumbnailUrl":"https:\/\/www.altominho.tv\/site\/wp-content\/uploads\/2022\/03\/Terapia-com-caes-.jpg","datePublished":"2022-03-30T10:15:15+00:00","dateModified":"2022-03-30T10:15:18+00:00","author":{"@id":"https:\/\/www.altominho.tv\/site\/#\/schema\/person\/63f693da3e1899361cbe955c46f3232e"},"description":"Valen\u00e7a est\u00e1 a implementar um programa inovador de terapia com c\u00e3es junto dos seniores institucionalizados do concelho","breadcrumb":{"@id":"https:\/\/www.altominho.tv\/site\/2022\/03\/30\/seniores-de-valenca-recebem-terapia-inovadora-com-caes\/#breadcrumb"},"inLanguage":"pt-PT","potentialAction":[{"@type":"ReadAction","target":["https:\/\/www.altominho.tv\/site\/2022\/03\/30\/seniores-de-valenca-recebem-terapia-inovadora-com-caes\/"]}]},{"@type":"ImageObject","inLanguage":"pt-PT","@id":"https:\/\/www.altominho.tv\/site\/2022\/03\/30\/seniores-de-valenca-recebem-terapia-inovadora-com-caes\/#primaryimage","url":"https:\/\/www.altominho.tv\/site\/wp-content\/uploads\/2022\/03\/Terapia-com-caes-.jpg","contentUrl":"https:\/\/www.altominho.tv\/site\/wp-content\/uploads\/2022\/03\/Terapia-com-caes-.jpg","width":2048,"height":1536},{"@type":"BreadcrumbList","@id":"https:\/\/www.altominho.tv\/site\/2022\/03\/30\/seniores-de-valenca-recebem-terapia-inovadora-com-caes\/#breadcrumb","itemListElement":[{"@type":"ListItem","position":1,"name":"In\u00edcio","item":"https:\/\/www.altominho.tv\/site\/"},{"@type":"ListItem","position":2,"name":"Seniores de Valen\u00e7a recebem terapia\u00a0inovadora\u00a0com c\u00e3es"}]},{"@type":"WebSite","@id":"https:\/\/www.altominho.tv\/site\/#website","url":"https:\/\/www.altominho.tv\/site\/","name":"Altominho.tv","description":"A sua regi\u00e3o \u00e0 dist\u00e2ncia de um clique...","potentialAction":[{"@type":"SearchAction","target":{"@type":"EntryPoint","urlTemplate":"https:\/\/www.altominho.tv\/site\/?s={search_term_string}"},"query-input":{"@type":"PropertyValueSpecification","valueRequired":true,"valueName":"search_term_string"}}],"inLanguage":"pt-PT"},{"@type":"Person","@id":"https:\/\/www.altominho.tv\/site\/#\/schema\/person\/63f693da3e1899361cbe955c46f3232e","name":"Lusa","image":{"@type":"ImageObject","inLanguage":"pt-PT","@id":"https:\/\/www.altominho.tv\/site\/wp-content\/uploads\/2019\/08\/LUSA_Logo.gif","url":"https:\/\/www.altominho.tv\/site\/wp-content\/uploads\/2019\/08\/LUSA_Logo.gif","contentUrl":"https:\/\/www.altominho.tv\/site\/wp-content\/uploads\/2019\/08\/LUSA_Logo.gif","caption":"Lusa"},"sameAs":["http:\/\/\/\/www.altominho.tv\/site"],"url":"https:\/\/www.altominho.tv\/site\/author\/lusa\/"}]}},"_links":{"self":[{"href":"https:\/\/www.altominho.tv\/site\/wp-json\/wp\/v2\/posts\/78444","targetHints":{"allow":["GET"]}}],"collection":[{"href":"https:\/\/www.altominho.tv\/site\/wp-json\/wp\/v2\/posts"}],"about":[{"href":"https:\/\/www.altominho.tv\/site\/wp-json\/wp\/v2\/types\/post"}],"author":[{"embeddable":true,"href":"https:\/\/www.altominho.tv\/site\/wp-json\/wp\/v2\/users\/13"}],"replies":[{"embeddable":true,"href":"https:\/\/www.altominho.tv\/site\/wp-json\/wp\/v2\/comments?post=78444"}],"version-history":[{"count":0,"href":"https:\/\/www.altominho.tv\/site\/wp-json\/wp\/v2\/posts\/78444\/revisions"}],"wp:featuredmedia":[{"embeddable":true,"href":"https:\/\/www.altominho.tv\/site\/wp-json\/wp\/v2\/media\/78445"}],"wp:attachment":[{"href":"https:\/\/www.altominho.tv\/site\/wp-json\/wp\/v2\/media?parent=78444"}],"wp:term":[{"taxonomy":"category","embeddable":true,"href":"https:\/\/www.altominho.tv\/site\/wp-json\/wp\/v2\/categories?post=78444"},{"taxonomy":"post_tag","embeddable":true,"href":"https:\/\/www.altominho.tv\/site\/wp-json\/wp\/v2\/tags?post=78444"}],"curies":[{"name":"wp","href":"https:\/\/api.w.org\/{rel}","templated":true}]}}