{"id":78378,"date":"2022-03-29T12:20:29","date_gmt":"2022-03-29T11:20:29","guid":{"rendered":"https:\/\/www.altominho.tv\/site\/?p=78378"},"modified":"2022-03-29T12:20:34","modified_gmt":"2022-03-29T11:20:34","slug":"valenca-desporto-escolar","status":"publish","type":"post","link":"https:\/\/www.altominho.tv\/site\/2022\/03\/29\/valenca-desporto-escolar\/","title":{"rendered":"Valen\u00e7a acolhe final do Corta-Mato Escolar"},"content":{"rendered":"\n<p class=\"wp-block-paragraph\">Valen\u00e7a acolhe a final do Corta-Mato Escolar nos pr\u00f3ximos dias 1 e 2 de abril, sexta-feira e s\u00e1bado.<\/p>\n\n\n\n<p class=\"wp-block-paragraph\">O evento marca o regresso das provas nacionais do Desporto Escolar.<\/p>\n\n\n\n<p class=\"wp-block-paragraph\">Sendo uma das provas mais emblem\u00e1ticas do Desporto Escolar em Portugal, o Corta-Mato Escolar Nacional re\u00fane os alunos apurados nas provas escolares locais e regionais.<\/p>\n\n\n\n<p class=\"wp-block-paragraph\">Valen\u00e7a vai receber a alegria e entusiasmo de cerca de 700 alunos e 150 professores oriundos de todas as partes do pa\u00eds, para participar nesta final nacional.<\/p>\n\n\n\n<p class=\"wp-block-paragraph\">Para Jos\u00e9 Manuel Carpinteira, Presidente da C\u00e2mara Municipal de Valen\u00e7a, \u201ceste evento enche-nos de orgulho e, simult\u00e2nea responsabilidade, por recebermos perto de um milhar de jovens de todo o pa\u00eds para a realiza\u00e7\u00e3o de uma das provas rainhas do Desporto Escolar na Fortaleza de Valen\u00e7a, o nosso ex-libris patrimonial, hist\u00f3rico e identit\u00e1rio\u201d.<\/p>\n\n\n\n<p class=\"wp-block-paragraph\">J\u00e1 o Coordenador Nacional do Desporto Escolar, Rui Carvalho, assume que este \u00e9 \u201cum momento esperado por toda a estrutura do Desporto Escolar, assumindo-se como uma festa do desporto e do atletismo escolar, sendo que implicou o envolvimento de milhares de alunos e de professores em todo o pa\u00eds&#8221;.<\/p>\n\n\n\n<p class=\"wp-block-paragraph\">No primeiro dia do evento, para al\u00e9m da rece\u00e7\u00e3o das comitivas de alunos e professores, h\u00e1 tamb\u00e9m a cerim\u00f3nia de abertura, que se realiza pelas 21h00, no pavilh\u00e3o n\u00ba 1 de Valen\u00e7a.<\/p>\n\n\n\n<p class=\"wp-block-paragraph\">No dia 2 de abril a partir das 9h00, tem in\u00edcio o Corta-Mato, com os atletas que v\u00e3o competir nas Muralhas da Fortaleza de Valen\u00e7a.<\/p>\n\n\n\n<p class=\"wp-block-paragraph\">O Corta-Mato Nacional \u00e9 uma das mais importantes provas do calend\u00e1rio desportivo anual do Programa do Desporto Escolar.<\/p>\n\n\n\n<p class=\"wp-block-paragraph\">De destacar a import\u00e2ncia que o mesmo teve para alguns atletas refer\u00eancia no contexto do desporto nacional como \u00e9 o caso da Marta Pen ou Patr\u00edcia Mamona.\u200b<\/p>\n\n\n\n<p class=\"wp-block-paragraph\">Esta competi\u00e7\u00e3o \u00e9 organizada pela Dire\u00e7\u00e3o-geral de Estabelecimentos Escolares &#8211; Dire\u00e7\u00e3o de Servi\u00e7os da Regi\u00e3o Norte (Coordena\u00e7\u00e3o Regional do Desporto Escolar do Norte), sob a coordena\u00e7\u00e3o da Dire\u00e7\u00e3o-geral da Educa\u00e7\u00e3o \u2013 Divis\u00e3o do Desporto Escolar (Coordena\u00e7\u00e3o Nacional do Desporto Escolar), contando ainda com o importante apoio na coprodu\u00e7\u00e3o da C\u00e2mara Municipal de Valen\u00e7a.<\/p>\n","protected":false},"excerpt":{"rendered":"<p>Valen\u00e7a acolhe a final do Corta-Mato Escolar nos pr\u00f3ximos dias 1 e 2 de abril, sexta-feira e s\u00e1bado. O evento marca o regresso das provas nacionais do Desporto Escolar. Sendo uma das provas mais emblem\u00e1ticas do Desporto Escolar em Portugal, o Corta-Mato Escolar Nacional re\u00fane os alunos apurados nas provas escolares locais e regionais. Valen\u00e7a [&hellip;]<\/p>\n","protected":false},"author":7,"featured_media":78379,"comment_status":"closed","ping_status":"closed","sticky":false,"template":"","format":"standard","meta":{"_exactmetrics_skip_tracking":false,"footnotes":""},"categories":[13],"tags":[20],"class_list":["post-78378","post","type-post","status-publish","format-standard","has-post-thumbnail","hentry","category-valenca","tag-desporto"],"yoast_head":"<!-- This site is optimized with the Yoast SEO Premium plugin v28.3 (Yoast SEO v28.3) - https:\/\/yoast.com\/product\/yoast-seo-premium-wordpress\/ -->\n<title>Valen\u00e7a acolhe final do Corta-Mato Escolar<\/title>\n<meta name=\"description\" content=\"Valen\u00e7a vai acolher nos dias 1 e 2 de abril, a final do Corta-Mato Escolar.\" \/>\n<meta name=\"robots\" content=\"index, follow, max-snippet:-1, max-image-preview:large, max-video-preview:-1\" \/>\n<link rel=\"canonical\" href=\"https:\/\/www.altominho.tv\/site\/2022\/03\/29\/valenca-desporto-escolar\/\" \/>\n<meta property=\"og:locale\" content=\"pt_PT\" \/>\n<meta property=\"og:type\" content=\"article\" \/>\n<meta property=\"og:title\" content=\"Valen\u00e7a acolhe final do Corta-Mato Escolar\" \/>\n<meta property=\"og:description\" content=\"Valen\u00e7a vai acolher nos dias 1 e 2 de abril, a final do Corta-Mato Escolar.\" \/>\n<meta property=\"og:url\" content=\"https:\/\/www.altominho.tv\/site\/2022\/03\/29\/valenca-desporto-escolar\/\" \/>\n<meta property=\"og:site_name\" content=\"Altominho.tv\" \/>\n<meta property=\"article:publisher\" content=\"https:\/\/www.facebook.com\/altominhotv\" \/>\n<meta property=\"article:published_time\" content=\"2022-03-29T11:20:29+00:00\" \/>\n<meta property=\"article:modified_time\" content=\"2022-03-29T11:20:34+00:00\" \/>\n<meta property=\"og:image\" content=\"https:\/\/www.altominho.tv\/site\/wp-content\/uploads\/2022\/03\/corta-mato.jpg\" \/>\n\t<meta property=\"og:image:width\" content=\"800\" \/>\n\t<meta property=\"og:image:height\" content=\"568\" \/>\n\t<meta property=\"og:image:type\" content=\"image\/jpeg\" \/>\n<meta name=\"author\" content=\"Andreia Cunha\" \/>\n<meta name=\"twitter:card\" content=\"summary_large_image\" \/>\n<meta name=\"twitter:creator\" content=\"@altominhoTV\" \/>\n<meta name=\"twitter:site\" content=\"@altominhoTV\" \/>\n<meta name=\"twitter:label1\" content=\"Escrito por\" \/>\n\t<meta name=\"twitter:data1\" content=\"Andreia Cunha\" \/>\n\t<meta name=\"twitter:label2\" content=\"Tempo estimado de leitura\" \/>\n\t<meta name=\"twitter:data2\" content=\"2 minutos\" \/>\n<script type=\"application\/ld+json\" class=\"yoast-schema-graph\">{\"@context\":\"https:\\\/\\\/schema.org\",\"@graph\":[{\"@type\":\"Article\",\"@id\":\"https:\\\/\\\/www.altominho.tv\\\/site\\\/2022\\\/03\\\/29\\\/valenca-desporto-escolar\\\/#article\",\"isPartOf\":{\"@id\":\"https:\\\/\\\/www.altominho.tv\\\/site\\\/2022\\\/03\\\/29\\\/valenca-desporto-escolar\\\/\"},\"author\":{\"name\":\"Andreia Cunha\",\"@id\":\"https:\\\/\\\/www.altominho.tv\\\/site\\\/#\\\/schema\\\/person\\\/a0e4ef6d041f98ca284393d8f1d97153\"},\"headline\":\"Valen\u00e7a acolhe final do Corta-Mato Escolar\",\"datePublished\":\"2022-03-29T11:20:29+00:00\",\"dateModified\":\"2022-03-29T11:20:34+00:00\",\"mainEntityOfPage\":{\"@id\":\"https:\\\/\\\/www.altominho.tv\\\/site\\\/2022\\\/03\\\/29\\\/valenca-desporto-escolar\\\/\"},\"wordCount\":376,\"image\":{\"@id\":\"https:\\\/\\\/www.altominho.tv\\\/site\\\/2022\\\/03\\\/29\\\/valenca-desporto-escolar\\\/#primaryimage\"},\"thumbnailUrl\":\"https:\\\/\\\/www.altominho.tv\\\/site\\\/wp-content\\\/uploads\\\/2022\\\/03\\\/corta-mato.jpg\",\"keywords\":[\"Desporto\"],\"articleSection\":[\"Valen\u00e7a\"],\"inLanguage\":\"pt-PT\",\"copyrightYear\":\"2022\",\"copyrightHolder\":{\"@id\":\"https:\\\/\\\/www.altominho.tv\\\/site\\\/#organization\"}},{\"@type\":\"WebPage\",\"@id\":\"https:\\\/\\\/www.altominho.tv\\\/site\\\/2022\\\/03\\\/29\\\/valenca-desporto-escolar\\\/\",\"url\":\"https:\\\/\\\/www.altominho.tv\\\/site\\\/2022\\\/03\\\/29\\\/valenca-desporto-escolar\\\/\",\"name\":\"Valen\u00e7a acolhe final do Corta-Mato Escolar\",\"isPartOf\":{\"@id\":\"https:\\\/\\\/www.altominho.tv\\\/site\\\/#website\"},\"primaryImageOfPage\":{\"@id\":\"https:\\\/\\\/www.altominho.tv\\\/site\\\/2022\\\/03\\\/29\\\/valenca-desporto-escolar\\\/#primaryimage\"},\"image\":{\"@id\":\"https:\\\/\\\/www.altominho.tv\\\/site\\\/2022\\\/03\\\/29\\\/valenca-desporto-escolar\\\/#primaryimage\"},\"thumbnailUrl\":\"https:\\\/\\\/www.altominho.tv\\\/site\\\/wp-content\\\/uploads\\\/2022\\\/03\\\/corta-mato.jpg\",\"datePublished\":\"2022-03-29T11:20:29+00:00\",\"dateModified\":\"2022-03-29T11:20:34+00:00\",\"author\":{\"@id\":\"https:\\\/\\\/www.altominho.tv\\\/site\\\/#\\\/schema\\\/person\\\/a0e4ef6d041f98ca284393d8f1d97153\"},\"description\":\"Valen\u00e7a vai acolher nos dias 1 e 2 de abril, a final do Corta-Mato Escolar.\",\"breadcrumb\":{\"@id\":\"https:\\\/\\\/www.altominho.tv\\\/site\\\/2022\\\/03\\\/29\\\/valenca-desporto-escolar\\\/#breadcrumb\"},\"inLanguage\":\"pt-PT\",\"potentialAction\":[{\"@type\":\"ReadAction\",\"target\":[\"https:\\\/\\\/www.altominho.tv\\\/site\\\/2022\\\/03\\\/29\\\/valenca-desporto-escolar\\\/\"]}]},{\"@type\":\"ImageObject\",\"inLanguage\":\"pt-PT\",\"@id\":\"https:\\\/\\\/www.altominho.tv\\\/site\\\/2022\\\/03\\\/29\\\/valenca-desporto-escolar\\\/#primaryimage\",\"url\":\"https:\\\/\\\/www.altominho.tv\\\/site\\\/wp-content\\\/uploads\\\/2022\\\/03\\\/corta-mato.jpg\",\"contentUrl\":\"https:\\\/\\\/www.altominho.tv\\\/site\\\/wp-content\\\/uploads\\\/2022\\\/03\\\/corta-mato.jpg\",\"width\":800,\"height\":568},{\"@type\":\"BreadcrumbList\",\"@id\":\"https:\\\/\\\/www.altominho.tv\\\/site\\\/2022\\\/03\\\/29\\\/valenca-desporto-escolar\\\/#breadcrumb\",\"itemListElement\":[{\"@type\":\"ListItem\",\"position\":1,\"name\":\"In\u00edcio\",\"item\":\"https:\\\/\\\/www.altominho.tv\\\/site\\\/\"},{\"@type\":\"ListItem\",\"position\":2,\"name\":\"Valen\u00e7a acolhe final do Corta-Mato Escolar\"}]},{\"@type\":\"WebSite\",\"@id\":\"https:\\\/\\\/www.altominho.tv\\\/site\\\/#website\",\"url\":\"https:\\\/\\\/www.altominho.tv\\\/site\\\/\",\"name\":\"Altominho.tv\",\"description\":\"A sua regi\u00e3o \u00e0 dist\u00e2ncia de um clique...\",\"potentialAction\":[{\"@type\":\"SearchAction\",\"target\":{\"@type\":\"EntryPoint\",\"urlTemplate\":\"https:\\\/\\\/www.altominho.tv\\\/site\\\/?s={search_term_string}\"},\"query-input\":{\"@type\":\"PropertyValueSpecification\",\"valueRequired\":true,\"valueName\":\"search_term_string\"}}],\"inLanguage\":\"pt-PT\"},{\"@type\":\"Person\",\"@id\":\"https:\\\/\\\/www.altominho.tv\\\/site\\\/#\\\/schema\\\/person\\\/a0e4ef6d041f98ca284393d8f1d97153\",\"name\":\"Andreia Cunha\",\"image\":{\"@type\":\"ImageObject\",\"inLanguage\":\"pt-PT\",\"@id\":\"https:\\\/\\\/www.altominho.tv\\\/site\\\/wp-content\\\/uploads\\\/2017\\\/11\\\/Andreia_Cunha-1-150x150.jpg\",\"url\":\"https:\\\/\\\/www.altominho.tv\\\/site\\\/wp-content\\\/uploads\\\/2017\\\/11\\\/Andreia_Cunha-1-150x150.jpg\",\"contentUrl\":\"https:\\\/\\\/www.altominho.tv\\\/site\\\/wp-content\\\/uploads\\\/2017\\\/11\\\/Andreia_Cunha-1-150x150.jpg\",\"caption\":\"Andreia Cunha\"},\"url\":\"https:\\\/\\\/www.altominho.tv\\\/site\\\/author\\\/andreiacunha\\\/\"}]}<\/script>\n<!-- \/ Yoast SEO Premium plugin. -->","yoast_head_json":{"title":"Valen\u00e7a acolhe final do Corta-Mato Escolar","description":"Valen\u00e7a vai acolher nos dias 1 e 2 de abril, a final do Corta-Mato Escolar.","robots":{"index":"index","follow":"follow","max-snippet":"max-snippet:-1","max-image-preview":"max-image-preview:large","max-video-preview":"max-video-preview:-1"},"canonical":"https:\/\/www.altominho.tv\/site\/2022\/03\/29\/valenca-desporto-escolar\/","og_locale":"pt_PT","og_type":"article","og_title":"Valen\u00e7a acolhe final do Corta-Mato Escolar","og_description":"Valen\u00e7a vai acolher nos dias 1 e 2 de abril, a final do Corta-Mato Escolar.","og_url":"https:\/\/www.altominho.tv\/site\/2022\/03\/29\/valenca-desporto-escolar\/","og_site_name":"Altominho.tv","article_publisher":"https:\/\/www.facebook.com\/altominhotv","article_published_time":"2022-03-29T11:20:29+00:00","article_modified_time":"2022-03-29T11:20:34+00:00","og_image":[{"width":800,"height":568,"url":"https:\/\/www.altominho.tv\/site\/wp-content\/uploads\/2022\/03\/corta-mato.jpg","type":"image\/jpeg"}],"author":"Andreia Cunha","twitter_card":"summary_large_image","twitter_creator":"@altominhoTV","twitter_site":"@altominhoTV","twitter_misc":{"Escrito por":"Andreia Cunha","Tempo estimado de leitura":"2 minutos"},"schema":{"@context":"https:\/\/schema.org","@graph":[{"@type":"Article","@id":"https:\/\/www.altominho.tv\/site\/2022\/03\/29\/valenca-desporto-escolar\/#article","isPartOf":{"@id":"https:\/\/www.altominho.tv\/site\/2022\/03\/29\/valenca-desporto-escolar\/"},"author":{"name":"Andreia Cunha","@id":"https:\/\/www.altominho.tv\/site\/#\/schema\/person\/a0e4ef6d041f98ca284393d8f1d97153"},"headline":"Valen\u00e7a acolhe final do Corta-Mato Escolar","datePublished":"2022-03-29T11:20:29+00:00","dateModified":"2022-03-29T11:20:34+00:00","mainEntityOfPage":{"@id":"https:\/\/www.altominho.tv\/site\/2022\/03\/29\/valenca-desporto-escolar\/"},"wordCount":376,"image":{"@id":"https:\/\/www.altominho.tv\/site\/2022\/03\/29\/valenca-desporto-escolar\/#primaryimage"},"thumbnailUrl":"https:\/\/www.altominho.tv\/site\/wp-content\/uploads\/2022\/03\/corta-mato.jpg","keywords":["Desporto"],"articleSection":["Valen\u00e7a"],"inLanguage":"pt-PT","copyrightYear":"2022","copyrightHolder":{"@id":"https:\/\/www.altominho.tv\/site\/#organization"}},{"@type":"WebPage","@id":"https:\/\/www.altominho.tv\/site\/2022\/03\/29\/valenca-desporto-escolar\/","url":"https:\/\/www.altominho.tv\/site\/2022\/03\/29\/valenca-desporto-escolar\/","name":"Valen\u00e7a acolhe final do Corta-Mato Escolar","isPartOf":{"@id":"https:\/\/www.altominho.tv\/site\/#website"},"primaryImageOfPage":{"@id":"https:\/\/www.altominho.tv\/site\/2022\/03\/29\/valenca-desporto-escolar\/#primaryimage"},"image":{"@id":"https:\/\/www.altominho.tv\/site\/2022\/03\/29\/valenca-desporto-escolar\/#primaryimage"},"thumbnailUrl":"https:\/\/www.altominho.tv\/site\/wp-content\/uploads\/2022\/03\/corta-mato.jpg","datePublished":"2022-03-29T11:20:29+00:00","dateModified":"2022-03-29T11:20:34+00:00","author":{"@id":"https:\/\/www.altominho.tv\/site\/#\/schema\/person\/a0e4ef6d041f98ca284393d8f1d97153"},"description":"Valen\u00e7a vai acolher nos dias 1 e 2 de abril, a final do Corta-Mato Escolar.","breadcrumb":{"@id":"https:\/\/www.altominho.tv\/site\/2022\/03\/29\/valenca-desporto-escolar\/#breadcrumb"},"inLanguage":"pt-PT","potentialAction":[{"@type":"ReadAction","target":["https:\/\/www.altominho.tv\/site\/2022\/03\/29\/valenca-desporto-escolar\/"]}]},{"@type":"ImageObject","inLanguage":"pt-PT","@id":"https:\/\/www.altominho.tv\/site\/2022\/03\/29\/valenca-desporto-escolar\/#primaryimage","url":"https:\/\/www.altominho.tv\/site\/wp-content\/uploads\/2022\/03\/corta-mato.jpg","contentUrl":"https:\/\/www.altominho.tv\/site\/wp-content\/uploads\/2022\/03\/corta-mato.jpg","width":800,"height":568},{"@type":"BreadcrumbList","@id":"https:\/\/www.altominho.tv\/site\/2022\/03\/29\/valenca-desporto-escolar\/#breadcrumb","itemListElement":[{"@type":"ListItem","position":1,"name":"In\u00edcio","item":"https:\/\/www.altominho.tv\/site\/"},{"@type":"ListItem","position":2,"name":"Valen\u00e7a acolhe final do Corta-Mato Escolar"}]},{"@type":"WebSite","@id":"https:\/\/www.altominho.tv\/site\/#website","url":"https:\/\/www.altominho.tv\/site\/","name":"Altominho.tv","description":"A sua regi\u00e3o \u00e0 dist\u00e2ncia de um clique...","potentialAction":[{"@type":"SearchAction","target":{"@type":"EntryPoint","urlTemplate":"https:\/\/www.altominho.tv\/site\/?s={search_term_string}"},"query-input":{"@type":"PropertyValueSpecification","valueRequired":true,"valueName":"search_term_string"}}],"inLanguage":"pt-PT"},{"@type":"Person","@id":"https:\/\/www.altominho.tv\/site\/#\/schema\/person\/a0e4ef6d041f98ca284393d8f1d97153","name":"Andreia Cunha","image":{"@type":"ImageObject","inLanguage":"pt-PT","@id":"https:\/\/www.altominho.tv\/site\/wp-content\/uploads\/2017\/11\/Andreia_Cunha-1-150x150.jpg","url":"https:\/\/www.altominho.tv\/site\/wp-content\/uploads\/2017\/11\/Andreia_Cunha-1-150x150.jpg","contentUrl":"https:\/\/www.altominho.tv\/site\/wp-content\/uploads\/2017\/11\/Andreia_Cunha-1-150x150.jpg","caption":"Andreia Cunha"},"url":"https:\/\/www.altominho.tv\/site\/author\/andreiacunha\/"}]}},"_links":{"self":[{"href":"https:\/\/www.altominho.tv\/site\/wp-json\/wp\/v2\/posts\/78378","targetHints":{"allow":["GET"]}}],"collection":[{"href":"https:\/\/www.altominho.tv\/site\/wp-json\/wp\/v2\/posts"}],"about":[{"href":"https:\/\/www.altominho.tv\/site\/wp-json\/wp\/v2\/types\/post"}],"author":[{"embeddable":true,"href":"https:\/\/www.altominho.tv\/site\/wp-json\/wp\/v2\/users\/7"}],"replies":[{"embeddable":true,"href":"https:\/\/www.altominho.tv\/site\/wp-json\/wp\/v2\/comments?post=78378"}],"version-history":[{"count":0,"href":"https:\/\/www.altominho.tv\/site\/wp-json\/wp\/v2\/posts\/78378\/revisions"}],"wp:featuredmedia":[{"embeddable":true,"href":"https:\/\/www.altominho.tv\/site\/wp-json\/wp\/v2\/media\/78379"}],"wp:attachment":[{"href":"https:\/\/www.altominho.tv\/site\/wp-json\/wp\/v2\/media?parent=78378"}],"wp:term":[{"taxonomy":"category","embeddable":true,"href":"https:\/\/www.altominho.tv\/site\/wp-json\/wp\/v2\/categories?post=78378"},{"taxonomy":"post_tag","embeddable":true,"href":"https:\/\/www.altominho.tv\/site\/wp-json\/wp\/v2\/tags?post=78378"}],"curies":[{"name":"wp","href":"https:\/\/api.w.org\/{rel}","templated":true}]}}