{"id":78351,"date":"2022-03-29T10:28:02","date_gmt":"2022-03-29T09:28:02","guid":{"rendered":"https:\/\/www.altominho.tv\/site\/?p=78351"},"modified":"2022-03-29T10:57:47","modified_gmt":"2022-03-29T09:57:47","slug":"by-moncao-disponibiliza-visitas-guiadas-noturnas","status":"publish","type":"post","link":"https:\/\/www.altominho.tv\/site\/2022\/03\/29\/by-moncao-disponibiliza-visitas-guiadas-noturnas\/","title":{"rendered":"By Mon\u00e7\u00e3o disponibiliza visitas guiadas noturnas"},"content":{"rendered":"\n<p class=\"wp-block-paragraph\">O projeto &#8220;ByMon\u00e7\u00e3o&#8221;, criado em Novembro de 2020, disponibiliza agora visitas guiadas noturnas.<\/p>\n\n\n\n<p class=\"wp-block-paragraph\">O projeto de anima\u00e7\u00e3o tur\u00edstica&nbsp;tem v\u00e1rias vertentes, disponibilizando tours personalizados, visitas guiadas, degusta\u00e7\u00f5es de produtos regionais e anima\u00e7\u00e3o musical. <\/p>\n\n\n\n<p class=\"wp-block-paragraph\">A equipa afirma que &#8220;ao longo deste projeto, assumimos&nbsp;um compromisso de promover o que de melhor a regi\u00e3o tem para oferecer&#8221;.<\/p>\n\n\n\n<p class=\"wp-block-paragraph\">O grande objetivo do projeto \u00e9 levar as pessoas at\u00e9 Mon\u00e7\u00e3o e proporcionar-lhes diferentes experi\u00eancias.<\/p>\n\n\n\n<p class=\"wp-block-paragraph\">As visitas noturnas acompanhadas por um guia s\u00e3o a mais recente atra\u00e7\u00e3o.<\/p>\n\n\n\n<p class=\"wp-block-paragraph\">Estas visitas j\u00e1 come\u00e7aram e passam pelos locais mais emblem\u00e1ticos de Mon\u00e7\u00e3o. Do programa faz parte ainda um espet\u00e1culo de queimada galega.<\/p>\n\n\n\n<figure class=\"wp-block-image size-large\"><img loading=\"lazy\" decoding=\"async\" width=\"1024\" height=\"576\" src=\"https:\/\/www.altominho.tv\/site\/wp-content\/uploads\/2022\/03\/monc\u0327a\u0303o-1-1024x576.jpg\" alt=\"\" class=\"wp-image-78357\" srcset=\"https:\/\/www.altominho.tv\/site\/wp-content\/uploads\/2022\/03\/monc\u0327a\u0303o-1-1024x576.jpg 1024w, https:\/\/www.altominho.tv\/site\/wp-content\/uploads\/2022\/03\/monc\u0327a\u0303o-1-770x433.jpg 770w, https:\/\/www.altominho.tv\/site\/wp-content\/uploads\/2022\/03\/monc\u0327a\u0303o-1-768x432.jpg 768w, https:\/\/www.altominho.tv\/site\/wp-content\/uploads\/2022\/03\/monc\u0327a\u0303o-1-1536x864.jpg 1536w, https:\/\/www.altominho.tv\/site\/wp-content\/uploads\/2022\/03\/monc\u0327a\u0303o-1-370x208.jpg 370w, https:\/\/www.altominho.tv\/site\/wp-content\/uploads\/2022\/03\/monc\u0327a\u0303o-1-270x152.jpg 270w, https:\/\/www.altominho.tv\/site\/wp-content\/uploads\/2022\/03\/monc\u0327a\u0303o-1-570x321.jpg 570w, https:\/\/www.altominho.tv\/site\/wp-content\/uploads\/2022\/03\/monc\u0327a\u0303o-1-740x416.jpg 740w, https:\/\/www.altominho.tv\/site\/wp-content\/uploads\/2022\/03\/monc\u0327a\u0303o-1.jpg 1920w\" sizes=\"auto, (max-width: 1024px) 100vw, 1024px\" \/><\/figure>\n\n\n\n<figure class=\"wp-block-image size-large\"><img loading=\"lazy\" decoding=\"async\" width=\"1024\" height=\"768\" src=\"https:\/\/www.altominho.tv\/site\/wp-content\/uploads\/2022\/03\/monc\u0327a\u0303o-3-1024x768.jpg\" alt=\"\" class=\"wp-image-78358\" srcset=\"https:\/\/www.altominho.tv\/site\/wp-content\/uploads\/2022\/03\/monc\u0327a\u0303o-3-1024x768.jpg 1024w, https:\/\/www.altominho.tv\/site\/wp-content\/uploads\/2022\/03\/monc\u0327a\u0303o-3-577x433.jpg 577w, https:\/\/www.altominho.tv\/site\/wp-content\/uploads\/2022\/03\/monc\u0327a\u0303o-3-768x576.jpg 768w, https:\/\/www.altominho.tv\/site\/wp-content\/uploads\/2022\/03\/monc\u0327a\u0303o-3-1536x1152.jpg 1536w, https:\/\/www.altominho.tv\/site\/wp-content\/uploads\/2022\/03\/monc\u0327a\u0303o-3-370x278.jpg 370w, https:\/\/www.altominho.tv\/site\/wp-content\/uploads\/2022\/03\/monc\u0327a\u0303o-3-270x203.jpg 270w, https:\/\/www.altominho.tv\/site\/wp-content\/uploads\/2022\/03\/monc\u0327a\u0303o-3-570x428.jpg 570w, https:\/\/www.altominho.tv\/site\/wp-content\/uploads\/2022\/03\/monc\u0327a\u0303o-3-740x555.jpg 740w, https:\/\/www.altominho.tv\/site\/wp-content\/uploads\/2022\/03\/monc\u0327a\u0303o-3-80x60.jpg 80w, https:\/\/www.altominho.tv\/site\/wp-content\/uploads\/2022\/03\/monc\u0327a\u0303o-3.jpg 1824w\" sizes=\"auto, (max-width: 1024px) 100vw, 1024px\" \/><\/figure>\n","protected":false},"excerpt":{"rendered":"<p>O projeto &#8220;ByMon\u00e7\u00e3o&#8221;, criado em Novembro de 2020, disponibiliza agora visitas guiadas noturnas. O projeto de anima\u00e7\u00e3o tur\u00edstica&nbsp;tem v\u00e1rias vertentes, disponibilizando tours personalizados, visitas guiadas, degusta\u00e7\u00f5es de produtos regionais e anima\u00e7\u00e3o musical. A equipa afirma que &#8220;ao longo deste projeto, assumimos&nbsp;um compromisso de promover o que de melhor a regi\u00e3o tem para oferecer&#8221;. O grande [&hellip;]<\/p>\n","protected":false},"author":7,"featured_media":78355,"comment_status":"closed","ping_status":"closed","sticky":false,"template":"","format":"standard","meta":{"_exactmetrics_skip_tracking":false,"footnotes":""},"categories":[9],"tags":[27],"class_list":["post-78351","post","type-post","status-publish","format-standard","has-post-thumbnail","hentry","category-moncao","tag-sociedade"],"yoast_head":"<!-- This site is optimized with the Yoast SEO Premium plugin v28.3 (Yoast SEO v28.3) - https:\/\/yoast.com\/product\/yoast-seo-premium-wordpress\/ -->\n<title>By Mon\u00e7\u00e3o disponibiliza visitas guiadas noturnas<\/title>\n<meta name=\"description\" content=\"O projeto &quot;By Mon\u00e7\u00e3o&quot; disponibiliza agora visitas guiadas noturnas com uma queimada galega. As visitas passam por v\u00e1rios locais do concelho.\" \/>\n<meta name=\"robots\" content=\"index, follow, max-snippet:-1, max-image-preview:large, max-video-preview:-1\" \/>\n<link rel=\"canonical\" href=\"https:\/\/www.altominho.tv\/site\/2022\/03\/29\/by-moncao-disponibiliza-visitas-guiadas-noturnas\/\" \/>\n<meta property=\"og:locale\" content=\"pt_PT\" \/>\n<meta property=\"og:type\" content=\"article\" \/>\n<meta property=\"og:title\" content=\"By Mon\u00e7\u00e3o disponibiliza visitas guiadas noturnas\" \/>\n<meta property=\"og:description\" content=\"O projeto &quot;By Mon\u00e7\u00e3o&quot; disponibiliza agora visitas guiadas noturnas com uma queimada galega. As visitas passam por v\u00e1rios locais do concelho.\" \/>\n<meta property=\"og:url\" content=\"https:\/\/www.altominho.tv\/site\/2022\/03\/29\/by-moncao-disponibiliza-visitas-guiadas-noturnas\/\" \/>\n<meta property=\"og:site_name\" content=\"Altominho.tv\" \/>\n<meta property=\"article:publisher\" content=\"https:\/\/www.facebook.com\/altominhotv\" \/>\n<meta property=\"article:published_time\" content=\"2022-03-29T09:28:02+00:00\" \/>\n<meta property=\"article:modified_time\" content=\"2022-03-29T09:57:47+00:00\" \/>\n<meta property=\"og:image\" content=\"https:\/\/www.altominho.tv\/site\/wp-content\/uploads\/2022\/03\/by-monc\u0327a\u0303o-visitas.jpg\" \/>\n\t<meta property=\"og:image:width\" content=\"1824\" \/>\n\t<meta property=\"og:image:height\" content=\"1368\" \/>\n\t<meta property=\"og:image:type\" content=\"image\/jpeg\" \/>\n<meta name=\"author\" content=\"Andreia Cunha\" \/>\n<meta name=\"twitter:card\" content=\"summary_large_image\" \/>\n<meta name=\"twitter:creator\" content=\"@altominhoTV\" \/>\n<meta name=\"twitter:site\" content=\"@altominhoTV\" \/>\n<meta name=\"twitter:label1\" content=\"Escrito por\" \/>\n\t<meta name=\"twitter:data1\" content=\"Andreia Cunha\" \/>\n\t<meta name=\"twitter:label2\" content=\"Tempo estimado de leitura\" \/>\n\t<meta name=\"twitter:data2\" content=\"1 minuto\" \/>\n<script type=\"application\/ld+json\" class=\"yoast-schema-graph\">{\"@context\":\"https:\\\/\\\/schema.org\",\"@graph\":[{\"@type\":\"Article\",\"@id\":\"https:\\\/\\\/www.altominho.tv\\\/site\\\/2022\\\/03\\\/29\\\/by-moncao-disponibiliza-visitas-guiadas-noturnas\\\/#article\",\"isPartOf\":{\"@id\":\"https:\\\/\\\/www.altominho.tv\\\/site\\\/2022\\\/03\\\/29\\\/by-moncao-disponibiliza-visitas-guiadas-noturnas\\\/\"},\"author\":{\"name\":\"Andreia Cunha\",\"@id\":\"https:\\\/\\\/www.altominho.tv\\\/site\\\/#\\\/schema\\\/person\\\/a0e4ef6d041f98ca284393d8f1d97153\"},\"headline\":\"By Mon\u00e7\u00e3o disponibiliza visitas guiadas noturnas\",\"datePublished\":\"2022-03-29T09:28:02+00:00\",\"dateModified\":\"2022-03-29T09:57:47+00:00\",\"mainEntityOfPage\":{\"@id\":\"https:\\\/\\\/www.altominho.tv\\\/site\\\/2022\\\/03\\\/29\\\/by-moncao-disponibiliza-visitas-guiadas-noturnas\\\/\"},\"wordCount\":126,\"image\":{\"@id\":\"https:\\\/\\\/www.altominho.tv\\\/site\\\/2022\\\/03\\\/29\\\/by-moncao-disponibiliza-visitas-guiadas-noturnas\\\/#primaryimage\"},\"thumbnailUrl\":\"https:\\\/\\\/www.altominho.tv\\\/site\\\/wp-content\\\/uploads\\\/2022\\\/03\\\/by-monc\u0327a\u0303o-visitas.jpg\",\"keywords\":[\"Sociedade\"],\"articleSection\":[\"Mon\u00e7\u00e3o\"],\"inLanguage\":\"pt-PT\",\"copyrightYear\":\"2022\",\"copyrightHolder\":{\"@id\":\"https:\\\/\\\/www.altominho.tv\\\/site\\\/#organization\"}},{\"@type\":\"WebPage\",\"@id\":\"https:\\\/\\\/www.altominho.tv\\\/site\\\/2022\\\/03\\\/29\\\/by-moncao-disponibiliza-visitas-guiadas-noturnas\\\/\",\"url\":\"https:\\\/\\\/www.altominho.tv\\\/site\\\/2022\\\/03\\\/29\\\/by-moncao-disponibiliza-visitas-guiadas-noturnas\\\/\",\"name\":\"By Mon\u00e7\u00e3o disponibiliza visitas guiadas noturnas\",\"isPartOf\":{\"@id\":\"https:\\\/\\\/www.altominho.tv\\\/site\\\/#website\"},\"primaryImageOfPage\":{\"@id\":\"https:\\\/\\\/www.altominho.tv\\\/site\\\/2022\\\/03\\\/29\\\/by-moncao-disponibiliza-visitas-guiadas-noturnas\\\/#primaryimage\"},\"image\":{\"@id\":\"https:\\\/\\\/www.altominho.tv\\\/site\\\/2022\\\/03\\\/29\\\/by-moncao-disponibiliza-visitas-guiadas-noturnas\\\/#primaryimage\"},\"thumbnailUrl\":\"https:\\\/\\\/www.altominho.tv\\\/site\\\/wp-content\\\/uploads\\\/2022\\\/03\\\/by-monc\u0327a\u0303o-visitas.jpg\",\"datePublished\":\"2022-03-29T09:28:02+00:00\",\"dateModified\":\"2022-03-29T09:57:47+00:00\",\"author\":{\"@id\":\"https:\\\/\\\/www.altominho.tv\\\/site\\\/#\\\/schema\\\/person\\\/a0e4ef6d041f98ca284393d8f1d97153\"},\"description\":\"O projeto \\\"By Mon\u00e7\u00e3o\\\" disponibiliza agora visitas guiadas noturnas com uma queimada galega. As visitas passam por v\u00e1rios locais do concelho.\",\"breadcrumb\":{\"@id\":\"https:\\\/\\\/www.altominho.tv\\\/site\\\/2022\\\/03\\\/29\\\/by-moncao-disponibiliza-visitas-guiadas-noturnas\\\/#breadcrumb\"},\"inLanguage\":\"pt-PT\",\"potentialAction\":[{\"@type\":\"ReadAction\",\"target\":[\"https:\\\/\\\/www.altominho.tv\\\/site\\\/2022\\\/03\\\/29\\\/by-moncao-disponibiliza-visitas-guiadas-noturnas\\\/\"]}]},{\"@type\":\"ImageObject\",\"inLanguage\":\"pt-PT\",\"@id\":\"https:\\\/\\\/www.altominho.tv\\\/site\\\/2022\\\/03\\\/29\\\/by-moncao-disponibiliza-visitas-guiadas-noturnas\\\/#primaryimage\",\"url\":\"https:\\\/\\\/www.altominho.tv\\\/site\\\/wp-content\\\/uploads\\\/2022\\\/03\\\/by-monc\u0327a\u0303o-visitas.jpg\",\"contentUrl\":\"https:\\\/\\\/www.altominho.tv\\\/site\\\/wp-content\\\/uploads\\\/2022\\\/03\\\/by-monc\u0327a\u0303o-visitas.jpg\",\"width\":1824,\"height\":1368},{\"@type\":\"BreadcrumbList\",\"@id\":\"https:\\\/\\\/www.altominho.tv\\\/site\\\/2022\\\/03\\\/29\\\/by-moncao-disponibiliza-visitas-guiadas-noturnas\\\/#breadcrumb\",\"itemListElement\":[{\"@type\":\"ListItem\",\"position\":1,\"name\":\"In\u00edcio\",\"item\":\"https:\\\/\\\/www.altominho.tv\\\/site\\\/\"},{\"@type\":\"ListItem\",\"position\":2,\"name\":\"By Mon\u00e7\u00e3o disponibiliza visitas guiadas noturnas\"}]},{\"@type\":\"WebSite\",\"@id\":\"https:\\\/\\\/www.altominho.tv\\\/site\\\/#website\",\"url\":\"https:\\\/\\\/www.altominho.tv\\\/site\\\/\",\"name\":\"Altominho.tv\",\"description\":\"A sua regi\u00e3o \u00e0 dist\u00e2ncia de um clique...\",\"potentialAction\":[{\"@type\":\"SearchAction\",\"target\":{\"@type\":\"EntryPoint\",\"urlTemplate\":\"https:\\\/\\\/www.altominho.tv\\\/site\\\/?s={search_term_string}\"},\"query-input\":{\"@type\":\"PropertyValueSpecification\",\"valueRequired\":true,\"valueName\":\"search_term_string\"}}],\"inLanguage\":\"pt-PT\"},{\"@type\":\"Person\",\"@id\":\"https:\\\/\\\/www.altominho.tv\\\/site\\\/#\\\/schema\\\/person\\\/a0e4ef6d041f98ca284393d8f1d97153\",\"name\":\"Andreia Cunha\",\"image\":{\"@type\":\"ImageObject\",\"inLanguage\":\"pt-PT\",\"@id\":\"https:\\\/\\\/www.altominho.tv\\\/site\\\/wp-content\\\/uploads\\\/2017\\\/11\\\/Andreia_Cunha-1-150x150.jpg\",\"url\":\"https:\\\/\\\/www.altominho.tv\\\/site\\\/wp-content\\\/uploads\\\/2017\\\/11\\\/Andreia_Cunha-1-150x150.jpg\",\"contentUrl\":\"https:\\\/\\\/www.altominho.tv\\\/site\\\/wp-content\\\/uploads\\\/2017\\\/11\\\/Andreia_Cunha-1-150x150.jpg\",\"caption\":\"Andreia Cunha\"},\"url\":\"https:\\\/\\\/www.altominho.tv\\\/site\\\/author\\\/andreiacunha\\\/\"}]}<\/script>\n<!-- \/ Yoast SEO Premium plugin. -->","yoast_head_json":{"title":"By Mon\u00e7\u00e3o disponibiliza visitas guiadas noturnas","description":"O projeto \"By Mon\u00e7\u00e3o\" disponibiliza agora visitas guiadas noturnas com uma queimada galega. As visitas passam por v\u00e1rios locais do concelho.","robots":{"index":"index","follow":"follow","max-snippet":"max-snippet:-1","max-image-preview":"max-image-preview:large","max-video-preview":"max-video-preview:-1"},"canonical":"https:\/\/www.altominho.tv\/site\/2022\/03\/29\/by-moncao-disponibiliza-visitas-guiadas-noturnas\/","og_locale":"pt_PT","og_type":"article","og_title":"By Mon\u00e7\u00e3o disponibiliza visitas guiadas noturnas","og_description":"O projeto \"By Mon\u00e7\u00e3o\" disponibiliza agora visitas guiadas noturnas com uma queimada galega. As visitas passam por v\u00e1rios locais do concelho.","og_url":"https:\/\/www.altominho.tv\/site\/2022\/03\/29\/by-moncao-disponibiliza-visitas-guiadas-noturnas\/","og_site_name":"Altominho.tv","article_publisher":"https:\/\/www.facebook.com\/altominhotv","article_published_time":"2022-03-29T09:28:02+00:00","article_modified_time":"2022-03-29T09:57:47+00:00","og_image":[{"width":1824,"height":1368,"url":"https:\/\/www.altominho.tv\/site\/wp-content\/uploads\/2022\/03\/by-monc\u0327a\u0303o-visitas.jpg","type":"image\/jpeg"}],"author":"Andreia Cunha","twitter_card":"summary_large_image","twitter_creator":"@altominhoTV","twitter_site":"@altominhoTV","twitter_misc":{"Escrito por":"Andreia Cunha","Tempo estimado de leitura":"1 minuto"},"schema":{"@context":"https:\/\/schema.org","@graph":[{"@type":"Article","@id":"https:\/\/www.altominho.tv\/site\/2022\/03\/29\/by-moncao-disponibiliza-visitas-guiadas-noturnas\/#article","isPartOf":{"@id":"https:\/\/www.altominho.tv\/site\/2022\/03\/29\/by-moncao-disponibiliza-visitas-guiadas-noturnas\/"},"author":{"name":"Andreia Cunha","@id":"https:\/\/www.altominho.tv\/site\/#\/schema\/person\/a0e4ef6d041f98ca284393d8f1d97153"},"headline":"By Mon\u00e7\u00e3o disponibiliza visitas guiadas noturnas","datePublished":"2022-03-29T09:28:02+00:00","dateModified":"2022-03-29T09:57:47+00:00","mainEntityOfPage":{"@id":"https:\/\/www.altominho.tv\/site\/2022\/03\/29\/by-moncao-disponibiliza-visitas-guiadas-noturnas\/"},"wordCount":126,"image":{"@id":"https:\/\/www.altominho.tv\/site\/2022\/03\/29\/by-moncao-disponibiliza-visitas-guiadas-noturnas\/#primaryimage"},"thumbnailUrl":"https:\/\/www.altominho.tv\/site\/wp-content\/uploads\/2022\/03\/by-monc\u0327a\u0303o-visitas.jpg","keywords":["Sociedade"],"articleSection":["Mon\u00e7\u00e3o"],"inLanguage":"pt-PT","copyrightYear":"2022","copyrightHolder":{"@id":"https:\/\/www.altominho.tv\/site\/#organization"}},{"@type":"WebPage","@id":"https:\/\/www.altominho.tv\/site\/2022\/03\/29\/by-moncao-disponibiliza-visitas-guiadas-noturnas\/","url":"https:\/\/www.altominho.tv\/site\/2022\/03\/29\/by-moncao-disponibiliza-visitas-guiadas-noturnas\/","name":"By Mon\u00e7\u00e3o disponibiliza visitas guiadas noturnas","isPartOf":{"@id":"https:\/\/www.altominho.tv\/site\/#website"},"primaryImageOfPage":{"@id":"https:\/\/www.altominho.tv\/site\/2022\/03\/29\/by-moncao-disponibiliza-visitas-guiadas-noturnas\/#primaryimage"},"image":{"@id":"https:\/\/www.altominho.tv\/site\/2022\/03\/29\/by-moncao-disponibiliza-visitas-guiadas-noturnas\/#primaryimage"},"thumbnailUrl":"https:\/\/www.altominho.tv\/site\/wp-content\/uploads\/2022\/03\/by-monc\u0327a\u0303o-visitas.jpg","datePublished":"2022-03-29T09:28:02+00:00","dateModified":"2022-03-29T09:57:47+00:00","author":{"@id":"https:\/\/www.altominho.tv\/site\/#\/schema\/person\/a0e4ef6d041f98ca284393d8f1d97153"},"description":"O projeto \"By Mon\u00e7\u00e3o\" disponibiliza agora visitas guiadas noturnas com uma queimada galega. As visitas passam por v\u00e1rios locais do concelho.","breadcrumb":{"@id":"https:\/\/www.altominho.tv\/site\/2022\/03\/29\/by-moncao-disponibiliza-visitas-guiadas-noturnas\/#breadcrumb"},"inLanguage":"pt-PT","potentialAction":[{"@type":"ReadAction","target":["https:\/\/www.altominho.tv\/site\/2022\/03\/29\/by-moncao-disponibiliza-visitas-guiadas-noturnas\/"]}]},{"@type":"ImageObject","inLanguage":"pt-PT","@id":"https:\/\/www.altominho.tv\/site\/2022\/03\/29\/by-moncao-disponibiliza-visitas-guiadas-noturnas\/#primaryimage","url":"https:\/\/www.altominho.tv\/site\/wp-content\/uploads\/2022\/03\/by-monc\u0327a\u0303o-visitas.jpg","contentUrl":"https:\/\/www.altominho.tv\/site\/wp-content\/uploads\/2022\/03\/by-monc\u0327a\u0303o-visitas.jpg","width":1824,"height":1368},{"@type":"BreadcrumbList","@id":"https:\/\/www.altominho.tv\/site\/2022\/03\/29\/by-moncao-disponibiliza-visitas-guiadas-noturnas\/#breadcrumb","itemListElement":[{"@type":"ListItem","position":1,"name":"In\u00edcio","item":"https:\/\/www.altominho.tv\/site\/"},{"@type":"ListItem","position":2,"name":"By Mon\u00e7\u00e3o disponibiliza visitas guiadas noturnas"}]},{"@type":"WebSite","@id":"https:\/\/www.altominho.tv\/site\/#website","url":"https:\/\/www.altominho.tv\/site\/","name":"Altominho.tv","description":"A sua regi\u00e3o \u00e0 dist\u00e2ncia de um clique...","potentialAction":[{"@type":"SearchAction","target":{"@type":"EntryPoint","urlTemplate":"https:\/\/www.altominho.tv\/site\/?s={search_term_string}"},"query-input":{"@type":"PropertyValueSpecification","valueRequired":true,"valueName":"search_term_string"}}],"inLanguage":"pt-PT"},{"@type":"Person","@id":"https:\/\/www.altominho.tv\/site\/#\/schema\/person\/a0e4ef6d041f98ca284393d8f1d97153","name":"Andreia Cunha","image":{"@type":"ImageObject","inLanguage":"pt-PT","@id":"https:\/\/www.altominho.tv\/site\/wp-content\/uploads\/2017\/11\/Andreia_Cunha-1-150x150.jpg","url":"https:\/\/www.altominho.tv\/site\/wp-content\/uploads\/2017\/11\/Andreia_Cunha-1-150x150.jpg","contentUrl":"https:\/\/www.altominho.tv\/site\/wp-content\/uploads\/2017\/11\/Andreia_Cunha-1-150x150.jpg","caption":"Andreia Cunha"},"url":"https:\/\/www.altominho.tv\/site\/author\/andreiacunha\/"}]}},"_links":{"self":[{"href":"https:\/\/www.altominho.tv\/site\/wp-json\/wp\/v2\/posts\/78351","targetHints":{"allow":["GET"]}}],"collection":[{"href":"https:\/\/www.altominho.tv\/site\/wp-json\/wp\/v2\/posts"}],"about":[{"href":"https:\/\/www.altominho.tv\/site\/wp-json\/wp\/v2\/types\/post"}],"author":[{"embeddable":true,"href":"https:\/\/www.altominho.tv\/site\/wp-json\/wp\/v2\/users\/7"}],"replies":[{"embeddable":true,"href":"https:\/\/www.altominho.tv\/site\/wp-json\/wp\/v2\/comments?post=78351"}],"version-history":[{"count":0,"href":"https:\/\/www.altominho.tv\/site\/wp-json\/wp\/v2\/posts\/78351\/revisions"}],"wp:featuredmedia":[{"embeddable":true,"href":"https:\/\/www.altominho.tv\/site\/wp-json\/wp\/v2\/media\/78355"}],"wp:attachment":[{"href":"https:\/\/www.altominho.tv\/site\/wp-json\/wp\/v2\/media?parent=78351"}],"wp:term":[{"taxonomy":"category","embeddable":true,"href":"https:\/\/www.altominho.tv\/site\/wp-json\/wp\/v2\/categories?post=78351"},{"taxonomy":"post_tag","embeddable":true,"href":"https:\/\/www.altominho.tv\/site\/wp-json\/wp\/v2\/tags?post=78351"}],"curies":[{"name":"wp","href":"https:\/\/api.w.org\/{rel}","templated":true}]}}