{"id":78350,"date":"2022-03-29T10:15:28","date_gmt":"2022-03-29T09:15:28","guid":{"rendered":"https:\/\/www.altominho.tv\/site\/?p=78350"},"modified":"2022-03-29T10:18:35","modified_gmt":"2022-03-29T09:18:35","slug":"ciclo-de-polinizacao-distinguido-nos-iberian-festival-awards","status":"publish","type":"post","link":"https:\/\/www.altominho.tv\/site\/2022\/03\/29\/ciclo-de-polinizacao-distinguido-nos-iberian-festival-awards\/","title":{"rendered":"Ciclo de Poliniza\u00e7\u00e3o distinguido nos Iberian Festival Awards"},"content":{"rendered":"<p>O Ciclo de Poliniza\u00e7\u00e3o de Paredes de Coura acaba de ser distinguido com o National Winner da categoria Best Cultural Programme nos Iberian Festival Awards.<\/p>\n<p>Uma distin\u00e7\u00e3o que \u201cdemonstra o trabalho que a C\u00e2mara tem desenvolvido na \u00e1rea da cultura, mas tamb\u00e9m real\u00e7a o papel de Nuno Alves e Ant\u00f3nio Rafael, dos produtores e programadores culturais que trabalham com o Munic\u00edpio\u201d, reconheceu Vitor Paulo Pereira, presidente da C\u00e2mara de Paredes de Coura, para quem para al\u00e9m da import\u00e2ncia dos parceiros da produ\u00e7\u00e3o cultural h\u00e1 tamb\u00e9m uma inequ\u00edvoca aposta de Paredes de Coura nestas \u00e1reas.<\/p>\n<p>\u201cA C\u00e2mara de Paredes de Coura v\u00ea a cultura, a arte e a m\u00fasica como dimens\u00f5es de um projeto educativo que queremos para o nosso territ\u00f3rio\u201d, sublinhou Vitor Paulo Pereira, acrescentando que \u201ca cultura \u00e9 de certo modo uma escola invis\u00edvel de aprofundamento da cidadania\u201d, como s\u00e3o exemplo iniciativas promovidas pelo Munic\u00edpio como a Escola do Rock, Arte em Pe\u00e7as, Lego Fan Weekend, Mundo ao Contr\u00e1rio e o ensino articulado de m\u00fasica, entre outras.<\/p>\n<p>Recorde-se que o Ciclo de Poliniza\u00e7\u00e3o de Paredes de Coura contemplou ao longo de\u00a09 fins de semana, de\u00a0junho a outubro, programas tem\u00e1ticos com m\u00fasica\u00a0cl\u00e1ssica, jazz e tradicional, privilegiando\u00a0tamb\u00e9m atividades ao ar livre como caminhadas e workshops tem\u00e1ticos e art\u00edsticos, que pretendiam aproximar a popula\u00e7\u00e3o local e os visitantes da rela\u00e7\u00e3o com a m\u00fasica e a natureza.<\/p>\n<p>Com esta iniciativa promovida pelo Munic\u00edpio de Paredes de Coura, em parceria com a\u00a0Associa\u00e7\u00e3o Cultural LANDRA,\u00a0Porta-Jazz e a Associa\u00e7\u00e3o Cultural Rock&#8217;n&#8217;Cave, desenvolvida no \u00e2mbito do programa\u00a0Cultura em Rede, procurou-se n\u00e3o s\u00f3 espalhar a m\u00fasica como ve\u00edculo privilegiado da cultura, como tamb\u00e9m ampliar o impacto positivo de atividades musicais na regi\u00e3o e na sua atividade tur\u00edstica.<\/p>\n","protected":false},"excerpt":{"rendered":"<p>O Ciclo de Poliniza\u00e7\u00e3o de Paredes de Coura acaba de ser distinguido com o National Winner da categoria Best Cultural Programme nos Iberian Festival Awards. Uma distin\u00e7\u00e3o que \u201cdemonstra o trabalho que a C\u00e2mara tem desenvolvido na \u00e1rea da cultura, mas tamb\u00e9m real\u00e7a o papel de Nuno Alves e Ant\u00f3nio Rafael, dos produtores e programadores [&hellip;]<\/p>\n","protected":false},"author":1,"featured_media":78352,"comment_status":"closed","ping_status":"closed","sticky":false,"template":"","format":"standard","meta":{"_exactmetrics_skip_tracking":false,"_exactmetrics_sitenote_active":false,"_exactmetrics_sitenote_note":"","_exactmetrics_sitenote_category":0,"footnotes":""},"categories":[10],"tags":[19],"class_list":["post-78350","post","type-post","status-publish","format-standard","has-post-thumbnail","hentry","category-paredes-de-coura","tag-cultura"],"yoast_head":"<!-- This site is optimized with the Yoast SEO Premium plugin v27.4 (Yoast SEO v27.4) - https:\/\/yoast.com\/product\/yoast-seo-premium-wordpress\/ -->\n<title>Ciclo de Poliniza\u00e7\u00e3o distinguido nos Iberian Festival Awards<\/title>\n<meta name=\"description\" content=\"O Ciclo de Poliniza\u00e7\u00e3o de Paredes de Coura acaba e ser distinguido com o National Winner da categoria Best Cultural Programme nos Iberian Festival Awards.\u00a0\" \/>\n<meta name=\"robots\" content=\"index, follow, max-snippet:-1, max-image-preview:large, max-video-preview:-1\" \/>\n<link rel=\"canonical\" href=\"https:\/\/www.altominho.tv\/site\/2022\/03\/29\/ciclo-de-polinizacao-distinguido-nos-iberian-festival-awards\/\" \/>\n<meta property=\"og:locale\" content=\"pt_PT\" \/>\n<meta property=\"og:type\" content=\"article\" \/>\n<meta property=\"og:title\" content=\"Ciclo de Poliniza\u00e7\u00e3o distinguido nos Iberian Festival Awards\" \/>\n<meta property=\"og:description\" content=\"O Ciclo de Poliniza\u00e7\u00e3o de Paredes de Coura acaba e ser distinguido com o National Winner da categoria Best Cultural Programme nos Iberian Festival Awards.\u00a0\" \/>\n<meta property=\"og:url\" content=\"https:\/\/www.altominho.tv\/site\/2022\/03\/29\/ciclo-de-polinizacao-distinguido-nos-iberian-festival-awards\/\" \/>\n<meta property=\"og:site_name\" content=\"Altominho.tv\" \/>\n<meta property=\"article:publisher\" content=\"https:\/\/www.facebook.com\/altominhotv\" \/>\n<meta property=\"article:published_time\" content=\"2022-03-29T09:15:28+00:00\" \/>\n<meta property=\"article:modified_time\" content=\"2022-03-29T09:18:35+00:00\" \/>\n<meta property=\"og:image\" content=\"https:\/\/www.altominho.tv\/site\/wp-content\/uploads\/2022\/03\/Ciclo-de-Polinizacao-de-Paredes-de-Coura_Concerto-The-Guit-Kune-Do_Easy-Resize.com_-e1648545097119.jpg\" \/>\n\t<meta property=\"og:image:width\" content=\"1280\" \/>\n\t<meta property=\"og:image:height\" content=\"819\" \/>\n\t<meta property=\"og:image:type\" content=\"image\/jpeg\" \/>\n<meta name=\"author\" content=\"Altominho.tv\" \/>\n<meta name=\"twitter:card\" content=\"summary_large_image\" \/>\n<meta name=\"twitter:creator\" content=\"@altominhoTV\" \/>\n<meta name=\"twitter:site\" content=\"@altominhoTV\" \/>\n<meta name=\"twitter:label1\" content=\"Escrito por\" \/>\n\t<meta name=\"twitter:data1\" content=\"Altominho.tv\" \/>\n\t<meta name=\"twitter:label2\" content=\"Tempo estimado de leitura\" \/>\n\t<meta name=\"twitter:data2\" content=\"2 minutos\" \/>\n<script type=\"application\/ld+json\" class=\"yoast-schema-graph\">{\"@context\":\"https:\\\/\\\/schema.org\",\"@graph\":[{\"@type\":\"Article\",\"@id\":\"https:\\\/\\\/www.altominho.tv\\\/site\\\/2022\\\/03\\\/29\\\/ciclo-de-polinizacao-distinguido-nos-iberian-festival-awards\\\/#article\",\"isPartOf\":{\"@id\":\"https:\\\/\\\/www.altominho.tv\\\/site\\\/2022\\\/03\\\/29\\\/ciclo-de-polinizacao-distinguido-nos-iberian-festival-awards\\\/\"},\"author\":{\"name\":\"Altominho.tv\",\"@id\":\"https:\\\/\\\/www.altominho.tv\\\/site\\\/#\\\/schema\\\/person\\\/4e536851627d7914baf3dac752b6af22\"},\"headline\":\"Ciclo de Poliniza\u00e7\u00e3o distinguido nos Iberian Festival Awards\",\"datePublished\":\"2022-03-29T09:15:28+00:00\",\"dateModified\":\"2022-03-29T09:18:35+00:00\",\"mainEntityOfPage\":{\"@id\":\"https:\\\/\\\/www.altominho.tv\\\/site\\\/2022\\\/03\\\/29\\\/ciclo-de-polinizacao-distinguido-nos-iberian-festival-awards\\\/\"},\"wordCount\":335,\"image\":{\"@id\":\"https:\\\/\\\/www.altominho.tv\\\/site\\\/2022\\\/03\\\/29\\\/ciclo-de-polinizacao-distinguido-nos-iberian-festival-awards\\\/#primaryimage\"},\"thumbnailUrl\":\"https:\\\/\\\/www.altominho.tv\\\/site\\\/wp-content\\\/uploads\\\/2022\\\/03\\\/Ciclo-de-Polinizacao-de-Paredes-de-Coura_Concerto-The-Guit-Kune-Do_Easy-Resize.com_-e1648545097119.jpg\",\"keywords\":[\"Cultura\"],\"articleSection\":[\"Paredes de Coura\"],\"inLanguage\":\"pt-PT\",\"copyrightYear\":\"2022\",\"copyrightHolder\":{\"@id\":\"https:\\\/\\\/www.altominho.tv\\\/site\\\/#organization\"}},{\"@type\":\"WebPage\",\"@id\":\"https:\\\/\\\/www.altominho.tv\\\/site\\\/2022\\\/03\\\/29\\\/ciclo-de-polinizacao-distinguido-nos-iberian-festival-awards\\\/\",\"url\":\"https:\\\/\\\/www.altominho.tv\\\/site\\\/2022\\\/03\\\/29\\\/ciclo-de-polinizacao-distinguido-nos-iberian-festival-awards\\\/\",\"name\":\"Ciclo de Poliniza\u00e7\u00e3o distinguido nos Iberian Festival Awards\",\"isPartOf\":{\"@id\":\"https:\\\/\\\/www.altominho.tv\\\/site\\\/#website\"},\"primaryImageOfPage\":{\"@id\":\"https:\\\/\\\/www.altominho.tv\\\/site\\\/2022\\\/03\\\/29\\\/ciclo-de-polinizacao-distinguido-nos-iberian-festival-awards\\\/#primaryimage\"},\"image\":{\"@id\":\"https:\\\/\\\/www.altominho.tv\\\/site\\\/2022\\\/03\\\/29\\\/ciclo-de-polinizacao-distinguido-nos-iberian-festival-awards\\\/#primaryimage\"},\"thumbnailUrl\":\"https:\\\/\\\/www.altominho.tv\\\/site\\\/wp-content\\\/uploads\\\/2022\\\/03\\\/Ciclo-de-Polinizacao-de-Paredes-de-Coura_Concerto-The-Guit-Kune-Do_Easy-Resize.com_-e1648545097119.jpg\",\"datePublished\":\"2022-03-29T09:15:28+00:00\",\"dateModified\":\"2022-03-29T09:18:35+00:00\",\"author\":{\"@id\":\"https:\\\/\\\/www.altominho.tv\\\/site\\\/#\\\/schema\\\/person\\\/4e536851627d7914baf3dac752b6af22\"},\"description\":\"O Ciclo de Poliniza\u00e7\u00e3o de Paredes de Coura acaba e ser distinguido com o National Winner da categoria Best Cultural Programme nos Iberian Festival Awards.\u00a0\",\"breadcrumb\":{\"@id\":\"https:\\\/\\\/www.altominho.tv\\\/site\\\/2022\\\/03\\\/29\\\/ciclo-de-polinizacao-distinguido-nos-iberian-festival-awards\\\/#breadcrumb\"},\"inLanguage\":\"pt-PT\",\"potentialAction\":[{\"@type\":\"ReadAction\",\"target\":[\"https:\\\/\\\/www.altominho.tv\\\/site\\\/2022\\\/03\\\/29\\\/ciclo-de-polinizacao-distinguido-nos-iberian-festival-awards\\\/\"]}]},{\"@type\":\"ImageObject\",\"inLanguage\":\"pt-PT\",\"@id\":\"https:\\\/\\\/www.altominho.tv\\\/site\\\/2022\\\/03\\\/29\\\/ciclo-de-polinizacao-distinguido-nos-iberian-festival-awards\\\/#primaryimage\",\"url\":\"https:\\\/\\\/www.altominho.tv\\\/site\\\/wp-content\\\/uploads\\\/2022\\\/03\\\/Ciclo-de-Polinizacao-de-Paredes-de-Coura_Concerto-The-Guit-Kune-Do_Easy-Resize.com_-e1648545097119.jpg\",\"contentUrl\":\"https:\\\/\\\/www.altominho.tv\\\/site\\\/wp-content\\\/uploads\\\/2022\\\/03\\\/Ciclo-de-Polinizacao-de-Paredes-de-Coura_Concerto-The-Guit-Kune-Do_Easy-Resize.com_-e1648545097119.jpg\",\"width\":1280,\"height\":819},{\"@type\":\"BreadcrumbList\",\"@id\":\"https:\\\/\\\/www.altominho.tv\\\/site\\\/2022\\\/03\\\/29\\\/ciclo-de-polinizacao-distinguido-nos-iberian-festival-awards\\\/#breadcrumb\",\"itemListElement\":[{\"@type\":\"ListItem\",\"position\":1,\"name\":\"In\u00edcio\",\"item\":\"https:\\\/\\\/www.altominho.tv\\\/site\\\/\"},{\"@type\":\"ListItem\",\"position\":2,\"name\":\"Ciclo de Poliniza\u00e7\u00e3o distinguido nos Iberian Festival Awards\"}]},{\"@type\":\"WebSite\",\"@id\":\"https:\\\/\\\/www.altominho.tv\\\/site\\\/#website\",\"url\":\"https:\\\/\\\/www.altominho.tv\\\/site\\\/\",\"name\":\"Altominho.tv\",\"description\":\"A sua regi\u00e3o \u00e0 dist\u00e2ncia de um clique...\",\"potentialAction\":[{\"@type\":\"SearchAction\",\"target\":{\"@type\":\"EntryPoint\",\"urlTemplate\":\"https:\\\/\\\/www.altominho.tv\\\/site\\\/?s={search_term_string}\"},\"query-input\":{\"@type\":\"PropertyValueSpecification\",\"valueRequired\":true,\"valueName\":\"search_term_string\"}}],\"inLanguage\":\"pt-PT\"},{\"@type\":\"Person\",\"@id\":\"https:\\\/\\\/www.altominho.tv\\\/site\\\/#\\\/schema\\\/person\\\/4e536851627d7914baf3dac752b6af22\",\"name\":\"Altominho.tv\",\"image\":{\"@type\":\"ImageObject\",\"inLanguage\":\"pt-PT\",\"@id\":\"https:\\\/\\\/www.altominho.tv\\\/site\\\/wp-content\\\/uploads\\\/2019\\\/11\\\/Logo_Avatar_2-150x150.jpg\",\"url\":\"https:\\\/\\\/www.altominho.tv\\\/site\\\/wp-content\\\/uploads\\\/2019\\\/11\\\/Logo_Avatar_2-150x150.jpg\",\"contentUrl\":\"https:\\\/\\\/www.altominho.tv\\\/site\\\/wp-content\\\/uploads\\\/2019\\\/11\\\/Logo_Avatar_2-150x150.jpg\",\"caption\":\"Altominho.tv\"},\"url\":\"https:\\\/\\\/www.altominho.tv\\\/site\\\/author\\\/altominhotv-tecnico\\\/\"}]}<\/script>\n<!-- \/ Yoast SEO Premium plugin. -->","yoast_head_json":{"title":"Ciclo de Poliniza\u00e7\u00e3o distinguido nos Iberian Festival Awards","description":"O Ciclo de Poliniza\u00e7\u00e3o de Paredes de Coura acaba e ser distinguido com o National Winner da categoria Best Cultural Programme nos Iberian Festival Awards.\u00a0","robots":{"index":"index","follow":"follow","max-snippet":"max-snippet:-1","max-image-preview":"max-image-preview:large","max-video-preview":"max-video-preview:-1"},"canonical":"https:\/\/www.altominho.tv\/site\/2022\/03\/29\/ciclo-de-polinizacao-distinguido-nos-iberian-festival-awards\/","og_locale":"pt_PT","og_type":"article","og_title":"Ciclo de Poliniza\u00e7\u00e3o distinguido nos Iberian Festival Awards","og_description":"O Ciclo de Poliniza\u00e7\u00e3o de Paredes de Coura acaba e ser distinguido com o National Winner da categoria Best Cultural Programme nos Iberian Festival Awards.\u00a0","og_url":"https:\/\/www.altominho.tv\/site\/2022\/03\/29\/ciclo-de-polinizacao-distinguido-nos-iberian-festival-awards\/","og_site_name":"Altominho.tv","article_publisher":"https:\/\/www.facebook.com\/altominhotv","article_published_time":"2022-03-29T09:15:28+00:00","article_modified_time":"2022-03-29T09:18:35+00:00","og_image":[{"width":1280,"height":819,"url":"https:\/\/www.altominho.tv\/site\/wp-content\/uploads\/2022\/03\/Ciclo-de-Polinizacao-de-Paredes-de-Coura_Concerto-The-Guit-Kune-Do_Easy-Resize.com_-e1648545097119.jpg","type":"image\/jpeg"}],"author":"Altominho.tv","twitter_card":"summary_large_image","twitter_creator":"@altominhoTV","twitter_site":"@altominhoTV","twitter_misc":{"Escrito por":"Altominho.tv","Tempo estimado de leitura":"2 minutos"},"schema":{"@context":"https:\/\/schema.org","@graph":[{"@type":"Article","@id":"https:\/\/www.altominho.tv\/site\/2022\/03\/29\/ciclo-de-polinizacao-distinguido-nos-iberian-festival-awards\/#article","isPartOf":{"@id":"https:\/\/www.altominho.tv\/site\/2022\/03\/29\/ciclo-de-polinizacao-distinguido-nos-iberian-festival-awards\/"},"author":{"name":"Altominho.tv","@id":"https:\/\/www.altominho.tv\/site\/#\/schema\/person\/4e536851627d7914baf3dac752b6af22"},"headline":"Ciclo de Poliniza\u00e7\u00e3o distinguido nos Iberian Festival Awards","datePublished":"2022-03-29T09:15:28+00:00","dateModified":"2022-03-29T09:18:35+00:00","mainEntityOfPage":{"@id":"https:\/\/www.altominho.tv\/site\/2022\/03\/29\/ciclo-de-polinizacao-distinguido-nos-iberian-festival-awards\/"},"wordCount":335,"image":{"@id":"https:\/\/www.altominho.tv\/site\/2022\/03\/29\/ciclo-de-polinizacao-distinguido-nos-iberian-festival-awards\/#primaryimage"},"thumbnailUrl":"https:\/\/www.altominho.tv\/site\/wp-content\/uploads\/2022\/03\/Ciclo-de-Polinizacao-de-Paredes-de-Coura_Concerto-The-Guit-Kune-Do_Easy-Resize.com_-e1648545097119.jpg","keywords":["Cultura"],"articleSection":["Paredes de Coura"],"inLanguage":"pt-PT","copyrightYear":"2022","copyrightHolder":{"@id":"https:\/\/www.altominho.tv\/site\/#organization"}},{"@type":"WebPage","@id":"https:\/\/www.altominho.tv\/site\/2022\/03\/29\/ciclo-de-polinizacao-distinguido-nos-iberian-festival-awards\/","url":"https:\/\/www.altominho.tv\/site\/2022\/03\/29\/ciclo-de-polinizacao-distinguido-nos-iberian-festival-awards\/","name":"Ciclo de Poliniza\u00e7\u00e3o distinguido nos Iberian Festival Awards","isPartOf":{"@id":"https:\/\/www.altominho.tv\/site\/#website"},"primaryImageOfPage":{"@id":"https:\/\/www.altominho.tv\/site\/2022\/03\/29\/ciclo-de-polinizacao-distinguido-nos-iberian-festival-awards\/#primaryimage"},"image":{"@id":"https:\/\/www.altominho.tv\/site\/2022\/03\/29\/ciclo-de-polinizacao-distinguido-nos-iberian-festival-awards\/#primaryimage"},"thumbnailUrl":"https:\/\/www.altominho.tv\/site\/wp-content\/uploads\/2022\/03\/Ciclo-de-Polinizacao-de-Paredes-de-Coura_Concerto-The-Guit-Kune-Do_Easy-Resize.com_-e1648545097119.jpg","datePublished":"2022-03-29T09:15:28+00:00","dateModified":"2022-03-29T09:18:35+00:00","author":{"@id":"https:\/\/www.altominho.tv\/site\/#\/schema\/person\/4e536851627d7914baf3dac752b6af22"},"description":"O Ciclo de Poliniza\u00e7\u00e3o de Paredes de Coura acaba e ser distinguido com o National Winner da categoria Best Cultural Programme nos Iberian Festival Awards.\u00a0","breadcrumb":{"@id":"https:\/\/www.altominho.tv\/site\/2022\/03\/29\/ciclo-de-polinizacao-distinguido-nos-iberian-festival-awards\/#breadcrumb"},"inLanguage":"pt-PT","potentialAction":[{"@type":"ReadAction","target":["https:\/\/www.altominho.tv\/site\/2022\/03\/29\/ciclo-de-polinizacao-distinguido-nos-iberian-festival-awards\/"]}]},{"@type":"ImageObject","inLanguage":"pt-PT","@id":"https:\/\/www.altominho.tv\/site\/2022\/03\/29\/ciclo-de-polinizacao-distinguido-nos-iberian-festival-awards\/#primaryimage","url":"https:\/\/www.altominho.tv\/site\/wp-content\/uploads\/2022\/03\/Ciclo-de-Polinizacao-de-Paredes-de-Coura_Concerto-The-Guit-Kune-Do_Easy-Resize.com_-e1648545097119.jpg","contentUrl":"https:\/\/www.altominho.tv\/site\/wp-content\/uploads\/2022\/03\/Ciclo-de-Polinizacao-de-Paredes-de-Coura_Concerto-The-Guit-Kune-Do_Easy-Resize.com_-e1648545097119.jpg","width":1280,"height":819},{"@type":"BreadcrumbList","@id":"https:\/\/www.altominho.tv\/site\/2022\/03\/29\/ciclo-de-polinizacao-distinguido-nos-iberian-festival-awards\/#breadcrumb","itemListElement":[{"@type":"ListItem","position":1,"name":"In\u00edcio","item":"https:\/\/www.altominho.tv\/site\/"},{"@type":"ListItem","position":2,"name":"Ciclo de Poliniza\u00e7\u00e3o distinguido nos Iberian Festival Awards"}]},{"@type":"WebSite","@id":"https:\/\/www.altominho.tv\/site\/#website","url":"https:\/\/www.altominho.tv\/site\/","name":"Altominho.tv","description":"A sua regi\u00e3o \u00e0 dist\u00e2ncia de um clique...","potentialAction":[{"@type":"SearchAction","target":{"@type":"EntryPoint","urlTemplate":"https:\/\/www.altominho.tv\/site\/?s={search_term_string}"},"query-input":{"@type":"PropertyValueSpecification","valueRequired":true,"valueName":"search_term_string"}}],"inLanguage":"pt-PT"},{"@type":"Person","@id":"https:\/\/www.altominho.tv\/site\/#\/schema\/person\/4e536851627d7914baf3dac752b6af22","name":"Altominho.tv","image":{"@type":"ImageObject","inLanguage":"pt-PT","@id":"https:\/\/www.altominho.tv\/site\/wp-content\/uploads\/2019\/11\/Logo_Avatar_2-150x150.jpg","url":"https:\/\/www.altominho.tv\/site\/wp-content\/uploads\/2019\/11\/Logo_Avatar_2-150x150.jpg","contentUrl":"https:\/\/www.altominho.tv\/site\/wp-content\/uploads\/2019\/11\/Logo_Avatar_2-150x150.jpg","caption":"Altominho.tv"},"url":"https:\/\/www.altominho.tv\/site\/author\/altominhotv-tecnico\/"}]}},"_links":{"self":[{"href":"https:\/\/www.altominho.tv\/site\/wp-json\/wp\/v2\/posts\/78350","targetHints":{"allow":["GET"]}}],"collection":[{"href":"https:\/\/www.altominho.tv\/site\/wp-json\/wp\/v2\/posts"}],"about":[{"href":"https:\/\/www.altominho.tv\/site\/wp-json\/wp\/v2\/types\/post"}],"author":[{"embeddable":true,"href":"https:\/\/www.altominho.tv\/site\/wp-json\/wp\/v2\/users\/1"}],"replies":[{"embeddable":true,"href":"https:\/\/www.altominho.tv\/site\/wp-json\/wp\/v2\/comments?post=78350"}],"version-history":[{"count":0,"href":"https:\/\/www.altominho.tv\/site\/wp-json\/wp\/v2\/posts\/78350\/revisions"}],"wp:featuredmedia":[{"embeddable":true,"href":"https:\/\/www.altominho.tv\/site\/wp-json\/wp\/v2\/media\/78352"}],"wp:attachment":[{"href":"https:\/\/www.altominho.tv\/site\/wp-json\/wp\/v2\/media?parent=78350"}],"wp:term":[{"taxonomy":"category","embeddable":true,"href":"https:\/\/www.altominho.tv\/site\/wp-json\/wp\/v2\/categories?post=78350"},{"taxonomy":"post_tag","embeddable":true,"href":"https:\/\/www.altominho.tv\/site\/wp-json\/wp\/v2\/tags?post=78350"}],"curies":[{"name":"wp","href":"https:\/\/api.w.org\/{rel}","templated":true}]}}