{"id":78346,"date":"2022-03-28T22:25:40","date_gmt":"2022-03-28T21:25:40","guid":{"rendered":"https:\/\/www.altominho.tv\/site\/?p=78346"},"modified":"2022-03-28T22:25:41","modified_gmt":"2022-03-28T21:25:41","slug":"raid-tt-motos-em-valenca","status":"publish","type":"post","link":"https:\/\/www.altominho.tv\/site\/2022\/03\/28\/raid-tt-motos-em-valenca\/","title":{"rendered":"Raid TT re\u00fane cerca de 350 motos em Valen\u00e7a"},"content":{"rendered":"\n<figure class=\"wp-block-embed is-type-video is-provider-youtube wp-block-embed-youtube wp-embed-aspect-16-9 wp-has-aspect-ratio\"><div class=\"wp-block-embed__wrapper\">\n<iframe loading=\"lazy\" title=\"Raid TT re\u00fane cerca de 350 motos em Valen\u00e7a | Altominho TV\" width=\"770\" height=\"433\" src=\"https:\/\/www.youtube.com\/embed\/FhA1VVYNLdY?feature=oembed\" frameborder=\"0\" allow=\"accelerometer; autoplay; clipboard-write; encrypted-media; gyroscope; picture-in-picture\" allowfullscreen><\/iframe>\n<\/div><\/figure>\n\n\n<p>Cerca de 350 portugueses e espanh\u00f3is participaram em mais uma edi\u00e7\u00e3o do Raid TT para motos, em Valen\u00e7a.<\/p>\n<p>Os participantes percorreram mais de 90 quil\u00f3metros por v\u00e1rias freguesias deste concelho, enfrentando percursos \u00edngremes com v\u00e1rios graus de dificuldade. O evento foi organizado pelo Clube de Tra\u00e7\u00e3o \u00e0s 4 e integra o calend\u00e1rio desportivo da eurocidade Tui-Valen\u00e7a.<\/p>","protected":false},"excerpt":{"rendered":"<p>Cerca de 350 portugueses e espanh\u00f3is participaram em mais uma edi\u00e7\u00e3o do Raid TT para motos, em Valen\u00e7a. Os participantes percorreram mais de 90 quil\u00f3metros por v\u00e1rias freguesias deste concelho, enfrentando percursos \u00edngremes com v\u00e1rios graus de dificuldade. O evento foi organizado pelo Clube de Tra\u00e7\u00e3o \u00e0s 4 e integra o calend\u00e1rio desportivo da eurocidade [&hellip;]<\/p>\n","protected":false},"author":8,"featured_media":78347,"comment_status":"closed","ping_status":"closed","sticky":false,"template":"","format":"video","meta":{"_exactmetrics_skip_tracking":false,"footnotes":""},"categories":[13],"tags":[20],"class_list":["post-78346","post","type-post","status-publish","format-video","has-post-thumbnail","hentry","category-valenca","tag-desporto","post_format-post-format-video"],"yoast_head":"<!-- This site is optimized with the Yoast SEO Premium plugin v28.3 (Yoast SEO v28.3) - https:\/\/yoast.com\/product\/yoast-seo-premium-wordpress\/ -->\n<title>Raid TT re\u00fane cerca de 350 motos em Valen\u00e7a<\/title>\n<meta name=\"description\" content=\"Os participantes percorreram mais de 90 quil\u00f3metros por v\u00e1rias freguesias deste concelho, enfrentando percursos \u00edngremes com v\u00e1rios graus de dificuldade.\" \/>\n<meta name=\"robots\" content=\"index, follow, max-snippet:-1, max-image-preview:large, max-video-preview:-1\" \/>\n<link rel=\"canonical\" href=\"https:\/\/www.altominho.tv\/site\/2022\/03\/28\/raid-tt-motos-em-valenca\/\" \/>\n<meta property=\"og:locale\" content=\"pt_PT\" \/>\n<meta property=\"og:type\" content=\"article\" \/>\n<meta property=\"og:title\" content=\"Raid TT re\u00fane cerca de 350 motos em Valen\u00e7a\" \/>\n<meta property=\"og:description\" content=\"Os participantes percorreram mais de 90 quil\u00f3metros por v\u00e1rias freguesias deste concelho, enfrentando percursos \u00edngremes com v\u00e1rios graus de dificuldade.\" \/>\n<meta property=\"og:url\" content=\"https:\/\/www.altominho.tv\/site\/2022\/03\/28\/raid-tt-motos-em-valenca\/\" \/>\n<meta property=\"og:site_name\" content=\"Altominho.tv\" \/>\n<meta property=\"article:publisher\" content=\"https:\/\/www.facebook.com\/altominhotv\" \/>\n<meta property=\"article:published_time\" content=\"2022-03-28T21:25:40+00:00\" \/>\n<meta property=\"article:modified_time\" content=\"2022-03-28T21:25:41+00:00\" \/>\n<meta property=\"og:image\" content=\"https:\/\/www.altominho.tv\/site\/wp-content\/uploads\/2022\/03\/Raid-TT-Valenc\u0327a.jpg\" \/>\n\t<meta property=\"og:image:width\" content=\"1920\" \/>\n\t<meta property=\"og:image:height\" content=\"1080\" \/>\n\t<meta property=\"og:image:type\" content=\"image\/jpeg\" \/>\n<meta name=\"author\" content=\"Alexandre Ferreira\" \/>\n<meta name=\"twitter:card\" content=\"summary_large_image\" \/>\n<meta name=\"twitter:creator\" content=\"@altominhoTV\" \/>\n<meta name=\"twitter:site\" content=\"@altominhoTV\" \/>\n<meta name=\"twitter:label1\" content=\"Escrito por\" \/>\n\t<meta name=\"twitter:data1\" content=\"Alexandre Ferreira\" \/>\n\t<meta name=\"twitter:label2\" content=\"Tempo estimado de leitura\" \/>\n\t<meta name=\"twitter:data2\" content=\"1 minuto\" \/>\n<script type=\"application\/ld+json\" class=\"yoast-schema-graph\">{\"@context\":\"https:\\\/\\\/schema.org\",\"@graph\":[{\"@type\":\"Article\",\"@id\":\"https:\\\/\\\/www.altominho.tv\\\/site\\\/2022\\\/03\\\/28\\\/raid-tt-motos-em-valenca\\\/#article\",\"isPartOf\":{\"@id\":\"https:\\\/\\\/www.altominho.tv\\\/site\\\/2022\\\/03\\\/28\\\/raid-tt-motos-em-valenca\\\/\"},\"author\":{\"name\":\"Alexandre Ferreira\",\"@id\":\"https:\\\/\\\/www.altominho.tv\\\/site\\\/#\\\/schema\\\/person\\\/56c462a0f6591602f4e9fb3fa6ea49bd\"},\"headline\":\"Raid TT re\u00fane cerca de 350 motos em Valen\u00e7a\",\"datePublished\":\"2022-03-28T21:25:40+00:00\",\"dateModified\":\"2022-03-28T21:25:41+00:00\",\"mainEntityOfPage\":{\"@id\":\"https:\\\/\\\/www.altominho.tv\\\/site\\\/2022\\\/03\\\/28\\\/raid-tt-motos-em-valenca\\\/\"},\"wordCount\":77,\"image\":{\"@id\":\"https:\\\/\\\/www.altominho.tv\\\/site\\\/2022\\\/03\\\/28\\\/raid-tt-motos-em-valenca\\\/#primaryimage\"},\"thumbnailUrl\":\"https:\\\/\\\/www.altominho.tv\\\/site\\\/wp-content\\\/uploads\\\/2022\\\/03\\\/Raid-TT-Valenc\u0327a.jpg\",\"keywords\":[\"Desporto\"],\"articleSection\":[\"Valen\u00e7a\"],\"inLanguage\":\"pt-PT\",\"copyrightYear\":\"2022\",\"copyrightHolder\":{\"@id\":\"https:\\\/\\\/www.altominho.tv\\\/site\\\/#organization\"}},{\"@type\":\"WebPage\",\"@id\":\"https:\\\/\\\/www.altominho.tv\\\/site\\\/2022\\\/03\\\/28\\\/raid-tt-motos-em-valenca\\\/\",\"url\":\"https:\\\/\\\/www.altominho.tv\\\/site\\\/2022\\\/03\\\/28\\\/raid-tt-motos-em-valenca\\\/\",\"name\":\"Raid TT re\u00fane cerca de 350 motos em Valen\u00e7a\",\"isPartOf\":{\"@id\":\"https:\\\/\\\/www.altominho.tv\\\/site\\\/#website\"},\"primaryImageOfPage\":{\"@id\":\"https:\\\/\\\/www.altominho.tv\\\/site\\\/2022\\\/03\\\/28\\\/raid-tt-motos-em-valenca\\\/#primaryimage\"},\"image\":{\"@id\":\"https:\\\/\\\/www.altominho.tv\\\/site\\\/2022\\\/03\\\/28\\\/raid-tt-motos-em-valenca\\\/#primaryimage\"},\"thumbnailUrl\":\"https:\\\/\\\/www.altominho.tv\\\/site\\\/wp-content\\\/uploads\\\/2022\\\/03\\\/Raid-TT-Valenc\u0327a.jpg\",\"datePublished\":\"2022-03-28T21:25:40+00:00\",\"dateModified\":\"2022-03-28T21:25:41+00:00\",\"author\":{\"@id\":\"https:\\\/\\\/www.altominho.tv\\\/site\\\/#\\\/schema\\\/person\\\/56c462a0f6591602f4e9fb3fa6ea49bd\"},\"description\":\"Os participantes percorreram mais de 90 quil\u00f3metros por v\u00e1rias freguesias deste concelho, enfrentando percursos \u00edngremes com v\u00e1rios graus de dificuldade.\",\"breadcrumb\":{\"@id\":\"https:\\\/\\\/www.altominho.tv\\\/site\\\/2022\\\/03\\\/28\\\/raid-tt-motos-em-valenca\\\/#breadcrumb\"},\"inLanguage\":\"pt-PT\",\"potentialAction\":[{\"@type\":\"ReadAction\",\"target\":[\"https:\\\/\\\/www.altominho.tv\\\/site\\\/2022\\\/03\\\/28\\\/raid-tt-motos-em-valenca\\\/\"]}]},{\"@type\":\"ImageObject\",\"inLanguage\":\"pt-PT\",\"@id\":\"https:\\\/\\\/www.altominho.tv\\\/site\\\/2022\\\/03\\\/28\\\/raid-tt-motos-em-valenca\\\/#primaryimage\",\"url\":\"https:\\\/\\\/www.altominho.tv\\\/site\\\/wp-content\\\/uploads\\\/2022\\\/03\\\/Raid-TT-Valenc\u0327a.jpg\",\"contentUrl\":\"https:\\\/\\\/www.altominho.tv\\\/site\\\/wp-content\\\/uploads\\\/2022\\\/03\\\/Raid-TT-Valenc\u0327a.jpg\",\"width\":1920,\"height\":1080},{\"@type\":\"BreadcrumbList\",\"@id\":\"https:\\\/\\\/www.altominho.tv\\\/site\\\/2022\\\/03\\\/28\\\/raid-tt-motos-em-valenca\\\/#breadcrumb\",\"itemListElement\":[{\"@type\":\"ListItem\",\"position\":1,\"name\":\"In\u00edcio\",\"item\":\"https:\\\/\\\/www.altominho.tv\\\/site\\\/\"},{\"@type\":\"ListItem\",\"position\":2,\"name\":\"Raid TT re\u00fane cerca de 350 motos em Valen\u00e7a\"}]},{\"@type\":\"WebSite\",\"@id\":\"https:\\\/\\\/www.altominho.tv\\\/site\\\/#website\",\"url\":\"https:\\\/\\\/www.altominho.tv\\\/site\\\/\",\"name\":\"Altominho.tv\",\"description\":\"A sua regi\u00e3o \u00e0 dist\u00e2ncia de um clique...\",\"potentialAction\":[{\"@type\":\"SearchAction\",\"target\":{\"@type\":\"EntryPoint\",\"urlTemplate\":\"https:\\\/\\\/www.altominho.tv\\\/site\\\/?s={search_term_string}\"},\"query-input\":{\"@type\":\"PropertyValueSpecification\",\"valueRequired\":true,\"valueName\":\"search_term_string\"}}],\"inLanguage\":\"pt-PT\"},{\"@type\":\"Person\",\"@id\":\"https:\\\/\\\/www.altominho.tv\\\/site\\\/#\\\/schema\\\/person\\\/56c462a0f6591602f4e9fb3fa6ea49bd\",\"name\":\"Alexandre Ferreira\",\"image\":{\"@type\":\"ImageObject\",\"inLanguage\":\"pt-PT\",\"@id\":\"https:\\\/\\\/www.altominho.tv\\\/site\\\/wp-content\\\/uploads\\\/2017\\\/11\\\/Alexandre-150x150.jpg\",\"url\":\"https:\\\/\\\/www.altominho.tv\\\/site\\\/wp-content\\\/uploads\\\/2017\\\/11\\\/Alexandre-150x150.jpg\",\"contentUrl\":\"https:\\\/\\\/www.altominho.tv\\\/site\\\/wp-content\\\/uploads\\\/2017\\\/11\\\/Alexandre-150x150.jpg\",\"caption\":\"Alexandre Ferreira\"},\"url\":\"https:\\\/\\\/www.altominho.tv\\\/site\\\/author\\\/alexandreferreira\\\/\"}]}<\/script>\n<meta property=\"og:video\" content=\"https:\/\/www.youtube.com\/embed\/FhA1VVYNLdY\" \/>\n<meta property=\"og:video:type\" content=\"text\/html\" \/>\n<meta property=\"og:video:duration\" content=\"155\" \/>\n<meta property=\"og:video:width\" content=\"480\" \/>\n<meta property=\"og:video:height\" content=\"270\" \/>\n<meta property=\"ya:ovs:adult\" content=\"false\" \/>\n<meta property=\"ya:ovs:upload_date\" content=\"2022-03-28T21:25:40+00:00\" \/>\n<meta property=\"ya:ovs:allow_embed\" content=\"true\" \/>\n<!-- \/ Yoast SEO Premium plugin. -->","yoast_head_json":{"title":"Raid TT re\u00fane cerca de 350 motos em Valen\u00e7a","description":"Os participantes percorreram mais de 90 quil\u00f3metros por v\u00e1rias freguesias deste concelho, enfrentando percursos \u00edngremes com v\u00e1rios graus de dificuldade.","robots":{"index":"index","follow":"follow","max-snippet":"max-snippet:-1","max-image-preview":"max-image-preview:large","max-video-preview":"max-video-preview:-1"},"canonical":"https:\/\/www.altominho.tv\/site\/2022\/03\/28\/raid-tt-motos-em-valenca\/","og_locale":"pt_PT","og_type":"article","og_title":"Raid TT re\u00fane cerca de 350 motos em Valen\u00e7a","og_description":"Os participantes percorreram mais de 90 quil\u00f3metros por v\u00e1rias freguesias deste concelho, enfrentando percursos \u00edngremes com v\u00e1rios graus de dificuldade.","og_url":"https:\/\/www.altominho.tv\/site\/2022\/03\/28\/raid-tt-motos-em-valenca\/","og_site_name":"Altominho.tv","article_publisher":"https:\/\/www.facebook.com\/altominhotv","article_published_time":"2022-03-28T21:25:40+00:00","article_modified_time":"2022-03-28T21:25:41+00:00","og_image":[{"width":1920,"height":1080,"url":"https:\/\/www.altominho.tv\/site\/wp-content\/uploads\/2022\/03\/Raid-TT-Valenc\u0327a.jpg","type":"image\/jpeg"}],"author":"Alexandre Ferreira","twitter_card":"summary_large_image","twitter_creator":"@altominhoTV","twitter_site":"@altominhoTV","twitter_misc":{"Escrito por":"Alexandre Ferreira","Tempo estimado de leitura":"1 minuto"},"schema":{"@context":"https:\/\/schema.org","@graph":[{"@type":"Article","@id":"https:\/\/www.altominho.tv\/site\/2022\/03\/28\/raid-tt-motos-em-valenca\/#article","isPartOf":{"@id":"https:\/\/www.altominho.tv\/site\/2022\/03\/28\/raid-tt-motos-em-valenca\/"},"author":{"name":"Alexandre Ferreira","@id":"https:\/\/www.altominho.tv\/site\/#\/schema\/person\/56c462a0f6591602f4e9fb3fa6ea49bd"},"headline":"Raid TT re\u00fane cerca de 350 motos em Valen\u00e7a","datePublished":"2022-03-28T21:25:40+00:00","dateModified":"2022-03-28T21:25:41+00:00","mainEntityOfPage":{"@id":"https:\/\/www.altominho.tv\/site\/2022\/03\/28\/raid-tt-motos-em-valenca\/"},"wordCount":77,"image":{"@id":"https:\/\/www.altominho.tv\/site\/2022\/03\/28\/raid-tt-motos-em-valenca\/#primaryimage"},"thumbnailUrl":"https:\/\/www.altominho.tv\/site\/wp-content\/uploads\/2022\/03\/Raid-TT-Valenc\u0327a.jpg","keywords":["Desporto"],"articleSection":["Valen\u00e7a"],"inLanguage":"pt-PT","copyrightYear":"2022","copyrightHolder":{"@id":"https:\/\/www.altominho.tv\/site\/#organization"}},{"@type":"WebPage","@id":"https:\/\/www.altominho.tv\/site\/2022\/03\/28\/raid-tt-motos-em-valenca\/","url":"https:\/\/www.altominho.tv\/site\/2022\/03\/28\/raid-tt-motos-em-valenca\/","name":"Raid TT re\u00fane cerca de 350 motos em Valen\u00e7a","isPartOf":{"@id":"https:\/\/www.altominho.tv\/site\/#website"},"primaryImageOfPage":{"@id":"https:\/\/www.altominho.tv\/site\/2022\/03\/28\/raid-tt-motos-em-valenca\/#primaryimage"},"image":{"@id":"https:\/\/www.altominho.tv\/site\/2022\/03\/28\/raid-tt-motos-em-valenca\/#primaryimage"},"thumbnailUrl":"https:\/\/www.altominho.tv\/site\/wp-content\/uploads\/2022\/03\/Raid-TT-Valenc\u0327a.jpg","datePublished":"2022-03-28T21:25:40+00:00","dateModified":"2022-03-28T21:25:41+00:00","author":{"@id":"https:\/\/www.altominho.tv\/site\/#\/schema\/person\/56c462a0f6591602f4e9fb3fa6ea49bd"},"description":"Os participantes percorreram mais de 90 quil\u00f3metros por v\u00e1rias freguesias deste concelho, enfrentando percursos \u00edngremes com v\u00e1rios graus de dificuldade.","breadcrumb":{"@id":"https:\/\/www.altominho.tv\/site\/2022\/03\/28\/raid-tt-motos-em-valenca\/#breadcrumb"},"inLanguage":"pt-PT","potentialAction":[{"@type":"ReadAction","target":["https:\/\/www.altominho.tv\/site\/2022\/03\/28\/raid-tt-motos-em-valenca\/"]}]},{"@type":"ImageObject","inLanguage":"pt-PT","@id":"https:\/\/www.altominho.tv\/site\/2022\/03\/28\/raid-tt-motos-em-valenca\/#primaryimage","url":"https:\/\/www.altominho.tv\/site\/wp-content\/uploads\/2022\/03\/Raid-TT-Valenc\u0327a.jpg","contentUrl":"https:\/\/www.altominho.tv\/site\/wp-content\/uploads\/2022\/03\/Raid-TT-Valenc\u0327a.jpg","width":1920,"height":1080},{"@type":"BreadcrumbList","@id":"https:\/\/www.altominho.tv\/site\/2022\/03\/28\/raid-tt-motos-em-valenca\/#breadcrumb","itemListElement":[{"@type":"ListItem","position":1,"name":"In\u00edcio","item":"https:\/\/www.altominho.tv\/site\/"},{"@type":"ListItem","position":2,"name":"Raid TT re\u00fane cerca de 350 motos em Valen\u00e7a"}]},{"@type":"WebSite","@id":"https:\/\/www.altominho.tv\/site\/#website","url":"https:\/\/www.altominho.tv\/site\/","name":"Altominho.tv","description":"A sua regi\u00e3o \u00e0 dist\u00e2ncia de um clique...","potentialAction":[{"@type":"SearchAction","target":{"@type":"EntryPoint","urlTemplate":"https:\/\/www.altominho.tv\/site\/?s={search_term_string}"},"query-input":{"@type":"PropertyValueSpecification","valueRequired":true,"valueName":"search_term_string"}}],"inLanguage":"pt-PT"},{"@type":"Person","@id":"https:\/\/www.altominho.tv\/site\/#\/schema\/person\/56c462a0f6591602f4e9fb3fa6ea49bd","name":"Alexandre Ferreira","image":{"@type":"ImageObject","inLanguage":"pt-PT","@id":"https:\/\/www.altominho.tv\/site\/wp-content\/uploads\/2017\/11\/Alexandre-150x150.jpg","url":"https:\/\/www.altominho.tv\/site\/wp-content\/uploads\/2017\/11\/Alexandre-150x150.jpg","contentUrl":"https:\/\/www.altominho.tv\/site\/wp-content\/uploads\/2017\/11\/Alexandre-150x150.jpg","caption":"Alexandre Ferreira"},"url":"https:\/\/www.altominho.tv\/site\/author\/alexandreferreira\/"}]},"og_video":"https:\/\/www.youtube.com\/embed\/FhA1VVYNLdY","og_video_type":"text\/html","og_video_duration":"155","og_video_width":"480","og_video_height":"270","ya_ovs_adult":"false","ya_ovs_upload_date":"2022-03-28T21:25:40+00:00","ya_ovs_allow_embed":"true"},"_links":{"self":[{"href":"https:\/\/www.altominho.tv\/site\/wp-json\/wp\/v2\/posts\/78346","targetHints":{"allow":["GET"]}}],"collection":[{"href":"https:\/\/www.altominho.tv\/site\/wp-json\/wp\/v2\/posts"}],"about":[{"href":"https:\/\/www.altominho.tv\/site\/wp-json\/wp\/v2\/types\/post"}],"author":[{"embeddable":true,"href":"https:\/\/www.altominho.tv\/site\/wp-json\/wp\/v2\/users\/8"}],"replies":[{"embeddable":true,"href":"https:\/\/www.altominho.tv\/site\/wp-json\/wp\/v2\/comments?post=78346"}],"version-history":[{"count":0,"href":"https:\/\/www.altominho.tv\/site\/wp-json\/wp\/v2\/posts\/78346\/revisions"}],"wp:featuredmedia":[{"embeddable":true,"href":"https:\/\/www.altominho.tv\/site\/wp-json\/wp\/v2\/media\/78347"}],"wp:attachment":[{"href":"https:\/\/www.altominho.tv\/site\/wp-json\/wp\/v2\/media?parent=78346"}],"wp:term":[{"taxonomy":"category","embeddable":true,"href":"https:\/\/www.altominho.tv\/site\/wp-json\/wp\/v2\/categories?post=78346"},{"taxonomy":"post_tag","embeddable":true,"href":"https:\/\/www.altominho.tv\/site\/wp-json\/wp\/v2\/tags?post=78346"}],"curies":[{"name":"wp","href":"https:\/\/api.w.org\/{rel}","templated":true}]}}