{"id":78193,"date":"2022-03-23T13:59:38","date_gmt":"2022-03-23T13:59:38","guid":{"rendered":"https:\/\/www.altominho.tv\/site\/?p=78193"},"modified":"2022-03-23T13:59:43","modified_gmt":"2022-03-23T13:59:43","slug":"musica-paredes-de-coura","status":"publish","type":"post","link":"https:\/\/www.altominho.tv\/site\/2022\/03\/23\/musica-paredes-de-coura\/","title":{"rendered":"Pluto, M\u00e3o Morta, Linda Martini e Rita Vian refor\u00e7am cartaz do festival Paredes de Coura"},"content":{"rendered":"\n<p>Pluto, Conjunto Corona, M\u00e3o Morta, Rita Vian, Samuel \u00daria e Linda Martini est\u00e3o entre as bandas e artistas que atuam no festival Paredes de Coura, em agosto, no dia \u201cinteiramente dedicado \u00e0 m\u00fasica portuguesa\u201d, foi hoje anunciado.<\/p>\n\n\n\n<p>A promotora Ritmos anunciou hoje \u201c20 novas confirma\u00e7\u00f5es, que viajam entre os extremos opostos do universo musical\u201d, \u201cdesde os primeiros passos da hist\u00f3ria do hip-hop at\u00e9 \u00e0 moderniza\u00e7\u00e3o do t\u00e3o t\u00edpico fado\u201d.<\/p>\n\n\n\n<p>O festival decorre entre 16 e 20 de agosto, e \u201co primeiro dia do t\u00e3o aguardado regresso \u00e0 Praia Fluvial do Tabo\u00e3o \u00e9 cantado em portugu\u00eas\u201d.<\/p>\n\n\n\n<p>Sam The Kid com Orquestra e Orelha Negra, M\u00e3o Morta, Linda Martini, Moullinex, Pluto, Samuel \u00daria, Benjamim, You Can\u2019t Win, Charlie Brown, Noiserv, Bruno Pernadas, Conjunto Corona, 10 000 Russos, Club Makumba, Conjunto Cuca Monga, The Lemon Lovers, The Twist Connection, Rita Vian, Rapaz Ego, Paraguaii e Ocenpsiea s\u00e3o as bandas e artistas hoje anunciados.<\/p>\n\n\n\n<p>Para a edi\u00e7\u00e3o deste ano do Vodafone Paredes de Coura j\u00e1 tinham sido anunciados, entre outros, Pixies, Beach House, The Blaze, King Gizzard &amp; The Lizard Wizard, IDLES, Slowthai, Arlo Parks, Princess Nokia e BadBadNotGood.<\/p>\n\n\n\n<p>A promotora recorda que, \u201cat\u00e9 30 de abril, \u00e9 obrigat\u00f3rio a troca dos bilhetes adquiridos para as edi\u00e7\u00f5es de 2020 e 2021 por um bilhete v\u00e1lido para o Vodafone Paredes de Coura 2022\u201d.<\/p>\n","protected":false},"excerpt":{"rendered":"<p>Pluto, Conjunto Corona, M\u00e3o Morta, Rita Vian, Samuel \u00daria e Linda Martini est\u00e3o entre as bandas e artistas que atuam no festival Paredes de Coura, em agosto, no dia \u201cinteiramente dedicado \u00e0 m\u00fasica portuguesa\u201d, foi hoje anunciado. A promotora Ritmos anunciou hoje \u201c20 novas confirma\u00e7\u00f5es, que viajam entre os extremos opostos do universo musical\u201d, \u201cdesde [&hellip;]<\/p>\n","protected":false},"author":16,"featured_media":78194,"comment_status":"closed","ping_status":"closed","sticky":false,"template":"","format":"standard","meta":{"_exactmetrics_skip_tracking":false,"_exactmetrics_sitenote_active":false,"_exactmetrics_sitenote_note":"","_exactmetrics_sitenote_category":0,"footnotes":""},"categories":[10],"tags":[19,24],"class_list":["post-78193","post","type-post","status-publish","format-standard","has-post-thumbnail","hentry","category-paredes-de-coura","tag-cultura","tag-lazer"],"yoast_head":"<!-- This site is optimized with the Yoast SEO Premium plugin v27.4 (Yoast SEO v27.4) - https:\/\/yoast.com\/product\/yoast-seo-premium-wordpress\/ -->\n<title>Pluto, M\u00e3o Morta, Linda Martini e Rita Vian refor\u00e7am cartaz do festival Paredes de Coura<\/title>\n<meta name=\"description\" content=\"Pluto, M\u00e3o Morta, Linda Martini e Rita Vian refor\u00e7am cartaz do Festival Vodafone Paredes de Coura.\" \/>\n<meta name=\"robots\" content=\"index, follow, max-snippet:-1, max-image-preview:large, max-video-preview:-1\" \/>\n<link rel=\"canonical\" href=\"https:\/\/www.altominho.tv\/site\/2022\/03\/23\/musica-paredes-de-coura\/\" \/>\n<meta property=\"og:locale\" content=\"pt_PT\" \/>\n<meta property=\"og:type\" content=\"article\" \/>\n<meta property=\"og:title\" content=\"Pluto, M\u00e3o Morta, Linda Martini e Rita Vian refor\u00e7am cartaz do festival Paredes de Coura\" \/>\n<meta property=\"og:description\" content=\"Pluto, M\u00e3o Morta, Linda Martini e Rita Vian refor\u00e7am cartaz do Festival Vodafone Paredes de Coura.\" \/>\n<meta property=\"og:url\" content=\"https:\/\/www.altominho.tv\/site\/2022\/03\/23\/musica-paredes-de-coura\/\" \/>\n<meta property=\"og:site_name\" content=\"Altominho.tv\" \/>\n<meta property=\"article:publisher\" content=\"https:\/\/www.facebook.com\/altominhotv\" \/>\n<meta property=\"article:published_time\" content=\"2022-03-23T13:59:38+00:00\" \/>\n<meta property=\"article:modified_time\" content=\"2022-03-23T13:59:43+00:00\" \/>\n<meta property=\"og:image\" content=\"https:\/\/www.altominho.tv\/site\/wp-content\/uploads\/2022\/03\/vodafonepdc-1.jpeg\" \/>\n\t<meta property=\"og:image:width\" content=\"1701\" \/>\n\t<meta property=\"og:image:height\" content=\"942\" \/>\n\t<meta property=\"og:image:type\" content=\"image\/jpeg\" \/>\n<meta name=\"author\" content=\"Andreia Cunha | Lusa\" \/>\n<meta name=\"twitter:card\" content=\"summary_large_image\" \/>\n<meta name=\"twitter:creator\" content=\"@altominhoTV\" \/>\n<meta name=\"twitter:site\" content=\"@altominhoTV\" \/>\n<meta name=\"twitter:label1\" content=\"Escrito por\" \/>\n\t<meta name=\"twitter:data1\" content=\"Andreia Cunha | Lusa\" \/>\n\t<meta name=\"twitter:label2\" content=\"Tempo estimado de leitura\" \/>\n\t<meta name=\"twitter:data2\" content=\"2 minutos\" \/>\n<script type=\"application\/ld+json\" class=\"yoast-schema-graph\">{\"@context\":\"https:\\\/\\\/schema.org\",\"@graph\":[{\"@type\":\"Article\",\"@id\":\"https:\\\/\\\/www.altominho.tv\\\/site\\\/2022\\\/03\\\/23\\\/musica-paredes-de-coura\\\/#article\",\"isPartOf\":{\"@id\":\"https:\\\/\\\/www.altominho.tv\\\/site\\\/2022\\\/03\\\/23\\\/musica-paredes-de-coura\\\/\"},\"author\":{\"name\":\"Andreia Cunha | Lusa\",\"@id\":\"https:\\\/\\\/www.altominho.tv\\\/site\\\/#\\\/schema\\\/person\\\/dbaf181c01b51ff40c9f461a905d321e\"},\"headline\":\"Pluto, M\u00e3o Morta, Linda Martini e Rita Vian refor\u00e7am cartaz do festival Paredes de Coura\",\"datePublished\":\"2022-03-23T13:59:38+00:00\",\"dateModified\":\"2022-03-23T13:59:43+00:00\",\"mainEntityOfPage\":{\"@id\":\"https:\\\/\\\/www.altominho.tv\\\/site\\\/2022\\\/03\\\/23\\\/musica-paredes-de-coura\\\/\"},\"wordCount\":239,\"image\":{\"@id\":\"https:\\\/\\\/www.altominho.tv\\\/site\\\/2022\\\/03\\\/23\\\/musica-paredes-de-coura\\\/#primaryimage\"},\"thumbnailUrl\":\"https:\\\/\\\/www.altominho.tv\\\/site\\\/wp-content\\\/uploads\\\/2022\\\/03\\\/vodafonepdc-1.jpeg\",\"keywords\":[\"Cultura\",\"Lazer\"],\"articleSection\":[\"Paredes de Coura\"],\"inLanguage\":\"pt-PT\",\"copyrightYear\":\"2022\",\"copyrightHolder\":{\"@id\":\"https:\\\/\\\/www.altominho.tv\\\/site\\\/#organization\"}},{\"@type\":\"WebPage\",\"@id\":\"https:\\\/\\\/www.altominho.tv\\\/site\\\/2022\\\/03\\\/23\\\/musica-paredes-de-coura\\\/\",\"url\":\"https:\\\/\\\/www.altominho.tv\\\/site\\\/2022\\\/03\\\/23\\\/musica-paredes-de-coura\\\/\",\"name\":\"Pluto, M\u00e3o Morta, Linda Martini e Rita Vian refor\u00e7am cartaz do festival Paredes de Coura\",\"isPartOf\":{\"@id\":\"https:\\\/\\\/www.altominho.tv\\\/site\\\/#website\"},\"primaryImageOfPage\":{\"@id\":\"https:\\\/\\\/www.altominho.tv\\\/site\\\/2022\\\/03\\\/23\\\/musica-paredes-de-coura\\\/#primaryimage\"},\"image\":{\"@id\":\"https:\\\/\\\/www.altominho.tv\\\/site\\\/2022\\\/03\\\/23\\\/musica-paredes-de-coura\\\/#primaryimage\"},\"thumbnailUrl\":\"https:\\\/\\\/www.altominho.tv\\\/site\\\/wp-content\\\/uploads\\\/2022\\\/03\\\/vodafonepdc-1.jpeg\",\"datePublished\":\"2022-03-23T13:59:38+00:00\",\"dateModified\":\"2022-03-23T13:59:43+00:00\",\"author\":{\"@id\":\"https:\\\/\\\/www.altominho.tv\\\/site\\\/#\\\/schema\\\/person\\\/dbaf181c01b51ff40c9f461a905d321e\"},\"description\":\"Pluto, M\u00e3o Morta, Linda Martini e Rita Vian refor\u00e7am cartaz do Festival Vodafone Paredes de Coura.\",\"breadcrumb\":{\"@id\":\"https:\\\/\\\/www.altominho.tv\\\/site\\\/2022\\\/03\\\/23\\\/musica-paredes-de-coura\\\/#breadcrumb\"},\"inLanguage\":\"pt-PT\",\"potentialAction\":[{\"@type\":\"ReadAction\",\"target\":[\"https:\\\/\\\/www.altominho.tv\\\/site\\\/2022\\\/03\\\/23\\\/musica-paredes-de-coura\\\/\"]}]},{\"@type\":\"ImageObject\",\"inLanguage\":\"pt-PT\",\"@id\":\"https:\\\/\\\/www.altominho.tv\\\/site\\\/2022\\\/03\\\/23\\\/musica-paredes-de-coura\\\/#primaryimage\",\"url\":\"https:\\\/\\\/www.altominho.tv\\\/site\\\/wp-content\\\/uploads\\\/2022\\\/03\\\/vodafonepdc-1.jpeg\",\"contentUrl\":\"https:\\\/\\\/www.altominho.tv\\\/site\\\/wp-content\\\/uploads\\\/2022\\\/03\\\/vodafonepdc-1.jpeg\",\"width\":1701,\"height\":942},{\"@type\":\"BreadcrumbList\",\"@id\":\"https:\\\/\\\/www.altominho.tv\\\/site\\\/2022\\\/03\\\/23\\\/musica-paredes-de-coura\\\/#breadcrumb\",\"itemListElement\":[{\"@type\":\"ListItem\",\"position\":1,\"name\":\"In\u00edcio\",\"item\":\"https:\\\/\\\/www.altominho.tv\\\/site\\\/\"},{\"@type\":\"ListItem\",\"position\":2,\"name\":\"Pluto, M\u00e3o Morta, Linda Martini e Rita Vian refor\u00e7am cartaz do festival Paredes de Coura\"}]},{\"@type\":\"WebSite\",\"@id\":\"https:\\\/\\\/www.altominho.tv\\\/site\\\/#website\",\"url\":\"https:\\\/\\\/www.altominho.tv\\\/site\\\/\",\"name\":\"Altominho.tv\",\"description\":\"A sua regi\u00e3o \u00e0 dist\u00e2ncia de um clique...\",\"potentialAction\":[{\"@type\":\"SearchAction\",\"target\":{\"@type\":\"EntryPoint\",\"urlTemplate\":\"https:\\\/\\\/www.altominho.tv\\\/site\\\/?s={search_term_string}\"},\"query-input\":{\"@type\":\"PropertyValueSpecification\",\"valueRequired\":true,\"valueName\":\"search_term_string\"}}],\"inLanguage\":\"pt-PT\"},{\"@type\":\"Person\",\"@id\":\"https:\\\/\\\/www.altominho.tv\\\/site\\\/#\\\/schema\\\/person\\\/dbaf181c01b51ff40c9f461a905d321e\",\"name\":\"Andreia Cunha | Lusa\",\"image\":{\"@type\":\"ImageObject\",\"inLanguage\":\"pt-PT\",\"@id\":\"https:\\\/\\\/www.altominho.tv\\\/site\\\/wp-content\\\/uploads\\\/2017\\\/11\\\/Andreia_Cunha-1-150x150.jpg\",\"url\":\"https:\\\/\\\/www.altominho.tv\\\/site\\\/wp-content\\\/uploads\\\/2017\\\/11\\\/Andreia_Cunha-1-150x150.jpg\",\"contentUrl\":\"https:\\\/\\\/www.altominho.tv\\\/site\\\/wp-content\\\/uploads\\\/2017\\\/11\\\/Andreia_Cunha-1-150x150.jpg\",\"caption\":\"Andreia Cunha | Lusa\"},\"sameAs\":[\"https:\\\/\\\/www.altominho.tv\\\/site\"],\"url\":\"https:\\\/\\\/www.altominho.tv\\\/site\\\/author\\\/andreiacunhalusa\\\/\"}]}<\/script>\n<!-- \/ Yoast SEO Premium plugin. -->","yoast_head_json":{"title":"Pluto, M\u00e3o Morta, Linda Martini e Rita Vian refor\u00e7am cartaz do festival Paredes de Coura","description":"Pluto, M\u00e3o Morta, Linda Martini e Rita Vian refor\u00e7am cartaz do Festival Vodafone Paredes de Coura.","robots":{"index":"index","follow":"follow","max-snippet":"max-snippet:-1","max-image-preview":"max-image-preview:large","max-video-preview":"max-video-preview:-1"},"canonical":"https:\/\/www.altominho.tv\/site\/2022\/03\/23\/musica-paredes-de-coura\/","og_locale":"pt_PT","og_type":"article","og_title":"Pluto, M\u00e3o Morta, Linda Martini e Rita Vian refor\u00e7am cartaz do festival Paredes de Coura","og_description":"Pluto, M\u00e3o Morta, Linda Martini e Rita Vian refor\u00e7am cartaz do Festival Vodafone Paredes de Coura.","og_url":"https:\/\/www.altominho.tv\/site\/2022\/03\/23\/musica-paredes-de-coura\/","og_site_name":"Altominho.tv","article_publisher":"https:\/\/www.facebook.com\/altominhotv","article_published_time":"2022-03-23T13:59:38+00:00","article_modified_time":"2022-03-23T13:59:43+00:00","og_image":[{"width":1701,"height":942,"url":"https:\/\/www.altominho.tv\/site\/wp-content\/uploads\/2022\/03\/vodafonepdc-1.jpeg","type":"image\/jpeg"}],"author":"Andreia Cunha | Lusa","twitter_card":"summary_large_image","twitter_creator":"@altominhoTV","twitter_site":"@altominhoTV","twitter_misc":{"Escrito por":"Andreia Cunha | Lusa","Tempo estimado de leitura":"2 minutos"},"schema":{"@context":"https:\/\/schema.org","@graph":[{"@type":"Article","@id":"https:\/\/www.altominho.tv\/site\/2022\/03\/23\/musica-paredes-de-coura\/#article","isPartOf":{"@id":"https:\/\/www.altominho.tv\/site\/2022\/03\/23\/musica-paredes-de-coura\/"},"author":{"name":"Andreia Cunha | Lusa","@id":"https:\/\/www.altominho.tv\/site\/#\/schema\/person\/dbaf181c01b51ff40c9f461a905d321e"},"headline":"Pluto, M\u00e3o Morta, Linda Martini e Rita Vian refor\u00e7am cartaz do festival Paredes de Coura","datePublished":"2022-03-23T13:59:38+00:00","dateModified":"2022-03-23T13:59:43+00:00","mainEntityOfPage":{"@id":"https:\/\/www.altominho.tv\/site\/2022\/03\/23\/musica-paredes-de-coura\/"},"wordCount":239,"image":{"@id":"https:\/\/www.altominho.tv\/site\/2022\/03\/23\/musica-paredes-de-coura\/#primaryimage"},"thumbnailUrl":"https:\/\/www.altominho.tv\/site\/wp-content\/uploads\/2022\/03\/vodafonepdc-1.jpeg","keywords":["Cultura","Lazer"],"articleSection":["Paredes de Coura"],"inLanguage":"pt-PT","copyrightYear":"2022","copyrightHolder":{"@id":"https:\/\/www.altominho.tv\/site\/#organization"}},{"@type":"WebPage","@id":"https:\/\/www.altominho.tv\/site\/2022\/03\/23\/musica-paredes-de-coura\/","url":"https:\/\/www.altominho.tv\/site\/2022\/03\/23\/musica-paredes-de-coura\/","name":"Pluto, M\u00e3o Morta, Linda Martini e Rita Vian refor\u00e7am cartaz do festival Paredes de Coura","isPartOf":{"@id":"https:\/\/www.altominho.tv\/site\/#website"},"primaryImageOfPage":{"@id":"https:\/\/www.altominho.tv\/site\/2022\/03\/23\/musica-paredes-de-coura\/#primaryimage"},"image":{"@id":"https:\/\/www.altominho.tv\/site\/2022\/03\/23\/musica-paredes-de-coura\/#primaryimage"},"thumbnailUrl":"https:\/\/www.altominho.tv\/site\/wp-content\/uploads\/2022\/03\/vodafonepdc-1.jpeg","datePublished":"2022-03-23T13:59:38+00:00","dateModified":"2022-03-23T13:59:43+00:00","author":{"@id":"https:\/\/www.altominho.tv\/site\/#\/schema\/person\/dbaf181c01b51ff40c9f461a905d321e"},"description":"Pluto, M\u00e3o Morta, Linda Martini e Rita Vian refor\u00e7am cartaz do Festival Vodafone Paredes de Coura.","breadcrumb":{"@id":"https:\/\/www.altominho.tv\/site\/2022\/03\/23\/musica-paredes-de-coura\/#breadcrumb"},"inLanguage":"pt-PT","potentialAction":[{"@type":"ReadAction","target":["https:\/\/www.altominho.tv\/site\/2022\/03\/23\/musica-paredes-de-coura\/"]}]},{"@type":"ImageObject","inLanguage":"pt-PT","@id":"https:\/\/www.altominho.tv\/site\/2022\/03\/23\/musica-paredes-de-coura\/#primaryimage","url":"https:\/\/www.altominho.tv\/site\/wp-content\/uploads\/2022\/03\/vodafonepdc-1.jpeg","contentUrl":"https:\/\/www.altominho.tv\/site\/wp-content\/uploads\/2022\/03\/vodafonepdc-1.jpeg","width":1701,"height":942},{"@type":"BreadcrumbList","@id":"https:\/\/www.altominho.tv\/site\/2022\/03\/23\/musica-paredes-de-coura\/#breadcrumb","itemListElement":[{"@type":"ListItem","position":1,"name":"In\u00edcio","item":"https:\/\/www.altominho.tv\/site\/"},{"@type":"ListItem","position":2,"name":"Pluto, M\u00e3o Morta, Linda Martini e Rita Vian refor\u00e7am cartaz do festival Paredes de Coura"}]},{"@type":"WebSite","@id":"https:\/\/www.altominho.tv\/site\/#website","url":"https:\/\/www.altominho.tv\/site\/","name":"Altominho.tv","description":"A sua regi\u00e3o \u00e0 dist\u00e2ncia de um clique...","potentialAction":[{"@type":"SearchAction","target":{"@type":"EntryPoint","urlTemplate":"https:\/\/www.altominho.tv\/site\/?s={search_term_string}"},"query-input":{"@type":"PropertyValueSpecification","valueRequired":true,"valueName":"search_term_string"}}],"inLanguage":"pt-PT"},{"@type":"Person","@id":"https:\/\/www.altominho.tv\/site\/#\/schema\/person\/dbaf181c01b51ff40c9f461a905d321e","name":"Andreia Cunha | Lusa","image":{"@type":"ImageObject","inLanguage":"pt-PT","@id":"https:\/\/www.altominho.tv\/site\/wp-content\/uploads\/2017\/11\/Andreia_Cunha-1-150x150.jpg","url":"https:\/\/www.altominho.tv\/site\/wp-content\/uploads\/2017\/11\/Andreia_Cunha-1-150x150.jpg","contentUrl":"https:\/\/www.altominho.tv\/site\/wp-content\/uploads\/2017\/11\/Andreia_Cunha-1-150x150.jpg","caption":"Andreia Cunha | Lusa"},"sameAs":["https:\/\/www.altominho.tv\/site"],"url":"https:\/\/www.altominho.tv\/site\/author\/andreiacunhalusa\/"}]}},"_links":{"self":[{"href":"https:\/\/www.altominho.tv\/site\/wp-json\/wp\/v2\/posts\/78193","targetHints":{"allow":["GET"]}}],"collection":[{"href":"https:\/\/www.altominho.tv\/site\/wp-json\/wp\/v2\/posts"}],"about":[{"href":"https:\/\/www.altominho.tv\/site\/wp-json\/wp\/v2\/types\/post"}],"author":[{"embeddable":true,"href":"https:\/\/www.altominho.tv\/site\/wp-json\/wp\/v2\/users\/16"}],"replies":[{"embeddable":true,"href":"https:\/\/www.altominho.tv\/site\/wp-json\/wp\/v2\/comments?post=78193"}],"version-history":[{"count":0,"href":"https:\/\/www.altominho.tv\/site\/wp-json\/wp\/v2\/posts\/78193\/revisions"}],"wp:featuredmedia":[{"embeddable":true,"href":"https:\/\/www.altominho.tv\/site\/wp-json\/wp\/v2\/media\/78194"}],"wp:attachment":[{"href":"https:\/\/www.altominho.tv\/site\/wp-json\/wp\/v2\/media?parent=78193"}],"wp:term":[{"taxonomy":"category","embeddable":true,"href":"https:\/\/www.altominho.tv\/site\/wp-json\/wp\/v2\/categories?post=78193"},{"taxonomy":"post_tag","embeddable":true,"href":"https:\/\/www.altominho.tv\/site\/wp-json\/wp\/v2\/tags?post=78193"}],"curies":[{"name":"wp","href":"https:\/\/api.w.org\/{rel}","templated":true}]}}