{"id":78111,"date":"2022-03-22T16:12:22","date_gmt":"2022-03-22T16:12:22","guid":{"rendered":"https:\/\/www.altominho.tv\/site\/?p=78111"},"modified":"2022-03-22T16:12:25","modified_gmt":"2022-03-22T16:12:25","slug":"moncao-promove-nova-recolha-de-bens-para-a-ucrania","status":"publish","type":"post","link":"https:\/\/www.altominho.tv\/site\/2022\/03\/22\/moncao-promove-nova-recolha-de-bens-para-a-ucrania\/","title":{"rendered":"Mon\u00e7\u00e3o promove nova recolha de bens para a Ucr\u00e2nia"},"content":{"rendered":"<p>O grupo \u201cVamos Todos Ajudar a Ucr\u00e2nia\u201d, criado em Mon\u00e7\u00e3o, vai promover, no pr\u00f3ximo fim de semana, uma nova campanha de recolha de bens essenciais para enviar para a Ucr\u00e2nia.<\/p>\n<p>A iniciativa de apoio ao povo ucraniano vai realizar-se na Pra\u00e7a Deu-la-Deu, entre as 10h00 e as 17h00 de s\u00e1bado, dia 26 de mar\u00e7o, e as 09h00 e as 13h00 de domingo, 27 de mar\u00e7o.<\/p>\n<p>A organiza\u00e7\u00e3o pede \u00e0 popula\u00e7\u00e3o a doa\u00e7\u00e3o de bens alimentares (cereais, papas variadas, enlatados, queijos duros, nozes e frutos secos, biscoitos) e outros produtos como compressas est\u00e9reis em embalagens individuais, ligaduras e gaze, fita adesiva, luvas de nitrilo, cobertores t\u00e9rmicos, meios mec\u00e2nicos para parar hemorragias (garrotes, pomadas hemost\u00e1ticas), tubos nasofar\u00edngeos e tesouras para cortar roupas e sapatos.<\/p>\n<p>&#8220;Quem puder continuar a doar roupa pode faz\u00ea-lo, pois temos fam\u00edlias a chegar sem nada que ir\u00e3o precisar de toda a ajuda&#8221;, sublinham.<\/p>\n<p>No dia 28 de mar\u00e7o, segunda-feira, um segundo cami\u00e3o vai partir de Mon\u00e7\u00e3o com destino \u00e0 Ucr\u00e2nia, carregado com todos os bens recolhidos. Ainda de acordo com a organiza\u00e7\u00e3o, no mesmo dia, &#8220;ser\u00e1 feito um balan\u00e7o de todos os bens arrecadados at\u00e9 ao momento&#8221;.<\/p>\n<p>Anteriormente, <a href=\"\/\/www.altominho.tv\/site\/2022\/03\/08\/bens-angariados-em-moncao-e-melgaco-para-ajudar-a-ucrania\/\">10 toneladas de donativos<\/a> angariados nos concelhos de Mon\u00e7\u00e3o e Melga\u00e7o foram entregues no Centro Log\u00edstico de Vila Nova de Gaia, seguindo para a Pol\u00f3nia, para serem distribu\u00eddos pelas fam\u00edlias ucranianas.<\/p>\n<div class=\"entry-content\">\n<p>Com v\u00e1rios pontos de recolha nos dois concelhos, o grupo \u201c<a href=\"https:\/\/www.facebook.com\/groups\/1048258875755758\" target=\"_blank\" rel=\"noopener\">Vamos Todos Ajudar a Ucr\u00e2nia<\/a>\u201d nasceu da \u201cvontade em ajudar um povo em sofrimento\u201d que \u201cprecisa do apoio de todos\u201d. O grupo criado no dia 27 de fevereiro contabiliza mais de 1800 membros.<\/p>\n<\/div>\n","protected":false},"excerpt":{"rendered":"<p>O grupo \u201cVamos Todos Ajudar a Ucr\u00e2nia\u201d, criado em Mon\u00e7\u00e3o, vai promover, no pr\u00f3ximo fim de semana, uma nova campanha de recolha de bens essenciais para enviar para a Ucr\u00e2nia. A iniciativa de apoio ao povo ucraniano vai realizar-se na Pra\u00e7a Deu-la-Deu, entre as 10h00 e as 17h00 de s\u00e1bado, dia 26 de mar\u00e7o, e [&hellip;]<\/p>\n","protected":false},"author":12,"featured_media":78122,"comment_status":"closed","ping_status":"closed","sticky":false,"template":"","format":"standard","meta":{"_exactmetrics_skip_tracking":false,"footnotes":""},"categories":[9],"tags":[27],"class_list":["post-78111","post","type-post","status-publish","format-standard","has-post-thumbnail","hentry","category-moncao","tag-sociedade"],"yoast_head":"<!-- This site is optimized with the Yoast SEO Premium plugin v28.3 (Yoast SEO v28.3) - https:\/\/yoast.com\/product\/yoast-seo-premium-wordpress\/ -->\n<title>Mon\u00e7\u00e3o promove nova recolha de bens para a Ucr\u00e2nia<\/title>\n<meta name=\"robots\" content=\"index, follow, max-snippet:-1, max-image-preview:large, max-video-preview:-1\" \/>\n<link rel=\"canonical\" href=\"https:\/\/www.altominho.tv\/site\/2022\/03\/22\/moncao-promove-nova-recolha-de-bens-para-a-ucrania\/\" \/>\n<meta property=\"og:locale\" content=\"pt_PT\" \/>\n<meta property=\"og:type\" content=\"article\" \/>\n<meta property=\"og:title\" content=\"Mon\u00e7\u00e3o promove nova recolha de bens para a Ucr\u00e2nia\" \/>\n<meta property=\"og:description\" content=\"O grupo \u201cVamos Todos Ajudar a Ucr\u00e2nia\u201d, criado em Mon\u00e7\u00e3o, vai promover, no pr\u00f3ximo fim de semana, uma nova campanha de recolha de bens essenciais para enviar para a Ucr\u00e2nia. A iniciativa de apoio ao povo ucraniano vai realizar-se na Pra\u00e7a Deu-la-Deu, entre as 10h00 e as 17h00 de s\u00e1bado, dia 26 de mar\u00e7o, e [&hellip;]\" \/>\n<meta property=\"og:url\" content=\"https:\/\/www.altominho.tv\/site\/2022\/03\/22\/moncao-promove-nova-recolha-de-bens-para-a-ucrania\/\" \/>\n<meta property=\"og:site_name\" content=\"Altominho.tv\" \/>\n<meta property=\"article:publisher\" content=\"https:\/\/www.facebook.com\/altominhotv\" \/>\n<meta property=\"article:published_time\" content=\"2022-03-22T16:12:22+00:00\" \/>\n<meta property=\"article:modified_time\" content=\"2022-03-22T16:12:25+00:00\" \/>\n<meta property=\"og:image\" content=\"https:\/\/www.altominho.tv\/site\/wp-content\/uploads\/2022\/03\/Recolha-de-bens.jpg\" \/>\n\t<meta property=\"og:image:width\" content=\"1920\" \/>\n\t<meta property=\"og:image:height\" content=\"1080\" \/>\n\t<meta property=\"og:image:type\" content=\"image\/jpeg\" \/>\n<meta name=\"author\" content=\"Andreia Ferreira\" \/>\n<meta name=\"twitter:card\" content=\"summary_large_image\" \/>\n<meta name=\"twitter:creator\" content=\"@altominhoTV\" \/>\n<meta name=\"twitter:site\" content=\"@altominhoTV\" \/>\n<meta name=\"twitter:label1\" content=\"Escrito por\" \/>\n\t<meta name=\"twitter:data1\" content=\"Andreia Ferreira\" \/>\n\t<meta name=\"twitter:label2\" content=\"Tempo estimado de leitura\" \/>\n\t<meta name=\"twitter:data2\" content=\"2 minutos\" \/>\n<script type=\"application\/ld+json\" class=\"yoast-schema-graph\">{\"@context\":\"https:\\\/\\\/schema.org\",\"@graph\":[{\"@type\":\"Article\",\"@id\":\"https:\\\/\\\/www.altominho.tv\\\/site\\\/2022\\\/03\\\/22\\\/moncao-promove-nova-recolha-de-bens-para-a-ucrania\\\/#article\",\"isPartOf\":{\"@id\":\"https:\\\/\\\/www.altominho.tv\\\/site\\\/2022\\\/03\\\/22\\\/moncao-promove-nova-recolha-de-bens-para-a-ucrania\\\/\"},\"author\":{\"name\":\"Andreia Ferreira\",\"@id\":\"https:\\\/\\\/www.altominho.tv\\\/site\\\/#\\\/schema\\\/person\\\/d9be4265364723f14ea8e0d56a1d38cd\"},\"headline\":\"Mon\u00e7\u00e3o promove nova recolha de bens para a Ucr\u00e2nia\",\"datePublished\":\"2022-03-22T16:12:22+00:00\",\"dateModified\":\"2022-03-22T16:12:25+00:00\",\"mainEntityOfPage\":{\"@id\":\"https:\\\/\\\/www.altominho.tv\\\/site\\\/2022\\\/03\\\/22\\\/moncao-promove-nova-recolha-de-bens-para-a-ucrania\\\/\"},\"wordCount\":300,\"image\":{\"@id\":\"https:\\\/\\\/www.altominho.tv\\\/site\\\/2022\\\/03\\\/22\\\/moncao-promove-nova-recolha-de-bens-para-a-ucrania\\\/#primaryimage\"},\"thumbnailUrl\":\"https:\\\/\\\/www.altominho.tv\\\/site\\\/wp-content\\\/uploads\\\/2022\\\/03\\\/Recolha-de-bens.jpg\",\"keywords\":[\"Sociedade\"],\"articleSection\":[\"Mon\u00e7\u00e3o\"],\"inLanguage\":\"pt-PT\",\"copyrightYear\":\"2022\",\"copyrightHolder\":{\"@id\":\"https:\\\/\\\/www.altominho.tv\\\/site\\\/#organization\"}},{\"@type\":\"WebPage\",\"@id\":\"https:\\\/\\\/www.altominho.tv\\\/site\\\/2022\\\/03\\\/22\\\/moncao-promove-nova-recolha-de-bens-para-a-ucrania\\\/\",\"url\":\"https:\\\/\\\/www.altominho.tv\\\/site\\\/2022\\\/03\\\/22\\\/moncao-promove-nova-recolha-de-bens-para-a-ucrania\\\/\",\"name\":\"Mon\u00e7\u00e3o promove nova recolha de bens para a Ucr\u00e2nia\",\"isPartOf\":{\"@id\":\"https:\\\/\\\/www.altominho.tv\\\/site\\\/#website\"},\"primaryImageOfPage\":{\"@id\":\"https:\\\/\\\/www.altominho.tv\\\/site\\\/2022\\\/03\\\/22\\\/moncao-promove-nova-recolha-de-bens-para-a-ucrania\\\/#primaryimage\"},\"image\":{\"@id\":\"https:\\\/\\\/www.altominho.tv\\\/site\\\/2022\\\/03\\\/22\\\/moncao-promove-nova-recolha-de-bens-para-a-ucrania\\\/#primaryimage\"},\"thumbnailUrl\":\"https:\\\/\\\/www.altominho.tv\\\/site\\\/wp-content\\\/uploads\\\/2022\\\/03\\\/Recolha-de-bens.jpg\",\"datePublished\":\"2022-03-22T16:12:22+00:00\",\"dateModified\":\"2022-03-22T16:12:25+00:00\",\"author\":{\"@id\":\"https:\\\/\\\/www.altominho.tv\\\/site\\\/#\\\/schema\\\/person\\\/d9be4265364723f14ea8e0d56a1d38cd\"},\"breadcrumb\":{\"@id\":\"https:\\\/\\\/www.altominho.tv\\\/site\\\/2022\\\/03\\\/22\\\/moncao-promove-nova-recolha-de-bens-para-a-ucrania\\\/#breadcrumb\"},\"inLanguage\":\"pt-PT\",\"potentialAction\":[{\"@type\":\"ReadAction\",\"target\":[\"https:\\\/\\\/www.altominho.tv\\\/site\\\/2022\\\/03\\\/22\\\/moncao-promove-nova-recolha-de-bens-para-a-ucrania\\\/\"]}]},{\"@type\":\"ImageObject\",\"inLanguage\":\"pt-PT\",\"@id\":\"https:\\\/\\\/www.altominho.tv\\\/site\\\/2022\\\/03\\\/22\\\/moncao-promove-nova-recolha-de-bens-para-a-ucrania\\\/#primaryimage\",\"url\":\"https:\\\/\\\/www.altominho.tv\\\/site\\\/wp-content\\\/uploads\\\/2022\\\/03\\\/Recolha-de-bens.jpg\",\"contentUrl\":\"https:\\\/\\\/www.altominho.tv\\\/site\\\/wp-content\\\/uploads\\\/2022\\\/03\\\/Recolha-de-bens.jpg\",\"width\":1920,\"height\":1080},{\"@type\":\"BreadcrumbList\",\"@id\":\"https:\\\/\\\/www.altominho.tv\\\/site\\\/2022\\\/03\\\/22\\\/moncao-promove-nova-recolha-de-bens-para-a-ucrania\\\/#breadcrumb\",\"itemListElement\":[{\"@type\":\"ListItem\",\"position\":1,\"name\":\"In\u00edcio\",\"item\":\"https:\\\/\\\/www.altominho.tv\\\/site\\\/\"},{\"@type\":\"ListItem\",\"position\":2,\"name\":\"Mon\u00e7\u00e3o promove nova recolha de bens para a Ucr\u00e2nia\"}]},{\"@type\":\"WebSite\",\"@id\":\"https:\\\/\\\/www.altominho.tv\\\/site\\\/#website\",\"url\":\"https:\\\/\\\/www.altominho.tv\\\/site\\\/\",\"name\":\"Altominho.tv\",\"description\":\"A sua regi\u00e3o \u00e0 dist\u00e2ncia de um clique...\",\"potentialAction\":[{\"@type\":\"SearchAction\",\"target\":{\"@type\":\"EntryPoint\",\"urlTemplate\":\"https:\\\/\\\/www.altominho.tv\\\/site\\\/?s={search_term_string}\"},\"query-input\":{\"@type\":\"PropertyValueSpecification\",\"valueRequired\":true,\"valueName\":\"search_term_string\"}}],\"inLanguage\":\"pt-PT\"},{\"@type\":\"Person\",\"@id\":\"https:\\\/\\\/www.altominho.tv\\\/site\\\/#\\\/schema\\\/person\\\/d9be4265364723f14ea8e0d56a1d38cd\",\"name\":\"Andreia Ferreira\",\"image\":{\"@type\":\"ImageObject\",\"inLanguage\":\"pt-PT\",\"@id\":\"https:\\\/\\\/www.altominho.tv\\\/site\\\/wp-content\\\/uploads\\\/2021\\\/01\\\/AndreiaFerreira-150x150.jpg\",\"url\":\"https:\\\/\\\/www.altominho.tv\\\/site\\\/wp-content\\\/uploads\\\/2021\\\/01\\\/AndreiaFerreira-150x150.jpg\",\"contentUrl\":\"https:\\\/\\\/www.altominho.tv\\\/site\\\/wp-content\\\/uploads\\\/2021\\\/01\\\/AndreiaFerreira-150x150.jpg\",\"caption\":\"Andreia Ferreira\"},\"url\":\"https:\\\/\\\/www.altominho.tv\\\/site\\\/author\\\/andreiaferreira\\\/\"}]}<\/script>\n<!-- \/ Yoast SEO Premium plugin. -->","yoast_head_json":{"title":"Mon\u00e7\u00e3o promove nova recolha de bens para a Ucr\u00e2nia","robots":{"index":"index","follow":"follow","max-snippet":"max-snippet:-1","max-image-preview":"max-image-preview:large","max-video-preview":"max-video-preview:-1"},"canonical":"https:\/\/www.altominho.tv\/site\/2022\/03\/22\/moncao-promove-nova-recolha-de-bens-para-a-ucrania\/","og_locale":"pt_PT","og_type":"article","og_title":"Mon\u00e7\u00e3o promove nova recolha de bens para a Ucr\u00e2nia","og_description":"O grupo \u201cVamos Todos Ajudar a Ucr\u00e2nia\u201d, criado em Mon\u00e7\u00e3o, vai promover, no pr\u00f3ximo fim de semana, uma nova campanha de recolha de bens essenciais para enviar para a Ucr\u00e2nia. A iniciativa de apoio ao povo ucraniano vai realizar-se na Pra\u00e7a Deu-la-Deu, entre as 10h00 e as 17h00 de s\u00e1bado, dia 26 de mar\u00e7o, e [&hellip;]","og_url":"https:\/\/www.altominho.tv\/site\/2022\/03\/22\/moncao-promove-nova-recolha-de-bens-para-a-ucrania\/","og_site_name":"Altominho.tv","article_publisher":"https:\/\/www.facebook.com\/altominhotv","article_published_time":"2022-03-22T16:12:22+00:00","article_modified_time":"2022-03-22T16:12:25+00:00","og_image":[{"width":1920,"height":1080,"url":"https:\/\/www.altominho.tv\/site\/wp-content\/uploads\/2022\/03\/Recolha-de-bens.jpg","type":"image\/jpeg"}],"author":"Andreia Ferreira","twitter_card":"summary_large_image","twitter_creator":"@altominhoTV","twitter_site":"@altominhoTV","twitter_misc":{"Escrito por":"Andreia Ferreira","Tempo estimado de leitura":"2 minutos"},"schema":{"@context":"https:\/\/schema.org","@graph":[{"@type":"Article","@id":"https:\/\/www.altominho.tv\/site\/2022\/03\/22\/moncao-promove-nova-recolha-de-bens-para-a-ucrania\/#article","isPartOf":{"@id":"https:\/\/www.altominho.tv\/site\/2022\/03\/22\/moncao-promove-nova-recolha-de-bens-para-a-ucrania\/"},"author":{"name":"Andreia Ferreira","@id":"https:\/\/www.altominho.tv\/site\/#\/schema\/person\/d9be4265364723f14ea8e0d56a1d38cd"},"headline":"Mon\u00e7\u00e3o promove nova recolha de bens para a Ucr\u00e2nia","datePublished":"2022-03-22T16:12:22+00:00","dateModified":"2022-03-22T16:12:25+00:00","mainEntityOfPage":{"@id":"https:\/\/www.altominho.tv\/site\/2022\/03\/22\/moncao-promove-nova-recolha-de-bens-para-a-ucrania\/"},"wordCount":300,"image":{"@id":"https:\/\/www.altominho.tv\/site\/2022\/03\/22\/moncao-promove-nova-recolha-de-bens-para-a-ucrania\/#primaryimage"},"thumbnailUrl":"https:\/\/www.altominho.tv\/site\/wp-content\/uploads\/2022\/03\/Recolha-de-bens.jpg","keywords":["Sociedade"],"articleSection":["Mon\u00e7\u00e3o"],"inLanguage":"pt-PT","copyrightYear":"2022","copyrightHolder":{"@id":"https:\/\/www.altominho.tv\/site\/#organization"}},{"@type":"WebPage","@id":"https:\/\/www.altominho.tv\/site\/2022\/03\/22\/moncao-promove-nova-recolha-de-bens-para-a-ucrania\/","url":"https:\/\/www.altominho.tv\/site\/2022\/03\/22\/moncao-promove-nova-recolha-de-bens-para-a-ucrania\/","name":"Mon\u00e7\u00e3o promove nova recolha de bens para a Ucr\u00e2nia","isPartOf":{"@id":"https:\/\/www.altominho.tv\/site\/#website"},"primaryImageOfPage":{"@id":"https:\/\/www.altominho.tv\/site\/2022\/03\/22\/moncao-promove-nova-recolha-de-bens-para-a-ucrania\/#primaryimage"},"image":{"@id":"https:\/\/www.altominho.tv\/site\/2022\/03\/22\/moncao-promove-nova-recolha-de-bens-para-a-ucrania\/#primaryimage"},"thumbnailUrl":"https:\/\/www.altominho.tv\/site\/wp-content\/uploads\/2022\/03\/Recolha-de-bens.jpg","datePublished":"2022-03-22T16:12:22+00:00","dateModified":"2022-03-22T16:12:25+00:00","author":{"@id":"https:\/\/www.altominho.tv\/site\/#\/schema\/person\/d9be4265364723f14ea8e0d56a1d38cd"},"breadcrumb":{"@id":"https:\/\/www.altominho.tv\/site\/2022\/03\/22\/moncao-promove-nova-recolha-de-bens-para-a-ucrania\/#breadcrumb"},"inLanguage":"pt-PT","potentialAction":[{"@type":"ReadAction","target":["https:\/\/www.altominho.tv\/site\/2022\/03\/22\/moncao-promove-nova-recolha-de-bens-para-a-ucrania\/"]}]},{"@type":"ImageObject","inLanguage":"pt-PT","@id":"https:\/\/www.altominho.tv\/site\/2022\/03\/22\/moncao-promove-nova-recolha-de-bens-para-a-ucrania\/#primaryimage","url":"https:\/\/www.altominho.tv\/site\/wp-content\/uploads\/2022\/03\/Recolha-de-bens.jpg","contentUrl":"https:\/\/www.altominho.tv\/site\/wp-content\/uploads\/2022\/03\/Recolha-de-bens.jpg","width":1920,"height":1080},{"@type":"BreadcrumbList","@id":"https:\/\/www.altominho.tv\/site\/2022\/03\/22\/moncao-promove-nova-recolha-de-bens-para-a-ucrania\/#breadcrumb","itemListElement":[{"@type":"ListItem","position":1,"name":"In\u00edcio","item":"https:\/\/www.altominho.tv\/site\/"},{"@type":"ListItem","position":2,"name":"Mon\u00e7\u00e3o promove nova recolha de bens para a Ucr\u00e2nia"}]},{"@type":"WebSite","@id":"https:\/\/www.altominho.tv\/site\/#website","url":"https:\/\/www.altominho.tv\/site\/","name":"Altominho.tv","description":"A sua regi\u00e3o \u00e0 dist\u00e2ncia de um clique...","potentialAction":[{"@type":"SearchAction","target":{"@type":"EntryPoint","urlTemplate":"https:\/\/www.altominho.tv\/site\/?s={search_term_string}"},"query-input":{"@type":"PropertyValueSpecification","valueRequired":true,"valueName":"search_term_string"}}],"inLanguage":"pt-PT"},{"@type":"Person","@id":"https:\/\/www.altominho.tv\/site\/#\/schema\/person\/d9be4265364723f14ea8e0d56a1d38cd","name":"Andreia Ferreira","image":{"@type":"ImageObject","inLanguage":"pt-PT","@id":"https:\/\/www.altominho.tv\/site\/wp-content\/uploads\/2021\/01\/AndreiaFerreira-150x150.jpg","url":"https:\/\/www.altominho.tv\/site\/wp-content\/uploads\/2021\/01\/AndreiaFerreira-150x150.jpg","contentUrl":"https:\/\/www.altominho.tv\/site\/wp-content\/uploads\/2021\/01\/AndreiaFerreira-150x150.jpg","caption":"Andreia Ferreira"},"url":"https:\/\/www.altominho.tv\/site\/author\/andreiaferreira\/"}]}},"_links":{"self":[{"href":"https:\/\/www.altominho.tv\/site\/wp-json\/wp\/v2\/posts\/78111","targetHints":{"allow":["GET"]}}],"collection":[{"href":"https:\/\/www.altominho.tv\/site\/wp-json\/wp\/v2\/posts"}],"about":[{"href":"https:\/\/www.altominho.tv\/site\/wp-json\/wp\/v2\/types\/post"}],"author":[{"embeddable":true,"href":"https:\/\/www.altominho.tv\/site\/wp-json\/wp\/v2\/users\/12"}],"replies":[{"embeddable":true,"href":"https:\/\/www.altominho.tv\/site\/wp-json\/wp\/v2\/comments?post=78111"}],"version-history":[{"count":0,"href":"https:\/\/www.altominho.tv\/site\/wp-json\/wp\/v2\/posts\/78111\/revisions"}],"wp:featuredmedia":[{"embeddable":true,"href":"https:\/\/www.altominho.tv\/site\/wp-json\/wp\/v2\/media\/78122"}],"wp:attachment":[{"href":"https:\/\/www.altominho.tv\/site\/wp-json\/wp\/v2\/media?parent=78111"}],"wp:term":[{"taxonomy":"category","embeddable":true,"href":"https:\/\/www.altominho.tv\/site\/wp-json\/wp\/v2\/categories?post=78111"},{"taxonomy":"post_tag","embeddable":true,"href":"https:\/\/www.altominho.tv\/site\/wp-json\/wp\/v2\/tags?post=78111"}],"curies":[{"name":"wp","href":"https:\/\/api.w.org\/{rel}","templated":true}]}}