{"id":78092,"date":"2022-03-21T15:07:08","date_gmt":"2022-03-21T15:07:08","guid":{"rendered":"https:\/\/www.altominho.tv\/site\/?p=78092"},"modified":"2022-03-21T15:07:13","modified_gmt":"2022-03-21T15:07:13","slug":"paredes-de-coura-organiza-encontro-internacional-de-escolas-de-musica","status":"publish","type":"post","link":"https:\/\/www.altominho.tv\/site\/2022\/03\/21\/paredes-de-coura-organiza-encontro-internacional-de-escolas-de-musica\/","title":{"rendered":"Paredes de Coura organiza encontro internacional de escolas de m\u00fasica"},"content":{"rendered":"\n<p>Paredes de Coura recebe entre sexta-feira e domingo o Vira Fest &#8211; Encontro Internacional de Escolas de M\u00fasica, evento que resulta da resid\u00eancia art\u00edstica Escola do Rock e que pretende estimular a partilha de projetos educativos.<\/p>\n\n\n\n<p>\u201c\u00c9 um conceito de festival muito male\u00e1vel, f\u00e1cil de adaptar a diferentes formatos. Tanto pode ser itinerante como ser realizado em qualquer cidade, estabelecendo rela\u00e7\u00f5es com bares, audit\u00f3rios e salas de espet\u00e1culos. Foi pensado para ser um modelo muito vers\u00e1til para que a Escola do Rock possa continuar a desenvolver parcerias com outros munic\u00edpios, institui\u00e7\u00f5es e escolas\u201d, afirmou hoje o diretor da Escola do Rock, Nuno Alves.<\/p>\n\n\n\n<p>Em declara\u00e7\u00f5es \u00e0 ag\u00eancia Lusa, Nuno Alves adiantou que o Vira Fest &#8211; Encontro Internacional de Escolas de M\u00fasica quer ser \u201cum momento de partilha entre escolas de m\u00fasica com projetos educativos, diferentes, fora da caixa\u201d.<\/p>\n\n\n\n<p>O programa do Vira Fest integra \u201cconfer\u00eancias, partilha de experi\u00eancias, ensaios e concertos com a participa\u00e7\u00e3o de diversas escolas de m\u00fasica e projetos de educa\u00e7\u00e3o musical portugueses e galegos, para refletir sobre o seu papel para a inclus\u00e3o de diversos setores da popula\u00e7\u00e3o\u201d, sendo que \u201ctodas as atividades s\u00e3o de entrada livre\u201d.<\/p>\n\n\n\n<p>\u201cPartindo da experi\u00eancia acumulada da Escola do Rock, um projeto educativo promovido pela C\u00e2mara Paredes de Coura desde 2014, a proposta deste evento \u00e9 virar esta escola num festival, originando o nome \u201cVira Fest\u201d, e convidar outras escolas de m\u00fasica e projetos educativos a apresentar as suas experi\u00eancias e metodologias\u201d, explica a organiza\u00e7\u00e3o, em nota hoje enviada \u00e0s reda\u00e7\u00f5es.<\/p>\n\n\n\n<p>Na sexta-feira o programa incluiu uma confer\u00eancia, no Centro Cultural de Paredes de Coura, com oradores convidados de escolas e projetos de educa\u00e7\u00e3o musical, como A Voz do Rock (Viseu), Skoola &#8211; Academia de M\u00fasica Urbana (Lisboa), A M\u00fasica d\u00e1 Trabalho, da Omnichord (Leiria), Desc\u00fabreas (Pontevedra, Galiza), M\u00fasica e Inclus\u00e3o no Alto Minho, Tum Tum Tum (Gondomar, Porto e Matosinhos) e Servi\u00e7o Educativo das Com\u00e9dias do Minho (Melga\u00e7o, Mon\u00e7\u00e3o, Paredes de Coura, Valen\u00e7a e Vila Nova de Cerveira).<\/p>\n\n\n\n<p>Al\u00e9m desta atividade, a programa\u00e7\u00e3o tamb\u00e9m inclui ensaios abertos da Escola do Rock de Paredes de Coura, em colabora\u00e7\u00e3o com outras escolas e com o coro s\u00e9nior do projeto Coura\u00e7\u00e3o CLDS 4G, bem como \u2018showcases\u2019 e concertos no Centro Cultural e na Caixa de M\u00fasica.<\/p>\n\n\n\n<p>Nesses espa\u00e7os \u201cv\u00e3o atuar combos da Academia Valentim de Carvalho, Rockschool Porto, Escola Est\u00fadio do Pej\u00e3o, Estudo Bonobo (Pontevedra, Galiza), Allegro M\u00fasica (Vigo, Galiza) e da pr\u00f3pria Escola do Rock de Paredes de Coura\u201d.<\/p>\n\n\n\n<p>O festival \u201cdestina-se ao p\u00fablico em geral, docentes e alunos de escolas de m\u00fasica ou art\u00edsticas e a t\u00e9cnicos que trabalham com diversos setores da popula\u00e7\u00e3o\u201d.<\/p>\n\n\n\n<p>O Vira Fest &#8211; Encontro Internacional de Escolas de M\u00fasica \u00e9 promovido pela C\u00e2mara de Paredes de Coura no \u00e2mbito do Rock com Todos, inserido no projeto Cultura para Todos, financiado pelo Norte 2020 &#8211; Programa Operacional Regional do Norte.<\/p>\n\n\n\n<p>O evento \u00e9 produzido pela Associa\u00e7\u00e3o Cultural Rock\u2019n\u2019Cave e conta com coordena\u00e7\u00e3o do Space Ensemble, respons\u00e1vel pela dire\u00e7\u00e3o de forma\u00e7\u00e3o e atividade da Escola do Rock de Paredes de Coura.<\/p>\n\n\n\n<p>O festival j\u00e1 teve outras edi\u00e7\u00f5es: em 2019, em Vigo, na Galiza, na Sala Radar e na Funda\u00e7\u00e3o Barri\u00e9, em parceria com a Escola Municipal de Vigo e Allegro M\u00fasica e outra em 2021, em v\u00e1rias localidades galegas, em colabora\u00e7\u00e3o com os munic\u00edpios, escolas de m\u00fasica e bandas locais de Tomi\u00f1o, Ponteareas e Nigr\u00e1n.<\/p>\n","protected":false},"excerpt":{"rendered":"<p>Paredes de Coura recebe entre sexta-feira e domingo o Vira Fest &#8211; Encontro Internacional de Escolas de M\u00fasica, evento que resulta da resid\u00eancia art\u00edstica Escola do Rock e que pretende estimular a partilha de projetos educativos. \u201c\u00c9 um conceito de festival muito male\u00e1vel, f\u00e1cil de adaptar a diferentes formatos. Tanto pode ser itinerante como ser [&hellip;]<\/p>\n","protected":false},"author":13,"featured_media":78093,"comment_status":"closed","ping_status":"closed","sticky":false,"template":"","format":"standard","meta":{"_exactmetrics_skip_tracking":false,"_exactmetrics_sitenote_active":false,"_exactmetrics_sitenote_note":"","_exactmetrics_sitenote_category":0,"footnotes":""},"categories":[10],"tags":[19],"class_list":["post-78092","post","type-post","status-publish","format-standard","has-post-thumbnail","hentry","category-paredes-de-coura","tag-cultura"],"yoast_head":"<!-- This site is optimized with the Yoast SEO Premium plugin v27.4 (Yoast SEO v27.4) - https:\/\/yoast.com\/product\/yoast-seo-premium-wordpress\/ -->\n<title>Paredes de Coura organiza encontro internacional de escolas de m\u00fasica<\/title>\n<meta name=\"description\" content=\"Paredes de Coura recebe entre sexta-feira e domingo o Vira Fest - Encontro Internacional de Escolas de M\u00fasica.\" \/>\n<meta name=\"robots\" content=\"index, follow, max-snippet:-1, max-image-preview:large, max-video-preview:-1\" \/>\n<link rel=\"canonical\" href=\"https:\/\/www.altominho.tv\/site\/2022\/03\/21\/paredes-de-coura-organiza-encontro-internacional-de-escolas-de-musica\/\" \/>\n<meta property=\"og:locale\" content=\"pt_PT\" \/>\n<meta property=\"og:type\" content=\"article\" \/>\n<meta property=\"og:title\" content=\"Paredes de Coura organiza encontro internacional de escolas de m\u00fasica\" \/>\n<meta property=\"og:description\" content=\"Paredes de Coura recebe entre sexta-feira e domingo o Vira Fest - Encontro Internacional de Escolas de M\u00fasica.\" \/>\n<meta property=\"og:url\" content=\"https:\/\/www.altominho.tv\/site\/2022\/03\/21\/paredes-de-coura-organiza-encontro-internacional-de-escolas-de-musica\/\" \/>\n<meta property=\"og:site_name\" content=\"Altominho.tv\" \/>\n<meta property=\"article:publisher\" content=\"https:\/\/www.facebook.com\/altominhotv\" \/>\n<meta property=\"article:published_time\" content=\"2022-03-21T15:07:08+00:00\" \/>\n<meta property=\"article:modified_time\" content=\"2022-03-21T15:07:13+00:00\" \/>\n<meta property=\"og:image\" content=\"https:\/\/www.altominho.tv\/site\/wp-content\/uploads\/2022\/03\/Design-sem-nome-4-1-e1647875183742.png\" \/>\n\t<meta property=\"og:image:width\" content=\"1480\" \/>\n\t<meta property=\"og:image:height\" content=\"862\" \/>\n\t<meta property=\"og:image:type\" content=\"image\/png\" \/>\n<meta name=\"author\" content=\"Lusa\" \/>\n<meta name=\"twitter:card\" content=\"summary_large_image\" \/>\n<meta name=\"twitter:creator\" content=\"@altominhoTV\" \/>\n<meta name=\"twitter:site\" content=\"@altominhoTV\" \/>\n<meta name=\"twitter:label1\" content=\"Escrito por\" \/>\n\t<meta name=\"twitter:data1\" content=\"Lusa\" \/>\n\t<meta name=\"twitter:label2\" content=\"Tempo estimado de leitura\" \/>\n\t<meta name=\"twitter:data2\" content=\"4 minutos\" \/>\n<script type=\"application\/ld+json\" class=\"yoast-schema-graph\">{\"@context\":\"https:\\\/\\\/schema.org\",\"@graph\":[{\"@type\":\"Article\",\"@id\":\"https:\\\/\\\/www.altominho.tv\\\/site\\\/2022\\\/03\\\/21\\\/paredes-de-coura-organiza-encontro-internacional-de-escolas-de-musica\\\/#article\",\"isPartOf\":{\"@id\":\"https:\\\/\\\/www.altominho.tv\\\/site\\\/2022\\\/03\\\/21\\\/paredes-de-coura-organiza-encontro-internacional-de-escolas-de-musica\\\/\"},\"author\":{\"name\":\"Lusa\",\"@id\":\"https:\\\/\\\/www.altominho.tv\\\/site\\\/#\\\/schema\\\/person\\\/63f693da3e1899361cbe955c46f3232e\"},\"headline\":\"Paredes de Coura organiza encontro internacional de escolas de m\u00fasica\",\"datePublished\":\"2022-03-21T15:07:08+00:00\",\"dateModified\":\"2022-03-21T15:07:13+00:00\",\"mainEntityOfPage\":{\"@id\":\"https:\\\/\\\/www.altominho.tv\\\/site\\\/2022\\\/03\\\/21\\\/paredes-de-coura-organiza-encontro-internacional-de-escolas-de-musica\\\/\"},\"wordCount\":636,\"image\":{\"@id\":\"https:\\\/\\\/www.altominho.tv\\\/site\\\/2022\\\/03\\\/21\\\/paredes-de-coura-organiza-encontro-internacional-de-escolas-de-musica\\\/#primaryimage\"},\"thumbnailUrl\":\"https:\\\/\\\/www.altominho.tv\\\/site\\\/wp-content\\\/uploads\\\/2022\\\/03\\\/Design-sem-nome-4-1-e1647875183742.png\",\"keywords\":[\"Cultura\"],\"articleSection\":[\"Paredes de Coura\"],\"inLanguage\":\"pt-PT\",\"copyrightYear\":\"2022\",\"copyrightHolder\":{\"@id\":\"https:\\\/\\\/www.altominho.tv\\\/site\\\/#organization\"}},{\"@type\":\"WebPage\",\"@id\":\"https:\\\/\\\/www.altominho.tv\\\/site\\\/2022\\\/03\\\/21\\\/paredes-de-coura-organiza-encontro-internacional-de-escolas-de-musica\\\/\",\"url\":\"https:\\\/\\\/www.altominho.tv\\\/site\\\/2022\\\/03\\\/21\\\/paredes-de-coura-organiza-encontro-internacional-de-escolas-de-musica\\\/\",\"name\":\"Paredes de Coura organiza encontro internacional de escolas de m\u00fasica\",\"isPartOf\":{\"@id\":\"https:\\\/\\\/www.altominho.tv\\\/site\\\/#website\"},\"primaryImageOfPage\":{\"@id\":\"https:\\\/\\\/www.altominho.tv\\\/site\\\/2022\\\/03\\\/21\\\/paredes-de-coura-organiza-encontro-internacional-de-escolas-de-musica\\\/#primaryimage\"},\"image\":{\"@id\":\"https:\\\/\\\/www.altominho.tv\\\/site\\\/2022\\\/03\\\/21\\\/paredes-de-coura-organiza-encontro-internacional-de-escolas-de-musica\\\/#primaryimage\"},\"thumbnailUrl\":\"https:\\\/\\\/www.altominho.tv\\\/site\\\/wp-content\\\/uploads\\\/2022\\\/03\\\/Design-sem-nome-4-1-e1647875183742.png\",\"datePublished\":\"2022-03-21T15:07:08+00:00\",\"dateModified\":\"2022-03-21T15:07:13+00:00\",\"author\":{\"@id\":\"https:\\\/\\\/www.altominho.tv\\\/site\\\/#\\\/schema\\\/person\\\/63f693da3e1899361cbe955c46f3232e\"},\"description\":\"Paredes de Coura recebe entre sexta-feira e domingo o Vira Fest - Encontro Internacional de Escolas de M\u00fasica.\",\"breadcrumb\":{\"@id\":\"https:\\\/\\\/www.altominho.tv\\\/site\\\/2022\\\/03\\\/21\\\/paredes-de-coura-organiza-encontro-internacional-de-escolas-de-musica\\\/#breadcrumb\"},\"inLanguage\":\"pt-PT\",\"potentialAction\":[{\"@type\":\"ReadAction\",\"target\":[\"https:\\\/\\\/www.altominho.tv\\\/site\\\/2022\\\/03\\\/21\\\/paredes-de-coura-organiza-encontro-internacional-de-escolas-de-musica\\\/\"]}]},{\"@type\":\"ImageObject\",\"inLanguage\":\"pt-PT\",\"@id\":\"https:\\\/\\\/www.altominho.tv\\\/site\\\/2022\\\/03\\\/21\\\/paredes-de-coura-organiza-encontro-internacional-de-escolas-de-musica\\\/#primaryimage\",\"url\":\"https:\\\/\\\/www.altominho.tv\\\/site\\\/wp-content\\\/uploads\\\/2022\\\/03\\\/Design-sem-nome-4-1-e1647875183742.png\",\"contentUrl\":\"https:\\\/\\\/www.altominho.tv\\\/site\\\/wp-content\\\/uploads\\\/2022\\\/03\\\/Design-sem-nome-4-1-e1647875183742.png\",\"width\":1480,\"height\":862},{\"@type\":\"BreadcrumbList\",\"@id\":\"https:\\\/\\\/www.altominho.tv\\\/site\\\/2022\\\/03\\\/21\\\/paredes-de-coura-organiza-encontro-internacional-de-escolas-de-musica\\\/#breadcrumb\",\"itemListElement\":[{\"@type\":\"ListItem\",\"position\":1,\"name\":\"In\u00edcio\",\"item\":\"https:\\\/\\\/www.altominho.tv\\\/site\\\/\"},{\"@type\":\"ListItem\",\"position\":2,\"name\":\"Paredes de Coura organiza encontro internacional de escolas de m\u00fasica\"}]},{\"@type\":\"WebSite\",\"@id\":\"https:\\\/\\\/www.altominho.tv\\\/site\\\/#website\",\"url\":\"https:\\\/\\\/www.altominho.tv\\\/site\\\/\",\"name\":\"Altominho.tv\",\"description\":\"A sua regi\u00e3o \u00e0 dist\u00e2ncia de um clique...\",\"potentialAction\":[{\"@type\":\"SearchAction\",\"target\":{\"@type\":\"EntryPoint\",\"urlTemplate\":\"https:\\\/\\\/www.altominho.tv\\\/site\\\/?s={search_term_string}\"},\"query-input\":{\"@type\":\"PropertyValueSpecification\",\"valueRequired\":true,\"valueName\":\"search_term_string\"}}],\"inLanguage\":\"pt-PT\"},{\"@type\":\"Person\",\"@id\":\"https:\\\/\\\/www.altominho.tv\\\/site\\\/#\\\/schema\\\/person\\\/63f693da3e1899361cbe955c46f3232e\",\"name\":\"Lusa\",\"image\":{\"@type\":\"ImageObject\",\"inLanguage\":\"pt-PT\",\"@id\":\"https:\\\/\\\/www.altominho.tv\\\/site\\\/wp-content\\\/uploads\\\/2019\\\/08\\\/LUSA_Logo.gif\",\"url\":\"https:\\\/\\\/www.altominho.tv\\\/site\\\/wp-content\\\/uploads\\\/2019\\\/08\\\/LUSA_Logo.gif\",\"contentUrl\":\"https:\\\/\\\/www.altominho.tv\\\/site\\\/wp-content\\\/uploads\\\/2019\\\/08\\\/LUSA_Logo.gif\",\"caption\":\"Lusa\"},\"sameAs\":[\"http:\\\/\\\/\\\/\\\/www.altominho.tv\\\/site\"],\"url\":\"https:\\\/\\\/www.altominho.tv\\\/site\\\/author\\\/lusa\\\/\"}]}<\/script>\n<!-- \/ Yoast SEO Premium plugin. -->","yoast_head_json":{"title":"Paredes de Coura organiza encontro internacional de escolas de m\u00fasica","description":"Paredes de Coura recebe entre sexta-feira e domingo o Vira Fest - Encontro Internacional de Escolas de M\u00fasica.","robots":{"index":"index","follow":"follow","max-snippet":"max-snippet:-1","max-image-preview":"max-image-preview:large","max-video-preview":"max-video-preview:-1"},"canonical":"https:\/\/www.altominho.tv\/site\/2022\/03\/21\/paredes-de-coura-organiza-encontro-internacional-de-escolas-de-musica\/","og_locale":"pt_PT","og_type":"article","og_title":"Paredes de Coura organiza encontro internacional de escolas de m\u00fasica","og_description":"Paredes de Coura recebe entre sexta-feira e domingo o Vira Fest - Encontro Internacional de Escolas de M\u00fasica.","og_url":"https:\/\/www.altominho.tv\/site\/2022\/03\/21\/paredes-de-coura-organiza-encontro-internacional-de-escolas-de-musica\/","og_site_name":"Altominho.tv","article_publisher":"https:\/\/www.facebook.com\/altominhotv","article_published_time":"2022-03-21T15:07:08+00:00","article_modified_time":"2022-03-21T15:07:13+00:00","og_image":[{"width":1480,"height":862,"url":"https:\/\/www.altominho.tv\/site\/wp-content\/uploads\/2022\/03\/Design-sem-nome-4-1-e1647875183742.png","type":"image\/png"}],"author":"Lusa","twitter_card":"summary_large_image","twitter_creator":"@altominhoTV","twitter_site":"@altominhoTV","twitter_misc":{"Escrito por":"Lusa","Tempo estimado de leitura":"4 minutos"},"schema":{"@context":"https:\/\/schema.org","@graph":[{"@type":"Article","@id":"https:\/\/www.altominho.tv\/site\/2022\/03\/21\/paredes-de-coura-organiza-encontro-internacional-de-escolas-de-musica\/#article","isPartOf":{"@id":"https:\/\/www.altominho.tv\/site\/2022\/03\/21\/paredes-de-coura-organiza-encontro-internacional-de-escolas-de-musica\/"},"author":{"name":"Lusa","@id":"https:\/\/www.altominho.tv\/site\/#\/schema\/person\/63f693da3e1899361cbe955c46f3232e"},"headline":"Paredes de Coura organiza encontro internacional de escolas de m\u00fasica","datePublished":"2022-03-21T15:07:08+00:00","dateModified":"2022-03-21T15:07:13+00:00","mainEntityOfPage":{"@id":"https:\/\/www.altominho.tv\/site\/2022\/03\/21\/paredes-de-coura-organiza-encontro-internacional-de-escolas-de-musica\/"},"wordCount":636,"image":{"@id":"https:\/\/www.altominho.tv\/site\/2022\/03\/21\/paredes-de-coura-organiza-encontro-internacional-de-escolas-de-musica\/#primaryimage"},"thumbnailUrl":"https:\/\/www.altominho.tv\/site\/wp-content\/uploads\/2022\/03\/Design-sem-nome-4-1-e1647875183742.png","keywords":["Cultura"],"articleSection":["Paredes de Coura"],"inLanguage":"pt-PT","copyrightYear":"2022","copyrightHolder":{"@id":"https:\/\/www.altominho.tv\/site\/#organization"}},{"@type":"WebPage","@id":"https:\/\/www.altominho.tv\/site\/2022\/03\/21\/paredes-de-coura-organiza-encontro-internacional-de-escolas-de-musica\/","url":"https:\/\/www.altominho.tv\/site\/2022\/03\/21\/paredes-de-coura-organiza-encontro-internacional-de-escolas-de-musica\/","name":"Paredes de Coura organiza encontro internacional de escolas de m\u00fasica","isPartOf":{"@id":"https:\/\/www.altominho.tv\/site\/#website"},"primaryImageOfPage":{"@id":"https:\/\/www.altominho.tv\/site\/2022\/03\/21\/paredes-de-coura-organiza-encontro-internacional-de-escolas-de-musica\/#primaryimage"},"image":{"@id":"https:\/\/www.altominho.tv\/site\/2022\/03\/21\/paredes-de-coura-organiza-encontro-internacional-de-escolas-de-musica\/#primaryimage"},"thumbnailUrl":"https:\/\/www.altominho.tv\/site\/wp-content\/uploads\/2022\/03\/Design-sem-nome-4-1-e1647875183742.png","datePublished":"2022-03-21T15:07:08+00:00","dateModified":"2022-03-21T15:07:13+00:00","author":{"@id":"https:\/\/www.altominho.tv\/site\/#\/schema\/person\/63f693da3e1899361cbe955c46f3232e"},"description":"Paredes de Coura recebe entre sexta-feira e domingo o Vira Fest - Encontro Internacional de Escolas de M\u00fasica.","breadcrumb":{"@id":"https:\/\/www.altominho.tv\/site\/2022\/03\/21\/paredes-de-coura-organiza-encontro-internacional-de-escolas-de-musica\/#breadcrumb"},"inLanguage":"pt-PT","potentialAction":[{"@type":"ReadAction","target":["https:\/\/www.altominho.tv\/site\/2022\/03\/21\/paredes-de-coura-organiza-encontro-internacional-de-escolas-de-musica\/"]}]},{"@type":"ImageObject","inLanguage":"pt-PT","@id":"https:\/\/www.altominho.tv\/site\/2022\/03\/21\/paredes-de-coura-organiza-encontro-internacional-de-escolas-de-musica\/#primaryimage","url":"https:\/\/www.altominho.tv\/site\/wp-content\/uploads\/2022\/03\/Design-sem-nome-4-1-e1647875183742.png","contentUrl":"https:\/\/www.altominho.tv\/site\/wp-content\/uploads\/2022\/03\/Design-sem-nome-4-1-e1647875183742.png","width":1480,"height":862},{"@type":"BreadcrumbList","@id":"https:\/\/www.altominho.tv\/site\/2022\/03\/21\/paredes-de-coura-organiza-encontro-internacional-de-escolas-de-musica\/#breadcrumb","itemListElement":[{"@type":"ListItem","position":1,"name":"In\u00edcio","item":"https:\/\/www.altominho.tv\/site\/"},{"@type":"ListItem","position":2,"name":"Paredes de Coura organiza encontro internacional de escolas de m\u00fasica"}]},{"@type":"WebSite","@id":"https:\/\/www.altominho.tv\/site\/#website","url":"https:\/\/www.altominho.tv\/site\/","name":"Altominho.tv","description":"A sua regi\u00e3o \u00e0 dist\u00e2ncia de um clique...","potentialAction":[{"@type":"SearchAction","target":{"@type":"EntryPoint","urlTemplate":"https:\/\/www.altominho.tv\/site\/?s={search_term_string}"},"query-input":{"@type":"PropertyValueSpecification","valueRequired":true,"valueName":"search_term_string"}}],"inLanguage":"pt-PT"},{"@type":"Person","@id":"https:\/\/www.altominho.tv\/site\/#\/schema\/person\/63f693da3e1899361cbe955c46f3232e","name":"Lusa","image":{"@type":"ImageObject","inLanguage":"pt-PT","@id":"https:\/\/www.altominho.tv\/site\/wp-content\/uploads\/2019\/08\/LUSA_Logo.gif","url":"https:\/\/www.altominho.tv\/site\/wp-content\/uploads\/2019\/08\/LUSA_Logo.gif","contentUrl":"https:\/\/www.altominho.tv\/site\/wp-content\/uploads\/2019\/08\/LUSA_Logo.gif","caption":"Lusa"},"sameAs":["http:\/\/\/\/www.altominho.tv\/site"],"url":"https:\/\/www.altominho.tv\/site\/author\/lusa\/"}]}},"_links":{"self":[{"href":"https:\/\/www.altominho.tv\/site\/wp-json\/wp\/v2\/posts\/78092","targetHints":{"allow":["GET"]}}],"collection":[{"href":"https:\/\/www.altominho.tv\/site\/wp-json\/wp\/v2\/posts"}],"about":[{"href":"https:\/\/www.altominho.tv\/site\/wp-json\/wp\/v2\/types\/post"}],"author":[{"embeddable":true,"href":"https:\/\/www.altominho.tv\/site\/wp-json\/wp\/v2\/users\/13"}],"replies":[{"embeddable":true,"href":"https:\/\/www.altominho.tv\/site\/wp-json\/wp\/v2\/comments?post=78092"}],"version-history":[{"count":0,"href":"https:\/\/www.altominho.tv\/site\/wp-json\/wp\/v2\/posts\/78092\/revisions"}],"wp:featuredmedia":[{"embeddable":true,"href":"https:\/\/www.altominho.tv\/site\/wp-json\/wp\/v2\/media\/78093"}],"wp:attachment":[{"href":"https:\/\/www.altominho.tv\/site\/wp-json\/wp\/v2\/media?parent=78092"}],"wp:term":[{"taxonomy":"category","embeddable":true,"href":"https:\/\/www.altominho.tv\/site\/wp-json\/wp\/v2\/categories?post=78092"},{"taxonomy":"post_tag","embeddable":true,"href":"https:\/\/www.altominho.tv\/site\/wp-json\/wp\/v2\/tags?post=78092"}],"curies":[{"name":"wp","href":"https:\/\/api.w.org\/{rel}","templated":true}]}}