{"id":78049,"date":"2022-03-18T17:18:21","date_gmt":"2022-03-18T17:18:21","guid":{"rendered":"https:\/\/www.altominho.tv\/site\/?p=78049"},"modified":"2022-03-18T17:18:25","modified_gmt":"2022-03-18T17:18:25","slug":"valenca-promove-se-na-bolsa-de-turismo-de-lisboa","status":"publish","type":"post","link":"https:\/\/www.altominho.tv\/site\/2022\/03\/18\/valenca-promove-se-na-bolsa-de-turismo-de-lisboa\/","title":{"rendered":"Valen\u00e7a promove-se na Bolsa de Turismo de Lisboa"},"content":{"rendered":"\n<p class=\"wp-block-paragraph\">O Presidente da C\u00e2mara Municipal de Valen\u00e7a, Jos\u00e9 Manuel Carpinteira e a Vice-presidente, Ana Paula Xavier estiveram na Bolsa de Turismo de Lisboa (BTL), a mostra de promo\u00e7\u00e3o tur\u00edstica mais importante do pa\u00eds.<\/p>\n\n\n\n<p class=\"wp-block-paragraph\">A Eurocidade, a Fortaleza, o Patrim\u00f3nio, os Caminhos de Santiago, a Beleza natural e a Gastronomia, s\u00e3o alguns dos destaques que Valen\u00e7a trouxe at\u00e9 esta feira de turismo.<\/p>\n\n\n\n<p class=\"wp-block-paragraph\">O projeto &#8216;Rio Minho Naveg\u00e1vel&#8217;, que tem como finalidade a concretiza\u00e7\u00e3o de um conjunto de medidas, iniciativas e atividades, focadas na promo\u00e7\u00e3o e sustentabilidade do rio Minho, como um destino tur\u00edstico transfronteiri\u00e7o de excel\u00eancia, onde os passeios de barco no rio s\u00e3o uma das principais atratividades, foi uma das apresenta\u00e7\u00f5es que decorreu nesta feira.<\/p>\n\n\n\n<p class=\"wp-block-paragraph\">Tamb\u00e9m a &#8216;Rota de Fortalezas Abaluartadas da Raia&#8217; mereceu destaque neste certame. Recorde-se que o munic\u00edpio de Valen\u00e7a juntamente com os munic\u00edpios parceiros de Almeida, Elvas e Marv\u00e3o, tem vindo a desenvolver um projeto que visa a cria\u00e7\u00e3o de uma rota tem\u00e1tica entre as quatro principais Fortalezas Abaluartadas da Raia, (considerados os quatro monumentos de maior representatividade do sistema abaluartado em Portugal). <\/p>\n\n\n\n<p class=\"wp-block-paragraph\">Este projeto surge no seguimento da candidatura a Patrim\u00f3nio Mundial da UNESCO de Almeida, Marv\u00e3o e Valen\u00e7a, ao qual se juntou a Cidade-quartel transfronteiri\u00e7a de Elvas.<\/p>\n\n\n\n<p class=\"wp-block-paragraph\">Integrados no stand geral do Turismo Porto e Norte de Portugal \u2013 TPNP a feira decorre at\u00e9 domingo.<\/p>\n\n\n\n<p class=\"wp-block-paragraph\">A BTL vai j\u00e1 na 33\u00aa edi\u00e7\u00e3o e \u00e9 a maior feira de turismo realizada em Portugal.<\/p>\n","protected":false},"excerpt":{"rendered":"<p>O Presidente da C\u00e2mara Municipal de Valen\u00e7a, Jos\u00e9 Manuel Carpinteira e a Vice-presidente, Ana Paula Xavier estiveram na Bolsa de Turismo de Lisboa (BTL), a mostra de promo\u00e7\u00e3o tur\u00edstica mais importante do pa\u00eds. A Eurocidade, a Fortaleza, o Patrim\u00f3nio, os Caminhos de Santiago, a Beleza natural e a Gastronomia, s\u00e3o alguns dos destaques que Valen\u00e7a [&hellip;]<\/p>\n","protected":false},"author":1,"featured_media":78054,"comment_status":"closed","ping_status":"closed","sticky":false,"template":"","format":"standard","meta":{"_exactmetrics_skip_tracking":false,"footnotes":""},"categories":[13],"tags":[27],"class_list":["post-78049","post","type-post","status-publish","format-standard","has-post-thumbnail","hentry","category-valenca","tag-sociedade"],"yoast_head":"<!-- This site is optimized with the Yoast SEO Premium plugin v28.3 (Yoast SEO v28.3) - https:\/\/yoast.com\/product\/yoast-seo-premium-wordpress\/ -->\n<title>Valen\u00e7a promove-se na Bolsa de Turismo de Lisboa<\/title>\n<meta name=\"description\" content=\"O Presidente da C\u00e2mara Municipal de Valen\u00e7a, Jos\u00e9 Manuel Carpinteira e a Vice-presidente, Ana Paula Xavier estiveram na Bolsa de Turismo de Lisboa.\" \/>\n<meta name=\"robots\" content=\"index, follow, max-snippet:-1, max-image-preview:large, max-video-preview:-1\" \/>\n<link rel=\"canonical\" href=\"https:\/\/www.altominho.tv\/site\/2022\/03\/18\/valenca-promove-se-na-bolsa-de-turismo-de-lisboa\/\" \/>\n<meta property=\"og:locale\" content=\"pt_PT\" \/>\n<meta property=\"og:type\" content=\"article\" \/>\n<meta property=\"og:title\" content=\"Valen\u00e7a promove-se na Bolsa de Turismo de Lisboa\" \/>\n<meta property=\"og:description\" content=\"O Presidente da C\u00e2mara Municipal de Valen\u00e7a, Jos\u00e9 Manuel Carpinteira e a Vice-presidente, Ana Paula Xavier estiveram na Bolsa de Turismo de Lisboa.\" \/>\n<meta property=\"og:url\" content=\"https:\/\/www.altominho.tv\/site\/2022\/03\/18\/valenca-promove-se-na-bolsa-de-turismo-de-lisboa\/\" \/>\n<meta property=\"og:site_name\" content=\"Altominho.tv\" \/>\n<meta property=\"article:publisher\" content=\"https:\/\/www.facebook.com\/altominhotv\" \/>\n<meta property=\"article:published_time\" content=\"2022-03-18T17:18:21+00:00\" \/>\n<meta property=\"article:modified_time\" content=\"2022-03-18T17:18:25+00:00\" \/>\n<meta property=\"og:image\" content=\"https:\/\/www.altominho.tv\/site\/wp-content\/uploads\/2022\/03\/1-2-e1647623780685.jpeg\" \/>\n\t<meta property=\"og:image:width\" content=\"1439\" \/>\n\t<meta property=\"og:image:height\" content=\"957\" \/>\n\t<meta property=\"og:image:type\" content=\"image\/jpeg\" \/>\n<meta name=\"author\" content=\"Altominho.tv\" \/>\n<meta name=\"twitter:card\" content=\"summary_large_image\" \/>\n<meta name=\"twitter:creator\" content=\"@altominhoTV\" \/>\n<meta name=\"twitter:site\" content=\"@altominhoTV\" \/>\n<meta name=\"twitter:label1\" content=\"Escrito por\" \/>\n\t<meta name=\"twitter:data1\" content=\"Altominho.tv\" \/>\n\t<meta name=\"twitter:label2\" content=\"Tempo estimado de leitura\" \/>\n\t<meta name=\"twitter:data2\" content=\"2 minutos\" \/>\n<script type=\"application\/ld+json\" class=\"yoast-schema-graph\">{\"@context\":\"https:\\\/\\\/schema.org\",\"@graph\":[{\"@type\":\"Article\",\"@id\":\"https:\\\/\\\/www.altominho.tv\\\/site\\\/2022\\\/03\\\/18\\\/valenca-promove-se-na-bolsa-de-turismo-de-lisboa\\\/#article\",\"isPartOf\":{\"@id\":\"https:\\\/\\\/www.altominho.tv\\\/site\\\/2022\\\/03\\\/18\\\/valenca-promove-se-na-bolsa-de-turismo-de-lisboa\\\/\"},\"author\":{\"name\":\"Altominho.tv\",\"@id\":\"https:\\\/\\\/www.altominho.tv\\\/site\\\/#\\\/schema\\\/person\\\/4e536851627d7914baf3dac752b6af22\"},\"headline\":\"Valen\u00e7a promove-se na Bolsa de Turismo de Lisboa\",\"datePublished\":\"2022-03-18T17:18:21+00:00\",\"dateModified\":\"2022-03-18T17:18:25+00:00\",\"mainEntityOfPage\":{\"@id\":\"https:\\\/\\\/www.altominho.tv\\\/site\\\/2022\\\/03\\\/18\\\/valenca-promove-se-na-bolsa-de-turismo-de-lisboa\\\/\"},\"wordCount\":272,\"image\":{\"@id\":\"https:\\\/\\\/www.altominho.tv\\\/site\\\/2022\\\/03\\\/18\\\/valenca-promove-se-na-bolsa-de-turismo-de-lisboa\\\/#primaryimage\"},\"thumbnailUrl\":\"https:\\\/\\\/www.altominho.tv\\\/site\\\/wp-content\\\/uploads\\\/2022\\\/03\\\/1-2-e1647623780685.jpeg\",\"keywords\":[\"Sociedade\"],\"articleSection\":[\"Valen\u00e7a\"],\"inLanguage\":\"pt-PT\",\"copyrightYear\":\"2022\",\"copyrightHolder\":{\"@id\":\"https:\\\/\\\/www.altominho.tv\\\/site\\\/#organization\"}},{\"@type\":\"WebPage\",\"@id\":\"https:\\\/\\\/www.altominho.tv\\\/site\\\/2022\\\/03\\\/18\\\/valenca-promove-se-na-bolsa-de-turismo-de-lisboa\\\/\",\"url\":\"https:\\\/\\\/www.altominho.tv\\\/site\\\/2022\\\/03\\\/18\\\/valenca-promove-se-na-bolsa-de-turismo-de-lisboa\\\/\",\"name\":\"Valen\u00e7a promove-se na Bolsa de Turismo de Lisboa\",\"isPartOf\":{\"@id\":\"https:\\\/\\\/www.altominho.tv\\\/site\\\/#website\"},\"primaryImageOfPage\":{\"@id\":\"https:\\\/\\\/www.altominho.tv\\\/site\\\/2022\\\/03\\\/18\\\/valenca-promove-se-na-bolsa-de-turismo-de-lisboa\\\/#primaryimage\"},\"image\":{\"@id\":\"https:\\\/\\\/www.altominho.tv\\\/site\\\/2022\\\/03\\\/18\\\/valenca-promove-se-na-bolsa-de-turismo-de-lisboa\\\/#primaryimage\"},\"thumbnailUrl\":\"https:\\\/\\\/www.altominho.tv\\\/site\\\/wp-content\\\/uploads\\\/2022\\\/03\\\/1-2-e1647623780685.jpeg\",\"datePublished\":\"2022-03-18T17:18:21+00:00\",\"dateModified\":\"2022-03-18T17:18:25+00:00\",\"author\":{\"@id\":\"https:\\\/\\\/www.altominho.tv\\\/site\\\/#\\\/schema\\\/person\\\/4e536851627d7914baf3dac752b6af22\"},\"description\":\"O Presidente da C\u00e2mara Municipal de Valen\u00e7a, Jos\u00e9 Manuel Carpinteira e a Vice-presidente, Ana Paula Xavier estiveram na Bolsa de Turismo de Lisboa.\",\"breadcrumb\":{\"@id\":\"https:\\\/\\\/www.altominho.tv\\\/site\\\/2022\\\/03\\\/18\\\/valenca-promove-se-na-bolsa-de-turismo-de-lisboa\\\/#breadcrumb\"},\"inLanguage\":\"pt-PT\",\"potentialAction\":[{\"@type\":\"ReadAction\",\"target\":[\"https:\\\/\\\/www.altominho.tv\\\/site\\\/2022\\\/03\\\/18\\\/valenca-promove-se-na-bolsa-de-turismo-de-lisboa\\\/\"]}]},{\"@type\":\"ImageObject\",\"inLanguage\":\"pt-PT\",\"@id\":\"https:\\\/\\\/www.altominho.tv\\\/site\\\/2022\\\/03\\\/18\\\/valenca-promove-se-na-bolsa-de-turismo-de-lisboa\\\/#primaryimage\",\"url\":\"https:\\\/\\\/www.altominho.tv\\\/site\\\/wp-content\\\/uploads\\\/2022\\\/03\\\/1-2-e1647623780685.jpeg\",\"contentUrl\":\"https:\\\/\\\/www.altominho.tv\\\/site\\\/wp-content\\\/uploads\\\/2022\\\/03\\\/1-2-e1647623780685.jpeg\",\"width\":1439,\"height\":957},{\"@type\":\"BreadcrumbList\",\"@id\":\"https:\\\/\\\/www.altominho.tv\\\/site\\\/2022\\\/03\\\/18\\\/valenca-promove-se-na-bolsa-de-turismo-de-lisboa\\\/#breadcrumb\",\"itemListElement\":[{\"@type\":\"ListItem\",\"position\":1,\"name\":\"In\u00edcio\",\"item\":\"https:\\\/\\\/www.altominho.tv\\\/site\\\/\"},{\"@type\":\"ListItem\",\"position\":2,\"name\":\"Valen\u00e7a promove-se na Bolsa de Turismo de Lisboa\"}]},{\"@type\":\"WebSite\",\"@id\":\"https:\\\/\\\/www.altominho.tv\\\/site\\\/#website\",\"url\":\"https:\\\/\\\/www.altominho.tv\\\/site\\\/\",\"name\":\"Altominho.tv\",\"description\":\"A sua regi\u00e3o \u00e0 dist\u00e2ncia de um clique...\",\"potentialAction\":[{\"@type\":\"SearchAction\",\"target\":{\"@type\":\"EntryPoint\",\"urlTemplate\":\"https:\\\/\\\/www.altominho.tv\\\/site\\\/?s={search_term_string}\"},\"query-input\":{\"@type\":\"PropertyValueSpecification\",\"valueRequired\":true,\"valueName\":\"search_term_string\"}}],\"inLanguage\":\"pt-PT\"},{\"@type\":\"Person\",\"@id\":\"https:\\\/\\\/www.altominho.tv\\\/site\\\/#\\\/schema\\\/person\\\/4e536851627d7914baf3dac752b6af22\",\"name\":\"Altominho.tv\",\"image\":{\"@type\":\"ImageObject\",\"inLanguage\":\"pt-PT\",\"@id\":\"https:\\\/\\\/www.altominho.tv\\\/site\\\/wp-content\\\/uploads\\\/2019\\\/11\\\/Logo_Avatar_2-150x150.jpg\",\"url\":\"https:\\\/\\\/www.altominho.tv\\\/site\\\/wp-content\\\/uploads\\\/2019\\\/11\\\/Logo_Avatar_2-150x150.jpg\",\"contentUrl\":\"https:\\\/\\\/www.altominho.tv\\\/site\\\/wp-content\\\/uploads\\\/2019\\\/11\\\/Logo_Avatar_2-150x150.jpg\",\"caption\":\"Altominho.tv\"},\"url\":\"https:\\\/\\\/www.altominho.tv\\\/site\\\/author\\\/altominhotv-tecnico\\\/\"}]}<\/script>\n<!-- \/ Yoast SEO Premium plugin. -->","yoast_head_json":{"title":"Valen\u00e7a promove-se na Bolsa de Turismo de Lisboa","description":"O Presidente da C\u00e2mara Municipal de Valen\u00e7a, Jos\u00e9 Manuel Carpinteira e a Vice-presidente, Ana Paula Xavier estiveram na Bolsa de Turismo de Lisboa.","robots":{"index":"index","follow":"follow","max-snippet":"max-snippet:-1","max-image-preview":"max-image-preview:large","max-video-preview":"max-video-preview:-1"},"canonical":"https:\/\/www.altominho.tv\/site\/2022\/03\/18\/valenca-promove-se-na-bolsa-de-turismo-de-lisboa\/","og_locale":"pt_PT","og_type":"article","og_title":"Valen\u00e7a promove-se na Bolsa de Turismo de Lisboa","og_description":"O Presidente da C\u00e2mara Municipal de Valen\u00e7a, Jos\u00e9 Manuel Carpinteira e a Vice-presidente, Ana Paula Xavier estiveram na Bolsa de Turismo de Lisboa.","og_url":"https:\/\/www.altominho.tv\/site\/2022\/03\/18\/valenca-promove-se-na-bolsa-de-turismo-de-lisboa\/","og_site_name":"Altominho.tv","article_publisher":"https:\/\/www.facebook.com\/altominhotv","article_published_time":"2022-03-18T17:18:21+00:00","article_modified_time":"2022-03-18T17:18:25+00:00","og_image":[{"width":1439,"height":957,"url":"https:\/\/www.altominho.tv\/site\/wp-content\/uploads\/2022\/03\/1-2-e1647623780685.jpeg","type":"image\/jpeg"}],"author":"Altominho.tv","twitter_card":"summary_large_image","twitter_creator":"@altominhoTV","twitter_site":"@altominhoTV","twitter_misc":{"Escrito por":"Altominho.tv","Tempo estimado de leitura":"2 minutos"},"schema":{"@context":"https:\/\/schema.org","@graph":[{"@type":"Article","@id":"https:\/\/www.altominho.tv\/site\/2022\/03\/18\/valenca-promove-se-na-bolsa-de-turismo-de-lisboa\/#article","isPartOf":{"@id":"https:\/\/www.altominho.tv\/site\/2022\/03\/18\/valenca-promove-se-na-bolsa-de-turismo-de-lisboa\/"},"author":{"name":"Altominho.tv","@id":"https:\/\/www.altominho.tv\/site\/#\/schema\/person\/4e536851627d7914baf3dac752b6af22"},"headline":"Valen\u00e7a promove-se na Bolsa de Turismo de Lisboa","datePublished":"2022-03-18T17:18:21+00:00","dateModified":"2022-03-18T17:18:25+00:00","mainEntityOfPage":{"@id":"https:\/\/www.altominho.tv\/site\/2022\/03\/18\/valenca-promove-se-na-bolsa-de-turismo-de-lisboa\/"},"wordCount":272,"image":{"@id":"https:\/\/www.altominho.tv\/site\/2022\/03\/18\/valenca-promove-se-na-bolsa-de-turismo-de-lisboa\/#primaryimage"},"thumbnailUrl":"https:\/\/www.altominho.tv\/site\/wp-content\/uploads\/2022\/03\/1-2-e1647623780685.jpeg","keywords":["Sociedade"],"articleSection":["Valen\u00e7a"],"inLanguage":"pt-PT","copyrightYear":"2022","copyrightHolder":{"@id":"https:\/\/www.altominho.tv\/site\/#organization"}},{"@type":"WebPage","@id":"https:\/\/www.altominho.tv\/site\/2022\/03\/18\/valenca-promove-se-na-bolsa-de-turismo-de-lisboa\/","url":"https:\/\/www.altominho.tv\/site\/2022\/03\/18\/valenca-promove-se-na-bolsa-de-turismo-de-lisboa\/","name":"Valen\u00e7a promove-se na Bolsa de Turismo de Lisboa","isPartOf":{"@id":"https:\/\/www.altominho.tv\/site\/#website"},"primaryImageOfPage":{"@id":"https:\/\/www.altominho.tv\/site\/2022\/03\/18\/valenca-promove-se-na-bolsa-de-turismo-de-lisboa\/#primaryimage"},"image":{"@id":"https:\/\/www.altominho.tv\/site\/2022\/03\/18\/valenca-promove-se-na-bolsa-de-turismo-de-lisboa\/#primaryimage"},"thumbnailUrl":"https:\/\/www.altominho.tv\/site\/wp-content\/uploads\/2022\/03\/1-2-e1647623780685.jpeg","datePublished":"2022-03-18T17:18:21+00:00","dateModified":"2022-03-18T17:18:25+00:00","author":{"@id":"https:\/\/www.altominho.tv\/site\/#\/schema\/person\/4e536851627d7914baf3dac752b6af22"},"description":"O Presidente da C\u00e2mara Municipal de Valen\u00e7a, Jos\u00e9 Manuel Carpinteira e a Vice-presidente, Ana Paula Xavier estiveram na Bolsa de Turismo de Lisboa.","breadcrumb":{"@id":"https:\/\/www.altominho.tv\/site\/2022\/03\/18\/valenca-promove-se-na-bolsa-de-turismo-de-lisboa\/#breadcrumb"},"inLanguage":"pt-PT","potentialAction":[{"@type":"ReadAction","target":["https:\/\/www.altominho.tv\/site\/2022\/03\/18\/valenca-promove-se-na-bolsa-de-turismo-de-lisboa\/"]}]},{"@type":"ImageObject","inLanguage":"pt-PT","@id":"https:\/\/www.altominho.tv\/site\/2022\/03\/18\/valenca-promove-se-na-bolsa-de-turismo-de-lisboa\/#primaryimage","url":"https:\/\/www.altominho.tv\/site\/wp-content\/uploads\/2022\/03\/1-2-e1647623780685.jpeg","contentUrl":"https:\/\/www.altominho.tv\/site\/wp-content\/uploads\/2022\/03\/1-2-e1647623780685.jpeg","width":1439,"height":957},{"@type":"BreadcrumbList","@id":"https:\/\/www.altominho.tv\/site\/2022\/03\/18\/valenca-promove-se-na-bolsa-de-turismo-de-lisboa\/#breadcrumb","itemListElement":[{"@type":"ListItem","position":1,"name":"In\u00edcio","item":"https:\/\/www.altominho.tv\/site\/"},{"@type":"ListItem","position":2,"name":"Valen\u00e7a promove-se na Bolsa de Turismo de Lisboa"}]},{"@type":"WebSite","@id":"https:\/\/www.altominho.tv\/site\/#website","url":"https:\/\/www.altominho.tv\/site\/","name":"Altominho.tv","description":"A sua regi\u00e3o \u00e0 dist\u00e2ncia de um clique...","potentialAction":[{"@type":"SearchAction","target":{"@type":"EntryPoint","urlTemplate":"https:\/\/www.altominho.tv\/site\/?s={search_term_string}"},"query-input":{"@type":"PropertyValueSpecification","valueRequired":true,"valueName":"search_term_string"}}],"inLanguage":"pt-PT"},{"@type":"Person","@id":"https:\/\/www.altominho.tv\/site\/#\/schema\/person\/4e536851627d7914baf3dac752b6af22","name":"Altominho.tv","image":{"@type":"ImageObject","inLanguage":"pt-PT","@id":"https:\/\/www.altominho.tv\/site\/wp-content\/uploads\/2019\/11\/Logo_Avatar_2-150x150.jpg","url":"https:\/\/www.altominho.tv\/site\/wp-content\/uploads\/2019\/11\/Logo_Avatar_2-150x150.jpg","contentUrl":"https:\/\/www.altominho.tv\/site\/wp-content\/uploads\/2019\/11\/Logo_Avatar_2-150x150.jpg","caption":"Altominho.tv"},"url":"https:\/\/www.altominho.tv\/site\/author\/altominhotv-tecnico\/"}]}},"_links":{"self":[{"href":"https:\/\/www.altominho.tv\/site\/wp-json\/wp\/v2\/posts\/78049","targetHints":{"allow":["GET"]}}],"collection":[{"href":"https:\/\/www.altominho.tv\/site\/wp-json\/wp\/v2\/posts"}],"about":[{"href":"https:\/\/www.altominho.tv\/site\/wp-json\/wp\/v2\/types\/post"}],"author":[{"embeddable":true,"href":"https:\/\/www.altominho.tv\/site\/wp-json\/wp\/v2\/users\/1"}],"replies":[{"embeddable":true,"href":"https:\/\/www.altominho.tv\/site\/wp-json\/wp\/v2\/comments?post=78049"}],"version-history":[{"count":0,"href":"https:\/\/www.altominho.tv\/site\/wp-json\/wp\/v2\/posts\/78049\/revisions"}],"wp:featuredmedia":[{"embeddable":true,"href":"https:\/\/www.altominho.tv\/site\/wp-json\/wp\/v2\/media\/78054"}],"wp:attachment":[{"href":"https:\/\/www.altominho.tv\/site\/wp-json\/wp\/v2\/media?parent=78049"}],"wp:term":[{"taxonomy":"category","embeddable":true,"href":"https:\/\/www.altominho.tv\/site\/wp-json\/wp\/v2\/categories?post=78049"},{"taxonomy":"post_tag","embeddable":true,"href":"https:\/\/www.altominho.tv\/site\/wp-json\/wp\/v2\/tags?post=78049"}],"curies":[{"name":"wp","href":"https:\/\/api.w.org\/{rel}","templated":true}]}}