{"id":78029,"date":"2022-03-18T15:16:58","date_gmt":"2022-03-18T15:16:58","guid":{"rendered":"https:\/\/www.altominho.tv\/site\/?p=78029"},"modified":"2022-03-18T15:17:02","modified_gmt":"2022-03-18T15:17:02","slug":"gnr-de-valenca-detem-homem-em-flagrante-quando-tentava-atear-fogo-florestal","status":"publish","type":"post","link":"https:\/\/www.altominho.tv\/site\/2022\/03\/18\/gnr-de-valenca-detem-homem-em-flagrante-quando-tentava-atear-fogo-florestal\/","title":{"rendered":"GNR de Valen\u00e7a det\u00e9m homem em flagrante quando tentava atear fogo florestal"},"content":{"rendered":"\n<p class=\"wp-block-paragraph\">A GNR de Valen\u00e7a deteve na madrugada de hoje, em flagrante delito, um homem de 43 anos, pela pr\u00e1tica do crime de inc\u00eandio florestal, tendo sido constitu\u00eddo arguido, informou fonte daquela for\u00e7a policial.<\/p>\n\n\n\n<p class=\"wp-block-paragraph\">Contactada pela ag\u00eancia Lusa, a fonte do Comando Territorial da GNR de Viana do Castelo referiu que deten\u00e7\u00e3o ocorreu \u00e0s 05:45, pelo N\u00facleo de Investiga\u00e7\u00e3o Criminal que tinha o homem, um agricultor, \u201csob vigil\u00e2ncia\u201d. <\/p>\n\n\n\n<p class=\"wp-block-paragraph\">Aquela fonte adiantou que o \u201co homem, sem antecedentes criminais, ser\u00e1 presente hoje ao tribunal judicial de Valen\u00e7a para que lhe seja aplica\u00e7\u00e3o a respetiva medida de coa\u00e7\u00e3o\u201d.<\/p>\n\n\n\n<p class=\"wp-block-paragraph\">Fonte dos Bombeiros Volunt\u00e1rios de Valen\u00e7a adiantou \u00e0 Lusa que a corpora\u00e7\u00e3o foi acionada pela GNR, para um inc\u00eandio no lugar de Tu\u00eddo, freguesia de Gandra.<\/p>\n\n\n\n<p class=\"wp-block-paragraph\">\u201cA temperatura baixa, a elevada humidade que se faziam sentir \u00e0quela hora da manh\u00e3 e a pronta interven\u00e7\u00e3o dos bombeiros permitiu rapidez na extin\u00e7\u00e3o das chamas, impedindo que o inc\u00eandio tomasse outras propor\u00e7\u00f5es\u201d.<\/p>\n\n\n\n<p class=\"wp-block-paragraph\">O fogo foi \u201cateado em terrenos situados junto \u00e0 estrada municipal que d\u00e1 acesso \u00e0 zona industrial de Gandra\u201d.<\/p>\n","protected":false},"excerpt":{"rendered":"<p>A GNR de Valen\u00e7a deteve na madrugada de hoje, em flagrante delito, um homem de 43 anos, pela pr\u00e1tica do crime de inc\u00eandio florestal, tendo sido constitu\u00eddo arguido, informou fonte daquela for\u00e7a policial. Contactada pela ag\u00eancia Lusa, a fonte do Comando Territorial da GNR de Viana do Castelo referiu que deten\u00e7\u00e3o ocorreu \u00e0s 05:45, pelo [&hellip;]<\/p>\n","protected":false},"author":13,"featured_media":78030,"comment_status":"closed","ping_status":"closed","sticky":false,"template":"","format":"standard","meta":{"_exactmetrics_skip_tracking":false,"footnotes":""},"categories":[13],"tags":[27],"class_list":["post-78029","post","type-post","status-publish","format-standard","has-post-thumbnail","hentry","category-valenca","tag-sociedade"],"yoast_head":"<!-- This site is optimized with the Yoast SEO Premium plugin v28.3 (Yoast SEO v28.3) - https:\/\/yoast.com\/product\/yoast-seo-premium-wordpress\/ -->\n<title>GNR de Valen\u00e7a det\u00e9m homem em flagrante quando tentava atear fogo florestal<\/title>\n<meta name=\"description\" content=\"A GNR de Valen\u00e7a deteve na madrugada de hoje, em flagrante delito, um homem de 43 anos, pela pr\u00e1tica do crime de inc\u00eandio florestal.\" \/>\n<meta name=\"robots\" content=\"index, follow, max-snippet:-1, max-image-preview:large, max-video-preview:-1\" \/>\n<link rel=\"canonical\" href=\"https:\/\/www.altominho.tv\/site\/2022\/03\/18\/gnr-de-valenca-detem-homem-em-flagrante-quando-tentava-atear-fogo-florestal\/\" \/>\n<meta property=\"og:locale\" content=\"pt_PT\" \/>\n<meta property=\"og:type\" content=\"article\" \/>\n<meta property=\"og:title\" content=\"GNR de Valen\u00e7a det\u00e9m homem em flagrante quando tentava atear fogo florestal\" \/>\n<meta property=\"og:description\" content=\"A GNR de Valen\u00e7a deteve na madrugada de hoje, em flagrante delito, um homem de 43 anos, pela pr\u00e1tica do crime de inc\u00eandio florestal.\" \/>\n<meta property=\"og:url\" content=\"https:\/\/www.altominho.tv\/site\/2022\/03\/18\/gnr-de-valenca-detem-homem-em-flagrante-quando-tentava-atear-fogo-florestal\/\" \/>\n<meta property=\"og:site_name\" content=\"Altominho.tv\" \/>\n<meta property=\"article:publisher\" content=\"https:\/\/www.facebook.com\/altominhotv\" \/>\n<meta property=\"article:published_time\" content=\"2022-03-18T15:16:58+00:00\" \/>\n<meta property=\"article:modified_time\" content=\"2022-03-18T15:17:02+00:00\" \/>\n<meta property=\"og:image\" content=\"https:\/\/www.altominho.tv\/site\/wp-content\/uploads\/2022\/03\/fogo.jpeg\" \/>\n\t<meta property=\"og:image:width\" content=\"1920\" \/>\n\t<meta property=\"og:image:height\" content=\"1012\" \/>\n\t<meta property=\"og:image:type\" content=\"image\/jpeg\" \/>\n<meta name=\"author\" content=\"Lusa\" \/>\n<meta name=\"twitter:card\" content=\"summary_large_image\" \/>\n<meta name=\"twitter:creator\" content=\"@altominhoTV\" \/>\n<meta name=\"twitter:site\" content=\"@altominhoTV\" \/>\n<meta name=\"twitter:label1\" content=\"Escrito por\" \/>\n\t<meta name=\"twitter:data1\" content=\"Lusa\" \/>\n\t<meta name=\"twitter:label2\" content=\"Tempo estimado de leitura\" \/>\n\t<meta name=\"twitter:data2\" content=\"1 minuto\" \/>\n<script type=\"application\/ld+json\" class=\"yoast-schema-graph\">{\"@context\":\"https:\\\/\\\/schema.org\",\"@graph\":[{\"@type\":\"Article\",\"@id\":\"https:\\\/\\\/www.altominho.tv\\\/site\\\/2022\\\/03\\\/18\\\/gnr-de-valenca-detem-homem-em-flagrante-quando-tentava-atear-fogo-florestal\\\/#article\",\"isPartOf\":{\"@id\":\"https:\\\/\\\/www.altominho.tv\\\/site\\\/2022\\\/03\\\/18\\\/gnr-de-valenca-detem-homem-em-flagrante-quando-tentava-atear-fogo-florestal\\\/\"},\"author\":{\"name\":\"Lusa\",\"@id\":\"https:\\\/\\\/www.altominho.tv\\\/site\\\/#\\\/schema\\\/person\\\/63f693da3e1899361cbe955c46f3232e\"},\"headline\":\"GNR de Valen\u00e7a det\u00e9m homem em flagrante quando tentava atear fogo florestal\",\"datePublished\":\"2022-03-18T15:16:58+00:00\",\"dateModified\":\"2022-03-18T15:17:02+00:00\",\"mainEntityOfPage\":{\"@id\":\"https:\\\/\\\/www.altominho.tv\\\/site\\\/2022\\\/03\\\/18\\\/gnr-de-valenca-detem-homem-em-flagrante-quando-tentava-atear-fogo-florestal\\\/\"},\"wordCount\":204,\"image\":{\"@id\":\"https:\\\/\\\/www.altominho.tv\\\/site\\\/2022\\\/03\\\/18\\\/gnr-de-valenca-detem-homem-em-flagrante-quando-tentava-atear-fogo-florestal\\\/#primaryimage\"},\"thumbnailUrl\":\"https:\\\/\\\/www.altominho.tv\\\/site\\\/wp-content\\\/uploads\\\/2022\\\/03\\\/fogo.jpeg\",\"keywords\":[\"Sociedade\"],\"articleSection\":[\"Valen\u00e7a\"],\"inLanguage\":\"pt-PT\",\"copyrightYear\":\"2022\",\"copyrightHolder\":{\"@id\":\"https:\\\/\\\/www.altominho.tv\\\/site\\\/#organization\"}},{\"@type\":\"WebPage\",\"@id\":\"https:\\\/\\\/www.altominho.tv\\\/site\\\/2022\\\/03\\\/18\\\/gnr-de-valenca-detem-homem-em-flagrante-quando-tentava-atear-fogo-florestal\\\/\",\"url\":\"https:\\\/\\\/www.altominho.tv\\\/site\\\/2022\\\/03\\\/18\\\/gnr-de-valenca-detem-homem-em-flagrante-quando-tentava-atear-fogo-florestal\\\/\",\"name\":\"GNR de Valen\u00e7a det\u00e9m homem em flagrante quando tentava atear fogo florestal\",\"isPartOf\":{\"@id\":\"https:\\\/\\\/www.altominho.tv\\\/site\\\/#website\"},\"primaryImageOfPage\":{\"@id\":\"https:\\\/\\\/www.altominho.tv\\\/site\\\/2022\\\/03\\\/18\\\/gnr-de-valenca-detem-homem-em-flagrante-quando-tentava-atear-fogo-florestal\\\/#primaryimage\"},\"image\":{\"@id\":\"https:\\\/\\\/www.altominho.tv\\\/site\\\/2022\\\/03\\\/18\\\/gnr-de-valenca-detem-homem-em-flagrante-quando-tentava-atear-fogo-florestal\\\/#primaryimage\"},\"thumbnailUrl\":\"https:\\\/\\\/www.altominho.tv\\\/site\\\/wp-content\\\/uploads\\\/2022\\\/03\\\/fogo.jpeg\",\"datePublished\":\"2022-03-18T15:16:58+00:00\",\"dateModified\":\"2022-03-18T15:17:02+00:00\",\"author\":{\"@id\":\"https:\\\/\\\/www.altominho.tv\\\/site\\\/#\\\/schema\\\/person\\\/63f693da3e1899361cbe955c46f3232e\"},\"description\":\"A GNR de Valen\u00e7a deteve na madrugada de hoje, em flagrante delito, um homem de 43 anos, pela pr\u00e1tica do crime de inc\u00eandio florestal.\",\"breadcrumb\":{\"@id\":\"https:\\\/\\\/www.altominho.tv\\\/site\\\/2022\\\/03\\\/18\\\/gnr-de-valenca-detem-homem-em-flagrante-quando-tentava-atear-fogo-florestal\\\/#breadcrumb\"},\"inLanguage\":\"pt-PT\",\"potentialAction\":[{\"@type\":\"ReadAction\",\"target\":[\"https:\\\/\\\/www.altominho.tv\\\/site\\\/2022\\\/03\\\/18\\\/gnr-de-valenca-detem-homem-em-flagrante-quando-tentava-atear-fogo-florestal\\\/\"]}]},{\"@type\":\"ImageObject\",\"inLanguage\":\"pt-PT\",\"@id\":\"https:\\\/\\\/www.altominho.tv\\\/site\\\/2022\\\/03\\\/18\\\/gnr-de-valenca-detem-homem-em-flagrante-quando-tentava-atear-fogo-florestal\\\/#primaryimage\",\"url\":\"https:\\\/\\\/www.altominho.tv\\\/site\\\/wp-content\\\/uploads\\\/2022\\\/03\\\/fogo.jpeg\",\"contentUrl\":\"https:\\\/\\\/www.altominho.tv\\\/site\\\/wp-content\\\/uploads\\\/2022\\\/03\\\/fogo.jpeg\",\"width\":1920,\"height\":1012},{\"@type\":\"BreadcrumbList\",\"@id\":\"https:\\\/\\\/www.altominho.tv\\\/site\\\/2022\\\/03\\\/18\\\/gnr-de-valenca-detem-homem-em-flagrante-quando-tentava-atear-fogo-florestal\\\/#breadcrumb\",\"itemListElement\":[{\"@type\":\"ListItem\",\"position\":1,\"name\":\"In\u00edcio\",\"item\":\"https:\\\/\\\/www.altominho.tv\\\/site\\\/\"},{\"@type\":\"ListItem\",\"position\":2,\"name\":\"GNR de Valen\u00e7a det\u00e9m homem em flagrante quando tentava atear fogo florestal\"}]},{\"@type\":\"WebSite\",\"@id\":\"https:\\\/\\\/www.altominho.tv\\\/site\\\/#website\",\"url\":\"https:\\\/\\\/www.altominho.tv\\\/site\\\/\",\"name\":\"Altominho.tv\",\"description\":\"A sua regi\u00e3o \u00e0 dist\u00e2ncia de um clique...\",\"potentialAction\":[{\"@type\":\"SearchAction\",\"target\":{\"@type\":\"EntryPoint\",\"urlTemplate\":\"https:\\\/\\\/www.altominho.tv\\\/site\\\/?s={search_term_string}\"},\"query-input\":{\"@type\":\"PropertyValueSpecification\",\"valueRequired\":true,\"valueName\":\"search_term_string\"}}],\"inLanguage\":\"pt-PT\"},{\"@type\":\"Person\",\"@id\":\"https:\\\/\\\/www.altominho.tv\\\/site\\\/#\\\/schema\\\/person\\\/63f693da3e1899361cbe955c46f3232e\",\"name\":\"Lusa\",\"image\":{\"@type\":\"ImageObject\",\"inLanguage\":\"pt-PT\",\"@id\":\"https:\\\/\\\/www.altominho.tv\\\/site\\\/wp-content\\\/uploads\\\/2019\\\/08\\\/LUSA_Logo.gif\",\"url\":\"https:\\\/\\\/www.altominho.tv\\\/site\\\/wp-content\\\/uploads\\\/2019\\\/08\\\/LUSA_Logo.gif\",\"contentUrl\":\"https:\\\/\\\/www.altominho.tv\\\/site\\\/wp-content\\\/uploads\\\/2019\\\/08\\\/LUSA_Logo.gif\",\"caption\":\"Lusa\"},\"sameAs\":[\"http:\\\/\\\/\\\/\\\/www.altominho.tv\\\/site\"],\"url\":\"https:\\\/\\\/www.altominho.tv\\\/site\\\/author\\\/lusa\\\/\"}]}<\/script>\n<!-- \/ Yoast SEO Premium plugin. -->","yoast_head_json":{"title":"GNR de Valen\u00e7a det\u00e9m homem em flagrante quando tentava atear fogo florestal","description":"A GNR de Valen\u00e7a deteve na madrugada de hoje, em flagrante delito, um homem de 43 anos, pela pr\u00e1tica do crime de inc\u00eandio florestal.","robots":{"index":"index","follow":"follow","max-snippet":"max-snippet:-1","max-image-preview":"max-image-preview:large","max-video-preview":"max-video-preview:-1"},"canonical":"https:\/\/www.altominho.tv\/site\/2022\/03\/18\/gnr-de-valenca-detem-homem-em-flagrante-quando-tentava-atear-fogo-florestal\/","og_locale":"pt_PT","og_type":"article","og_title":"GNR de Valen\u00e7a det\u00e9m homem em flagrante quando tentava atear fogo florestal","og_description":"A GNR de Valen\u00e7a deteve na madrugada de hoje, em flagrante delito, um homem de 43 anos, pela pr\u00e1tica do crime de inc\u00eandio florestal.","og_url":"https:\/\/www.altominho.tv\/site\/2022\/03\/18\/gnr-de-valenca-detem-homem-em-flagrante-quando-tentava-atear-fogo-florestal\/","og_site_name":"Altominho.tv","article_publisher":"https:\/\/www.facebook.com\/altominhotv","article_published_time":"2022-03-18T15:16:58+00:00","article_modified_time":"2022-03-18T15:17:02+00:00","og_image":[{"width":1920,"height":1012,"url":"https:\/\/www.altominho.tv\/site\/wp-content\/uploads\/2022\/03\/fogo.jpeg","type":"image\/jpeg"}],"author":"Lusa","twitter_card":"summary_large_image","twitter_creator":"@altominhoTV","twitter_site":"@altominhoTV","twitter_misc":{"Escrito por":"Lusa","Tempo estimado de leitura":"1 minuto"},"schema":{"@context":"https:\/\/schema.org","@graph":[{"@type":"Article","@id":"https:\/\/www.altominho.tv\/site\/2022\/03\/18\/gnr-de-valenca-detem-homem-em-flagrante-quando-tentava-atear-fogo-florestal\/#article","isPartOf":{"@id":"https:\/\/www.altominho.tv\/site\/2022\/03\/18\/gnr-de-valenca-detem-homem-em-flagrante-quando-tentava-atear-fogo-florestal\/"},"author":{"name":"Lusa","@id":"https:\/\/www.altominho.tv\/site\/#\/schema\/person\/63f693da3e1899361cbe955c46f3232e"},"headline":"GNR de Valen\u00e7a det\u00e9m homem em flagrante quando tentava atear fogo florestal","datePublished":"2022-03-18T15:16:58+00:00","dateModified":"2022-03-18T15:17:02+00:00","mainEntityOfPage":{"@id":"https:\/\/www.altominho.tv\/site\/2022\/03\/18\/gnr-de-valenca-detem-homem-em-flagrante-quando-tentava-atear-fogo-florestal\/"},"wordCount":204,"image":{"@id":"https:\/\/www.altominho.tv\/site\/2022\/03\/18\/gnr-de-valenca-detem-homem-em-flagrante-quando-tentava-atear-fogo-florestal\/#primaryimage"},"thumbnailUrl":"https:\/\/www.altominho.tv\/site\/wp-content\/uploads\/2022\/03\/fogo.jpeg","keywords":["Sociedade"],"articleSection":["Valen\u00e7a"],"inLanguage":"pt-PT","copyrightYear":"2022","copyrightHolder":{"@id":"https:\/\/www.altominho.tv\/site\/#organization"}},{"@type":"WebPage","@id":"https:\/\/www.altominho.tv\/site\/2022\/03\/18\/gnr-de-valenca-detem-homem-em-flagrante-quando-tentava-atear-fogo-florestal\/","url":"https:\/\/www.altominho.tv\/site\/2022\/03\/18\/gnr-de-valenca-detem-homem-em-flagrante-quando-tentava-atear-fogo-florestal\/","name":"GNR de Valen\u00e7a det\u00e9m homem em flagrante quando tentava atear fogo florestal","isPartOf":{"@id":"https:\/\/www.altominho.tv\/site\/#website"},"primaryImageOfPage":{"@id":"https:\/\/www.altominho.tv\/site\/2022\/03\/18\/gnr-de-valenca-detem-homem-em-flagrante-quando-tentava-atear-fogo-florestal\/#primaryimage"},"image":{"@id":"https:\/\/www.altominho.tv\/site\/2022\/03\/18\/gnr-de-valenca-detem-homem-em-flagrante-quando-tentava-atear-fogo-florestal\/#primaryimage"},"thumbnailUrl":"https:\/\/www.altominho.tv\/site\/wp-content\/uploads\/2022\/03\/fogo.jpeg","datePublished":"2022-03-18T15:16:58+00:00","dateModified":"2022-03-18T15:17:02+00:00","author":{"@id":"https:\/\/www.altominho.tv\/site\/#\/schema\/person\/63f693da3e1899361cbe955c46f3232e"},"description":"A GNR de Valen\u00e7a deteve na madrugada de hoje, em flagrante delito, um homem de 43 anos, pela pr\u00e1tica do crime de inc\u00eandio florestal.","breadcrumb":{"@id":"https:\/\/www.altominho.tv\/site\/2022\/03\/18\/gnr-de-valenca-detem-homem-em-flagrante-quando-tentava-atear-fogo-florestal\/#breadcrumb"},"inLanguage":"pt-PT","potentialAction":[{"@type":"ReadAction","target":["https:\/\/www.altominho.tv\/site\/2022\/03\/18\/gnr-de-valenca-detem-homem-em-flagrante-quando-tentava-atear-fogo-florestal\/"]}]},{"@type":"ImageObject","inLanguage":"pt-PT","@id":"https:\/\/www.altominho.tv\/site\/2022\/03\/18\/gnr-de-valenca-detem-homem-em-flagrante-quando-tentava-atear-fogo-florestal\/#primaryimage","url":"https:\/\/www.altominho.tv\/site\/wp-content\/uploads\/2022\/03\/fogo.jpeg","contentUrl":"https:\/\/www.altominho.tv\/site\/wp-content\/uploads\/2022\/03\/fogo.jpeg","width":1920,"height":1012},{"@type":"BreadcrumbList","@id":"https:\/\/www.altominho.tv\/site\/2022\/03\/18\/gnr-de-valenca-detem-homem-em-flagrante-quando-tentava-atear-fogo-florestal\/#breadcrumb","itemListElement":[{"@type":"ListItem","position":1,"name":"In\u00edcio","item":"https:\/\/www.altominho.tv\/site\/"},{"@type":"ListItem","position":2,"name":"GNR de Valen\u00e7a det\u00e9m homem em flagrante quando tentava atear fogo florestal"}]},{"@type":"WebSite","@id":"https:\/\/www.altominho.tv\/site\/#website","url":"https:\/\/www.altominho.tv\/site\/","name":"Altominho.tv","description":"A sua regi\u00e3o \u00e0 dist\u00e2ncia de um clique...","potentialAction":[{"@type":"SearchAction","target":{"@type":"EntryPoint","urlTemplate":"https:\/\/www.altominho.tv\/site\/?s={search_term_string}"},"query-input":{"@type":"PropertyValueSpecification","valueRequired":true,"valueName":"search_term_string"}}],"inLanguage":"pt-PT"},{"@type":"Person","@id":"https:\/\/www.altominho.tv\/site\/#\/schema\/person\/63f693da3e1899361cbe955c46f3232e","name":"Lusa","image":{"@type":"ImageObject","inLanguage":"pt-PT","@id":"https:\/\/www.altominho.tv\/site\/wp-content\/uploads\/2019\/08\/LUSA_Logo.gif","url":"https:\/\/www.altominho.tv\/site\/wp-content\/uploads\/2019\/08\/LUSA_Logo.gif","contentUrl":"https:\/\/www.altominho.tv\/site\/wp-content\/uploads\/2019\/08\/LUSA_Logo.gif","caption":"Lusa"},"sameAs":["http:\/\/\/\/www.altominho.tv\/site"],"url":"https:\/\/www.altominho.tv\/site\/author\/lusa\/"}]}},"_links":{"self":[{"href":"https:\/\/www.altominho.tv\/site\/wp-json\/wp\/v2\/posts\/78029","targetHints":{"allow":["GET"]}}],"collection":[{"href":"https:\/\/www.altominho.tv\/site\/wp-json\/wp\/v2\/posts"}],"about":[{"href":"https:\/\/www.altominho.tv\/site\/wp-json\/wp\/v2\/types\/post"}],"author":[{"embeddable":true,"href":"https:\/\/www.altominho.tv\/site\/wp-json\/wp\/v2\/users\/13"}],"replies":[{"embeddable":true,"href":"https:\/\/www.altominho.tv\/site\/wp-json\/wp\/v2\/comments?post=78029"}],"version-history":[{"count":0,"href":"https:\/\/www.altominho.tv\/site\/wp-json\/wp\/v2\/posts\/78029\/revisions"}],"wp:featuredmedia":[{"embeddable":true,"href":"https:\/\/www.altominho.tv\/site\/wp-json\/wp\/v2\/media\/78030"}],"wp:attachment":[{"href":"https:\/\/www.altominho.tv\/site\/wp-json\/wp\/v2\/media?parent=78029"}],"wp:term":[{"taxonomy":"category","embeddable":true,"href":"https:\/\/www.altominho.tv\/site\/wp-json\/wp\/v2\/categories?post=78029"},{"taxonomy":"post_tag","embeddable":true,"href":"https:\/\/www.altominho.tv\/site\/wp-json\/wp\/v2\/tags?post=78029"}],"curies":[{"name":"wp","href":"https:\/\/api.w.org\/{rel}","templated":true}]}}