{"id":77999,"date":"2022-03-18T10:04:05","date_gmt":"2022-03-18T10:04:05","guid":{"rendered":"https:\/\/www.altominho.tv\/site\/?p=77999"},"modified":"2022-03-18T10:12:12","modified_gmt":"2022-03-18T10:12:12","slug":"rio-minho-um-destino-navegavel-apresentado-na-bolsa-de-turismo-de-lisboa","status":"publish","type":"post","link":"https:\/\/www.altominho.tv\/site\/2022\/03\/18\/rio-minho-um-destino-navegavel-apresentado-na-bolsa-de-turismo-de-lisboa\/","title":{"rendered":"\u201cRio Minho: Um Destino Naveg\u00e1vel\u201d apresentado na Bolsa de Turismo de Lisboa"},"content":{"rendered":"\n<p class=\"wp-block-paragraph\">Envolvendo as eurocidades Mon\u00e7\u00e3o\/Salvaterra de Mi\u00f1o e Valen\u00e7a\/Tui, o projeto tem como&nbsp;objetivo posicionar o rio Minho como um destino tur\u00edstico \u00fanico e diferenciador.<\/p>\n\n\n\n<p class=\"wp-block-paragraph\">O \u201cRio Minho: Um Destino Naveg\u00e1vel\u201d foi apresentado, ontem \u00e0 tarde, na Bolsa do Turismo de Lisboa (BTL), no stand da Entidade do Porto e Norte de Portugal. O Munic\u00edpio de Mon\u00e7\u00e3o esteve representado pelo seu presidente, Ant\u00f3nio Barbosa.<\/p>\n\n\n\n<p class=\"wp-block-paragraph\">Envolvendo as duas eurocidades Mon\u00e7\u00e3o\/Salvaterra de Mi\u00f1o e Valen\u00e7a\/Tui, o projeto tem como finalidade a concretiza\u00e7\u00e3o de um conjunto de medidas, iniciativas e atividades, focadas na atratividade e sustentabilidade do rio Minho,&nbsp;como um destino tur\u00edstico transfronteiri\u00e7o de excel\u00eancia.<\/p>\n\n\n\n<p class=\"wp-block-paragraph\">O objetivo \u00e9 preservar a envolvente ambiental e fortalecer a componente tur\u00edstica neste territ\u00f3rio \u00fanico e diferenciador, de forma a alargar a oferta cultural, patrimonial e gastron\u00f3mica dos quatro munic\u00edpios banhados pelo rio Minho, proporcionando aos visitantes um conjunto diversificado de experi\u00eancias e descobertas.<\/p>\n\n\n\n<p class=\"wp-block-paragraph\">Um dos aspetos mais relevantes do projeto s\u00e3o os passeios de barco no rio Minho. Coincidindo com o Carnaval, tiveram inicio no dia 25 de fevereiro, colocando \u00e0 disposi\u00e7\u00e3o de mun\u00edcipes e visitantes passeios fluviais curtos, com dura\u00e7\u00e3o de uma hora, e passeios mais largos, com dura\u00e7\u00e3o de 8 horas.<\/p>\n\n\n\n<p class=\"wp-block-paragraph\">Estes compreendem visitas \u00e0s quatro&nbsp;localidades raianas, sendo o transporte, em terra, efetuado em minibus ou comboio tur\u00edstico. Quem estiver interessado em participar tem, obrigatoriamente, de inscrever-se na Central de Reservas, acedendo ao website da Hemisf\u00e9rios, operadora tur\u00edstica respons\u00e1vel pelas viagens.<\/p>\n\n\n\n<p class=\"wp-block-paragraph\">Nesta p\u00e1gina, est\u00e3o dispon\u00edveis os hor\u00e1rios e os programas com visitas aos munic\u00edpios. A embarca\u00e7\u00e3o, com 24 lugares dispon\u00edveis, tem capacidade para 15 pessoas, cumprindo-se as recomenda\u00e7\u00f5es de distanciamento da Dire\u00e7\u00e3o Geral de Sa\u00fade.<\/p>\n","protected":false},"excerpt":{"rendered":"<p>Envolvendo as eurocidades Mon\u00e7\u00e3o\/Salvaterra de Mi\u00f1o e Valen\u00e7a\/Tui, o projeto tem como&nbsp;objetivo posicionar o rio Minho como um destino tur\u00edstico \u00fanico e diferenciador. O \u201cRio Minho: Um Destino Naveg\u00e1vel\u201d foi apresentado, ontem \u00e0 tarde, na Bolsa do Turismo de Lisboa (BTL), no stand da Entidade do Porto e Norte de Portugal. O Munic\u00edpio de Mon\u00e7\u00e3o [&hellip;]<\/p>\n","protected":false},"author":1,"featured_media":78000,"comment_status":"closed","ping_status":"closed","sticky":false,"template":"","format":"standard","meta":{"_exactmetrics_skip_tracking":false,"footnotes":""},"categories":[9],"tags":[27],"class_list":["post-77999","post","type-post","status-publish","format-standard","has-post-thumbnail","hentry","category-moncao","tag-sociedade"],"yoast_head":"<!-- This site is optimized with the Yoast SEO Premium plugin v28.3 (Yoast SEO v28.3) - https:\/\/yoast.com\/product\/yoast-seo-premium-wordpress\/ -->\n<title>\u201cRio Minho: Um Destino Naveg\u00e1vel\u201d apresentado na Bolsa de Turismo de Lisboa<\/title>\n<meta name=\"description\" content=\"Envolvendo as eurocidades Mon\u00e7\u00e3o\/Salvaterra de Mi\u00f1o e Valen\u00e7a\/Tui, o projeto tem como\u00a0objetivo posicionar o rio Minho como um destino tur\u00edstico \u00fanico e diferenciador.\" \/>\n<meta name=\"robots\" content=\"index, follow, max-snippet:-1, max-image-preview:large, max-video-preview:-1\" \/>\n<link rel=\"canonical\" href=\"https:\/\/www.altominho.tv\/site\/2022\/03\/18\/rio-minho-um-destino-navegavel-apresentado-na-bolsa-de-turismo-de-lisboa\/\" \/>\n<meta property=\"og:locale\" content=\"pt_PT\" \/>\n<meta property=\"og:type\" content=\"article\" \/>\n<meta property=\"og:title\" content=\"\u201cRio Minho: Um Destino Naveg\u00e1vel\u201d apresentado na Bolsa de Turismo de Lisboa\" \/>\n<meta property=\"og:description\" content=\"Envolvendo as eurocidades Mon\u00e7\u00e3o\/Salvaterra de Mi\u00f1o e Valen\u00e7a\/Tui, o projeto tem como\u00a0objetivo posicionar o rio Minho como um destino tur\u00edstico \u00fanico e diferenciador.\" \/>\n<meta property=\"og:url\" content=\"https:\/\/www.altominho.tv\/site\/2022\/03\/18\/rio-minho-um-destino-navegavel-apresentado-na-bolsa-de-turismo-de-lisboa\/\" \/>\n<meta property=\"og:site_name\" content=\"Altominho.tv\" \/>\n<meta property=\"article:publisher\" content=\"https:\/\/www.facebook.com\/altominhotv\" \/>\n<meta property=\"article:published_time\" content=\"2022-03-18T10:04:05+00:00\" \/>\n<meta property=\"article:modified_time\" content=\"2022-03-18T10:12:12+00:00\" \/>\n<meta property=\"og:image\" content=\"https:\/\/www.altominho.tv\/site\/wp-content\/uploads\/2022\/03\/01.jpg\" \/>\n\t<meta property=\"og:image:width\" content=\"1848\" \/>\n\t<meta property=\"og:image:height\" content=\"1314\" \/>\n\t<meta property=\"og:image:type\" content=\"image\/jpeg\" \/>\n<meta name=\"author\" content=\"Altominho.tv\" \/>\n<meta name=\"twitter:card\" content=\"summary_large_image\" \/>\n<meta name=\"twitter:creator\" content=\"@altominhoTV\" \/>\n<meta name=\"twitter:site\" content=\"@altominhoTV\" \/>\n<meta name=\"twitter:label1\" content=\"Escrito por\" \/>\n\t<meta name=\"twitter:data1\" content=\"Altominho.tv\" \/>\n\t<meta name=\"twitter:label2\" content=\"Tempo estimado de leitura\" \/>\n\t<meta name=\"twitter:data2\" content=\"2 minutos\" \/>\n<script type=\"application\/ld+json\" class=\"yoast-schema-graph\">{\"@context\":\"https:\\\/\\\/schema.org\",\"@graph\":[{\"@type\":\"Article\",\"@id\":\"https:\\\/\\\/www.altominho.tv\\\/site\\\/2022\\\/03\\\/18\\\/rio-minho-um-destino-navegavel-apresentado-na-bolsa-de-turismo-de-lisboa\\\/#article\",\"isPartOf\":{\"@id\":\"https:\\\/\\\/www.altominho.tv\\\/site\\\/2022\\\/03\\\/18\\\/rio-minho-um-destino-navegavel-apresentado-na-bolsa-de-turismo-de-lisboa\\\/\"},\"author\":{\"name\":\"Altominho.tv\",\"@id\":\"https:\\\/\\\/www.altominho.tv\\\/site\\\/#\\\/schema\\\/person\\\/4e536851627d7914baf3dac752b6af22\"},\"headline\":\"\u201cRio Minho: Um Destino Naveg\u00e1vel\u201d apresentado na Bolsa de Turismo de Lisboa\",\"datePublished\":\"2022-03-18T10:04:05+00:00\",\"dateModified\":\"2022-03-18T10:12:12+00:00\",\"mainEntityOfPage\":{\"@id\":\"https:\\\/\\\/www.altominho.tv\\\/site\\\/2022\\\/03\\\/18\\\/rio-minho-um-destino-navegavel-apresentado-na-bolsa-de-turismo-de-lisboa\\\/\"},\"wordCount\":323,\"image\":{\"@id\":\"https:\\\/\\\/www.altominho.tv\\\/site\\\/2022\\\/03\\\/18\\\/rio-minho-um-destino-navegavel-apresentado-na-bolsa-de-turismo-de-lisboa\\\/#primaryimage\"},\"thumbnailUrl\":\"https:\\\/\\\/www.altominho.tv\\\/site\\\/wp-content\\\/uploads\\\/2022\\\/03\\\/01.jpg\",\"keywords\":[\"Sociedade\"],\"articleSection\":[\"Mon\u00e7\u00e3o\"],\"inLanguage\":\"pt-PT\",\"copyrightYear\":\"2022\",\"copyrightHolder\":{\"@id\":\"https:\\\/\\\/www.altominho.tv\\\/site\\\/#organization\"}},{\"@type\":\"WebPage\",\"@id\":\"https:\\\/\\\/www.altominho.tv\\\/site\\\/2022\\\/03\\\/18\\\/rio-minho-um-destino-navegavel-apresentado-na-bolsa-de-turismo-de-lisboa\\\/\",\"url\":\"https:\\\/\\\/www.altominho.tv\\\/site\\\/2022\\\/03\\\/18\\\/rio-minho-um-destino-navegavel-apresentado-na-bolsa-de-turismo-de-lisboa\\\/\",\"name\":\"\u201cRio Minho: Um Destino Naveg\u00e1vel\u201d apresentado na Bolsa de Turismo de Lisboa\",\"isPartOf\":{\"@id\":\"https:\\\/\\\/www.altominho.tv\\\/site\\\/#website\"},\"primaryImageOfPage\":{\"@id\":\"https:\\\/\\\/www.altominho.tv\\\/site\\\/2022\\\/03\\\/18\\\/rio-minho-um-destino-navegavel-apresentado-na-bolsa-de-turismo-de-lisboa\\\/#primaryimage\"},\"image\":{\"@id\":\"https:\\\/\\\/www.altominho.tv\\\/site\\\/2022\\\/03\\\/18\\\/rio-minho-um-destino-navegavel-apresentado-na-bolsa-de-turismo-de-lisboa\\\/#primaryimage\"},\"thumbnailUrl\":\"https:\\\/\\\/www.altominho.tv\\\/site\\\/wp-content\\\/uploads\\\/2022\\\/03\\\/01.jpg\",\"datePublished\":\"2022-03-18T10:04:05+00:00\",\"dateModified\":\"2022-03-18T10:12:12+00:00\",\"author\":{\"@id\":\"https:\\\/\\\/www.altominho.tv\\\/site\\\/#\\\/schema\\\/person\\\/4e536851627d7914baf3dac752b6af22\"},\"description\":\"Envolvendo as eurocidades Mon\u00e7\u00e3o\\\/Salvaterra de Mi\u00f1o e Valen\u00e7a\\\/Tui, o projeto tem como\u00a0objetivo posicionar o rio Minho como um destino tur\u00edstico \u00fanico e diferenciador.\",\"breadcrumb\":{\"@id\":\"https:\\\/\\\/www.altominho.tv\\\/site\\\/2022\\\/03\\\/18\\\/rio-minho-um-destino-navegavel-apresentado-na-bolsa-de-turismo-de-lisboa\\\/#breadcrumb\"},\"inLanguage\":\"pt-PT\",\"potentialAction\":[{\"@type\":\"ReadAction\",\"target\":[\"https:\\\/\\\/www.altominho.tv\\\/site\\\/2022\\\/03\\\/18\\\/rio-minho-um-destino-navegavel-apresentado-na-bolsa-de-turismo-de-lisboa\\\/\"]}]},{\"@type\":\"ImageObject\",\"inLanguage\":\"pt-PT\",\"@id\":\"https:\\\/\\\/www.altominho.tv\\\/site\\\/2022\\\/03\\\/18\\\/rio-minho-um-destino-navegavel-apresentado-na-bolsa-de-turismo-de-lisboa\\\/#primaryimage\",\"url\":\"https:\\\/\\\/www.altominho.tv\\\/site\\\/wp-content\\\/uploads\\\/2022\\\/03\\\/01.jpg\",\"contentUrl\":\"https:\\\/\\\/www.altominho.tv\\\/site\\\/wp-content\\\/uploads\\\/2022\\\/03\\\/01.jpg\",\"width\":1848,\"height\":1314},{\"@type\":\"BreadcrumbList\",\"@id\":\"https:\\\/\\\/www.altominho.tv\\\/site\\\/2022\\\/03\\\/18\\\/rio-minho-um-destino-navegavel-apresentado-na-bolsa-de-turismo-de-lisboa\\\/#breadcrumb\",\"itemListElement\":[{\"@type\":\"ListItem\",\"position\":1,\"name\":\"In\u00edcio\",\"item\":\"https:\\\/\\\/www.altominho.tv\\\/site\\\/\"},{\"@type\":\"ListItem\",\"position\":2,\"name\":\"\u201cRio Minho: Um Destino Naveg\u00e1vel\u201d apresentado na Bolsa de Turismo de Lisboa\"}]},{\"@type\":\"WebSite\",\"@id\":\"https:\\\/\\\/www.altominho.tv\\\/site\\\/#website\",\"url\":\"https:\\\/\\\/www.altominho.tv\\\/site\\\/\",\"name\":\"Altominho.tv\",\"description\":\"A sua regi\u00e3o \u00e0 dist\u00e2ncia de um clique...\",\"potentialAction\":[{\"@type\":\"SearchAction\",\"target\":{\"@type\":\"EntryPoint\",\"urlTemplate\":\"https:\\\/\\\/www.altominho.tv\\\/site\\\/?s={search_term_string}\"},\"query-input\":{\"@type\":\"PropertyValueSpecification\",\"valueRequired\":true,\"valueName\":\"search_term_string\"}}],\"inLanguage\":\"pt-PT\"},{\"@type\":\"Person\",\"@id\":\"https:\\\/\\\/www.altominho.tv\\\/site\\\/#\\\/schema\\\/person\\\/4e536851627d7914baf3dac752b6af22\",\"name\":\"Altominho.tv\",\"image\":{\"@type\":\"ImageObject\",\"inLanguage\":\"pt-PT\",\"@id\":\"https:\\\/\\\/www.altominho.tv\\\/site\\\/wp-content\\\/uploads\\\/2019\\\/11\\\/Logo_Avatar_2-150x150.jpg\",\"url\":\"https:\\\/\\\/www.altominho.tv\\\/site\\\/wp-content\\\/uploads\\\/2019\\\/11\\\/Logo_Avatar_2-150x150.jpg\",\"contentUrl\":\"https:\\\/\\\/www.altominho.tv\\\/site\\\/wp-content\\\/uploads\\\/2019\\\/11\\\/Logo_Avatar_2-150x150.jpg\",\"caption\":\"Altominho.tv\"},\"url\":\"https:\\\/\\\/www.altominho.tv\\\/site\\\/author\\\/altominhotv-tecnico\\\/\"}]}<\/script>\n<!-- \/ Yoast SEO Premium plugin. -->","yoast_head_json":{"title":"\u201cRio Minho: Um Destino Naveg\u00e1vel\u201d apresentado na Bolsa de Turismo de Lisboa","description":"Envolvendo as eurocidades Mon\u00e7\u00e3o\/Salvaterra de Mi\u00f1o e Valen\u00e7a\/Tui, o projeto tem como\u00a0objetivo posicionar o rio Minho como um destino tur\u00edstico \u00fanico e diferenciador.","robots":{"index":"index","follow":"follow","max-snippet":"max-snippet:-1","max-image-preview":"max-image-preview:large","max-video-preview":"max-video-preview:-1"},"canonical":"https:\/\/www.altominho.tv\/site\/2022\/03\/18\/rio-minho-um-destino-navegavel-apresentado-na-bolsa-de-turismo-de-lisboa\/","og_locale":"pt_PT","og_type":"article","og_title":"\u201cRio Minho: Um Destino Naveg\u00e1vel\u201d apresentado na Bolsa de Turismo de Lisboa","og_description":"Envolvendo as eurocidades Mon\u00e7\u00e3o\/Salvaterra de Mi\u00f1o e Valen\u00e7a\/Tui, o projeto tem como\u00a0objetivo posicionar o rio Minho como um destino tur\u00edstico \u00fanico e diferenciador.","og_url":"https:\/\/www.altominho.tv\/site\/2022\/03\/18\/rio-minho-um-destino-navegavel-apresentado-na-bolsa-de-turismo-de-lisboa\/","og_site_name":"Altominho.tv","article_publisher":"https:\/\/www.facebook.com\/altominhotv","article_published_time":"2022-03-18T10:04:05+00:00","article_modified_time":"2022-03-18T10:12:12+00:00","og_image":[{"width":1848,"height":1314,"url":"https:\/\/www.altominho.tv\/site\/wp-content\/uploads\/2022\/03\/01.jpg","type":"image\/jpeg"}],"author":"Altominho.tv","twitter_card":"summary_large_image","twitter_creator":"@altominhoTV","twitter_site":"@altominhoTV","twitter_misc":{"Escrito por":"Altominho.tv","Tempo estimado de leitura":"2 minutos"},"schema":{"@context":"https:\/\/schema.org","@graph":[{"@type":"Article","@id":"https:\/\/www.altominho.tv\/site\/2022\/03\/18\/rio-minho-um-destino-navegavel-apresentado-na-bolsa-de-turismo-de-lisboa\/#article","isPartOf":{"@id":"https:\/\/www.altominho.tv\/site\/2022\/03\/18\/rio-minho-um-destino-navegavel-apresentado-na-bolsa-de-turismo-de-lisboa\/"},"author":{"name":"Altominho.tv","@id":"https:\/\/www.altominho.tv\/site\/#\/schema\/person\/4e536851627d7914baf3dac752b6af22"},"headline":"\u201cRio Minho: Um Destino Naveg\u00e1vel\u201d apresentado na Bolsa de Turismo de Lisboa","datePublished":"2022-03-18T10:04:05+00:00","dateModified":"2022-03-18T10:12:12+00:00","mainEntityOfPage":{"@id":"https:\/\/www.altominho.tv\/site\/2022\/03\/18\/rio-minho-um-destino-navegavel-apresentado-na-bolsa-de-turismo-de-lisboa\/"},"wordCount":323,"image":{"@id":"https:\/\/www.altominho.tv\/site\/2022\/03\/18\/rio-minho-um-destino-navegavel-apresentado-na-bolsa-de-turismo-de-lisboa\/#primaryimage"},"thumbnailUrl":"https:\/\/www.altominho.tv\/site\/wp-content\/uploads\/2022\/03\/01.jpg","keywords":["Sociedade"],"articleSection":["Mon\u00e7\u00e3o"],"inLanguage":"pt-PT","copyrightYear":"2022","copyrightHolder":{"@id":"https:\/\/www.altominho.tv\/site\/#organization"}},{"@type":"WebPage","@id":"https:\/\/www.altominho.tv\/site\/2022\/03\/18\/rio-minho-um-destino-navegavel-apresentado-na-bolsa-de-turismo-de-lisboa\/","url":"https:\/\/www.altominho.tv\/site\/2022\/03\/18\/rio-minho-um-destino-navegavel-apresentado-na-bolsa-de-turismo-de-lisboa\/","name":"\u201cRio Minho: Um Destino Naveg\u00e1vel\u201d apresentado na Bolsa de Turismo de Lisboa","isPartOf":{"@id":"https:\/\/www.altominho.tv\/site\/#website"},"primaryImageOfPage":{"@id":"https:\/\/www.altominho.tv\/site\/2022\/03\/18\/rio-minho-um-destino-navegavel-apresentado-na-bolsa-de-turismo-de-lisboa\/#primaryimage"},"image":{"@id":"https:\/\/www.altominho.tv\/site\/2022\/03\/18\/rio-minho-um-destino-navegavel-apresentado-na-bolsa-de-turismo-de-lisboa\/#primaryimage"},"thumbnailUrl":"https:\/\/www.altominho.tv\/site\/wp-content\/uploads\/2022\/03\/01.jpg","datePublished":"2022-03-18T10:04:05+00:00","dateModified":"2022-03-18T10:12:12+00:00","author":{"@id":"https:\/\/www.altominho.tv\/site\/#\/schema\/person\/4e536851627d7914baf3dac752b6af22"},"description":"Envolvendo as eurocidades Mon\u00e7\u00e3o\/Salvaterra de Mi\u00f1o e Valen\u00e7a\/Tui, o projeto tem como\u00a0objetivo posicionar o rio Minho como um destino tur\u00edstico \u00fanico e diferenciador.","breadcrumb":{"@id":"https:\/\/www.altominho.tv\/site\/2022\/03\/18\/rio-minho-um-destino-navegavel-apresentado-na-bolsa-de-turismo-de-lisboa\/#breadcrumb"},"inLanguage":"pt-PT","potentialAction":[{"@type":"ReadAction","target":["https:\/\/www.altominho.tv\/site\/2022\/03\/18\/rio-minho-um-destino-navegavel-apresentado-na-bolsa-de-turismo-de-lisboa\/"]}]},{"@type":"ImageObject","inLanguage":"pt-PT","@id":"https:\/\/www.altominho.tv\/site\/2022\/03\/18\/rio-minho-um-destino-navegavel-apresentado-na-bolsa-de-turismo-de-lisboa\/#primaryimage","url":"https:\/\/www.altominho.tv\/site\/wp-content\/uploads\/2022\/03\/01.jpg","contentUrl":"https:\/\/www.altominho.tv\/site\/wp-content\/uploads\/2022\/03\/01.jpg","width":1848,"height":1314},{"@type":"BreadcrumbList","@id":"https:\/\/www.altominho.tv\/site\/2022\/03\/18\/rio-minho-um-destino-navegavel-apresentado-na-bolsa-de-turismo-de-lisboa\/#breadcrumb","itemListElement":[{"@type":"ListItem","position":1,"name":"In\u00edcio","item":"https:\/\/www.altominho.tv\/site\/"},{"@type":"ListItem","position":2,"name":"\u201cRio Minho: Um Destino Naveg\u00e1vel\u201d apresentado na Bolsa de Turismo de Lisboa"}]},{"@type":"WebSite","@id":"https:\/\/www.altominho.tv\/site\/#website","url":"https:\/\/www.altominho.tv\/site\/","name":"Altominho.tv","description":"A sua regi\u00e3o \u00e0 dist\u00e2ncia de um clique...","potentialAction":[{"@type":"SearchAction","target":{"@type":"EntryPoint","urlTemplate":"https:\/\/www.altominho.tv\/site\/?s={search_term_string}"},"query-input":{"@type":"PropertyValueSpecification","valueRequired":true,"valueName":"search_term_string"}}],"inLanguage":"pt-PT"},{"@type":"Person","@id":"https:\/\/www.altominho.tv\/site\/#\/schema\/person\/4e536851627d7914baf3dac752b6af22","name":"Altominho.tv","image":{"@type":"ImageObject","inLanguage":"pt-PT","@id":"https:\/\/www.altominho.tv\/site\/wp-content\/uploads\/2019\/11\/Logo_Avatar_2-150x150.jpg","url":"https:\/\/www.altominho.tv\/site\/wp-content\/uploads\/2019\/11\/Logo_Avatar_2-150x150.jpg","contentUrl":"https:\/\/www.altominho.tv\/site\/wp-content\/uploads\/2019\/11\/Logo_Avatar_2-150x150.jpg","caption":"Altominho.tv"},"url":"https:\/\/www.altominho.tv\/site\/author\/altominhotv-tecnico\/"}]}},"_links":{"self":[{"href":"https:\/\/www.altominho.tv\/site\/wp-json\/wp\/v2\/posts\/77999","targetHints":{"allow":["GET"]}}],"collection":[{"href":"https:\/\/www.altominho.tv\/site\/wp-json\/wp\/v2\/posts"}],"about":[{"href":"https:\/\/www.altominho.tv\/site\/wp-json\/wp\/v2\/types\/post"}],"author":[{"embeddable":true,"href":"https:\/\/www.altominho.tv\/site\/wp-json\/wp\/v2\/users\/1"}],"replies":[{"embeddable":true,"href":"https:\/\/www.altominho.tv\/site\/wp-json\/wp\/v2\/comments?post=77999"}],"version-history":[{"count":0,"href":"https:\/\/www.altominho.tv\/site\/wp-json\/wp\/v2\/posts\/77999\/revisions"}],"wp:featuredmedia":[{"embeddable":true,"href":"https:\/\/www.altominho.tv\/site\/wp-json\/wp\/v2\/media\/78000"}],"wp:attachment":[{"href":"https:\/\/www.altominho.tv\/site\/wp-json\/wp\/v2\/media?parent=77999"}],"wp:term":[{"taxonomy":"category","embeddable":true,"href":"https:\/\/www.altominho.tv\/site\/wp-json\/wp\/v2\/categories?post=77999"},{"taxonomy":"post_tag","embeddable":true,"href":"https:\/\/www.altominho.tv\/site\/wp-json\/wp\/v2\/tags?post=77999"}],"curies":[{"name":"wp","href":"https:\/\/api.w.org\/{rel}","templated":true}]}}