{"id":7774,"date":"2018-01-03T11:02:47","date_gmt":"2018-01-03T11:02:47","guid":{"rendered":"http:\/\/www.altominho.tv\/site\/?p=7774"},"modified":"2018-01-03T11:02:47","modified_gmt":"2018-01-03T11:02:47","slug":"demian-cabaud-quinteto-atua-em-ponte-de-lima-no-dia-27","status":"publish","type":"post","link":"https:\/\/www.altominho.tv\/site\/2018\/01\/03\/demian-cabaud-quinteto-atua-em-ponte-de-lima-no-dia-27\/","title":{"rendered":"Demian Cabaud Quinteto atua em Ponte de Lima no dia 27"},"content":{"rendered":"<p>No dia 27 de janeiro, o Teatro Diogo Bernardes em Ponte de Lima, recebe Demian Cabaud Quinteto.<\/p>\n<p>O contrabaixista far\u00e1 acompanhar-se por uma aut\u00eantica lenda da bateria no jazz, o americano Jeff Williams, que j\u00e1 tocou com nomes como Stan Getz, Dave Holland, Joe Lovano ou Lee Konitz, para al\u00e9m de Xan Campos no piano, Miguel Fernandez no saxofone,\u00a0figura do ano na Catalunha nos dois \u00faltimos anos e disco do ano no Pa\u00eds Basco e Iago Fernandez tamb\u00e9m na bateria.<\/p>\n<p>O espet\u00e1culo est\u00e1 marcado para as 21h30.<\/p>\n","protected":false},"excerpt":{"rendered":"<p>No dia 27 de janeiro, o Teatro Diogo Bernardes em Ponte de Lima, recebe Demian Cabaud Quinteto. O contrabaixista far\u00e1 acompanhar-se por uma aut\u00eantica lenda da bateria no jazz, o americano Jeff Williams, que j\u00e1 tocou com nomes como Stan Getz, Dave Holland, Joe Lovano ou Lee Konitz, para al\u00e9m de Xan Campos no piano, [&hellip;]<\/p>\n","protected":false},"author":7,"featured_media":7781,"comment_status":"closed","ping_status":"closed","sticky":false,"template":"","format":"standard","meta":{"_exactmetrics_skip_tracking":false,"_exactmetrics_sitenote_active":false,"_exactmetrics_sitenote_note":"","_exactmetrics_sitenote_category":0,"footnotes":""},"categories":[12],"tags":[24,27],"class_list":["post-7774","post","type-post","status-publish","format-standard","has-post-thumbnail","hentry","category-ponte-de-lima","tag-lazer","tag-sociedade"],"yoast_head":"<!-- This site is optimized with the Yoast SEO Premium plugin v27.5 (Yoast SEO v27.5) - https:\/\/yoast.com\/product\/yoast-seo-premium-wordpress\/ -->\n<title>Demian Cabaud Quinteto atua em Ponte de Lima no dia 27<\/title>\n<meta name=\"robots\" content=\"index, follow, max-snippet:-1, max-image-preview:large, max-video-preview:-1\" \/>\n<link rel=\"canonical\" href=\"https:\/\/www.altominho.tv\/site\/2018\/01\/03\/demian-cabaud-quinteto-atua-em-ponte-de-lima-no-dia-27\/\" \/>\n<meta property=\"og:locale\" content=\"pt_PT\" \/>\n<meta property=\"og:type\" content=\"article\" \/>\n<meta property=\"og:title\" content=\"Demian Cabaud Quinteto atua em Ponte de Lima no dia 27\" \/>\n<meta property=\"og:description\" content=\"No dia 27 de janeiro, o Teatro Diogo Bernardes em Ponte de Lima, recebe Demian Cabaud Quinteto. O contrabaixista far\u00e1 acompanhar-se por uma aut\u00eantica lenda da bateria no jazz, o americano Jeff Williams, que j\u00e1 tocou com nomes como Stan Getz, Dave Holland, Joe Lovano ou Lee Konitz, para al\u00e9m de Xan Campos no piano, [&hellip;]\" \/>\n<meta property=\"og:url\" content=\"https:\/\/www.altominho.tv\/site\/2018\/01\/03\/demian-cabaud-quinteto-atua-em-ponte-de-lima-no-dia-27\/\" \/>\n<meta property=\"og:site_name\" content=\"Altominho.tv\" \/>\n<meta property=\"article:publisher\" content=\"https:\/\/www.facebook.com\/altominhotv\" \/>\n<meta property=\"article:published_time\" content=\"2018-01-03T11:02:47+00:00\" \/>\n<meta property=\"og:image\" content=\"https:\/\/www.altominho.tv\/site\/wp-content\/uploads\/2018\/01\/demian.jpg\" \/>\n\t<meta property=\"og:image:width\" content=\"930\" \/>\n\t<meta property=\"og:image:height\" content=\"557\" \/>\n\t<meta property=\"og:image:type\" content=\"image\/jpeg\" \/>\n<meta name=\"author\" content=\"Andreia Cunha\" \/>\n<meta name=\"twitter:card\" content=\"summary_large_image\" \/>\n<meta name=\"twitter:creator\" content=\"@altominhoTV\" \/>\n<meta name=\"twitter:site\" content=\"@altominhoTV\" \/>\n<meta name=\"twitter:label1\" content=\"Escrito por\" \/>\n\t<meta name=\"twitter:data1\" content=\"Andreia Cunha\" \/>\n<script type=\"application\/ld+json\" class=\"yoast-schema-graph\">{\"@context\":\"https:\\\/\\\/schema.org\",\"@graph\":[{\"@type\":\"Article\",\"@id\":\"https:\\\/\\\/www.altominho.tv\\\/site\\\/2018\\\/01\\\/03\\\/demian-cabaud-quinteto-atua-em-ponte-de-lima-no-dia-27\\\/#article\",\"isPartOf\":{\"@id\":\"https:\\\/\\\/www.altominho.tv\\\/site\\\/2018\\\/01\\\/03\\\/demian-cabaud-quinteto-atua-em-ponte-de-lima-no-dia-27\\\/\"},\"author\":{\"name\":\"Andreia Cunha\",\"@id\":\"https:\\\/\\\/www.altominho.tv\\\/site\\\/#\\\/schema\\\/person\\\/a0e4ef6d041f98ca284393d8f1d97153\"},\"headline\":\"Demian Cabaud Quinteto atua em Ponte de Lima no dia 27\",\"datePublished\":\"2018-01-03T11:02:47+00:00\",\"mainEntityOfPage\":{\"@id\":\"https:\\\/\\\/www.altominho.tv\\\/site\\\/2018\\\/01\\\/03\\\/demian-cabaud-quinteto-atua-em-ponte-de-lima-no-dia-27\\\/\"},\"wordCount\":102,\"image\":{\"@id\":\"https:\\\/\\\/www.altominho.tv\\\/site\\\/2018\\\/01\\\/03\\\/demian-cabaud-quinteto-atua-em-ponte-de-lima-no-dia-27\\\/#primaryimage\"},\"thumbnailUrl\":\"https:\\\/\\\/www.altominho.tv\\\/site\\\/wp-content\\\/uploads\\\/2018\\\/01\\\/demian.jpg\",\"keywords\":[\"Lazer\",\"Sociedade\"],\"articleSection\":[\"Ponte de Lima\"],\"inLanguage\":\"pt-PT\",\"copyrightYear\":\"2018\",\"copyrightHolder\":{\"@id\":\"https:\\\/\\\/www.altominho.tv\\\/site\\\/#organization\"}},{\"@type\":\"WebPage\",\"@id\":\"https:\\\/\\\/www.altominho.tv\\\/site\\\/2018\\\/01\\\/03\\\/demian-cabaud-quinteto-atua-em-ponte-de-lima-no-dia-27\\\/\",\"url\":\"https:\\\/\\\/www.altominho.tv\\\/site\\\/2018\\\/01\\\/03\\\/demian-cabaud-quinteto-atua-em-ponte-de-lima-no-dia-27\\\/\",\"name\":\"Demian Cabaud Quinteto atua em Ponte de Lima no dia 27\",\"isPartOf\":{\"@id\":\"https:\\\/\\\/www.altominho.tv\\\/site\\\/#website\"},\"primaryImageOfPage\":{\"@id\":\"https:\\\/\\\/www.altominho.tv\\\/site\\\/2018\\\/01\\\/03\\\/demian-cabaud-quinteto-atua-em-ponte-de-lima-no-dia-27\\\/#primaryimage\"},\"image\":{\"@id\":\"https:\\\/\\\/www.altominho.tv\\\/site\\\/2018\\\/01\\\/03\\\/demian-cabaud-quinteto-atua-em-ponte-de-lima-no-dia-27\\\/#primaryimage\"},\"thumbnailUrl\":\"https:\\\/\\\/www.altominho.tv\\\/site\\\/wp-content\\\/uploads\\\/2018\\\/01\\\/demian.jpg\",\"datePublished\":\"2018-01-03T11:02:47+00:00\",\"author\":{\"@id\":\"https:\\\/\\\/www.altominho.tv\\\/site\\\/#\\\/schema\\\/person\\\/a0e4ef6d041f98ca284393d8f1d97153\"},\"breadcrumb\":{\"@id\":\"https:\\\/\\\/www.altominho.tv\\\/site\\\/2018\\\/01\\\/03\\\/demian-cabaud-quinteto-atua-em-ponte-de-lima-no-dia-27\\\/#breadcrumb\"},\"inLanguage\":\"pt-PT\",\"potentialAction\":[{\"@type\":\"ReadAction\",\"target\":[\"https:\\\/\\\/www.altominho.tv\\\/site\\\/2018\\\/01\\\/03\\\/demian-cabaud-quinteto-atua-em-ponte-de-lima-no-dia-27\\\/\"]}]},{\"@type\":\"ImageObject\",\"inLanguage\":\"pt-PT\",\"@id\":\"https:\\\/\\\/www.altominho.tv\\\/site\\\/2018\\\/01\\\/03\\\/demian-cabaud-quinteto-atua-em-ponte-de-lima-no-dia-27\\\/#primaryimage\",\"url\":\"https:\\\/\\\/www.altominho.tv\\\/site\\\/wp-content\\\/uploads\\\/2018\\\/01\\\/demian.jpg\",\"contentUrl\":\"https:\\\/\\\/www.altominho.tv\\\/site\\\/wp-content\\\/uploads\\\/2018\\\/01\\\/demian.jpg\",\"width\":930,\"height\":557},{\"@type\":\"BreadcrumbList\",\"@id\":\"https:\\\/\\\/www.altominho.tv\\\/site\\\/2018\\\/01\\\/03\\\/demian-cabaud-quinteto-atua-em-ponte-de-lima-no-dia-27\\\/#breadcrumb\",\"itemListElement\":[{\"@type\":\"ListItem\",\"position\":1,\"name\":\"In\u00edcio\",\"item\":\"https:\\\/\\\/www.altominho.tv\\\/site\\\/\"},{\"@type\":\"ListItem\",\"position\":2,\"name\":\"Demian Cabaud Quinteto atua em Ponte de Lima no dia 27\"}]},{\"@type\":\"WebSite\",\"@id\":\"https:\\\/\\\/www.altominho.tv\\\/site\\\/#website\",\"url\":\"https:\\\/\\\/www.altominho.tv\\\/site\\\/\",\"name\":\"Altominho.tv\",\"description\":\"A sua regi\u00e3o \u00e0 dist\u00e2ncia de um clique...\",\"potentialAction\":[{\"@type\":\"SearchAction\",\"target\":{\"@type\":\"EntryPoint\",\"urlTemplate\":\"https:\\\/\\\/www.altominho.tv\\\/site\\\/?s={search_term_string}\"},\"query-input\":{\"@type\":\"PropertyValueSpecification\",\"valueRequired\":true,\"valueName\":\"search_term_string\"}}],\"inLanguage\":\"pt-PT\"},{\"@type\":\"Person\",\"@id\":\"https:\\\/\\\/www.altominho.tv\\\/site\\\/#\\\/schema\\\/person\\\/a0e4ef6d041f98ca284393d8f1d97153\",\"name\":\"Andreia Cunha\",\"image\":{\"@type\":\"ImageObject\",\"inLanguage\":\"pt-PT\",\"@id\":\"https:\\\/\\\/www.altominho.tv\\\/site\\\/wp-content\\\/uploads\\\/2017\\\/11\\\/Andreia_Cunha-1-150x150.jpg\",\"url\":\"https:\\\/\\\/www.altominho.tv\\\/site\\\/wp-content\\\/uploads\\\/2017\\\/11\\\/Andreia_Cunha-1-150x150.jpg\",\"contentUrl\":\"https:\\\/\\\/www.altominho.tv\\\/site\\\/wp-content\\\/uploads\\\/2017\\\/11\\\/Andreia_Cunha-1-150x150.jpg\",\"caption\":\"Andreia Cunha\"},\"url\":\"https:\\\/\\\/www.altominho.tv\\\/site\\\/author\\\/andreiacunha\\\/\"}]}<\/script>\n<!-- \/ Yoast SEO Premium plugin. -->","yoast_head_json":{"title":"Demian Cabaud Quinteto atua em Ponte de Lima no dia 27","robots":{"index":"index","follow":"follow","max-snippet":"max-snippet:-1","max-image-preview":"max-image-preview:large","max-video-preview":"max-video-preview:-1"},"canonical":"https:\/\/www.altominho.tv\/site\/2018\/01\/03\/demian-cabaud-quinteto-atua-em-ponte-de-lima-no-dia-27\/","og_locale":"pt_PT","og_type":"article","og_title":"Demian Cabaud Quinteto atua em Ponte de Lima no dia 27","og_description":"No dia 27 de janeiro, o Teatro Diogo Bernardes em Ponte de Lima, recebe Demian Cabaud Quinteto. O contrabaixista far\u00e1 acompanhar-se por uma aut\u00eantica lenda da bateria no jazz, o americano Jeff Williams, que j\u00e1 tocou com nomes como Stan Getz, Dave Holland, Joe Lovano ou Lee Konitz, para al\u00e9m de Xan Campos no piano, [&hellip;]","og_url":"https:\/\/www.altominho.tv\/site\/2018\/01\/03\/demian-cabaud-quinteto-atua-em-ponte-de-lima-no-dia-27\/","og_site_name":"Altominho.tv","article_publisher":"https:\/\/www.facebook.com\/altominhotv","article_published_time":"2018-01-03T11:02:47+00:00","og_image":[{"width":930,"height":557,"url":"https:\/\/www.altominho.tv\/site\/wp-content\/uploads\/2018\/01\/demian.jpg","type":"image\/jpeg"}],"author":"Andreia Cunha","twitter_card":"summary_large_image","twitter_creator":"@altominhoTV","twitter_site":"@altominhoTV","twitter_misc":{"Escrito por":"Andreia Cunha"},"schema":{"@context":"https:\/\/schema.org","@graph":[{"@type":"Article","@id":"https:\/\/www.altominho.tv\/site\/2018\/01\/03\/demian-cabaud-quinteto-atua-em-ponte-de-lima-no-dia-27\/#article","isPartOf":{"@id":"https:\/\/www.altominho.tv\/site\/2018\/01\/03\/demian-cabaud-quinteto-atua-em-ponte-de-lima-no-dia-27\/"},"author":{"name":"Andreia Cunha","@id":"https:\/\/www.altominho.tv\/site\/#\/schema\/person\/a0e4ef6d041f98ca284393d8f1d97153"},"headline":"Demian Cabaud Quinteto atua em Ponte de Lima no dia 27","datePublished":"2018-01-03T11:02:47+00:00","mainEntityOfPage":{"@id":"https:\/\/www.altominho.tv\/site\/2018\/01\/03\/demian-cabaud-quinteto-atua-em-ponte-de-lima-no-dia-27\/"},"wordCount":102,"image":{"@id":"https:\/\/www.altominho.tv\/site\/2018\/01\/03\/demian-cabaud-quinteto-atua-em-ponte-de-lima-no-dia-27\/#primaryimage"},"thumbnailUrl":"https:\/\/www.altominho.tv\/site\/wp-content\/uploads\/2018\/01\/demian.jpg","keywords":["Lazer","Sociedade"],"articleSection":["Ponte de Lima"],"inLanguage":"pt-PT","copyrightYear":"2018","copyrightHolder":{"@id":"https:\/\/www.altominho.tv\/site\/#organization"}},{"@type":"WebPage","@id":"https:\/\/www.altominho.tv\/site\/2018\/01\/03\/demian-cabaud-quinteto-atua-em-ponte-de-lima-no-dia-27\/","url":"https:\/\/www.altominho.tv\/site\/2018\/01\/03\/demian-cabaud-quinteto-atua-em-ponte-de-lima-no-dia-27\/","name":"Demian Cabaud Quinteto atua em Ponte de Lima no dia 27","isPartOf":{"@id":"https:\/\/www.altominho.tv\/site\/#website"},"primaryImageOfPage":{"@id":"https:\/\/www.altominho.tv\/site\/2018\/01\/03\/demian-cabaud-quinteto-atua-em-ponte-de-lima-no-dia-27\/#primaryimage"},"image":{"@id":"https:\/\/www.altominho.tv\/site\/2018\/01\/03\/demian-cabaud-quinteto-atua-em-ponte-de-lima-no-dia-27\/#primaryimage"},"thumbnailUrl":"https:\/\/www.altominho.tv\/site\/wp-content\/uploads\/2018\/01\/demian.jpg","datePublished":"2018-01-03T11:02:47+00:00","author":{"@id":"https:\/\/www.altominho.tv\/site\/#\/schema\/person\/a0e4ef6d041f98ca284393d8f1d97153"},"breadcrumb":{"@id":"https:\/\/www.altominho.tv\/site\/2018\/01\/03\/demian-cabaud-quinteto-atua-em-ponte-de-lima-no-dia-27\/#breadcrumb"},"inLanguage":"pt-PT","potentialAction":[{"@type":"ReadAction","target":["https:\/\/www.altominho.tv\/site\/2018\/01\/03\/demian-cabaud-quinteto-atua-em-ponte-de-lima-no-dia-27\/"]}]},{"@type":"ImageObject","inLanguage":"pt-PT","@id":"https:\/\/www.altominho.tv\/site\/2018\/01\/03\/demian-cabaud-quinteto-atua-em-ponte-de-lima-no-dia-27\/#primaryimage","url":"https:\/\/www.altominho.tv\/site\/wp-content\/uploads\/2018\/01\/demian.jpg","contentUrl":"https:\/\/www.altominho.tv\/site\/wp-content\/uploads\/2018\/01\/demian.jpg","width":930,"height":557},{"@type":"BreadcrumbList","@id":"https:\/\/www.altominho.tv\/site\/2018\/01\/03\/demian-cabaud-quinteto-atua-em-ponte-de-lima-no-dia-27\/#breadcrumb","itemListElement":[{"@type":"ListItem","position":1,"name":"In\u00edcio","item":"https:\/\/www.altominho.tv\/site\/"},{"@type":"ListItem","position":2,"name":"Demian Cabaud Quinteto atua em Ponte de Lima no dia 27"}]},{"@type":"WebSite","@id":"https:\/\/www.altominho.tv\/site\/#website","url":"https:\/\/www.altominho.tv\/site\/","name":"Altominho.tv","description":"A sua regi\u00e3o \u00e0 dist\u00e2ncia de um clique...","potentialAction":[{"@type":"SearchAction","target":{"@type":"EntryPoint","urlTemplate":"https:\/\/www.altominho.tv\/site\/?s={search_term_string}"},"query-input":{"@type":"PropertyValueSpecification","valueRequired":true,"valueName":"search_term_string"}}],"inLanguage":"pt-PT"},{"@type":"Person","@id":"https:\/\/www.altominho.tv\/site\/#\/schema\/person\/a0e4ef6d041f98ca284393d8f1d97153","name":"Andreia Cunha","image":{"@type":"ImageObject","inLanguage":"pt-PT","@id":"https:\/\/www.altominho.tv\/site\/wp-content\/uploads\/2017\/11\/Andreia_Cunha-1-150x150.jpg","url":"https:\/\/www.altominho.tv\/site\/wp-content\/uploads\/2017\/11\/Andreia_Cunha-1-150x150.jpg","contentUrl":"https:\/\/www.altominho.tv\/site\/wp-content\/uploads\/2017\/11\/Andreia_Cunha-1-150x150.jpg","caption":"Andreia Cunha"},"url":"https:\/\/www.altominho.tv\/site\/author\/andreiacunha\/"}]}},"_links":{"self":[{"href":"https:\/\/www.altominho.tv\/site\/wp-json\/wp\/v2\/posts\/7774","targetHints":{"allow":["GET"]}}],"collection":[{"href":"https:\/\/www.altominho.tv\/site\/wp-json\/wp\/v2\/posts"}],"about":[{"href":"https:\/\/www.altominho.tv\/site\/wp-json\/wp\/v2\/types\/post"}],"author":[{"embeddable":true,"href":"https:\/\/www.altominho.tv\/site\/wp-json\/wp\/v2\/users\/7"}],"replies":[{"embeddable":true,"href":"https:\/\/www.altominho.tv\/site\/wp-json\/wp\/v2\/comments?post=7774"}],"version-history":[{"count":0,"href":"https:\/\/www.altominho.tv\/site\/wp-json\/wp\/v2\/posts\/7774\/revisions"}],"wp:featuredmedia":[{"embeddable":true,"href":"https:\/\/www.altominho.tv\/site\/wp-json\/wp\/v2\/media\/7781"}],"wp:attachment":[{"href":"https:\/\/www.altominho.tv\/site\/wp-json\/wp\/v2\/media?parent=7774"}],"wp:term":[{"taxonomy":"category","embeddable":true,"href":"https:\/\/www.altominho.tv\/site\/wp-json\/wp\/v2\/categories?post=7774"},{"taxonomy":"post_tag","embeddable":true,"href":"https:\/\/www.altominho.tv\/site\/wp-json\/wp\/v2\/tags?post=7774"}],"curies":[{"name":"wp","href":"https:\/\/api.w.org\/{rel}","templated":true}]}}