{"id":77539,"date":"2022-03-08T14:47:56","date_gmt":"2022-03-08T14:47:56","guid":{"rendered":"https:\/\/www.altominho.tv\/site\/?p=77539"},"modified":"2022-03-08T14:48:01","modified_gmt":"2022-03-08T14:48:01","slug":"comboios-viana-valenca","status":"publish","type":"post","link":"https:\/\/www.altominho.tv\/site\/2022\/03\/08\/comboios-viana-valenca\/","title":{"rendered":"Liga\u00e7\u00e3o ferrovi\u00e1ria de alta velocidade Porto-Vigo poder\u00e1 custar mais 350 ME"},"content":{"rendered":"\n<p class=\"wp-block-paragraph\">A fase 1 da liga\u00e7\u00e3o ferrovi\u00e1ria de alta velocidade entre o Porto e Vigo poder\u00e1 vir a custar mais 350 milh\u00f5es de euros que o previsto inicialmente, segundo um documento apresentado por um diretor da Infraestruturas de Portugal (IP).<\/p>\n\n\n\n<p class=\"wp-block-paragraph\">De acordo com a apresenta\u00e7\u00e3o &#8220;A ferrovia no contexto ib\u00e9rico&#8221;, feita no dia 21 de fevereiro por Jos\u00e9 Carlos Clemente, diretor de Empreendimentos da IP, em Sines (distrito de Set\u00fabal), a estimativa da empresa p\u00fablica aponta agora para cerca de 1.250 milh\u00f5es de euros, quando a apresenta\u00e7\u00e3o inicial do Programa Nacional de Investimentos (PNI) 2030, divulgada em outubro de 2020, apontava para 900 milh\u00f5es de euros.<\/p>\n\n\n\n<p class=\"wp-block-paragraph\">Em causa est\u00e1 a liga\u00e7\u00e3o entre Braga (Tadim) e Valen\u00e7a, no distrito de Viana do Castelo, fase 1 da linha Porto &#8211; Vigo, cuja conclus\u00e3o est\u00e1 prevista, segundo o documento da IP, para 2029\/2030.<\/p>\n\n\n\n<p class=\"wp-block-paragraph\">Fonte oficial da IP esclareceu hoje \u00e0 Lusa que se trata de estimativas baseadas nos projetos que est\u00e3o a ser desenhados pela empresa e que n\u00e3o devem ser tomados como finais.<\/p>\n\n\n\n<p class=\"wp-block-paragraph\">Aos 1.250 milh\u00f5es de euros juntam-se 60 milh\u00f5es da quadruplica\u00e7\u00e3o da Linha do Minho entre Contumil (Porto) e Ermesinde (Valongo), pode ainda ler-se no documento.<\/p>\n\n\n\n<p class=\"wp-block-paragraph\">Quanto \u00e0s outras fases, a segunda, prevista para depois de 2030, compreende a liga\u00e7\u00e3o do Aeroporto Francisco S\u00e1 Carneiro (Maia) para o Minho e a Galiza, e est\u00e1 estimada em 350 milh\u00f5es de euros pela IP.<\/p>\n\n\n\n<p class=\"wp-block-paragraph\">J\u00e1 o tro\u00e7o entre o aeroporto e a esta\u00e7\u00e3o de Porto &#8211; Campanh\u00e3 est\u00e1 integrado no projeto da nova linha Porto &#8211; Lisboa, segundo a apresenta\u00e7\u00e3o de Jos\u00e9 Carlos Clemente, e est\u00e1 estimada em 450 milh\u00f5es de euros.<\/p>\n\n\n\n<p class=\"wp-block-paragraph\">Quanto \u00e0 continuidade da liga\u00e7\u00e3o em Espanha, a nova linha entre a fronteira e Vigo permite &#8220;viabilizar servi\u00e7os de continuidade Porto \u2013 Vigo &#8211; Corunha&#8221; e &#8220;reduzir tempos de percurso at\u00e9 27 minutos&#8221;.<\/p>\n\n\n\n<p class=\"wp-block-paragraph\">Em estudo, segundo o documento do diretor da IP, est\u00e1 tamb\u00e9m a liga\u00e7\u00e3o entre a linha de alta velocidade e a atual Linha do Minho em Valen\u00e7a, mas a IP adverte que &#8220;possui remota viabilidade ambiental&#8221;.<\/p>\n\n\n\n<p class=\"wp-block-paragraph\">Ainda assim, o documento refere que esta conex\u00e3o &#8220;permitiria contornar eventual desfasamento da nova linha fronteira &#8211; Vigo&#8221; e &#8220;ponderar eventual servi\u00e7o a Valen\u00e7a atrav\u00e9s da esta\u00e7\u00e3o atual&#8221;.<\/p>\n\n\n\n<p class=\"wp-block-paragraph\">O documento real\u00e7a que os &#8220;investimentos em Portugal e Espanha s\u00e3o mutuamente dependentes&#8221;.<\/p>\n","protected":false},"excerpt":{"rendered":"<p>A fase 1 da liga\u00e7\u00e3o ferrovi\u00e1ria de alta velocidade entre o Porto e Vigo poder\u00e1 vir a custar mais 350 milh\u00f5es de euros que o previsto inicialmente, segundo um documento apresentado por um diretor da Infraestruturas de Portugal (IP). De acordo com a apresenta\u00e7\u00e3o &#8220;A ferrovia no contexto ib\u00e9rico&#8221;, feita no dia 21 de fevereiro [&hellip;]<\/p>\n","protected":false},"author":16,"featured_media":77540,"comment_status":"closed","ping_status":"closed","sticky":false,"template":"","format":"standard","meta":{"_exactmetrics_skip_tracking":false,"footnotes":""},"categories":[13],"tags":[27],"class_list":["post-77539","post","type-post","status-publish","format-standard","has-post-thumbnail","hentry","category-valenca","tag-sociedade"],"yoast_head":"<!-- This site is optimized with the Yoast SEO Premium plugin v28.3 (Yoast SEO v28.3) - https:\/\/yoast.com\/product\/yoast-seo-premium-wordpress\/ -->\n<title>Liga\u00e7\u00e3o ferrovi\u00e1ria de alta velocidade Porto-Vigo poder\u00e1 custar mais 350 ME<\/title>\n<meta name=\"description\" content=\"A fase 1 da liga\u00e7\u00e3o ferrovi\u00e1ria de alta velocidade entre o Porto e Vigo poder\u00e1 vir a custar mais 350 milh\u00f5es de euros que o previsto inicialmente, segundo um documento apresentado por um diretor da Infraestruturas de Portugal (IP).\" \/>\n<meta name=\"robots\" content=\"index, follow, max-snippet:-1, max-image-preview:large, max-video-preview:-1\" \/>\n<link rel=\"canonical\" href=\"https:\/\/www.altominho.tv\/site\/2022\/03\/08\/comboios-viana-valenca\/\" \/>\n<meta property=\"og:locale\" content=\"pt_PT\" \/>\n<meta property=\"og:type\" content=\"article\" \/>\n<meta property=\"og:title\" content=\"Liga\u00e7\u00e3o ferrovi\u00e1ria de alta velocidade Porto-Vigo poder\u00e1 custar mais 350 ME\" \/>\n<meta property=\"og:description\" content=\"A fase 1 da liga\u00e7\u00e3o ferrovi\u00e1ria de alta velocidade entre o Porto e Vigo poder\u00e1 vir a custar mais 350 milh\u00f5es de euros que o previsto inicialmente, segundo um documento apresentado por um diretor da Infraestruturas de Portugal (IP).\" \/>\n<meta property=\"og:url\" content=\"https:\/\/www.altominho.tv\/site\/2022\/03\/08\/comboios-viana-valenca\/\" \/>\n<meta property=\"og:site_name\" content=\"Altominho.tv\" \/>\n<meta property=\"article:publisher\" content=\"https:\/\/www.facebook.com\/altominhotv\" \/>\n<meta property=\"article:published_time\" content=\"2022-03-08T14:47:56+00:00\" \/>\n<meta property=\"article:modified_time\" content=\"2022-03-08T14:48:01+00:00\" \/>\n<meta property=\"og:image\" content=\"https:\/\/www.altominho.tv\/site\/wp-content\/uploads\/2022\/03\/linha-ferrea.jpg\" \/>\n\t<meta property=\"og:image:width\" content=\"1920\" \/>\n\t<meta property=\"og:image:height\" content=\"1080\" \/>\n\t<meta property=\"og:image:type\" content=\"image\/jpeg\" \/>\n<meta name=\"author\" content=\"Andreia Cunha | Lusa\" \/>\n<meta name=\"twitter:card\" content=\"summary_large_image\" \/>\n<meta name=\"twitter:creator\" content=\"@altominhoTV\" \/>\n<meta name=\"twitter:site\" content=\"@altominhoTV\" \/>\n<meta name=\"twitter:label1\" content=\"Escrito por\" \/>\n\t<meta name=\"twitter:data1\" content=\"Andreia Cunha | Lusa\" \/>\n\t<meta name=\"twitter:label2\" content=\"Tempo estimado de leitura\" \/>\n\t<meta name=\"twitter:data2\" content=\"3 minutos\" \/>\n<script type=\"application\/ld+json\" class=\"yoast-schema-graph\">{\"@context\":\"https:\\\/\\\/schema.org\",\"@graph\":[{\"@type\":\"Article\",\"@id\":\"https:\\\/\\\/www.altominho.tv\\\/site\\\/2022\\\/03\\\/08\\\/comboios-viana-valenca\\\/#article\",\"isPartOf\":{\"@id\":\"https:\\\/\\\/www.altominho.tv\\\/site\\\/2022\\\/03\\\/08\\\/comboios-viana-valenca\\\/\"},\"author\":{\"name\":\"Andreia Cunha | Lusa\",\"@id\":\"https:\\\/\\\/www.altominho.tv\\\/site\\\/#\\\/schema\\\/person\\\/dbaf181c01b51ff40c9f461a905d321e\"},\"headline\":\"Liga\u00e7\u00e3o ferrovi\u00e1ria de alta velocidade Porto-Vigo poder\u00e1 custar mais 350 ME\",\"datePublished\":\"2022-03-08T14:47:56+00:00\",\"dateModified\":\"2022-03-08T14:48:01+00:00\",\"mainEntityOfPage\":{\"@id\":\"https:\\\/\\\/www.altominho.tv\\\/site\\\/2022\\\/03\\\/08\\\/comboios-viana-valenca\\\/\"},\"wordCount\":409,\"image\":{\"@id\":\"https:\\\/\\\/www.altominho.tv\\\/site\\\/2022\\\/03\\\/08\\\/comboios-viana-valenca\\\/#primaryimage\"},\"thumbnailUrl\":\"https:\\\/\\\/www.altominho.tv\\\/site\\\/wp-content\\\/uploads\\\/2022\\\/03\\\/linha-ferrea.jpg\",\"keywords\":[\"Sociedade\"],\"articleSection\":[\"Valen\u00e7a\"],\"inLanguage\":\"pt-PT\",\"copyrightYear\":\"2022\",\"copyrightHolder\":{\"@id\":\"https:\\\/\\\/www.altominho.tv\\\/site\\\/#organization\"}},{\"@type\":\"WebPage\",\"@id\":\"https:\\\/\\\/www.altominho.tv\\\/site\\\/2022\\\/03\\\/08\\\/comboios-viana-valenca\\\/\",\"url\":\"https:\\\/\\\/www.altominho.tv\\\/site\\\/2022\\\/03\\\/08\\\/comboios-viana-valenca\\\/\",\"name\":\"Liga\u00e7\u00e3o ferrovi\u00e1ria de alta velocidade Porto-Vigo poder\u00e1 custar mais 350 ME\",\"isPartOf\":{\"@id\":\"https:\\\/\\\/www.altominho.tv\\\/site\\\/#website\"},\"primaryImageOfPage\":{\"@id\":\"https:\\\/\\\/www.altominho.tv\\\/site\\\/2022\\\/03\\\/08\\\/comboios-viana-valenca\\\/#primaryimage\"},\"image\":{\"@id\":\"https:\\\/\\\/www.altominho.tv\\\/site\\\/2022\\\/03\\\/08\\\/comboios-viana-valenca\\\/#primaryimage\"},\"thumbnailUrl\":\"https:\\\/\\\/www.altominho.tv\\\/site\\\/wp-content\\\/uploads\\\/2022\\\/03\\\/linha-ferrea.jpg\",\"datePublished\":\"2022-03-08T14:47:56+00:00\",\"dateModified\":\"2022-03-08T14:48:01+00:00\",\"author\":{\"@id\":\"https:\\\/\\\/www.altominho.tv\\\/site\\\/#\\\/schema\\\/person\\\/dbaf181c01b51ff40c9f461a905d321e\"},\"description\":\"A fase 1 da liga\u00e7\u00e3o ferrovi\u00e1ria de alta velocidade entre o Porto e Vigo poder\u00e1 vir a custar mais 350 milh\u00f5es de euros que o previsto inicialmente, segundo um documento apresentado por um diretor da Infraestruturas de Portugal (IP).\",\"breadcrumb\":{\"@id\":\"https:\\\/\\\/www.altominho.tv\\\/site\\\/2022\\\/03\\\/08\\\/comboios-viana-valenca\\\/#breadcrumb\"},\"inLanguage\":\"pt-PT\",\"potentialAction\":[{\"@type\":\"ReadAction\",\"target\":[\"https:\\\/\\\/www.altominho.tv\\\/site\\\/2022\\\/03\\\/08\\\/comboios-viana-valenca\\\/\"]}]},{\"@type\":\"ImageObject\",\"inLanguage\":\"pt-PT\",\"@id\":\"https:\\\/\\\/www.altominho.tv\\\/site\\\/2022\\\/03\\\/08\\\/comboios-viana-valenca\\\/#primaryimage\",\"url\":\"https:\\\/\\\/www.altominho.tv\\\/site\\\/wp-content\\\/uploads\\\/2022\\\/03\\\/linha-ferrea.jpg\",\"contentUrl\":\"https:\\\/\\\/www.altominho.tv\\\/site\\\/wp-content\\\/uploads\\\/2022\\\/03\\\/linha-ferrea.jpg\",\"width\":1920,\"height\":1080},{\"@type\":\"BreadcrumbList\",\"@id\":\"https:\\\/\\\/www.altominho.tv\\\/site\\\/2022\\\/03\\\/08\\\/comboios-viana-valenca\\\/#breadcrumb\",\"itemListElement\":[{\"@type\":\"ListItem\",\"position\":1,\"name\":\"In\u00edcio\",\"item\":\"https:\\\/\\\/www.altominho.tv\\\/site\\\/\"},{\"@type\":\"ListItem\",\"position\":2,\"name\":\"Liga\u00e7\u00e3o ferrovi\u00e1ria de alta velocidade Porto-Vigo poder\u00e1 custar mais 350 ME\"}]},{\"@type\":\"WebSite\",\"@id\":\"https:\\\/\\\/www.altominho.tv\\\/site\\\/#website\",\"url\":\"https:\\\/\\\/www.altominho.tv\\\/site\\\/\",\"name\":\"Altominho.tv\",\"description\":\"A sua regi\u00e3o \u00e0 dist\u00e2ncia de um clique...\",\"potentialAction\":[{\"@type\":\"SearchAction\",\"target\":{\"@type\":\"EntryPoint\",\"urlTemplate\":\"https:\\\/\\\/www.altominho.tv\\\/site\\\/?s={search_term_string}\"},\"query-input\":{\"@type\":\"PropertyValueSpecification\",\"valueRequired\":true,\"valueName\":\"search_term_string\"}}],\"inLanguage\":\"pt-PT\"},{\"@type\":\"Person\",\"@id\":\"https:\\\/\\\/www.altominho.tv\\\/site\\\/#\\\/schema\\\/person\\\/dbaf181c01b51ff40c9f461a905d321e\",\"name\":\"Andreia Cunha | Lusa\",\"image\":{\"@type\":\"ImageObject\",\"inLanguage\":\"pt-PT\",\"@id\":\"https:\\\/\\\/www.altominho.tv\\\/site\\\/wp-content\\\/uploads\\\/2017\\\/11\\\/Andreia_Cunha-1-150x150.jpg\",\"url\":\"https:\\\/\\\/www.altominho.tv\\\/site\\\/wp-content\\\/uploads\\\/2017\\\/11\\\/Andreia_Cunha-1-150x150.jpg\",\"contentUrl\":\"https:\\\/\\\/www.altominho.tv\\\/site\\\/wp-content\\\/uploads\\\/2017\\\/11\\\/Andreia_Cunha-1-150x150.jpg\",\"caption\":\"Andreia Cunha | Lusa\"},\"sameAs\":[\"https:\\\/\\\/www.altominho.tv\\\/site\"],\"url\":\"https:\\\/\\\/www.altominho.tv\\\/site\\\/author\\\/andreiacunhalusa\\\/\"}]}<\/script>\n<!-- \/ Yoast SEO Premium plugin. -->","yoast_head_json":{"title":"Liga\u00e7\u00e3o ferrovi\u00e1ria de alta velocidade Porto-Vigo poder\u00e1 custar mais 350 ME","description":"A fase 1 da liga\u00e7\u00e3o ferrovi\u00e1ria de alta velocidade entre o Porto e Vigo poder\u00e1 vir a custar mais 350 milh\u00f5es de euros que o previsto inicialmente, segundo um documento apresentado por um diretor da Infraestruturas de Portugal (IP).","robots":{"index":"index","follow":"follow","max-snippet":"max-snippet:-1","max-image-preview":"max-image-preview:large","max-video-preview":"max-video-preview:-1"},"canonical":"https:\/\/www.altominho.tv\/site\/2022\/03\/08\/comboios-viana-valenca\/","og_locale":"pt_PT","og_type":"article","og_title":"Liga\u00e7\u00e3o ferrovi\u00e1ria de alta velocidade Porto-Vigo poder\u00e1 custar mais 350 ME","og_description":"A fase 1 da liga\u00e7\u00e3o ferrovi\u00e1ria de alta velocidade entre o Porto e Vigo poder\u00e1 vir a custar mais 350 milh\u00f5es de euros que o previsto inicialmente, segundo um documento apresentado por um diretor da Infraestruturas de Portugal (IP).","og_url":"https:\/\/www.altominho.tv\/site\/2022\/03\/08\/comboios-viana-valenca\/","og_site_name":"Altominho.tv","article_publisher":"https:\/\/www.facebook.com\/altominhotv","article_published_time":"2022-03-08T14:47:56+00:00","article_modified_time":"2022-03-08T14:48:01+00:00","og_image":[{"width":1920,"height":1080,"url":"https:\/\/www.altominho.tv\/site\/wp-content\/uploads\/2022\/03\/linha-ferrea.jpg","type":"image\/jpeg"}],"author":"Andreia Cunha | Lusa","twitter_card":"summary_large_image","twitter_creator":"@altominhoTV","twitter_site":"@altominhoTV","twitter_misc":{"Escrito por":"Andreia Cunha | Lusa","Tempo estimado de leitura":"3 minutos"},"schema":{"@context":"https:\/\/schema.org","@graph":[{"@type":"Article","@id":"https:\/\/www.altominho.tv\/site\/2022\/03\/08\/comboios-viana-valenca\/#article","isPartOf":{"@id":"https:\/\/www.altominho.tv\/site\/2022\/03\/08\/comboios-viana-valenca\/"},"author":{"name":"Andreia Cunha | Lusa","@id":"https:\/\/www.altominho.tv\/site\/#\/schema\/person\/dbaf181c01b51ff40c9f461a905d321e"},"headline":"Liga\u00e7\u00e3o ferrovi\u00e1ria de alta velocidade Porto-Vigo poder\u00e1 custar mais 350 ME","datePublished":"2022-03-08T14:47:56+00:00","dateModified":"2022-03-08T14:48:01+00:00","mainEntityOfPage":{"@id":"https:\/\/www.altominho.tv\/site\/2022\/03\/08\/comboios-viana-valenca\/"},"wordCount":409,"image":{"@id":"https:\/\/www.altominho.tv\/site\/2022\/03\/08\/comboios-viana-valenca\/#primaryimage"},"thumbnailUrl":"https:\/\/www.altominho.tv\/site\/wp-content\/uploads\/2022\/03\/linha-ferrea.jpg","keywords":["Sociedade"],"articleSection":["Valen\u00e7a"],"inLanguage":"pt-PT","copyrightYear":"2022","copyrightHolder":{"@id":"https:\/\/www.altominho.tv\/site\/#organization"}},{"@type":"WebPage","@id":"https:\/\/www.altominho.tv\/site\/2022\/03\/08\/comboios-viana-valenca\/","url":"https:\/\/www.altominho.tv\/site\/2022\/03\/08\/comboios-viana-valenca\/","name":"Liga\u00e7\u00e3o ferrovi\u00e1ria de alta velocidade Porto-Vigo poder\u00e1 custar mais 350 ME","isPartOf":{"@id":"https:\/\/www.altominho.tv\/site\/#website"},"primaryImageOfPage":{"@id":"https:\/\/www.altominho.tv\/site\/2022\/03\/08\/comboios-viana-valenca\/#primaryimage"},"image":{"@id":"https:\/\/www.altominho.tv\/site\/2022\/03\/08\/comboios-viana-valenca\/#primaryimage"},"thumbnailUrl":"https:\/\/www.altominho.tv\/site\/wp-content\/uploads\/2022\/03\/linha-ferrea.jpg","datePublished":"2022-03-08T14:47:56+00:00","dateModified":"2022-03-08T14:48:01+00:00","author":{"@id":"https:\/\/www.altominho.tv\/site\/#\/schema\/person\/dbaf181c01b51ff40c9f461a905d321e"},"description":"A fase 1 da liga\u00e7\u00e3o ferrovi\u00e1ria de alta velocidade entre o Porto e Vigo poder\u00e1 vir a custar mais 350 milh\u00f5es de euros que o previsto inicialmente, segundo um documento apresentado por um diretor da Infraestruturas de Portugal (IP).","breadcrumb":{"@id":"https:\/\/www.altominho.tv\/site\/2022\/03\/08\/comboios-viana-valenca\/#breadcrumb"},"inLanguage":"pt-PT","potentialAction":[{"@type":"ReadAction","target":["https:\/\/www.altominho.tv\/site\/2022\/03\/08\/comboios-viana-valenca\/"]}]},{"@type":"ImageObject","inLanguage":"pt-PT","@id":"https:\/\/www.altominho.tv\/site\/2022\/03\/08\/comboios-viana-valenca\/#primaryimage","url":"https:\/\/www.altominho.tv\/site\/wp-content\/uploads\/2022\/03\/linha-ferrea.jpg","contentUrl":"https:\/\/www.altominho.tv\/site\/wp-content\/uploads\/2022\/03\/linha-ferrea.jpg","width":1920,"height":1080},{"@type":"BreadcrumbList","@id":"https:\/\/www.altominho.tv\/site\/2022\/03\/08\/comboios-viana-valenca\/#breadcrumb","itemListElement":[{"@type":"ListItem","position":1,"name":"In\u00edcio","item":"https:\/\/www.altominho.tv\/site\/"},{"@type":"ListItem","position":2,"name":"Liga\u00e7\u00e3o ferrovi\u00e1ria de alta velocidade Porto-Vigo poder\u00e1 custar mais 350 ME"}]},{"@type":"WebSite","@id":"https:\/\/www.altominho.tv\/site\/#website","url":"https:\/\/www.altominho.tv\/site\/","name":"Altominho.tv","description":"A sua regi\u00e3o \u00e0 dist\u00e2ncia de um clique...","potentialAction":[{"@type":"SearchAction","target":{"@type":"EntryPoint","urlTemplate":"https:\/\/www.altominho.tv\/site\/?s={search_term_string}"},"query-input":{"@type":"PropertyValueSpecification","valueRequired":true,"valueName":"search_term_string"}}],"inLanguage":"pt-PT"},{"@type":"Person","@id":"https:\/\/www.altominho.tv\/site\/#\/schema\/person\/dbaf181c01b51ff40c9f461a905d321e","name":"Andreia Cunha | Lusa","image":{"@type":"ImageObject","inLanguage":"pt-PT","@id":"https:\/\/www.altominho.tv\/site\/wp-content\/uploads\/2017\/11\/Andreia_Cunha-1-150x150.jpg","url":"https:\/\/www.altominho.tv\/site\/wp-content\/uploads\/2017\/11\/Andreia_Cunha-1-150x150.jpg","contentUrl":"https:\/\/www.altominho.tv\/site\/wp-content\/uploads\/2017\/11\/Andreia_Cunha-1-150x150.jpg","caption":"Andreia Cunha | Lusa"},"sameAs":["https:\/\/www.altominho.tv\/site"],"url":"https:\/\/www.altominho.tv\/site\/author\/andreiacunhalusa\/"}]}},"_links":{"self":[{"href":"https:\/\/www.altominho.tv\/site\/wp-json\/wp\/v2\/posts\/77539","targetHints":{"allow":["GET"]}}],"collection":[{"href":"https:\/\/www.altominho.tv\/site\/wp-json\/wp\/v2\/posts"}],"about":[{"href":"https:\/\/www.altominho.tv\/site\/wp-json\/wp\/v2\/types\/post"}],"author":[{"embeddable":true,"href":"https:\/\/www.altominho.tv\/site\/wp-json\/wp\/v2\/users\/16"}],"replies":[{"embeddable":true,"href":"https:\/\/www.altominho.tv\/site\/wp-json\/wp\/v2\/comments?post=77539"}],"version-history":[{"count":0,"href":"https:\/\/www.altominho.tv\/site\/wp-json\/wp\/v2\/posts\/77539\/revisions"}],"wp:featuredmedia":[{"embeddable":true,"href":"https:\/\/www.altominho.tv\/site\/wp-json\/wp\/v2\/media\/77540"}],"wp:attachment":[{"href":"https:\/\/www.altominho.tv\/site\/wp-json\/wp\/v2\/media?parent=77539"}],"wp:term":[{"taxonomy":"category","embeddable":true,"href":"https:\/\/www.altominho.tv\/site\/wp-json\/wp\/v2\/categories?post=77539"},{"taxonomy":"post_tag","embeddable":true,"href":"https:\/\/www.altominho.tv\/site\/wp-json\/wp\/v2\/tags?post=77539"}],"curies":[{"name":"wp","href":"https:\/\/api.w.org\/{rel}","templated":true}]}}