{"id":77459,"date":"2022-03-07T17:52:39","date_gmt":"2022-03-07T17:52:39","guid":{"rendered":"https:\/\/www.altominho.tv\/site\/?p=77459"},"modified":"2022-03-07T17:52:41","modified_gmt":"2022-03-07T17:52:41","slug":"presidente-da-camara-municipal-de-valenca-reuniu-com-responsaveis-do-setor-ferroviario-de-ccoo-galiza","status":"publish","type":"post","link":"https:\/\/www.altominho.tv\/site\/2022\/03\/07\/presidente-da-camara-municipal-de-valenca-reuniu-com-responsaveis-do-setor-ferroviario-de-ccoo-galiza\/","title":{"rendered":"Presidente da C\u00e2mara Municipal de Valen\u00e7a reuniu com respons\u00e1veis do Setor Ferrovi\u00e1rio de CCOO (Galiza)"},"content":{"rendered":"<p>O Presidente da C\u00e2mara Municipal de Valen\u00e7a reuniu, esta segunda-feira, com os respons\u00e1veis do Setor Ferrovi\u00e1rio\u00a0CCOO (Confederaci\u00f3n Sindical de Comisiones Obreras), da Galiza.<\/p>\n<p>O encontro serviu para este setor apresentar o seu plano de melhoria do servi\u00e7o ferrovi\u00e1rio das linhas do Minho e\u00a0Atl\u00e2ntica.<\/p>\n<p>Durante o encontro, foram destacadas as recentes melhorias realizadas na rede portuguesa e espanhola que\u00a0continuar\u00e3o com os or\u00e7amentos previstos e foi abordada a necessidade de expandir, nas zonas fronteiri\u00e7as, os\u00a0servi\u00e7os ferrovi\u00e1rios de proximidade para garantir a continuidade da liga\u00e7\u00e3o com os comboios de longa e m\u00e9dia\u00a0dist\u00e2ncia do Eixo Atl\u00e2ntico e de Portugal.<\/p>\n<p>Entre outras coisas, os respons\u00e1veis pelo Setor Ferrovi\u00e1rio CCOO pretendem lan\u00e7ar uma liga\u00e7\u00e3o de Vigo para Lisboa,\u00a0fundamental para melhorar os servi\u00e7os locais, a liga\u00e7\u00e3o ao Eixo Atl\u00e2ntico e dinamizar o tr\u00e1fego ferrovi\u00e1rio\u00a0internacional.<\/p>\n<p>Prop\u00f5e, ainda, que hajam mais liga\u00e7\u00f5es ferrovi\u00e1rias entre as esta\u00e7\u00f5es de Valen\u00e7a e Tui, dada a sua singularidade\u00a0fronteiri\u00e7a, disponibilizando uma tarifa especial entre si e a um custo simb\u00f3lico para favorecer os fluxos tur\u00edsticos e a\u00a0mobilidade da popula\u00e7\u00e3o.<\/p>\n<p>Por fim, a implementa\u00e7\u00e3o do sinal 5G (Tui-Valen\u00e7a) deve ser tida em conta na reabilita\u00e7\u00e3o das esta\u00e7\u00f5es e na\u00a0melhoria da informa\u00e7\u00e3o comercial da passagem de comboios e na gest\u00e3o de outros meios de transporte e servi\u00e7os\u00a0complementares.<\/p>\n","protected":false},"excerpt":{"rendered":"<p>O Presidente da C\u00e2mara Municipal de Valen\u00e7a reuniu, esta segunda-feira, com os respons\u00e1veis do Setor Ferrovi\u00e1rio\u00a0CCOO (Confederaci\u00f3n Sindical de Comisiones Obreras), da Galiza. O encontro serviu para este setor apresentar o seu plano de melhoria do servi\u00e7o ferrovi\u00e1rio das linhas do Minho e\u00a0Atl\u00e2ntica. Durante o encontro, foram destacadas as recentes melhorias realizadas na rede portuguesa [&hellip;]<\/p>\n","protected":false},"author":1,"featured_media":77461,"comment_status":"closed","ping_status":"closed","sticky":false,"template":"","format":"standard","meta":{"_exactmetrics_skip_tracking":false,"_exactmetrics_sitenote_active":false,"_exactmetrics_sitenote_note":"","_exactmetrics_sitenote_category":0,"footnotes":""},"categories":[13],"tags":[27],"class_list":["post-77459","post","type-post","status-publish","format-standard","has-post-thumbnail","hentry","category-valenca","tag-sociedade"],"yoast_head":"<!-- This site is optimized with the Yoast SEO Premium plugin v27.4 (Yoast SEO v27.4) - https:\/\/yoast.com\/product\/yoast-seo-premium-wordpress\/ -->\n<title>Presidente da C\u00e2mara Municipal de Valen\u00e7a reuniu com respons\u00e1veis do Setor Ferrovi\u00e1rio de CCOO (Galiza)<\/title>\n<meta name=\"description\" content=\"O Presidente da C\u00e2mara Municipal de Valen\u00e7a reuniu, esta segunda-feira, com os respons\u00e1veis do Setor Ferrovi\u00e1rio\u00a0CCOO (Confederaci\u00f3n Sindical de Comisiones Obreras), da Galiza.\" \/>\n<meta name=\"robots\" content=\"index, follow, max-snippet:-1, max-image-preview:large, max-video-preview:-1\" \/>\n<link rel=\"canonical\" href=\"https:\/\/www.altominho.tv\/site\/2022\/03\/07\/presidente-da-camara-municipal-de-valenca-reuniu-com-responsaveis-do-setor-ferroviario-de-ccoo-galiza\/\" \/>\n<meta property=\"og:locale\" content=\"pt_PT\" \/>\n<meta property=\"og:type\" content=\"article\" \/>\n<meta property=\"og:title\" content=\"Presidente da C\u00e2mara Municipal de Valen\u00e7a reuniu com respons\u00e1veis do Setor Ferrovi\u00e1rio de CCOO (Galiza)\" \/>\n<meta property=\"og:description\" content=\"O Presidente da C\u00e2mara Municipal de Valen\u00e7a reuniu, esta segunda-feira, com os respons\u00e1veis do Setor Ferrovi\u00e1rio\u00a0CCOO (Confederaci\u00f3n Sindical de Comisiones Obreras), da Galiza.\" \/>\n<meta property=\"og:url\" content=\"https:\/\/www.altominho.tv\/site\/2022\/03\/07\/presidente-da-camara-municipal-de-valenca-reuniu-com-responsaveis-do-setor-ferroviario-de-ccoo-galiza\/\" \/>\n<meta property=\"og:site_name\" content=\"Altominho.tv\" \/>\n<meta property=\"article:publisher\" content=\"https:\/\/www.facebook.com\/altominhotv\" \/>\n<meta property=\"article:published_time\" content=\"2022-03-07T17:52:39+00:00\" \/>\n<meta property=\"article:modified_time\" content=\"2022-03-07T17:52:41+00:00\" \/>\n<meta property=\"og:image\" content=\"https:\/\/www.altominho.tv\/site\/wp-content\/uploads\/2022\/03\/DSC_5099-scaled.jpg\" \/>\n\t<meta property=\"og:image:width\" content=\"2560\" \/>\n\t<meta property=\"og:image:height\" content=\"1920\" \/>\n\t<meta property=\"og:image:type\" content=\"image\/jpeg\" \/>\n<meta name=\"author\" content=\"Altominho.tv\" \/>\n<meta name=\"twitter:card\" content=\"summary_large_image\" \/>\n<meta name=\"twitter:creator\" content=\"@altominhoTV\" \/>\n<meta name=\"twitter:site\" content=\"@altominhoTV\" \/>\n<meta name=\"twitter:label1\" content=\"Escrito por\" \/>\n\t<meta name=\"twitter:data1\" content=\"Altominho.tv\" \/>\n\t<meta name=\"twitter:label2\" content=\"Tempo estimado de leitura\" \/>\n\t<meta name=\"twitter:data2\" content=\"2 minutos\" \/>\n<script type=\"application\/ld+json\" class=\"yoast-schema-graph\">{\"@context\":\"https:\\\/\\\/schema.org\",\"@graph\":[{\"@type\":\"Article\",\"@id\":\"https:\\\/\\\/www.altominho.tv\\\/site\\\/2022\\\/03\\\/07\\\/presidente-da-camara-municipal-de-valenca-reuniu-com-responsaveis-do-setor-ferroviario-de-ccoo-galiza\\\/#article\",\"isPartOf\":{\"@id\":\"https:\\\/\\\/www.altominho.tv\\\/site\\\/2022\\\/03\\\/07\\\/presidente-da-camara-municipal-de-valenca-reuniu-com-responsaveis-do-setor-ferroviario-de-ccoo-galiza\\\/\"},\"author\":{\"name\":\"Altominho.tv\",\"@id\":\"https:\\\/\\\/www.altominho.tv\\\/site\\\/#\\\/schema\\\/person\\\/4e536851627d7914baf3dac752b6af22\"},\"headline\":\"Presidente da C\u00e2mara Municipal de Valen\u00e7a reuniu com respons\u00e1veis do Setor Ferrovi\u00e1rio de CCOO (Galiza)\",\"datePublished\":\"2022-03-07T17:52:39+00:00\",\"dateModified\":\"2022-03-07T17:52:41+00:00\",\"mainEntityOfPage\":{\"@id\":\"https:\\\/\\\/www.altominho.tv\\\/site\\\/2022\\\/03\\\/07\\\/presidente-da-camara-municipal-de-valenca-reuniu-com-responsaveis-do-setor-ferroviario-de-ccoo-galiza\\\/\"},\"wordCount\":273,\"image\":{\"@id\":\"https:\\\/\\\/www.altominho.tv\\\/site\\\/2022\\\/03\\\/07\\\/presidente-da-camara-municipal-de-valenca-reuniu-com-responsaveis-do-setor-ferroviario-de-ccoo-galiza\\\/#primaryimage\"},\"thumbnailUrl\":\"https:\\\/\\\/www.altominho.tv\\\/site\\\/wp-content\\\/uploads\\\/2022\\\/03\\\/DSC_5099-scaled.jpg\",\"keywords\":[\"Sociedade\"],\"articleSection\":[\"Valen\u00e7a\"],\"inLanguage\":\"pt-PT\",\"copyrightYear\":\"2022\",\"copyrightHolder\":{\"@id\":\"https:\\\/\\\/www.altominho.tv\\\/site\\\/#organization\"}},{\"@type\":\"WebPage\",\"@id\":\"https:\\\/\\\/www.altominho.tv\\\/site\\\/2022\\\/03\\\/07\\\/presidente-da-camara-municipal-de-valenca-reuniu-com-responsaveis-do-setor-ferroviario-de-ccoo-galiza\\\/\",\"url\":\"https:\\\/\\\/www.altominho.tv\\\/site\\\/2022\\\/03\\\/07\\\/presidente-da-camara-municipal-de-valenca-reuniu-com-responsaveis-do-setor-ferroviario-de-ccoo-galiza\\\/\",\"name\":\"Presidente da C\u00e2mara Municipal de Valen\u00e7a reuniu com respons\u00e1veis do Setor Ferrovi\u00e1rio de CCOO (Galiza)\",\"isPartOf\":{\"@id\":\"https:\\\/\\\/www.altominho.tv\\\/site\\\/#website\"},\"primaryImageOfPage\":{\"@id\":\"https:\\\/\\\/www.altominho.tv\\\/site\\\/2022\\\/03\\\/07\\\/presidente-da-camara-municipal-de-valenca-reuniu-com-responsaveis-do-setor-ferroviario-de-ccoo-galiza\\\/#primaryimage\"},\"image\":{\"@id\":\"https:\\\/\\\/www.altominho.tv\\\/site\\\/2022\\\/03\\\/07\\\/presidente-da-camara-municipal-de-valenca-reuniu-com-responsaveis-do-setor-ferroviario-de-ccoo-galiza\\\/#primaryimage\"},\"thumbnailUrl\":\"https:\\\/\\\/www.altominho.tv\\\/site\\\/wp-content\\\/uploads\\\/2022\\\/03\\\/DSC_5099-scaled.jpg\",\"datePublished\":\"2022-03-07T17:52:39+00:00\",\"dateModified\":\"2022-03-07T17:52:41+00:00\",\"author\":{\"@id\":\"https:\\\/\\\/www.altominho.tv\\\/site\\\/#\\\/schema\\\/person\\\/4e536851627d7914baf3dac752b6af22\"},\"description\":\"O Presidente da C\u00e2mara Municipal de Valen\u00e7a reuniu, esta segunda-feira, com os respons\u00e1veis do Setor Ferrovi\u00e1rio\u00a0CCOO (Confederaci\u00f3n Sindical de Comisiones Obreras), da Galiza.\",\"breadcrumb\":{\"@id\":\"https:\\\/\\\/www.altominho.tv\\\/site\\\/2022\\\/03\\\/07\\\/presidente-da-camara-municipal-de-valenca-reuniu-com-responsaveis-do-setor-ferroviario-de-ccoo-galiza\\\/#breadcrumb\"},\"inLanguage\":\"pt-PT\",\"potentialAction\":[{\"@type\":\"ReadAction\",\"target\":[\"https:\\\/\\\/www.altominho.tv\\\/site\\\/2022\\\/03\\\/07\\\/presidente-da-camara-municipal-de-valenca-reuniu-com-responsaveis-do-setor-ferroviario-de-ccoo-galiza\\\/\"]}]},{\"@type\":\"ImageObject\",\"inLanguage\":\"pt-PT\",\"@id\":\"https:\\\/\\\/www.altominho.tv\\\/site\\\/2022\\\/03\\\/07\\\/presidente-da-camara-municipal-de-valenca-reuniu-com-responsaveis-do-setor-ferroviario-de-ccoo-galiza\\\/#primaryimage\",\"url\":\"https:\\\/\\\/www.altominho.tv\\\/site\\\/wp-content\\\/uploads\\\/2022\\\/03\\\/DSC_5099-scaled.jpg\",\"contentUrl\":\"https:\\\/\\\/www.altominho.tv\\\/site\\\/wp-content\\\/uploads\\\/2022\\\/03\\\/DSC_5099-scaled.jpg\",\"width\":2560,\"height\":1920},{\"@type\":\"BreadcrumbList\",\"@id\":\"https:\\\/\\\/www.altominho.tv\\\/site\\\/2022\\\/03\\\/07\\\/presidente-da-camara-municipal-de-valenca-reuniu-com-responsaveis-do-setor-ferroviario-de-ccoo-galiza\\\/#breadcrumb\",\"itemListElement\":[{\"@type\":\"ListItem\",\"position\":1,\"name\":\"In\u00edcio\",\"item\":\"https:\\\/\\\/www.altominho.tv\\\/site\\\/\"},{\"@type\":\"ListItem\",\"position\":2,\"name\":\"Presidente da C\u00e2mara Municipal de Valen\u00e7a reuniu com respons\u00e1veis do Setor Ferrovi\u00e1rio de CCOO (Galiza)\"}]},{\"@type\":\"WebSite\",\"@id\":\"https:\\\/\\\/www.altominho.tv\\\/site\\\/#website\",\"url\":\"https:\\\/\\\/www.altominho.tv\\\/site\\\/\",\"name\":\"Altominho.tv\",\"description\":\"A sua regi\u00e3o \u00e0 dist\u00e2ncia de um clique...\",\"potentialAction\":[{\"@type\":\"SearchAction\",\"target\":{\"@type\":\"EntryPoint\",\"urlTemplate\":\"https:\\\/\\\/www.altominho.tv\\\/site\\\/?s={search_term_string}\"},\"query-input\":{\"@type\":\"PropertyValueSpecification\",\"valueRequired\":true,\"valueName\":\"search_term_string\"}}],\"inLanguage\":\"pt-PT\"},{\"@type\":\"Person\",\"@id\":\"https:\\\/\\\/www.altominho.tv\\\/site\\\/#\\\/schema\\\/person\\\/4e536851627d7914baf3dac752b6af22\",\"name\":\"Altominho.tv\",\"image\":{\"@type\":\"ImageObject\",\"inLanguage\":\"pt-PT\",\"@id\":\"https:\\\/\\\/www.altominho.tv\\\/site\\\/wp-content\\\/uploads\\\/2019\\\/11\\\/Logo_Avatar_2-150x150.jpg\",\"url\":\"https:\\\/\\\/www.altominho.tv\\\/site\\\/wp-content\\\/uploads\\\/2019\\\/11\\\/Logo_Avatar_2-150x150.jpg\",\"contentUrl\":\"https:\\\/\\\/www.altominho.tv\\\/site\\\/wp-content\\\/uploads\\\/2019\\\/11\\\/Logo_Avatar_2-150x150.jpg\",\"caption\":\"Altominho.tv\"},\"url\":\"https:\\\/\\\/www.altominho.tv\\\/site\\\/author\\\/altominhotv-tecnico\\\/\"}]}<\/script>\n<!-- \/ Yoast SEO Premium plugin. -->","yoast_head_json":{"title":"Presidente da C\u00e2mara Municipal de Valen\u00e7a reuniu com respons\u00e1veis do Setor Ferrovi\u00e1rio de CCOO (Galiza)","description":"O Presidente da C\u00e2mara Municipal de Valen\u00e7a reuniu, esta segunda-feira, com os respons\u00e1veis do Setor Ferrovi\u00e1rio\u00a0CCOO (Confederaci\u00f3n Sindical de Comisiones Obreras), da Galiza.","robots":{"index":"index","follow":"follow","max-snippet":"max-snippet:-1","max-image-preview":"max-image-preview:large","max-video-preview":"max-video-preview:-1"},"canonical":"https:\/\/www.altominho.tv\/site\/2022\/03\/07\/presidente-da-camara-municipal-de-valenca-reuniu-com-responsaveis-do-setor-ferroviario-de-ccoo-galiza\/","og_locale":"pt_PT","og_type":"article","og_title":"Presidente da C\u00e2mara Municipal de Valen\u00e7a reuniu com respons\u00e1veis do Setor Ferrovi\u00e1rio de CCOO (Galiza)","og_description":"O Presidente da C\u00e2mara Municipal de Valen\u00e7a reuniu, esta segunda-feira, com os respons\u00e1veis do Setor Ferrovi\u00e1rio\u00a0CCOO (Confederaci\u00f3n Sindical de Comisiones Obreras), da Galiza.","og_url":"https:\/\/www.altominho.tv\/site\/2022\/03\/07\/presidente-da-camara-municipal-de-valenca-reuniu-com-responsaveis-do-setor-ferroviario-de-ccoo-galiza\/","og_site_name":"Altominho.tv","article_publisher":"https:\/\/www.facebook.com\/altominhotv","article_published_time":"2022-03-07T17:52:39+00:00","article_modified_time":"2022-03-07T17:52:41+00:00","og_image":[{"width":2560,"height":1920,"url":"https:\/\/www.altominho.tv\/site\/wp-content\/uploads\/2022\/03\/DSC_5099-scaled.jpg","type":"image\/jpeg"}],"author":"Altominho.tv","twitter_card":"summary_large_image","twitter_creator":"@altominhoTV","twitter_site":"@altominhoTV","twitter_misc":{"Escrito por":"Altominho.tv","Tempo estimado de leitura":"2 minutos"},"schema":{"@context":"https:\/\/schema.org","@graph":[{"@type":"Article","@id":"https:\/\/www.altominho.tv\/site\/2022\/03\/07\/presidente-da-camara-municipal-de-valenca-reuniu-com-responsaveis-do-setor-ferroviario-de-ccoo-galiza\/#article","isPartOf":{"@id":"https:\/\/www.altominho.tv\/site\/2022\/03\/07\/presidente-da-camara-municipal-de-valenca-reuniu-com-responsaveis-do-setor-ferroviario-de-ccoo-galiza\/"},"author":{"name":"Altominho.tv","@id":"https:\/\/www.altominho.tv\/site\/#\/schema\/person\/4e536851627d7914baf3dac752b6af22"},"headline":"Presidente da C\u00e2mara Municipal de Valen\u00e7a reuniu com respons\u00e1veis do Setor Ferrovi\u00e1rio de CCOO (Galiza)","datePublished":"2022-03-07T17:52:39+00:00","dateModified":"2022-03-07T17:52:41+00:00","mainEntityOfPage":{"@id":"https:\/\/www.altominho.tv\/site\/2022\/03\/07\/presidente-da-camara-municipal-de-valenca-reuniu-com-responsaveis-do-setor-ferroviario-de-ccoo-galiza\/"},"wordCount":273,"image":{"@id":"https:\/\/www.altominho.tv\/site\/2022\/03\/07\/presidente-da-camara-municipal-de-valenca-reuniu-com-responsaveis-do-setor-ferroviario-de-ccoo-galiza\/#primaryimage"},"thumbnailUrl":"https:\/\/www.altominho.tv\/site\/wp-content\/uploads\/2022\/03\/DSC_5099-scaled.jpg","keywords":["Sociedade"],"articleSection":["Valen\u00e7a"],"inLanguage":"pt-PT","copyrightYear":"2022","copyrightHolder":{"@id":"https:\/\/www.altominho.tv\/site\/#organization"}},{"@type":"WebPage","@id":"https:\/\/www.altominho.tv\/site\/2022\/03\/07\/presidente-da-camara-municipal-de-valenca-reuniu-com-responsaveis-do-setor-ferroviario-de-ccoo-galiza\/","url":"https:\/\/www.altominho.tv\/site\/2022\/03\/07\/presidente-da-camara-municipal-de-valenca-reuniu-com-responsaveis-do-setor-ferroviario-de-ccoo-galiza\/","name":"Presidente da C\u00e2mara Municipal de Valen\u00e7a reuniu com respons\u00e1veis do Setor Ferrovi\u00e1rio de CCOO (Galiza)","isPartOf":{"@id":"https:\/\/www.altominho.tv\/site\/#website"},"primaryImageOfPage":{"@id":"https:\/\/www.altominho.tv\/site\/2022\/03\/07\/presidente-da-camara-municipal-de-valenca-reuniu-com-responsaveis-do-setor-ferroviario-de-ccoo-galiza\/#primaryimage"},"image":{"@id":"https:\/\/www.altominho.tv\/site\/2022\/03\/07\/presidente-da-camara-municipal-de-valenca-reuniu-com-responsaveis-do-setor-ferroviario-de-ccoo-galiza\/#primaryimage"},"thumbnailUrl":"https:\/\/www.altominho.tv\/site\/wp-content\/uploads\/2022\/03\/DSC_5099-scaled.jpg","datePublished":"2022-03-07T17:52:39+00:00","dateModified":"2022-03-07T17:52:41+00:00","author":{"@id":"https:\/\/www.altominho.tv\/site\/#\/schema\/person\/4e536851627d7914baf3dac752b6af22"},"description":"O Presidente da C\u00e2mara Municipal de Valen\u00e7a reuniu, esta segunda-feira, com os respons\u00e1veis do Setor Ferrovi\u00e1rio\u00a0CCOO (Confederaci\u00f3n Sindical de Comisiones Obreras), da Galiza.","breadcrumb":{"@id":"https:\/\/www.altominho.tv\/site\/2022\/03\/07\/presidente-da-camara-municipal-de-valenca-reuniu-com-responsaveis-do-setor-ferroviario-de-ccoo-galiza\/#breadcrumb"},"inLanguage":"pt-PT","potentialAction":[{"@type":"ReadAction","target":["https:\/\/www.altominho.tv\/site\/2022\/03\/07\/presidente-da-camara-municipal-de-valenca-reuniu-com-responsaveis-do-setor-ferroviario-de-ccoo-galiza\/"]}]},{"@type":"ImageObject","inLanguage":"pt-PT","@id":"https:\/\/www.altominho.tv\/site\/2022\/03\/07\/presidente-da-camara-municipal-de-valenca-reuniu-com-responsaveis-do-setor-ferroviario-de-ccoo-galiza\/#primaryimage","url":"https:\/\/www.altominho.tv\/site\/wp-content\/uploads\/2022\/03\/DSC_5099-scaled.jpg","contentUrl":"https:\/\/www.altominho.tv\/site\/wp-content\/uploads\/2022\/03\/DSC_5099-scaled.jpg","width":2560,"height":1920},{"@type":"BreadcrumbList","@id":"https:\/\/www.altominho.tv\/site\/2022\/03\/07\/presidente-da-camara-municipal-de-valenca-reuniu-com-responsaveis-do-setor-ferroviario-de-ccoo-galiza\/#breadcrumb","itemListElement":[{"@type":"ListItem","position":1,"name":"In\u00edcio","item":"https:\/\/www.altominho.tv\/site\/"},{"@type":"ListItem","position":2,"name":"Presidente da C\u00e2mara Municipal de Valen\u00e7a reuniu com respons\u00e1veis do Setor Ferrovi\u00e1rio de CCOO (Galiza)"}]},{"@type":"WebSite","@id":"https:\/\/www.altominho.tv\/site\/#website","url":"https:\/\/www.altominho.tv\/site\/","name":"Altominho.tv","description":"A sua regi\u00e3o \u00e0 dist\u00e2ncia de um clique...","potentialAction":[{"@type":"SearchAction","target":{"@type":"EntryPoint","urlTemplate":"https:\/\/www.altominho.tv\/site\/?s={search_term_string}"},"query-input":{"@type":"PropertyValueSpecification","valueRequired":true,"valueName":"search_term_string"}}],"inLanguage":"pt-PT"},{"@type":"Person","@id":"https:\/\/www.altominho.tv\/site\/#\/schema\/person\/4e536851627d7914baf3dac752b6af22","name":"Altominho.tv","image":{"@type":"ImageObject","inLanguage":"pt-PT","@id":"https:\/\/www.altominho.tv\/site\/wp-content\/uploads\/2019\/11\/Logo_Avatar_2-150x150.jpg","url":"https:\/\/www.altominho.tv\/site\/wp-content\/uploads\/2019\/11\/Logo_Avatar_2-150x150.jpg","contentUrl":"https:\/\/www.altominho.tv\/site\/wp-content\/uploads\/2019\/11\/Logo_Avatar_2-150x150.jpg","caption":"Altominho.tv"},"url":"https:\/\/www.altominho.tv\/site\/author\/altominhotv-tecnico\/"}]}},"_links":{"self":[{"href":"https:\/\/www.altominho.tv\/site\/wp-json\/wp\/v2\/posts\/77459","targetHints":{"allow":["GET"]}}],"collection":[{"href":"https:\/\/www.altominho.tv\/site\/wp-json\/wp\/v2\/posts"}],"about":[{"href":"https:\/\/www.altominho.tv\/site\/wp-json\/wp\/v2\/types\/post"}],"author":[{"embeddable":true,"href":"https:\/\/www.altominho.tv\/site\/wp-json\/wp\/v2\/users\/1"}],"replies":[{"embeddable":true,"href":"https:\/\/www.altominho.tv\/site\/wp-json\/wp\/v2\/comments?post=77459"}],"version-history":[{"count":0,"href":"https:\/\/www.altominho.tv\/site\/wp-json\/wp\/v2\/posts\/77459\/revisions"}],"wp:featuredmedia":[{"embeddable":true,"href":"https:\/\/www.altominho.tv\/site\/wp-json\/wp\/v2\/media\/77461"}],"wp:attachment":[{"href":"https:\/\/www.altominho.tv\/site\/wp-json\/wp\/v2\/media?parent=77459"}],"wp:term":[{"taxonomy":"category","embeddable":true,"href":"https:\/\/www.altominho.tv\/site\/wp-json\/wp\/v2\/categories?post=77459"},{"taxonomy":"post_tag","embeddable":true,"href":"https:\/\/www.altominho.tv\/site\/wp-json\/wp\/v2\/tags?post=77459"}],"curies":[{"name":"wp","href":"https:\/\/api.w.org\/{rel}","templated":true}]}}