{"id":77319,"date":"2022-03-06T16:04:25","date_gmt":"2022-03-06T16:04:25","guid":{"rendered":"https:\/\/www.altominho.tv\/site\/?p=77319"},"modified":"2022-03-06T16:04:27","modified_gmt":"2022-03-06T16:04:27","slug":"arguida-por-abuso-de-confianca-e-burla-em-arcos-de-valdevez","status":"publish","type":"post","link":"https:\/\/www.altominho.tv\/site\/2022\/03\/06\/arguida-por-abuso-de-confianca-e-burla-em-arcos-de-valdevez\/","title":{"rendered":"Arguida por abuso de confian\u00e7a e burla em Arcos de Valdevez"},"content":{"rendered":"<p class=\"m_-6125063700100654175wordsection1\">O Comando Territorial de Viana do Castelo, atrav\u00e9s do N\u00facleo de Investiga\u00e7\u00e3o Criminal (NIC) de Arcos de Valdevez,\u00a0 constituiu arguida uma mulher de 52 anos por abuso de confian\u00e7a e burla, no concelho de Arcos de Valdevez.<\/p>\n<p class=\"m_-6125063700100654175wordsection1\">No \u00e2mbito de uma investiga\u00e7\u00e3o por abuso de confian\u00e7a e burla, que decorria h\u00e1 cerca de dois meses, &#8220;os militares da Guarda apuraram que a mulher, no \u00e2mbito das suas fun\u00e7\u00f5es, numa casa de acolhimento para idosos, teve acesso a cart\u00f5es de cr\u00e9dito da v\u00edtima, uma idosa de 78 anos, sendo alegadamente respons\u00e1vel por um preju\u00edzo no valor de cerca de 58 mil euros, atrav\u00e9s da utiliza\u00e7\u00e3o dos seus cart\u00f5es para adquirir bens de forma indevida&#8221;, pode ler-se no comunicado.<\/p>\n<p class=\"m_-6125063700100654175wordsection1\">No seguimento das dilig\u00eancias de investiga\u00e7\u00e3o, a Guarda deu cumprimento a seis mandados de busca, uma domicili\u00e1ria e cinco em ve\u00edculos, culminando na apreens\u00e3o de diversas provas documentais, bem como de outros objetos que ter\u00e3o sido adquiridos na sequ\u00eancia dos crimes praticados. Nomeadamente, uma viatura, v\u00e1rios artigos t\u00eaxteis e outros objetos de decora\u00e7\u00e3o, eletrodom\u00e9sticos e um telem\u00f3vel.<\/p>\n<p class=\"m_-6125063700100654175wordsection1\">A mulher foi constitu\u00edda arguida, e os factos foram comunicados ao Tribunal Judicial de Arcos de Valdevez.<u><\/u><u><\/u><\/p>\n<p class=\"m_-6125063700100654175wordsection1\">A a\u00e7\u00e3o contou com o refor\u00e7o do Posto Territorial de Arcos de Valdevez e da Sec\u00e7\u00e3o de Preven\u00e7\u00e3o Criminal e Policiamento Comunit\u00e1rio (SPC) de Arcos de Valdevez, e com o apoio da Seguran\u00e7a Social de Arcos de Valdevez.<\/p>\n","protected":false},"excerpt":{"rendered":"<p>O Comando Territorial de Viana do Castelo, atrav\u00e9s do N\u00facleo de Investiga\u00e7\u00e3o Criminal (NIC) de Arcos de Valdevez,\u00a0 constituiu arguida uma mulher de 52 anos por abuso de confian\u00e7a e burla, no concelho de Arcos de Valdevez. No \u00e2mbito de uma investiga\u00e7\u00e3o por abuso de confian\u00e7a e burla, que decorria h\u00e1 cerca de dois meses, [&hellip;]<\/p>\n","protected":false},"author":1,"featured_media":76148,"comment_status":"closed","ping_status":"closed","sticky":false,"template":"","format":"standard","meta":{"_exactmetrics_skip_tracking":false,"footnotes":""},"categories":[2],"tags":[27],"class_list":["post-77319","post","type-post","status-publish","format-standard","has-post-thumbnail","hentry","category-arcos-de-valdevez","tag-sociedade"],"yoast_head":"<!-- This site is optimized with the Yoast SEO Premium plugin v28.3 (Yoast SEO v28.3) - https:\/\/yoast.com\/product\/yoast-seo-premium-wordpress\/ -->\n<title>Arguida por abuso de confian\u00e7a e burla em Arcos de Valdevez<\/title>\n<meta name=\"description\" content=\"A GNR constituiu arguida uma mulher de 52 anos por abuso de confian\u00e7a e burla, no concelho de Arcos de Valdevez.\" \/>\n<meta name=\"robots\" content=\"index, follow, max-snippet:-1, max-image-preview:large, max-video-preview:-1\" \/>\n<link rel=\"canonical\" href=\"https:\/\/www.altominho.tv\/site\/2022\/03\/06\/arguida-por-abuso-de-confianca-e-burla-em-arcos-de-valdevez\/\" \/>\n<meta property=\"og:locale\" content=\"pt_PT\" \/>\n<meta property=\"og:type\" content=\"article\" \/>\n<meta property=\"og:title\" content=\"Arguida por abuso de confian\u00e7a e burla em Arcos de Valdevez\" \/>\n<meta property=\"og:description\" content=\"A GNR constituiu arguida uma mulher de 52 anos por abuso de confian\u00e7a e burla, no concelho de Arcos de Valdevez.\" \/>\n<meta property=\"og:url\" content=\"https:\/\/www.altominho.tv\/site\/2022\/03\/06\/arguida-por-abuso-de-confianca-e-burla-em-arcos-de-valdevez\/\" \/>\n<meta property=\"og:site_name\" content=\"Altominho.tv\" \/>\n<meta property=\"article:publisher\" content=\"https:\/\/www.facebook.com\/altominhotv\" \/>\n<meta property=\"article:published_time\" content=\"2022-03-06T16:04:25+00:00\" \/>\n<meta property=\"article:modified_time\" content=\"2022-03-06T16:04:27+00:00\" \/>\n<meta property=\"og:image\" content=\"https:\/\/www.altominho.tv\/site\/wp-content\/uploads\/2022\/02\/gnr.jpeg\" \/>\n\t<meta property=\"og:image:width\" content=\"800\" \/>\n\t<meta property=\"og:image:height\" content=\"450\" \/>\n\t<meta property=\"og:image:type\" content=\"image\/jpeg\" \/>\n<meta name=\"author\" content=\"Altominho.tv\" \/>\n<meta name=\"twitter:card\" content=\"summary_large_image\" \/>\n<meta name=\"twitter:creator\" content=\"@altominhoTV\" \/>\n<meta name=\"twitter:site\" content=\"@altominhoTV\" \/>\n<meta name=\"twitter:label1\" content=\"Escrito por\" \/>\n\t<meta name=\"twitter:data1\" content=\"Altominho.tv\" \/>\n\t<meta name=\"twitter:label2\" content=\"Tempo estimado de leitura\" \/>\n\t<meta name=\"twitter:data2\" content=\"2 minutos\" \/>\n<script type=\"application\/ld+json\" class=\"yoast-schema-graph\">{\"@context\":\"https:\\\/\\\/schema.org\",\"@graph\":[{\"@type\":\"Article\",\"@id\":\"https:\\\/\\\/www.altominho.tv\\\/site\\\/2022\\\/03\\\/06\\\/arguida-por-abuso-de-confianca-e-burla-em-arcos-de-valdevez\\\/#article\",\"isPartOf\":{\"@id\":\"https:\\\/\\\/www.altominho.tv\\\/site\\\/2022\\\/03\\\/06\\\/arguida-por-abuso-de-confianca-e-burla-em-arcos-de-valdevez\\\/\"},\"author\":{\"name\":\"Altominho.tv\",\"@id\":\"https:\\\/\\\/www.altominho.tv\\\/site\\\/#\\\/schema\\\/person\\\/4e536851627d7914baf3dac752b6af22\"},\"headline\":\"Arguida por abuso de confian\u00e7a e burla em Arcos de Valdevez\",\"datePublished\":\"2022-03-06T16:04:25+00:00\",\"dateModified\":\"2022-03-06T16:04:27+00:00\",\"mainEntityOfPage\":{\"@id\":\"https:\\\/\\\/www.altominho.tv\\\/site\\\/2022\\\/03\\\/06\\\/arguida-por-abuso-de-confianca-e-burla-em-arcos-de-valdevez\\\/\"},\"wordCount\":272,\"image\":{\"@id\":\"https:\\\/\\\/www.altominho.tv\\\/site\\\/2022\\\/03\\\/06\\\/arguida-por-abuso-de-confianca-e-burla-em-arcos-de-valdevez\\\/#primaryimage\"},\"thumbnailUrl\":\"https:\\\/\\\/www.altominho.tv\\\/site\\\/wp-content\\\/uploads\\\/2022\\\/02\\\/gnr.jpeg\",\"keywords\":[\"Sociedade\"],\"articleSection\":[\"Arcos de Valdevez\"],\"inLanguage\":\"pt-PT\",\"copyrightYear\":\"2022\",\"copyrightHolder\":{\"@id\":\"https:\\\/\\\/www.altominho.tv\\\/site\\\/#organization\"}},{\"@type\":\"WebPage\",\"@id\":\"https:\\\/\\\/www.altominho.tv\\\/site\\\/2022\\\/03\\\/06\\\/arguida-por-abuso-de-confianca-e-burla-em-arcos-de-valdevez\\\/\",\"url\":\"https:\\\/\\\/www.altominho.tv\\\/site\\\/2022\\\/03\\\/06\\\/arguida-por-abuso-de-confianca-e-burla-em-arcos-de-valdevez\\\/\",\"name\":\"Arguida por abuso de confian\u00e7a e burla em Arcos de Valdevez\",\"isPartOf\":{\"@id\":\"https:\\\/\\\/www.altominho.tv\\\/site\\\/#website\"},\"primaryImageOfPage\":{\"@id\":\"https:\\\/\\\/www.altominho.tv\\\/site\\\/2022\\\/03\\\/06\\\/arguida-por-abuso-de-confianca-e-burla-em-arcos-de-valdevez\\\/#primaryimage\"},\"image\":{\"@id\":\"https:\\\/\\\/www.altominho.tv\\\/site\\\/2022\\\/03\\\/06\\\/arguida-por-abuso-de-confianca-e-burla-em-arcos-de-valdevez\\\/#primaryimage\"},\"thumbnailUrl\":\"https:\\\/\\\/www.altominho.tv\\\/site\\\/wp-content\\\/uploads\\\/2022\\\/02\\\/gnr.jpeg\",\"datePublished\":\"2022-03-06T16:04:25+00:00\",\"dateModified\":\"2022-03-06T16:04:27+00:00\",\"author\":{\"@id\":\"https:\\\/\\\/www.altominho.tv\\\/site\\\/#\\\/schema\\\/person\\\/4e536851627d7914baf3dac752b6af22\"},\"description\":\"A GNR constituiu arguida uma mulher de 52 anos por abuso de confian\u00e7a e burla, no concelho de Arcos de Valdevez.\",\"breadcrumb\":{\"@id\":\"https:\\\/\\\/www.altominho.tv\\\/site\\\/2022\\\/03\\\/06\\\/arguida-por-abuso-de-confianca-e-burla-em-arcos-de-valdevez\\\/#breadcrumb\"},\"inLanguage\":\"pt-PT\",\"potentialAction\":[{\"@type\":\"ReadAction\",\"target\":[\"https:\\\/\\\/www.altominho.tv\\\/site\\\/2022\\\/03\\\/06\\\/arguida-por-abuso-de-confianca-e-burla-em-arcos-de-valdevez\\\/\"]}]},{\"@type\":\"ImageObject\",\"inLanguage\":\"pt-PT\",\"@id\":\"https:\\\/\\\/www.altominho.tv\\\/site\\\/2022\\\/03\\\/06\\\/arguida-por-abuso-de-confianca-e-burla-em-arcos-de-valdevez\\\/#primaryimage\",\"url\":\"https:\\\/\\\/www.altominho.tv\\\/site\\\/wp-content\\\/uploads\\\/2022\\\/02\\\/gnr.jpeg\",\"contentUrl\":\"https:\\\/\\\/www.altominho.tv\\\/site\\\/wp-content\\\/uploads\\\/2022\\\/02\\\/gnr.jpeg\",\"width\":800,\"height\":450},{\"@type\":\"BreadcrumbList\",\"@id\":\"https:\\\/\\\/www.altominho.tv\\\/site\\\/2022\\\/03\\\/06\\\/arguida-por-abuso-de-confianca-e-burla-em-arcos-de-valdevez\\\/#breadcrumb\",\"itemListElement\":[{\"@type\":\"ListItem\",\"position\":1,\"name\":\"In\u00edcio\",\"item\":\"https:\\\/\\\/www.altominho.tv\\\/site\\\/\"},{\"@type\":\"ListItem\",\"position\":2,\"name\":\"Arguida por abuso de confian\u00e7a e burla em Arcos de Valdevez\"}]},{\"@type\":\"WebSite\",\"@id\":\"https:\\\/\\\/www.altominho.tv\\\/site\\\/#website\",\"url\":\"https:\\\/\\\/www.altominho.tv\\\/site\\\/\",\"name\":\"Altominho.tv\",\"description\":\"A sua regi\u00e3o \u00e0 dist\u00e2ncia de um clique...\",\"potentialAction\":[{\"@type\":\"SearchAction\",\"target\":{\"@type\":\"EntryPoint\",\"urlTemplate\":\"https:\\\/\\\/www.altominho.tv\\\/site\\\/?s={search_term_string}\"},\"query-input\":{\"@type\":\"PropertyValueSpecification\",\"valueRequired\":true,\"valueName\":\"search_term_string\"}}],\"inLanguage\":\"pt-PT\"},{\"@type\":\"Person\",\"@id\":\"https:\\\/\\\/www.altominho.tv\\\/site\\\/#\\\/schema\\\/person\\\/4e536851627d7914baf3dac752b6af22\",\"name\":\"Altominho.tv\",\"image\":{\"@type\":\"ImageObject\",\"inLanguage\":\"pt-PT\",\"@id\":\"https:\\\/\\\/www.altominho.tv\\\/site\\\/wp-content\\\/uploads\\\/2019\\\/11\\\/Logo_Avatar_2-150x150.jpg\",\"url\":\"https:\\\/\\\/www.altominho.tv\\\/site\\\/wp-content\\\/uploads\\\/2019\\\/11\\\/Logo_Avatar_2-150x150.jpg\",\"contentUrl\":\"https:\\\/\\\/www.altominho.tv\\\/site\\\/wp-content\\\/uploads\\\/2019\\\/11\\\/Logo_Avatar_2-150x150.jpg\",\"caption\":\"Altominho.tv\"},\"url\":\"https:\\\/\\\/www.altominho.tv\\\/site\\\/author\\\/altominhotv-tecnico\\\/\"}]}<\/script>\n<!-- \/ Yoast SEO Premium plugin. -->","yoast_head_json":{"title":"Arguida por abuso de confian\u00e7a e burla em Arcos de Valdevez","description":"A GNR constituiu arguida uma mulher de 52 anos por abuso de confian\u00e7a e burla, no concelho de Arcos de Valdevez.","robots":{"index":"index","follow":"follow","max-snippet":"max-snippet:-1","max-image-preview":"max-image-preview:large","max-video-preview":"max-video-preview:-1"},"canonical":"https:\/\/www.altominho.tv\/site\/2022\/03\/06\/arguida-por-abuso-de-confianca-e-burla-em-arcos-de-valdevez\/","og_locale":"pt_PT","og_type":"article","og_title":"Arguida por abuso de confian\u00e7a e burla em Arcos de Valdevez","og_description":"A GNR constituiu arguida uma mulher de 52 anos por abuso de confian\u00e7a e burla, no concelho de Arcos de Valdevez.","og_url":"https:\/\/www.altominho.tv\/site\/2022\/03\/06\/arguida-por-abuso-de-confianca-e-burla-em-arcos-de-valdevez\/","og_site_name":"Altominho.tv","article_publisher":"https:\/\/www.facebook.com\/altominhotv","article_published_time":"2022-03-06T16:04:25+00:00","article_modified_time":"2022-03-06T16:04:27+00:00","og_image":[{"width":800,"height":450,"url":"https:\/\/www.altominho.tv\/site\/wp-content\/uploads\/2022\/02\/gnr.jpeg","type":"image\/jpeg"}],"author":"Altominho.tv","twitter_card":"summary_large_image","twitter_creator":"@altominhoTV","twitter_site":"@altominhoTV","twitter_misc":{"Escrito por":"Altominho.tv","Tempo estimado de leitura":"2 minutos"},"schema":{"@context":"https:\/\/schema.org","@graph":[{"@type":"Article","@id":"https:\/\/www.altominho.tv\/site\/2022\/03\/06\/arguida-por-abuso-de-confianca-e-burla-em-arcos-de-valdevez\/#article","isPartOf":{"@id":"https:\/\/www.altominho.tv\/site\/2022\/03\/06\/arguida-por-abuso-de-confianca-e-burla-em-arcos-de-valdevez\/"},"author":{"name":"Altominho.tv","@id":"https:\/\/www.altominho.tv\/site\/#\/schema\/person\/4e536851627d7914baf3dac752b6af22"},"headline":"Arguida por abuso de confian\u00e7a e burla em Arcos de Valdevez","datePublished":"2022-03-06T16:04:25+00:00","dateModified":"2022-03-06T16:04:27+00:00","mainEntityOfPage":{"@id":"https:\/\/www.altominho.tv\/site\/2022\/03\/06\/arguida-por-abuso-de-confianca-e-burla-em-arcos-de-valdevez\/"},"wordCount":272,"image":{"@id":"https:\/\/www.altominho.tv\/site\/2022\/03\/06\/arguida-por-abuso-de-confianca-e-burla-em-arcos-de-valdevez\/#primaryimage"},"thumbnailUrl":"https:\/\/www.altominho.tv\/site\/wp-content\/uploads\/2022\/02\/gnr.jpeg","keywords":["Sociedade"],"articleSection":["Arcos de Valdevez"],"inLanguage":"pt-PT","copyrightYear":"2022","copyrightHolder":{"@id":"https:\/\/www.altominho.tv\/site\/#organization"}},{"@type":"WebPage","@id":"https:\/\/www.altominho.tv\/site\/2022\/03\/06\/arguida-por-abuso-de-confianca-e-burla-em-arcos-de-valdevez\/","url":"https:\/\/www.altominho.tv\/site\/2022\/03\/06\/arguida-por-abuso-de-confianca-e-burla-em-arcos-de-valdevez\/","name":"Arguida por abuso de confian\u00e7a e burla em Arcos de Valdevez","isPartOf":{"@id":"https:\/\/www.altominho.tv\/site\/#website"},"primaryImageOfPage":{"@id":"https:\/\/www.altominho.tv\/site\/2022\/03\/06\/arguida-por-abuso-de-confianca-e-burla-em-arcos-de-valdevez\/#primaryimage"},"image":{"@id":"https:\/\/www.altominho.tv\/site\/2022\/03\/06\/arguida-por-abuso-de-confianca-e-burla-em-arcos-de-valdevez\/#primaryimage"},"thumbnailUrl":"https:\/\/www.altominho.tv\/site\/wp-content\/uploads\/2022\/02\/gnr.jpeg","datePublished":"2022-03-06T16:04:25+00:00","dateModified":"2022-03-06T16:04:27+00:00","author":{"@id":"https:\/\/www.altominho.tv\/site\/#\/schema\/person\/4e536851627d7914baf3dac752b6af22"},"description":"A GNR constituiu arguida uma mulher de 52 anos por abuso de confian\u00e7a e burla, no concelho de Arcos de Valdevez.","breadcrumb":{"@id":"https:\/\/www.altominho.tv\/site\/2022\/03\/06\/arguida-por-abuso-de-confianca-e-burla-em-arcos-de-valdevez\/#breadcrumb"},"inLanguage":"pt-PT","potentialAction":[{"@type":"ReadAction","target":["https:\/\/www.altominho.tv\/site\/2022\/03\/06\/arguida-por-abuso-de-confianca-e-burla-em-arcos-de-valdevez\/"]}]},{"@type":"ImageObject","inLanguage":"pt-PT","@id":"https:\/\/www.altominho.tv\/site\/2022\/03\/06\/arguida-por-abuso-de-confianca-e-burla-em-arcos-de-valdevez\/#primaryimage","url":"https:\/\/www.altominho.tv\/site\/wp-content\/uploads\/2022\/02\/gnr.jpeg","contentUrl":"https:\/\/www.altominho.tv\/site\/wp-content\/uploads\/2022\/02\/gnr.jpeg","width":800,"height":450},{"@type":"BreadcrumbList","@id":"https:\/\/www.altominho.tv\/site\/2022\/03\/06\/arguida-por-abuso-de-confianca-e-burla-em-arcos-de-valdevez\/#breadcrumb","itemListElement":[{"@type":"ListItem","position":1,"name":"In\u00edcio","item":"https:\/\/www.altominho.tv\/site\/"},{"@type":"ListItem","position":2,"name":"Arguida por abuso de confian\u00e7a e burla em Arcos de Valdevez"}]},{"@type":"WebSite","@id":"https:\/\/www.altominho.tv\/site\/#website","url":"https:\/\/www.altominho.tv\/site\/","name":"Altominho.tv","description":"A sua regi\u00e3o \u00e0 dist\u00e2ncia de um clique...","potentialAction":[{"@type":"SearchAction","target":{"@type":"EntryPoint","urlTemplate":"https:\/\/www.altominho.tv\/site\/?s={search_term_string}"},"query-input":{"@type":"PropertyValueSpecification","valueRequired":true,"valueName":"search_term_string"}}],"inLanguage":"pt-PT"},{"@type":"Person","@id":"https:\/\/www.altominho.tv\/site\/#\/schema\/person\/4e536851627d7914baf3dac752b6af22","name":"Altominho.tv","image":{"@type":"ImageObject","inLanguage":"pt-PT","@id":"https:\/\/www.altominho.tv\/site\/wp-content\/uploads\/2019\/11\/Logo_Avatar_2-150x150.jpg","url":"https:\/\/www.altominho.tv\/site\/wp-content\/uploads\/2019\/11\/Logo_Avatar_2-150x150.jpg","contentUrl":"https:\/\/www.altominho.tv\/site\/wp-content\/uploads\/2019\/11\/Logo_Avatar_2-150x150.jpg","caption":"Altominho.tv"},"url":"https:\/\/www.altominho.tv\/site\/author\/altominhotv-tecnico\/"}]}},"_links":{"self":[{"href":"https:\/\/www.altominho.tv\/site\/wp-json\/wp\/v2\/posts\/77319","targetHints":{"allow":["GET"]}}],"collection":[{"href":"https:\/\/www.altominho.tv\/site\/wp-json\/wp\/v2\/posts"}],"about":[{"href":"https:\/\/www.altominho.tv\/site\/wp-json\/wp\/v2\/types\/post"}],"author":[{"embeddable":true,"href":"https:\/\/www.altominho.tv\/site\/wp-json\/wp\/v2\/users\/1"}],"replies":[{"embeddable":true,"href":"https:\/\/www.altominho.tv\/site\/wp-json\/wp\/v2\/comments?post=77319"}],"version-history":[{"count":0,"href":"https:\/\/www.altominho.tv\/site\/wp-json\/wp\/v2\/posts\/77319\/revisions"}],"wp:featuredmedia":[{"embeddable":true,"href":"https:\/\/www.altominho.tv\/site\/wp-json\/wp\/v2\/media\/76148"}],"wp:attachment":[{"href":"https:\/\/www.altominho.tv\/site\/wp-json\/wp\/v2\/media?parent=77319"}],"wp:term":[{"taxonomy":"category","embeddable":true,"href":"https:\/\/www.altominho.tv\/site\/wp-json\/wp\/v2\/categories?post=77319"},{"taxonomy":"post_tag","embeddable":true,"href":"https:\/\/www.altominho.tv\/site\/wp-json\/wp\/v2\/tags?post=77319"}],"curies":[{"name":"wp","href":"https:\/\/api.w.org\/{rel}","templated":true}]}}