{"id":77254,"date":"2022-03-03T18:01:35","date_gmt":"2022-03-03T18:01:35","guid":{"rendered":"https:\/\/www.altominho.tv\/site\/?p=77254"},"modified":"2022-03-03T18:01:40","modified_gmt":"2022-03-03T18:01:40","slug":"moncao-diz-que-reconstrucao-de-casas-consumidas-pelo-fogo-de-2017-correu-bem","status":"publish","type":"post","link":"https:\/\/www.altominho.tv\/site\/2022\/03\/03\/moncao-diz-que-reconstrucao-de-casas-consumidas-pelo-fogo-de-2017-correu-bem\/","title":{"rendered":"Mon\u00e7\u00e3o diz que reconstru\u00e7\u00e3o de casas consumidas pelo fogo de 2017 \u201ccorreu bem\u201d"},"content":{"rendered":"<p>O presidente da C\u00e2mara de Mon\u00e7\u00e3o considerou, esta quinta-feira, que a reconstru\u00e7\u00e3o das casas do concelho afetadas pelos inc\u00eandios de 2017 \u201ccorreu bem\u201d e justificou a \u201cderrapagem\u201d na sua conclus\u00e3o com a \u201crigorosa aplica\u00e7\u00e3o\u201d dos fundos atribu\u00eddos pelo Governo.<\/p>\n<p>Questionado pela ag\u00eancia Lusa, a prop\u00f3sito do relat\u00f3rio do Tribunal de Contas (TdC) sobre atrasos na recupera\u00e7\u00e3o de casas danificadas pelos <a href=\"\/\/www.altominho.tv\/site\/2017\/10\/15\/incendio-em-longos-vales-mobiliza-corporacoes-de-todo-o-pais\/\">inc\u00eandios de 2017<\/a>, o social-democrata Ant\u00f3nio Barbosa admitiu que o processo poderia ter sido mais \u201cr\u00e1pido\u201d, mas referiu que \u201cfoi o tempo poss\u00edvel\u201d.<\/p>\n<p>\u201cGostar\u00edamos que a recupera\u00e7\u00e3o das casas tivesse terminado mais cedo, mas nestes processos, por envolverem apoios, houve um controlo rigoroso da Comiss\u00e3o de Coordena\u00e7\u00e3o e Desenvolvimento Regional do Norte (CCDR-N) e do pr\u00f3prio munic\u00edpio\u201d, sustentou.<\/p>\n<p>Segundo Ant\u00f3nio Barbosa, das 10 <a href=\"\/\/www.altominho.tv\/site\/2017\/10\/16\/fim-de-semana-devastador-em-moncao-devido-aos-incendios\/\">casas inicialmente identificadas como tendo sido afetadas<\/a> pelos inc\u00eandios de 2017, apenas seis cumpriam os requisitos e receberam apoios \u00e0 reconstru\u00e7\u00e3o. Daquelas seis, tr\u00eas sofreram uma interven\u00e7\u00e3o total e as restantes pequenos arranjos.<\/p>\n<p>O autarca do PSD disse que a recupera\u00e7\u00e3o das casas foi finalizada em meados de 2020. \u201c\u00c9 normal que estes processos acabem por derrapar um pouco, mas o importante \u00e9 que no final quem foi afetado e que cumpria os requisitos para receber estes apoios tenha a sua situa\u00e7\u00e3o resolvida. Foi o que aconteceu em Mon\u00e7\u00e3o\u201d, sustentou.<\/p>\n<p>Ant\u00f3nio Barbosa destacou que, no caso de Mon\u00e7\u00e3o, houve \u201cum controlo apertado para garantir que os fundos\u201d disponibilizados \u201ceram, efetivamente, aplicados no fim para que foram criados\u201d.<\/p>\n<p>\u201cQuando se trata de fundos para resolver, ainda por cima uma situa\u00e7\u00e3o de cat\u00e1strofe como aconteceu em Portugal, em outubro de 2017, \u00e9 importante dar um sinal de muito rigor na aplica\u00e7\u00e3o do dinheiro. Os propriet\u00e1rios, por vezes, n\u00e3o entendem os atrasos, mas no final da obra feita conseguem entender\u201d, observou.<\/p>\n<p>Os inc\u00eandios de 2017 afetaram 109 habita\u00e7\u00f5es de sete munic\u00edpios da regi\u00e3o Norte, tendo os apoios tardado devido \u00e0 demora na atribui\u00e7\u00e3o dos recursos financeiros, segundo um relat\u00f3rio do Tribunal de Contas (TdC).<\/p>\n<p>\u201cA regi\u00e3o Norte viu-se constrangida na celeridade da resposta por demoras na atribui\u00e7\u00e3o de recursos financeiros\u201d, sustenta o relat\u00f3rio sobre uma auditoria \u00e0 utiliza\u00e7\u00e3o de fundos na repara\u00e7\u00e3o dos danos causados nas habita\u00e7\u00f5es pelos inc\u00eandios de outubro de 2017 e agosto de 2018.<\/p>\n<p>Ao contr\u00e1rio do Norte, na regi\u00e3o Centro o processo de reconstru\u00e7\u00e3o e reabilita\u00e7\u00e3o das habita\u00e7\u00f5es foi \u201cespecialmente c\u00e9lere\u201d, menciona o documento. Acrescenta o TdC que o facto de as transfer\u00eancias financeiras n\u00e3o ocorrerem de \u201cmodo semelhante\u201d nas duas regi\u00f5es, originou \u201cconstrangimentos\u201d \u00e0 execu\u00e7\u00e3o na regi\u00e3o Norte.<\/p>\n<p>No Norte foram atingidos sete munic\u00edpios, nomeadamente Arouca, Braga, Boticas, Castelo de Paiva, Mon\u00e7\u00e3o, Vale de Cambra e Vila Nova de Gaia, nos distritos do Porto, Braga, Aveiro, Vila Real e Viana do Castelo.<\/p>\n<p>Nestas localidades registaram-se 109 habita\u00e7\u00f5es danificadas pelos fogos, das quais 25 com danos muito elevados ou a precisarem de reconstru\u00e7\u00e3o total, sublinha. Os danos ascenderam a cerca de 3,3 milh\u00f5es de euros, refere.<\/p>\n<p>Das 109 casas, 82 foram em Castelo de Paiva, 10 em Mon\u00e7\u00e3o, sete em Arouca, cinco em Vale de Cambra, tr\u00eas em Vila Nova de Gaia e uma em Braga e Boticas.<\/p>\n","protected":false},"excerpt":{"rendered":"<p>O presidente da C\u00e2mara de Mon\u00e7\u00e3o considerou, esta quinta-feira, que a reconstru\u00e7\u00e3o das casas do concelho afetadas pelos inc\u00eandios de 2017 \u201ccorreu bem\u201d e justificou a \u201cderrapagem\u201d na sua conclus\u00e3o com a \u201crigorosa aplica\u00e7\u00e3o\u201d dos fundos atribu\u00eddos pelo Governo. Questionado pela ag\u00eancia Lusa, a prop\u00f3sito do relat\u00f3rio do Tribunal de Contas (TdC) sobre atrasos na [&hellip;]<\/p>\n","protected":false},"author":13,"featured_media":77256,"comment_status":"closed","ping_status":"closed","sticky":false,"template":"","format":"standard","meta":{"_exactmetrics_skip_tracking":false,"footnotes":""},"categories":[9],"tags":[27],"class_list":["post-77254","post","type-post","status-publish","format-standard","has-post-thumbnail","hentry","category-moncao","tag-sociedade"],"yoast_head":"<!-- This site is optimized with the Yoast SEO Premium plugin v28.3 (Yoast SEO v28.3) - https:\/\/yoast.com\/product\/yoast-seo-premium-wordpress\/ -->\n<title>Mon\u00e7\u00e3o diz que reconstru\u00e7\u00e3o de casas consumidas pelo fogo de 2017 \u201ccorreu bem\u201d<\/title>\n<meta name=\"description\" content=\"O presidente da C\u00e2mara de Mon\u00e7\u00e3o considerou que a reconstru\u00e7\u00e3o das casas do concelho afetadas pelos inc\u00eandios de 2017 \u201ccorreu bem\u201d.\" \/>\n<meta name=\"robots\" content=\"index, follow, max-snippet:-1, max-image-preview:large, max-video-preview:-1\" \/>\n<link rel=\"canonical\" href=\"https:\/\/www.altominho.tv\/site\/2022\/03\/03\/moncao-diz-que-reconstrucao-de-casas-consumidas-pelo-fogo-de-2017-correu-bem\/\" \/>\n<meta property=\"og:locale\" content=\"pt_PT\" \/>\n<meta property=\"og:type\" content=\"article\" \/>\n<meta property=\"og:title\" content=\"Mon\u00e7\u00e3o diz que reconstru\u00e7\u00e3o de casas consumidas pelo fogo de 2017 \u201ccorreu bem\u201d\" \/>\n<meta property=\"og:description\" content=\"O presidente da C\u00e2mara de Mon\u00e7\u00e3o considerou que a reconstru\u00e7\u00e3o das casas do concelho afetadas pelos inc\u00eandios de 2017 \u201ccorreu bem\u201d.\" \/>\n<meta property=\"og:url\" content=\"https:\/\/www.altominho.tv\/site\/2022\/03\/03\/moncao-diz-que-reconstrucao-de-casas-consumidas-pelo-fogo-de-2017-correu-bem\/\" \/>\n<meta property=\"og:site_name\" content=\"Altominho.tv\" \/>\n<meta property=\"article:publisher\" content=\"https:\/\/www.facebook.com\/altominhotv\" \/>\n<meta property=\"article:published_time\" content=\"2022-03-03T18:01:35+00:00\" \/>\n<meta property=\"article:modified_time\" content=\"2022-03-03T18:01:40+00:00\" \/>\n<meta property=\"og:image\" content=\"https:\/\/www.altominho.tv\/site\/wp-content\/uploads\/2022\/03\/Incendios-Moncao-2017.jpg\" \/>\n\t<meta property=\"og:image:width\" content=\"1134\" \/>\n\t<meta property=\"og:image:height\" content=\"639\" \/>\n\t<meta property=\"og:image:type\" content=\"image\/jpeg\" \/>\n<meta name=\"author\" content=\"Lusa\" \/>\n<meta name=\"twitter:card\" content=\"summary_large_image\" \/>\n<meta name=\"twitter:creator\" content=\"@altominhoTV\" \/>\n<meta name=\"twitter:site\" content=\"@altominhoTV\" \/>\n<meta name=\"twitter:label1\" content=\"Escrito por\" \/>\n\t<meta name=\"twitter:data1\" content=\"Lusa\" \/>\n\t<meta name=\"twitter:label2\" content=\"Tempo estimado de leitura\" \/>\n\t<meta name=\"twitter:data2\" content=\"3 minutos\" \/>\n<script type=\"application\/ld+json\" class=\"yoast-schema-graph\">{\"@context\":\"https:\\\/\\\/schema.org\",\"@graph\":[{\"@type\":\"Article\",\"@id\":\"https:\\\/\\\/www.altominho.tv\\\/site\\\/2022\\\/03\\\/03\\\/moncao-diz-que-reconstrucao-de-casas-consumidas-pelo-fogo-de-2017-correu-bem\\\/#article\",\"isPartOf\":{\"@id\":\"https:\\\/\\\/www.altominho.tv\\\/site\\\/2022\\\/03\\\/03\\\/moncao-diz-que-reconstrucao-de-casas-consumidas-pelo-fogo-de-2017-correu-bem\\\/\"},\"author\":{\"name\":\"Lusa\",\"@id\":\"https:\\\/\\\/www.altominho.tv\\\/site\\\/#\\\/schema\\\/person\\\/63f693da3e1899361cbe955c46f3232e\"},\"headline\":\"Mon\u00e7\u00e3o diz que reconstru\u00e7\u00e3o de casas consumidas pelo fogo de 2017 \u201ccorreu bem\u201d\",\"datePublished\":\"2022-03-03T18:01:35+00:00\",\"dateModified\":\"2022-03-03T18:01:40+00:00\",\"mainEntityOfPage\":{\"@id\":\"https:\\\/\\\/www.altominho.tv\\\/site\\\/2022\\\/03\\\/03\\\/moncao-diz-que-reconstrucao-de-casas-consumidas-pelo-fogo-de-2017-correu-bem\\\/\"},\"wordCount\":570,\"image\":{\"@id\":\"https:\\\/\\\/www.altominho.tv\\\/site\\\/2022\\\/03\\\/03\\\/moncao-diz-que-reconstrucao-de-casas-consumidas-pelo-fogo-de-2017-correu-bem\\\/#primaryimage\"},\"thumbnailUrl\":\"https:\\\/\\\/www.altominho.tv\\\/site\\\/wp-content\\\/uploads\\\/2022\\\/03\\\/Incendios-Moncao-2017.jpg\",\"keywords\":[\"Sociedade\"],\"articleSection\":[\"Mon\u00e7\u00e3o\"],\"inLanguage\":\"pt-PT\",\"copyrightYear\":\"2022\",\"copyrightHolder\":{\"@id\":\"https:\\\/\\\/www.altominho.tv\\\/site\\\/#organization\"}},{\"@type\":\"WebPage\",\"@id\":\"https:\\\/\\\/www.altominho.tv\\\/site\\\/2022\\\/03\\\/03\\\/moncao-diz-que-reconstrucao-de-casas-consumidas-pelo-fogo-de-2017-correu-bem\\\/\",\"url\":\"https:\\\/\\\/www.altominho.tv\\\/site\\\/2022\\\/03\\\/03\\\/moncao-diz-que-reconstrucao-de-casas-consumidas-pelo-fogo-de-2017-correu-bem\\\/\",\"name\":\"Mon\u00e7\u00e3o diz que reconstru\u00e7\u00e3o de casas consumidas pelo fogo de 2017 \u201ccorreu bem\u201d\",\"isPartOf\":{\"@id\":\"https:\\\/\\\/www.altominho.tv\\\/site\\\/#website\"},\"primaryImageOfPage\":{\"@id\":\"https:\\\/\\\/www.altominho.tv\\\/site\\\/2022\\\/03\\\/03\\\/moncao-diz-que-reconstrucao-de-casas-consumidas-pelo-fogo-de-2017-correu-bem\\\/#primaryimage\"},\"image\":{\"@id\":\"https:\\\/\\\/www.altominho.tv\\\/site\\\/2022\\\/03\\\/03\\\/moncao-diz-que-reconstrucao-de-casas-consumidas-pelo-fogo-de-2017-correu-bem\\\/#primaryimage\"},\"thumbnailUrl\":\"https:\\\/\\\/www.altominho.tv\\\/site\\\/wp-content\\\/uploads\\\/2022\\\/03\\\/Incendios-Moncao-2017.jpg\",\"datePublished\":\"2022-03-03T18:01:35+00:00\",\"dateModified\":\"2022-03-03T18:01:40+00:00\",\"author\":{\"@id\":\"https:\\\/\\\/www.altominho.tv\\\/site\\\/#\\\/schema\\\/person\\\/63f693da3e1899361cbe955c46f3232e\"},\"description\":\"O presidente da C\u00e2mara de Mon\u00e7\u00e3o considerou que a reconstru\u00e7\u00e3o das casas do concelho afetadas pelos inc\u00eandios de 2017 \u201ccorreu bem\u201d.\",\"breadcrumb\":{\"@id\":\"https:\\\/\\\/www.altominho.tv\\\/site\\\/2022\\\/03\\\/03\\\/moncao-diz-que-reconstrucao-de-casas-consumidas-pelo-fogo-de-2017-correu-bem\\\/#breadcrumb\"},\"inLanguage\":\"pt-PT\",\"potentialAction\":[{\"@type\":\"ReadAction\",\"target\":[\"https:\\\/\\\/www.altominho.tv\\\/site\\\/2022\\\/03\\\/03\\\/moncao-diz-que-reconstrucao-de-casas-consumidas-pelo-fogo-de-2017-correu-bem\\\/\"]}]},{\"@type\":\"ImageObject\",\"inLanguage\":\"pt-PT\",\"@id\":\"https:\\\/\\\/www.altominho.tv\\\/site\\\/2022\\\/03\\\/03\\\/moncao-diz-que-reconstrucao-de-casas-consumidas-pelo-fogo-de-2017-correu-bem\\\/#primaryimage\",\"url\":\"https:\\\/\\\/www.altominho.tv\\\/site\\\/wp-content\\\/uploads\\\/2022\\\/03\\\/Incendios-Moncao-2017.jpg\",\"contentUrl\":\"https:\\\/\\\/www.altominho.tv\\\/site\\\/wp-content\\\/uploads\\\/2022\\\/03\\\/Incendios-Moncao-2017.jpg\",\"width\":1134,\"height\":639,\"caption\":\"IMAGEM DE ARQUIVO\"},{\"@type\":\"BreadcrumbList\",\"@id\":\"https:\\\/\\\/www.altominho.tv\\\/site\\\/2022\\\/03\\\/03\\\/moncao-diz-que-reconstrucao-de-casas-consumidas-pelo-fogo-de-2017-correu-bem\\\/#breadcrumb\",\"itemListElement\":[{\"@type\":\"ListItem\",\"position\":1,\"name\":\"In\u00edcio\",\"item\":\"https:\\\/\\\/www.altominho.tv\\\/site\\\/\"},{\"@type\":\"ListItem\",\"position\":2,\"name\":\"Mon\u00e7\u00e3o diz que reconstru\u00e7\u00e3o de casas consumidas pelo fogo de 2017 \u201ccorreu bem\u201d\"}]},{\"@type\":\"WebSite\",\"@id\":\"https:\\\/\\\/www.altominho.tv\\\/site\\\/#website\",\"url\":\"https:\\\/\\\/www.altominho.tv\\\/site\\\/\",\"name\":\"Altominho.tv\",\"description\":\"A sua regi\u00e3o \u00e0 dist\u00e2ncia de um clique...\",\"potentialAction\":[{\"@type\":\"SearchAction\",\"target\":{\"@type\":\"EntryPoint\",\"urlTemplate\":\"https:\\\/\\\/www.altominho.tv\\\/site\\\/?s={search_term_string}\"},\"query-input\":{\"@type\":\"PropertyValueSpecification\",\"valueRequired\":true,\"valueName\":\"search_term_string\"}}],\"inLanguage\":\"pt-PT\"},{\"@type\":\"Person\",\"@id\":\"https:\\\/\\\/www.altominho.tv\\\/site\\\/#\\\/schema\\\/person\\\/63f693da3e1899361cbe955c46f3232e\",\"name\":\"Lusa\",\"image\":{\"@type\":\"ImageObject\",\"inLanguage\":\"pt-PT\",\"@id\":\"https:\\\/\\\/www.altominho.tv\\\/site\\\/wp-content\\\/uploads\\\/2019\\\/08\\\/LUSA_Logo.gif\",\"url\":\"https:\\\/\\\/www.altominho.tv\\\/site\\\/wp-content\\\/uploads\\\/2019\\\/08\\\/LUSA_Logo.gif\",\"contentUrl\":\"https:\\\/\\\/www.altominho.tv\\\/site\\\/wp-content\\\/uploads\\\/2019\\\/08\\\/LUSA_Logo.gif\",\"caption\":\"Lusa\"},\"sameAs\":[\"http:\\\/\\\/\\\/\\\/www.altominho.tv\\\/site\"],\"url\":\"https:\\\/\\\/www.altominho.tv\\\/site\\\/author\\\/lusa\\\/\"}]}<\/script>\n<!-- \/ Yoast SEO Premium plugin. -->","yoast_head_json":{"title":"Mon\u00e7\u00e3o diz que reconstru\u00e7\u00e3o de casas consumidas pelo fogo de 2017 \u201ccorreu bem\u201d","description":"O presidente da C\u00e2mara de Mon\u00e7\u00e3o considerou que a reconstru\u00e7\u00e3o das casas do concelho afetadas pelos inc\u00eandios de 2017 \u201ccorreu bem\u201d.","robots":{"index":"index","follow":"follow","max-snippet":"max-snippet:-1","max-image-preview":"max-image-preview:large","max-video-preview":"max-video-preview:-1"},"canonical":"https:\/\/www.altominho.tv\/site\/2022\/03\/03\/moncao-diz-que-reconstrucao-de-casas-consumidas-pelo-fogo-de-2017-correu-bem\/","og_locale":"pt_PT","og_type":"article","og_title":"Mon\u00e7\u00e3o diz que reconstru\u00e7\u00e3o de casas consumidas pelo fogo de 2017 \u201ccorreu bem\u201d","og_description":"O presidente da C\u00e2mara de Mon\u00e7\u00e3o considerou que a reconstru\u00e7\u00e3o das casas do concelho afetadas pelos inc\u00eandios de 2017 \u201ccorreu bem\u201d.","og_url":"https:\/\/www.altominho.tv\/site\/2022\/03\/03\/moncao-diz-que-reconstrucao-de-casas-consumidas-pelo-fogo-de-2017-correu-bem\/","og_site_name":"Altominho.tv","article_publisher":"https:\/\/www.facebook.com\/altominhotv","article_published_time":"2022-03-03T18:01:35+00:00","article_modified_time":"2022-03-03T18:01:40+00:00","og_image":[{"width":1134,"height":639,"url":"https:\/\/www.altominho.tv\/site\/wp-content\/uploads\/2022\/03\/Incendios-Moncao-2017.jpg","type":"image\/jpeg"}],"author":"Lusa","twitter_card":"summary_large_image","twitter_creator":"@altominhoTV","twitter_site":"@altominhoTV","twitter_misc":{"Escrito por":"Lusa","Tempo estimado de leitura":"3 minutos"},"schema":{"@context":"https:\/\/schema.org","@graph":[{"@type":"Article","@id":"https:\/\/www.altominho.tv\/site\/2022\/03\/03\/moncao-diz-que-reconstrucao-de-casas-consumidas-pelo-fogo-de-2017-correu-bem\/#article","isPartOf":{"@id":"https:\/\/www.altominho.tv\/site\/2022\/03\/03\/moncao-diz-que-reconstrucao-de-casas-consumidas-pelo-fogo-de-2017-correu-bem\/"},"author":{"name":"Lusa","@id":"https:\/\/www.altominho.tv\/site\/#\/schema\/person\/63f693da3e1899361cbe955c46f3232e"},"headline":"Mon\u00e7\u00e3o diz que reconstru\u00e7\u00e3o de casas consumidas pelo fogo de 2017 \u201ccorreu bem\u201d","datePublished":"2022-03-03T18:01:35+00:00","dateModified":"2022-03-03T18:01:40+00:00","mainEntityOfPage":{"@id":"https:\/\/www.altominho.tv\/site\/2022\/03\/03\/moncao-diz-que-reconstrucao-de-casas-consumidas-pelo-fogo-de-2017-correu-bem\/"},"wordCount":570,"image":{"@id":"https:\/\/www.altominho.tv\/site\/2022\/03\/03\/moncao-diz-que-reconstrucao-de-casas-consumidas-pelo-fogo-de-2017-correu-bem\/#primaryimage"},"thumbnailUrl":"https:\/\/www.altominho.tv\/site\/wp-content\/uploads\/2022\/03\/Incendios-Moncao-2017.jpg","keywords":["Sociedade"],"articleSection":["Mon\u00e7\u00e3o"],"inLanguage":"pt-PT","copyrightYear":"2022","copyrightHolder":{"@id":"https:\/\/www.altominho.tv\/site\/#organization"}},{"@type":"WebPage","@id":"https:\/\/www.altominho.tv\/site\/2022\/03\/03\/moncao-diz-que-reconstrucao-de-casas-consumidas-pelo-fogo-de-2017-correu-bem\/","url":"https:\/\/www.altominho.tv\/site\/2022\/03\/03\/moncao-diz-que-reconstrucao-de-casas-consumidas-pelo-fogo-de-2017-correu-bem\/","name":"Mon\u00e7\u00e3o diz que reconstru\u00e7\u00e3o de casas consumidas pelo fogo de 2017 \u201ccorreu bem\u201d","isPartOf":{"@id":"https:\/\/www.altominho.tv\/site\/#website"},"primaryImageOfPage":{"@id":"https:\/\/www.altominho.tv\/site\/2022\/03\/03\/moncao-diz-que-reconstrucao-de-casas-consumidas-pelo-fogo-de-2017-correu-bem\/#primaryimage"},"image":{"@id":"https:\/\/www.altominho.tv\/site\/2022\/03\/03\/moncao-diz-que-reconstrucao-de-casas-consumidas-pelo-fogo-de-2017-correu-bem\/#primaryimage"},"thumbnailUrl":"https:\/\/www.altominho.tv\/site\/wp-content\/uploads\/2022\/03\/Incendios-Moncao-2017.jpg","datePublished":"2022-03-03T18:01:35+00:00","dateModified":"2022-03-03T18:01:40+00:00","author":{"@id":"https:\/\/www.altominho.tv\/site\/#\/schema\/person\/63f693da3e1899361cbe955c46f3232e"},"description":"O presidente da C\u00e2mara de Mon\u00e7\u00e3o considerou que a reconstru\u00e7\u00e3o das casas do concelho afetadas pelos inc\u00eandios de 2017 \u201ccorreu bem\u201d.","breadcrumb":{"@id":"https:\/\/www.altominho.tv\/site\/2022\/03\/03\/moncao-diz-que-reconstrucao-de-casas-consumidas-pelo-fogo-de-2017-correu-bem\/#breadcrumb"},"inLanguage":"pt-PT","potentialAction":[{"@type":"ReadAction","target":["https:\/\/www.altominho.tv\/site\/2022\/03\/03\/moncao-diz-que-reconstrucao-de-casas-consumidas-pelo-fogo-de-2017-correu-bem\/"]}]},{"@type":"ImageObject","inLanguage":"pt-PT","@id":"https:\/\/www.altominho.tv\/site\/2022\/03\/03\/moncao-diz-que-reconstrucao-de-casas-consumidas-pelo-fogo-de-2017-correu-bem\/#primaryimage","url":"https:\/\/www.altominho.tv\/site\/wp-content\/uploads\/2022\/03\/Incendios-Moncao-2017.jpg","contentUrl":"https:\/\/www.altominho.tv\/site\/wp-content\/uploads\/2022\/03\/Incendios-Moncao-2017.jpg","width":1134,"height":639,"caption":"IMAGEM DE ARQUIVO"},{"@type":"BreadcrumbList","@id":"https:\/\/www.altominho.tv\/site\/2022\/03\/03\/moncao-diz-que-reconstrucao-de-casas-consumidas-pelo-fogo-de-2017-correu-bem\/#breadcrumb","itemListElement":[{"@type":"ListItem","position":1,"name":"In\u00edcio","item":"https:\/\/www.altominho.tv\/site\/"},{"@type":"ListItem","position":2,"name":"Mon\u00e7\u00e3o diz que reconstru\u00e7\u00e3o de casas consumidas pelo fogo de 2017 \u201ccorreu bem\u201d"}]},{"@type":"WebSite","@id":"https:\/\/www.altominho.tv\/site\/#website","url":"https:\/\/www.altominho.tv\/site\/","name":"Altominho.tv","description":"A sua regi\u00e3o \u00e0 dist\u00e2ncia de um clique...","potentialAction":[{"@type":"SearchAction","target":{"@type":"EntryPoint","urlTemplate":"https:\/\/www.altominho.tv\/site\/?s={search_term_string}"},"query-input":{"@type":"PropertyValueSpecification","valueRequired":true,"valueName":"search_term_string"}}],"inLanguage":"pt-PT"},{"@type":"Person","@id":"https:\/\/www.altominho.tv\/site\/#\/schema\/person\/63f693da3e1899361cbe955c46f3232e","name":"Lusa","image":{"@type":"ImageObject","inLanguage":"pt-PT","@id":"https:\/\/www.altominho.tv\/site\/wp-content\/uploads\/2019\/08\/LUSA_Logo.gif","url":"https:\/\/www.altominho.tv\/site\/wp-content\/uploads\/2019\/08\/LUSA_Logo.gif","contentUrl":"https:\/\/www.altominho.tv\/site\/wp-content\/uploads\/2019\/08\/LUSA_Logo.gif","caption":"Lusa"},"sameAs":["http:\/\/\/\/www.altominho.tv\/site"],"url":"https:\/\/www.altominho.tv\/site\/author\/lusa\/"}]}},"_links":{"self":[{"href":"https:\/\/www.altominho.tv\/site\/wp-json\/wp\/v2\/posts\/77254","targetHints":{"allow":["GET"]}}],"collection":[{"href":"https:\/\/www.altominho.tv\/site\/wp-json\/wp\/v2\/posts"}],"about":[{"href":"https:\/\/www.altominho.tv\/site\/wp-json\/wp\/v2\/types\/post"}],"author":[{"embeddable":true,"href":"https:\/\/www.altominho.tv\/site\/wp-json\/wp\/v2\/users\/13"}],"replies":[{"embeddable":true,"href":"https:\/\/www.altominho.tv\/site\/wp-json\/wp\/v2\/comments?post=77254"}],"version-history":[{"count":0,"href":"https:\/\/www.altominho.tv\/site\/wp-json\/wp\/v2\/posts\/77254\/revisions"}],"wp:featuredmedia":[{"embeddable":true,"href":"https:\/\/www.altominho.tv\/site\/wp-json\/wp\/v2\/media\/77256"}],"wp:attachment":[{"href":"https:\/\/www.altominho.tv\/site\/wp-json\/wp\/v2\/media?parent=77254"}],"wp:term":[{"taxonomy":"category","embeddable":true,"href":"https:\/\/www.altominho.tv\/site\/wp-json\/wp\/v2\/categories?post=77254"},{"taxonomy":"post_tag","embeddable":true,"href":"https:\/\/www.altominho.tv\/site\/wp-json\/wp\/v2\/tags?post=77254"}],"curies":[{"name":"wp","href":"https:\/\/api.w.org\/{rel}","templated":true}]}}