{"id":77210,"date":"2022-03-03T09:57:33","date_gmt":"2022-03-03T09:57:33","guid":{"rendered":"https:\/\/www.altominho.tv\/site\/?p=77210"},"modified":"2022-03-03T09:57:37","modified_gmt":"2022-03-03T09:57:37","slug":"cim-do-alto-minho-cria-unidade-de-missao-de-apoio-humanitario-a-ucrania","status":"publish","type":"post","link":"https:\/\/www.altominho.tv\/site\/2022\/03\/03\/cim-do-alto-minho-cria-unidade-de-missao-de-apoio-humanitario-a-ucrania\/","title":{"rendered":"CIM do Alto Minho cria unidade de miss\u00e3o de apoio humanit\u00e1rio \u00e0 Ucr\u00e2nia"},"content":{"rendered":"<p>A Comunidade Intermunicipal (CIM) do Alto Minho decidiu p\u00f4r em pr\u00e1tica um plano de a\u00e7\u00e3o integrado \u00e0 escala intermunicipal para provis\u00e3o de ajuda humanit\u00e1ria \u00e0 Ucr\u00e2nia.<\/p>\n<p>Em comunicado, a CIM do Alto Minho explica que foi constitu\u00edda uma &#8220;unidade de miss\u00e3o que agrega representantes de entidades intermunicipais como a CIM do Alto Minho, o Comando Distrital de Opera\u00e7\u00f5es e Socorro (CDOS) de Viana do Castelo e o Banco Alimentar de Viana do Castelo, com capacidade de articular com as diversas entidades de \u00e2mbito local, regional e nacional&#8221;.<\/p>\n<p>A iniciativa surge ap\u00f3s uma reuni\u00e3o de car\u00e1ter extraordin\u00e1rio, que decorreu na quarta-feira, em Ponte de Lima, com a presen\u00e7a de diversos atores regionais com atua\u00e7\u00e3o no territ\u00f3rio em v\u00e1rias \u00e1reas.<\/p>\n<p>O presidente da CIM do Alto Minho, Manoel Batista, citado na nota enviada \u00e0 imprensa, salientou a import\u00e2ncia de \u201csaber organizar\u201d para que a a\u00e7\u00e3o conjunta de apoio \u00e0 Ucr\u00e2nia seja bem-sucedida e referiu que, &#8220;numa primeira inst\u00e2ncia, \u00e9 preciso perceber o que faz sentido em termos de ajuda humanit\u00e1ria para evitar a duplica\u00e7\u00e3o de esfor\u00e7os e recursos&#8221;.<\/p>\n<p>&#8220;Para a operacionaliza\u00e7\u00e3o do plano de a\u00e7\u00e3o integrado, foi proposta uma estrutura com quatro eixos de interven\u00e7\u00e3o, nomeadamente para prevenir e acolher, gerir e acompanhar, nivelar e projetar e comunicar e informar&#8221;, especifica a entidade.<\/p>\n<p>Ao n\u00edvel do primeiro eixo, \u201cprevenir e acolher\u201d, a a\u00e7\u00e3o conjunta do Alto Minho passar\u00e1 pela identifica\u00e7\u00e3o da capacidade de alojamento no territ\u00f3rio, para alojamento tempor\u00e1rio de refugiados ucranianos (indiv\u00edduos isolados ou fam\u00edlia), pela sinaliza\u00e7\u00e3o e disponibiliza\u00e7\u00e3o de servi\u00e7o de alimenta\u00e7\u00e3o e pela recolha integrada de bens alimentares e outros, em articula\u00e7\u00e3o com o Banco Alimentar de Viana do Castelo e em colabora\u00e7\u00e3o com a rede social de cada munic\u00edpio, entre outras entidades.<\/p>\n<p>O eixo \u201cgerir e acompanhar\u201d prev\u00ea a cria\u00e7\u00e3o de uma bolsa de volunt\u00e1rio local, privilegiando ucranianos e luso-ucranianos, e a prepara\u00e7\u00e3o de um protocolo de colabora\u00e7\u00e3o (entre a CIM do Alto Minho, munic\u00edpios e outras entidades) para refor\u00e7o de recursos humanos para acompanhamento t\u00e9cnico, caso a situa\u00e7\u00e3o assim o justifique.<\/p>\n<p>A operacionaliza\u00e7\u00e3o do eixo \u201cnivelar e projetar\u201d incidir\u00e1 nas \u00e1reas da educa\u00e7\u00e3o\/ensino e do mercado de trabalho, pretendendo-se, por um lado, a articula\u00e7\u00e3o com os estabelecimentos de ensino nos diversos n\u00edveis de escolaridade, para poderem receber crian\u00e7as e jovens em idade escolar, mas tamb\u00e9m ao n\u00edvel da forma\u00e7\u00e3o superior. Por outro lado, visa a articula\u00e7\u00e3o com diversas entidades no setor do emprego e mercado de trabalho, para identificar vagas de emprego dispon\u00edveis.<\/p>\n<p>J\u00e1 o eixo \u201ccomunicar e informar\u201d materializar-se-\u00e1 atrav\u00e9s da cria\u00e7\u00e3o de uma ferramenta que agregue informa\u00e7\u00e3o sobre os diversos apoios e medidas a dinamizar e respetivos pontos de contacto, tendo em vista o acolhimento e a integra\u00e7\u00e3o do povo ucraniano nas melhores condi\u00e7\u00f5es.<\/p>\n<p>Esta quinta-feira realiza-se a primeira reuni\u00e3o de trabalho da referida unidade de miss\u00e3o e tamb\u00e9m uma reuni\u00e3o com os 10 munic\u00edpios do Alto Minho, no sentido de avan\u00e7ar com as primeiras medidas do plano ao n\u00edvel do eixo I, em particular no que diz respeito \u00e0 recolha integrada de bens alimentares e outros.<\/p>\n","protected":false},"excerpt":{"rendered":"<p>A Comunidade Intermunicipal (CIM) do Alto Minho decidiu p\u00f4r em pr\u00e1tica um plano de a\u00e7\u00e3o integrado \u00e0 escala intermunicipal para provis\u00e3o de ajuda humanit\u00e1ria \u00e0 Ucr\u00e2nia. Em comunicado, a CIM do Alto Minho explica que foi constitu\u00edda uma &#8220;unidade de miss\u00e3o que agrega representantes de entidades intermunicipais como a CIM do Alto Minho, o Comando [&hellip;]<\/p>\n","protected":false},"author":12,"featured_media":77211,"comment_status":"closed","ping_status":"closed","sticky":false,"template":"","format":"standard","meta":{"_exactmetrics_skip_tracking":false,"footnotes":""},"categories":[73],"tags":[27],"class_list":["post-77210","post","type-post","status-publish","format-standard","has-post-thumbnail","hentry","category-alto-minho","tag-sociedade"],"yoast_head":"<!-- This site is optimized with the Yoast SEO Premium plugin v28.3 (Yoast SEO v28.3) - https:\/\/yoast.com\/product\/yoast-seo-premium-wordpress\/ -->\n<title>CIM do Alto Minho cria unidade de miss\u00e3o de apoio humanit\u00e1rio \u00e0 Ucr\u00e2nia<\/title>\n<meta name=\"description\" content=\"A Comunidade Intermunicipal do Alto Minho decidiu p\u00f4r em pr\u00e1tica um plano de a\u00e7\u00e3o para provis\u00e3o de ajuda humanit\u00e1ria \u00e0 Ucr\u00e2nia\" \/>\n<meta name=\"robots\" content=\"index, follow, max-snippet:-1, max-image-preview:large, max-video-preview:-1\" \/>\n<link rel=\"canonical\" href=\"https:\/\/www.altominho.tv\/site\/2022\/03\/03\/cim-do-alto-minho-cria-unidade-de-missao-de-apoio-humanitario-a-ucrania\/\" \/>\n<meta property=\"og:locale\" content=\"pt_PT\" \/>\n<meta property=\"og:type\" content=\"article\" \/>\n<meta property=\"og:title\" content=\"CIM do Alto Minho cria unidade de miss\u00e3o de apoio humanit\u00e1rio \u00e0 Ucr\u00e2nia\" \/>\n<meta property=\"og:description\" content=\"A Comunidade Intermunicipal do Alto Minho decidiu p\u00f4r em pr\u00e1tica um plano de a\u00e7\u00e3o para provis\u00e3o de ajuda humanit\u00e1ria \u00e0 Ucr\u00e2nia\" \/>\n<meta property=\"og:url\" content=\"https:\/\/www.altominho.tv\/site\/2022\/03\/03\/cim-do-alto-minho-cria-unidade-de-missao-de-apoio-humanitario-a-ucrania\/\" \/>\n<meta property=\"og:site_name\" content=\"Altominho.tv\" \/>\n<meta property=\"article:publisher\" content=\"https:\/\/www.facebook.com\/altominhotv\" \/>\n<meta property=\"article:published_time\" content=\"2022-03-03T09:57:33+00:00\" \/>\n<meta property=\"article:modified_time\" content=\"2022-03-03T09:57:37+00:00\" \/>\n<meta property=\"og:image\" content=\"https:\/\/www.altominho.tv\/site\/wp-content\/uploads\/2022\/03\/reuniao_cim_alto_minho.jpg\" \/>\n\t<meta property=\"og:image:width\" content=\"1080\" \/>\n\t<meta property=\"og:image:height\" content=\"608\" \/>\n\t<meta property=\"og:image:type\" content=\"image\/jpeg\" \/>\n<meta name=\"author\" content=\"Andreia Ferreira\" \/>\n<meta name=\"twitter:card\" content=\"summary_large_image\" \/>\n<meta name=\"twitter:creator\" content=\"@altominhoTV\" \/>\n<meta name=\"twitter:site\" content=\"@altominhoTV\" \/>\n<meta name=\"twitter:label1\" content=\"Escrito por\" \/>\n\t<meta name=\"twitter:data1\" content=\"Andreia Ferreira\" \/>\n\t<meta name=\"twitter:label2\" content=\"Tempo estimado de leitura\" \/>\n\t<meta name=\"twitter:data2\" content=\"3 minutos\" \/>\n<script type=\"application\/ld+json\" class=\"yoast-schema-graph\">{\"@context\":\"https:\\\/\\\/schema.org\",\"@graph\":[{\"@type\":\"Article\",\"@id\":\"https:\\\/\\\/www.altominho.tv\\\/site\\\/2022\\\/03\\\/03\\\/cim-do-alto-minho-cria-unidade-de-missao-de-apoio-humanitario-a-ucrania\\\/#article\",\"isPartOf\":{\"@id\":\"https:\\\/\\\/www.altominho.tv\\\/site\\\/2022\\\/03\\\/03\\\/cim-do-alto-minho-cria-unidade-de-missao-de-apoio-humanitario-a-ucrania\\\/\"},\"author\":{\"name\":\"Andreia Ferreira\",\"@id\":\"https:\\\/\\\/www.altominho.tv\\\/site\\\/#\\\/schema\\\/person\\\/d9be4265364723f14ea8e0d56a1d38cd\"},\"headline\":\"CIM do Alto Minho cria unidade de miss\u00e3o de apoio humanit\u00e1rio \u00e0 Ucr\u00e2nia\",\"datePublished\":\"2022-03-03T09:57:33+00:00\",\"dateModified\":\"2022-03-03T09:57:37+00:00\",\"mainEntityOfPage\":{\"@id\":\"https:\\\/\\\/www.altominho.tv\\\/site\\\/2022\\\/03\\\/03\\\/cim-do-alto-minho-cria-unidade-de-missao-de-apoio-humanitario-a-ucrania\\\/\"},\"wordCount\":582,\"image\":{\"@id\":\"https:\\\/\\\/www.altominho.tv\\\/site\\\/2022\\\/03\\\/03\\\/cim-do-alto-minho-cria-unidade-de-missao-de-apoio-humanitario-a-ucrania\\\/#primaryimage\"},\"thumbnailUrl\":\"https:\\\/\\\/www.altominho.tv\\\/site\\\/wp-content\\\/uploads\\\/2022\\\/03\\\/reuniao_cim_alto_minho.jpg\",\"keywords\":[\"Sociedade\"],\"articleSection\":[\"Alto Minho\"],\"inLanguage\":\"pt-PT\",\"copyrightYear\":\"2022\",\"copyrightHolder\":{\"@id\":\"https:\\\/\\\/www.altominho.tv\\\/site\\\/#organization\"}},{\"@type\":\"WebPage\",\"@id\":\"https:\\\/\\\/www.altominho.tv\\\/site\\\/2022\\\/03\\\/03\\\/cim-do-alto-minho-cria-unidade-de-missao-de-apoio-humanitario-a-ucrania\\\/\",\"url\":\"https:\\\/\\\/www.altominho.tv\\\/site\\\/2022\\\/03\\\/03\\\/cim-do-alto-minho-cria-unidade-de-missao-de-apoio-humanitario-a-ucrania\\\/\",\"name\":\"CIM do Alto Minho cria unidade de miss\u00e3o de apoio humanit\u00e1rio \u00e0 Ucr\u00e2nia\",\"isPartOf\":{\"@id\":\"https:\\\/\\\/www.altominho.tv\\\/site\\\/#website\"},\"primaryImageOfPage\":{\"@id\":\"https:\\\/\\\/www.altominho.tv\\\/site\\\/2022\\\/03\\\/03\\\/cim-do-alto-minho-cria-unidade-de-missao-de-apoio-humanitario-a-ucrania\\\/#primaryimage\"},\"image\":{\"@id\":\"https:\\\/\\\/www.altominho.tv\\\/site\\\/2022\\\/03\\\/03\\\/cim-do-alto-minho-cria-unidade-de-missao-de-apoio-humanitario-a-ucrania\\\/#primaryimage\"},\"thumbnailUrl\":\"https:\\\/\\\/www.altominho.tv\\\/site\\\/wp-content\\\/uploads\\\/2022\\\/03\\\/reuniao_cim_alto_minho.jpg\",\"datePublished\":\"2022-03-03T09:57:33+00:00\",\"dateModified\":\"2022-03-03T09:57:37+00:00\",\"author\":{\"@id\":\"https:\\\/\\\/www.altominho.tv\\\/site\\\/#\\\/schema\\\/person\\\/d9be4265364723f14ea8e0d56a1d38cd\"},\"description\":\"A Comunidade Intermunicipal do Alto Minho decidiu p\u00f4r em pr\u00e1tica um plano de a\u00e7\u00e3o para provis\u00e3o de ajuda humanit\u00e1ria \u00e0 Ucr\u00e2nia\",\"breadcrumb\":{\"@id\":\"https:\\\/\\\/www.altominho.tv\\\/site\\\/2022\\\/03\\\/03\\\/cim-do-alto-minho-cria-unidade-de-missao-de-apoio-humanitario-a-ucrania\\\/#breadcrumb\"},\"inLanguage\":\"pt-PT\",\"potentialAction\":[{\"@type\":\"ReadAction\",\"target\":[\"https:\\\/\\\/www.altominho.tv\\\/site\\\/2022\\\/03\\\/03\\\/cim-do-alto-minho-cria-unidade-de-missao-de-apoio-humanitario-a-ucrania\\\/\"]}]},{\"@type\":\"ImageObject\",\"inLanguage\":\"pt-PT\",\"@id\":\"https:\\\/\\\/www.altominho.tv\\\/site\\\/2022\\\/03\\\/03\\\/cim-do-alto-minho-cria-unidade-de-missao-de-apoio-humanitario-a-ucrania\\\/#primaryimage\",\"url\":\"https:\\\/\\\/www.altominho.tv\\\/site\\\/wp-content\\\/uploads\\\/2022\\\/03\\\/reuniao_cim_alto_minho.jpg\",\"contentUrl\":\"https:\\\/\\\/www.altominho.tv\\\/site\\\/wp-content\\\/uploads\\\/2022\\\/03\\\/reuniao_cim_alto_minho.jpg\",\"width\":1080,\"height\":608,\"caption\":\"CIM ALTO MINHO\"},{\"@type\":\"BreadcrumbList\",\"@id\":\"https:\\\/\\\/www.altominho.tv\\\/site\\\/2022\\\/03\\\/03\\\/cim-do-alto-minho-cria-unidade-de-missao-de-apoio-humanitario-a-ucrania\\\/#breadcrumb\",\"itemListElement\":[{\"@type\":\"ListItem\",\"position\":1,\"name\":\"In\u00edcio\",\"item\":\"https:\\\/\\\/www.altominho.tv\\\/site\\\/\"},{\"@type\":\"ListItem\",\"position\":2,\"name\":\"CIM do Alto Minho cria unidade de miss\u00e3o de apoio humanit\u00e1rio \u00e0 Ucr\u00e2nia\"}]},{\"@type\":\"WebSite\",\"@id\":\"https:\\\/\\\/www.altominho.tv\\\/site\\\/#website\",\"url\":\"https:\\\/\\\/www.altominho.tv\\\/site\\\/\",\"name\":\"Altominho.tv\",\"description\":\"A sua regi\u00e3o \u00e0 dist\u00e2ncia de um clique...\",\"potentialAction\":[{\"@type\":\"SearchAction\",\"target\":{\"@type\":\"EntryPoint\",\"urlTemplate\":\"https:\\\/\\\/www.altominho.tv\\\/site\\\/?s={search_term_string}\"},\"query-input\":{\"@type\":\"PropertyValueSpecification\",\"valueRequired\":true,\"valueName\":\"search_term_string\"}}],\"inLanguage\":\"pt-PT\"},{\"@type\":\"Person\",\"@id\":\"https:\\\/\\\/www.altominho.tv\\\/site\\\/#\\\/schema\\\/person\\\/d9be4265364723f14ea8e0d56a1d38cd\",\"name\":\"Andreia Ferreira\",\"image\":{\"@type\":\"ImageObject\",\"inLanguage\":\"pt-PT\",\"@id\":\"https:\\\/\\\/www.altominho.tv\\\/site\\\/wp-content\\\/uploads\\\/2021\\\/01\\\/AndreiaFerreira-150x150.jpg\",\"url\":\"https:\\\/\\\/www.altominho.tv\\\/site\\\/wp-content\\\/uploads\\\/2021\\\/01\\\/AndreiaFerreira-150x150.jpg\",\"contentUrl\":\"https:\\\/\\\/www.altominho.tv\\\/site\\\/wp-content\\\/uploads\\\/2021\\\/01\\\/AndreiaFerreira-150x150.jpg\",\"caption\":\"Andreia Ferreira\"},\"url\":\"https:\\\/\\\/www.altominho.tv\\\/site\\\/author\\\/andreiaferreira\\\/\"}]}<\/script>\n<!-- \/ Yoast SEO Premium plugin. -->","yoast_head_json":{"title":"CIM do Alto Minho cria unidade de miss\u00e3o de apoio humanit\u00e1rio \u00e0 Ucr\u00e2nia","description":"A Comunidade Intermunicipal do Alto Minho decidiu p\u00f4r em pr\u00e1tica um plano de a\u00e7\u00e3o para provis\u00e3o de ajuda humanit\u00e1ria \u00e0 Ucr\u00e2nia","robots":{"index":"index","follow":"follow","max-snippet":"max-snippet:-1","max-image-preview":"max-image-preview:large","max-video-preview":"max-video-preview:-1"},"canonical":"https:\/\/www.altominho.tv\/site\/2022\/03\/03\/cim-do-alto-minho-cria-unidade-de-missao-de-apoio-humanitario-a-ucrania\/","og_locale":"pt_PT","og_type":"article","og_title":"CIM do Alto Minho cria unidade de miss\u00e3o de apoio humanit\u00e1rio \u00e0 Ucr\u00e2nia","og_description":"A Comunidade Intermunicipal do Alto Minho decidiu p\u00f4r em pr\u00e1tica um plano de a\u00e7\u00e3o para provis\u00e3o de ajuda humanit\u00e1ria \u00e0 Ucr\u00e2nia","og_url":"https:\/\/www.altominho.tv\/site\/2022\/03\/03\/cim-do-alto-minho-cria-unidade-de-missao-de-apoio-humanitario-a-ucrania\/","og_site_name":"Altominho.tv","article_publisher":"https:\/\/www.facebook.com\/altominhotv","article_published_time":"2022-03-03T09:57:33+00:00","article_modified_time":"2022-03-03T09:57:37+00:00","og_image":[{"width":1080,"height":608,"url":"https:\/\/www.altominho.tv\/site\/wp-content\/uploads\/2022\/03\/reuniao_cim_alto_minho.jpg","type":"image\/jpeg"}],"author":"Andreia Ferreira","twitter_card":"summary_large_image","twitter_creator":"@altominhoTV","twitter_site":"@altominhoTV","twitter_misc":{"Escrito por":"Andreia Ferreira","Tempo estimado de leitura":"3 minutos"},"schema":{"@context":"https:\/\/schema.org","@graph":[{"@type":"Article","@id":"https:\/\/www.altominho.tv\/site\/2022\/03\/03\/cim-do-alto-minho-cria-unidade-de-missao-de-apoio-humanitario-a-ucrania\/#article","isPartOf":{"@id":"https:\/\/www.altominho.tv\/site\/2022\/03\/03\/cim-do-alto-minho-cria-unidade-de-missao-de-apoio-humanitario-a-ucrania\/"},"author":{"name":"Andreia Ferreira","@id":"https:\/\/www.altominho.tv\/site\/#\/schema\/person\/d9be4265364723f14ea8e0d56a1d38cd"},"headline":"CIM do Alto Minho cria unidade de miss\u00e3o de apoio humanit\u00e1rio \u00e0 Ucr\u00e2nia","datePublished":"2022-03-03T09:57:33+00:00","dateModified":"2022-03-03T09:57:37+00:00","mainEntityOfPage":{"@id":"https:\/\/www.altominho.tv\/site\/2022\/03\/03\/cim-do-alto-minho-cria-unidade-de-missao-de-apoio-humanitario-a-ucrania\/"},"wordCount":582,"image":{"@id":"https:\/\/www.altominho.tv\/site\/2022\/03\/03\/cim-do-alto-minho-cria-unidade-de-missao-de-apoio-humanitario-a-ucrania\/#primaryimage"},"thumbnailUrl":"https:\/\/www.altominho.tv\/site\/wp-content\/uploads\/2022\/03\/reuniao_cim_alto_minho.jpg","keywords":["Sociedade"],"articleSection":["Alto Minho"],"inLanguage":"pt-PT","copyrightYear":"2022","copyrightHolder":{"@id":"https:\/\/www.altominho.tv\/site\/#organization"}},{"@type":"WebPage","@id":"https:\/\/www.altominho.tv\/site\/2022\/03\/03\/cim-do-alto-minho-cria-unidade-de-missao-de-apoio-humanitario-a-ucrania\/","url":"https:\/\/www.altominho.tv\/site\/2022\/03\/03\/cim-do-alto-minho-cria-unidade-de-missao-de-apoio-humanitario-a-ucrania\/","name":"CIM do Alto Minho cria unidade de miss\u00e3o de apoio humanit\u00e1rio \u00e0 Ucr\u00e2nia","isPartOf":{"@id":"https:\/\/www.altominho.tv\/site\/#website"},"primaryImageOfPage":{"@id":"https:\/\/www.altominho.tv\/site\/2022\/03\/03\/cim-do-alto-minho-cria-unidade-de-missao-de-apoio-humanitario-a-ucrania\/#primaryimage"},"image":{"@id":"https:\/\/www.altominho.tv\/site\/2022\/03\/03\/cim-do-alto-minho-cria-unidade-de-missao-de-apoio-humanitario-a-ucrania\/#primaryimage"},"thumbnailUrl":"https:\/\/www.altominho.tv\/site\/wp-content\/uploads\/2022\/03\/reuniao_cim_alto_minho.jpg","datePublished":"2022-03-03T09:57:33+00:00","dateModified":"2022-03-03T09:57:37+00:00","author":{"@id":"https:\/\/www.altominho.tv\/site\/#\/schema\/person\/d9be4265364723f14ea8e0d56a1d38cd"},"description":"A Comunidade Intermunicipal do Alto Minho decidiu p\u00f4r em pr\u00e1tica um plano de a\u00e7\u00e3o para provis\u00e3o de ajuda humanit\u00e1ria \u00e0 Ucr\u00e2nia","breadcrumb":{"@id":"https:\/\/www.altominho.tv\/site\/2022\/03\/03\/cim-do-alto-minho-cria-unidade-de-missao-de-apoio-humanitario-a-ucrania\/#breadcrumb"},"inLanguage":"pt-PT","potentialAction":[{"@type":"ReadAction","target":["https:\/\/www.altominho.tv\/site\/2022\/03\/03\/cim-do-alto-minho-cria-unidade-de-missao-de-apoio-humanitario-a-ucrania\/"]}]},{"@type":"ImageObject","inLanguage":"pt-PT","@id":"https:\/\/www.altominho.tv\/site\/2022\/03\/03\/cim-do-alto-minho-cria-unidade-de-missao-de-apoio-humanitario-a-ucrania\/#primaryimage","url":"https:\/\/www.altominho.tv\/site\/wp-content\/uploads\/2022\/03\/reuniao_cim_alto_minho.jpg","contentUrl":"https:\/\/www.altominho.tv\/site\/wp-content\/uploads\/2022\/03\/reuniao_cim_alto_minho.jpg","width":1080,"height":608,"caption":"CIM ALTO MINHO"},{"@type":"BreadcrumbList","@id":"https:\/\/www.altominho.tv\/site\/2022\/03\/03\/cim-do-alto-minho-cria-unidade-de-missao-de-apoio-humanitario-a-ucrania\/#breadcrumb","itemListElement":[{"@type":"ListItem","position":1,"name":"In\u00edcio","item":"https:\/\/www.altominho.tv\/site\/"},{"@type":"ListItem","position":2,"name":"CIM do Alto Minho cria unidade de miss\u00e3o de apoio humanit\u00e1rio \u00e0 Ucr\u00e2nia"}]},{"@type":"WebSite","@id":"https:\/\/www.altominho.tv\/site\/#website","url":"https:\/\/www.altominho.tv\/site\/","name":"Altominho.tv","description":"A sua regi\u00e3o \u00e0 dist\u00e2ncia de um clique...","potentialAction":[{"@type":"SearchAction","target":{"@type":"EntryPoint","urlTemplate":"https:\/\/www.altominho.tv\/site\/?s={search_term_string}"},"query-input":{"@type":"PropertyValueSpecification","valueRequired":true,"valueName":"search_term_string"}}],"inLanguage":"pt-PT"},{"@type":"Person","@id":"https:\/\/www.altominho.tv\/site\/#\/schema\/person\/d9be4265364723f14ea8e0d56a1d38cd","name":"Andreia Ferreira","image":{"@type":"ImageObject","inLanguage":"pt-PT","@id":"https:\/\/www.altominho.tv\/site\/wp-content\/uploads\/2021\/01\/AndreiaFerreira-150x150.jpg","url":"https:\/\/www.altominho.tv\/site\/wp-content\/uploads\/2021\/01\/AndreiaFerreira-150x150.jpg","contentUrl":"https:\/\/www.altominho.tv\/site\/wp-content\/uploads\/2021\/01\/AndreiaFerreira-150x150.jpg","caption":"Andreia Ferreira"},"url":"https:\/\/www.altominho.tv\/site\/author\/andreiaferreira\/"}]}},"_links":{"self":[{"href":"https:\/\/www.altominho.tv\/site\/wp-json\/wp\/v2\/posts\/77210","targetHints":{"allow":["GET"]}}],"collection":[{"href":"https:\/\/www.altominho.tv\/site\/wp-json\/wp\/v2\/posts"}],"about":[{"href":"https:\/\/www.altominho.tv\/site\/wp-json\/wp\/v2\/types\/post"}],"author":[{"embeddable":true,"href":"https:\/\/www.altominho.tv\/site\/wp-json\/wp\/v2\/users\/12"}],"replies":[{"embeddable":true,"href":"https:\/\/www.altominho.tv\/site\/wp-json\/wp\/v2\/comments?post=77210"}],"version-history":[{"count":0,"href":"https:\/\/www.altominho.tv\/site\/wp-json\/wp\/v2\/posts\/77210\/revisions"}],"wp:featuredmedia":[{"embeddable":true,"href":"https:\/\/www.altominho.tv\/site\/wp-json\/wp\/v2\/media\/77211"}],"wp:attachment":[{"href":"https:\/\/www.altominho.tv\/site\/wp-json\/wp\/v2\/media?parent=77210"}],"wp:term":[{"taxonomy":"category","embeddable":true,"href":"https:\/\/www.altominho.tv\/site\/wp-json\/wp\/v2\/categories?post=77210"},{"taxonomy":"post_tag","embeddable":true,"href":"https:\/\/www.altominho.tv\/site\/wp-json\/wp\/v2\/tags?post=77210"}],"curies":[{"name":"wp","href":"https:\/\/api.w.org\/{rel}","templated":true}]}}