{"id":77179,"date":"2022-03-02T14:59:37","date_gmt":"2022-03-02T14:59:37","guid":{"rendered":"https:\/\/www.altominho.tv\/site\/?p=77179"},"modified":"2022-03-02T15:03:49","modified_gmt":"2022-03-02T15:03:49","slug":"internamentos-enfermaria-sobem-8-833-infecoes-25-mortos","status":"publish","type":"post","link":"https:\/\/www.altominho.tv\/site\/2022\/03\/02\/internamentos-enfermaria-sobem-8-833-infecoes-25-mortos\/","title":{"rendered":"Internamentos em enfermaria sobem, 8.833 novas infe\u00e7\u00f5es e mais 25 mortos"},"content":{"rendered":"<p>Portugal regista esta quarta-feira mais 8.833 casos de COVID-19 e 25 \u00f3bitos associados \u00e0 doen\u00e7a, segundo o \u00a0\u00faltimo relat\u00f3rio da Dire\u00e7\u00e3o-Geral da Sa\u00fade (DGS) divulgado hoje.<\/p>\n<p>Desde mar\u00e7o de 2020, morreram 21.111 pessoas com esta patologia em territ\u00f3rio nacional e foram identificados 3.282.457 casos de infe\u00e7\u00e3o pelo v\u00edrus SARS-CoV-2.<\/p>\n<p>De acordo com o \u00faltimo relat\u00f3rio oficial, registaram-se mais 679 casos de recupera\u00e7\u00e3o nas \u00faltimas 24 horas. Ao todo h\u00e1 agora 2.787.805 doentes recuperados da doen\u00e7a em Portugal.<\/p>\n<p>A regi\u00e3o de Lisboa e Vale do Tejo (LVT) \u00e9 a \u00e1rea do pa\u00eds com mais novas notifica\u00e7\u00f5es, num total de 39,1% dos diagn\u00f3sticos.<\/p>\n","protected":false},"excerpt":{"rendered":"<p>Portugal regista esta quarta-feira mais 8.833 casos de COVID-19 e 25 \u00f3bitos associados \u00e0 doen\u00e7a, segundo o \u00a0\u00faltimo relat\u00f3rio da Dire\u00e7\u00e3o-Geral da Sa\u00fade (DGS) divulgado hoje. Desde mar\u00e7o de 2020, morreram 21.111 pessoas com esta patologia em territ\u00f3rio nacional e foram identificados 3.282.457 casos de infe\u00e7\u00e3o pelo v\u00edrus SARS-CoV-2. De acordo com o \u00faltimo relat\u00f3rio [&hellip;]<\/p>\n","protected":false},"author":13,"featured_media":76389,"comment_status":"closed","ping_status":"closed","sticky":false,"template":"","format":"standard","meta":{"_exactmetrics_skip_tracking":false,"_exactmetrics_sitenote_active":false,"_exactmetrics_sitenote_note":"","_exactmetrics_sitenote_category":0,"footnotes":""},"categories":[42722],"tags":[26,27],"class_list":["post-77179","post","type-post","status-publish","format-standard","has-post-thumbnail","hentry","category-covid-19","tag-saude","tag-sociedade"],"yoast_head":"<!-- This site is optimized with the Yoast SEO Premium plugin v27.4 (Yoast SEO v27.4) - https:\/\/yoast.com\/product\/yoast-seo-premium-wordpress\/ -->\n<title>Internamentos em enfermaria sobem, 8.833 novas infe\u00e7\u00f5es e mais 25 mortos<\/title>\n<meta name=\"description\" content=\"Portugal registou 8.833 novas infe\u00e7\u00f5es com o coronav\u00edrus SARS-CoV-2 nas \u00faltimas 24 horas.\" \/>\n<meta name=\"robots\" content=\"index, follow, max-snippet:-1, max-image-preview:large, max-video-preview:-1\" \/>\n<link rel=\"canonical\" href=\"https:\/\/www.altominho.tv\/site\/2022\/03\/02\/internamentos-enfermaria-sobem-8-833-infecoes-25-mortos\/\" \/>\n<meta property=\"og:locale\" content=\"pt_PT\" \/>\n<meta property=\"og:type\" content=\"article\" \/>\n<meta property=\"og:title\" content=\"Internamentos em enfermaria sobem, 8.833 novas infe\u00e7\u00f5es e mais 25 mortos\" \/>\n<meta property=\"og:description\" content=\"Portugal registou 8.833 novas infe\u00e7\u00f5es com o coronav\u00edrus SARS-CoV-2 nas \u00faltimas 24 horas.\" \/>\n<meta property=\"og:url\" content=\"https:\/\/www.altominho.tv\/site\/2022\/03\/02\/internamentos-enfermaria-sobem-8-833-infecoes-25-mortos\/\" \/>\n<meta property=\"og:site_name\" content=\"Altominho.tv\" \/>\n<meta property=\"article:publisher\" content=\"https:\/\/www.facebook.com\/altominhotv\" \/>\n<meta property=\"article:published_time\" content=\"2022-03-02T14:59:37+00:00\" \/>\n<meta property=\"article:modified_time\" content=\"2022-03-02T15:03:49+00:00\" \/>\n<meta property=\"og:image\" content=\"https:\/\/www.altominho.tv\/site\/wp-content\/uploads\/2022\/02\/covid-hospitais-1.jpg\" \/>\n\t<meta property=\"og:image:width\" content=\"800\" \/>\n\t<meta property=\"og:image:height\" content=\"533\" \/>\n\t<meta property=\"og:image:type\" content=\"image\/jpeg\" \/>\n<meta name=\"author\" content=\"Lusa\" \/>\n<meta name=\"twitter:card\" content=\"summary_large_image\" \/>\n<meta name=\"twitter:creator\" content=\"@altominhoTV\" \/>\n<meta name=\"twitter:site\" content=\"@altominhoTV\" \/>\n<meta name=\"twitter:label1\" content=\"Escrito por\" \/>\n\t<meta name=\"twitter:data1\" content=\"Lusa\" \/>\n\t<meta name=\"twitter:label2\" content=\"Tempo estimado de leitura\" \/>\n\t<meta name=\"twitter:data2\" content=\"1 minuto\" \/>\n<script type=\"application\/ld+json\" class=\"yoast-schema-graph\">{\"@context\":\"https:\\\/\\\/schema.org\",\"@graph\":[{\"@type\":\"Article\",\"@id\":\"https:\\\/\\\/www.altominho.tv\\\/site\\\/2022\\\/03\\\/02\\\/internamentos-enfermaria-sobem-8-833-infecoes-25-mortos\\\/#article\",\"isPartOf\":{\"@id\":\"https:\\\/\\\/www.altominho.tv\\\/site\\\/2022\\\/03\\\/02\\\/internamentos-enfermaria-sobem-8-833-infecoes-25-mortos\\\/\"},\"author\":{\"name\":\"Lusa\",\"@id\":\"https:\\\/\\\/www.altominho.tv\\\/site\\\/#\\\/schema\\\/person\\\/63f693da3e1899361cbe955c46f3232e\"},\"headline\":\"Internamentos em enfermaria sobem, 8.833 novas infe\u00e7\u00f5es e mais 25 mortos\",\"datePublished\":\"2022-03-02T14:59:37+00:00\",\"dateModified\":\"2022-03-02T15:03:49+00:00\",\"mainEntityOfPage\":{\"@id\":\"https:\\\/\\\/www.altominho.tv\\\/site\\\/2022\\\/03\\\/02\\\/internamentos-enfermaria-sobem-8-833-infecoes-25-mortos\\\/\"},\"wordCount\":115,\"image\":{\"@id\":\"https:\\\/\\\/www.altominho.tv\\\/site\\\/2022\\\/03\\\/02\\\/internamentos-enfermaria-sobem-8-833-infecoes-25-mortos\\\/#primaryimage\"},\"thumbnailUrl\":\"https:\\\/\\\/www.altominho.tv\\\/site\\\/wp-content\\\/uploads\\\/2022\\\/02\\\/covid-hospitais-1.jpg\",\"keywords\":[\"Sa\u00fade\",\"Sociedade\"],\"articleSection\":[\"Coronav\u00edrus\"],\"inLanguage\":\"pt-PT\",\"copyrightYear\":\"2022\",\"copyrightHolder\":{\"@id\":\"https:\\\/\\\/www.altominho.tv\\\/site\\\/#organization\"}},{\"@type\":\"WebPage\",\"@id\":\"https:\\\/\\\/www.altominho.tv\\\/site\\\/2022\\\/03\\\/02\\\/internamentos-enfermaria-sobem-8-833-infecoes-25-mortos\\\/\",\"url\":\"https:\\\/\\\/www.altominho.tv\\\/site\\\/2022\\\/03\\\/02\\\/internamentos-enfermaria-sobem-8-833-infecoes-25-mortos\\\/\",\"name\":\"Internamentos em enfermaria sobem, 8.833 novas infe\u00e7\u00f5es e mais 25 mortos\",\"isPartOf\":{\"@id\":\"https:\\\/\\\/www.altominho.tv\\\/site\\\/#website\"},\"primaryImageOfPage\":{\"@id\":\"https:\\\/\\\/www.altominho.tv\\\/site\\\/2022\\\/03\\\/02\\\/internamentos-enfermaria-sobem-8-833-infecoes-25-mortos\\\/#primaryimage\"},\"image\":{\"@id\":\"https:\\\/\\\/www.altominho.tv\\\/site\\\/2022\\\/03\\\/02\\\/internamentos-enfermaria-sobem-8-833-infecoes-25-mortos\\\/#primaryimage\"},\"thumbnailUrl\":\"https:\\\/\\\/www.altominho.tv\\\/site\\\/wp-content\\\/uploads\\\/2022\\\/02\\\/covid-hospitais-1.jpg\",\"datePublished\":\"2022-03-02T14:59:37+00:00\",\"dateModified\":\"2022-03-02T15:03:49+00:00\",\"author\":{\"@id\":\"https:\\\/\\\/www.altominho.tv\\\/site\\\/#\\\/schema\\\/person\\\/63f693da3e1899361cbe955c46f3232e\"},\"description\":\"Portugal registou 8.833 novas infe\u00e7\u00f5es com o coronav\u00edrus SARS-CoV-2 nas \u00faltimas 24 horas.\",\"breadcrumb\":{\"@id\":\"https:\\\/\\\/www.altominho.tv\\\/site\\\/2022\\\/03\\\/02\\\/internamentos-enfermaria-sobem-8-833-infecoes-25-mortos\\\/#breadcrumb\"},\"inLanguage\":\"pt-PT\",\"potentialAction\":[{\"@type\":\"ReadAction\",\"target\":[\"https:\\\/\\\/www.altominho.tv\\\/site\\\/2022\\\/03\\\/02\\\/internamentos-enfermaria-sobem-8-833-infecoes-25-mortos\\\/\"]}]},{\"@type\":\"ImageObject\",\"inLanguage\":\"pt-PT\",\"@id\":\"https:\\\/\\\/www.altominho.tv\\\/site\\\/2022\\\/03\\\/02\\\/internamentos-enfermaria-sobem-8-833-infecoes-25-mortos\\\/#primaryimage\",\"url\":\"https:\\\/\\\/www.altominho.tv\\\/site\\\/wp-content\\\/uploads\\\/2022\\\/02\\\/covid-hospitais-1.jpg\",\"contentUrl\":\"https:\\\/\\\/www.altominho.tv\\\/site\\\/wp-content\\\/uploads\\\/2022\\\/02\\\/covid-hospitais-1.jpg\",\"width\":800,\"height\":533},{\"@type\":\"BreadcrumbList\",\"@id\":\"https:\\\/\\\/www.altominho.tv\\\/site\\\/2022\\\/03\\\/02\\\/internamentos-enfermaria-sobem-8-833-infecoes-25-mortos\\\/#breadcrumb\",\"itemListElement\":[{\"@type\":\"ListItem\",\"position\":1,\"name\":\"In\u00edcio\",\"item\":\"https:\\\/\\\/www.altominho.tv\\\/site\\\/\"},{\"@type\":\"ListItem\",\"position\":2,\"name\":\"Internamentos em enfermaria sobem, 8.833 novas infe\u00e7\u00f5es e mais 25 mortos\"}]},{\"@type\":\"WebSite\",\"@id\":\"https:\\\/\\\/www.altominho.tv\\\/site\\\/#website\",\"url\":\"https:\\\/\\\/www.altominho.tv\\\/site\\\/\",\"name\":\"Altominho.tv\",\"description\":\"A sua regi\u00e3o \u00e0 dist\u00e2ncia de um clique...\",\"potentialAction\":[{\"@type\":\"SearchAction\",\"target\":{\"@type\":\"EntryPoint\",\"urlTemplate\":\"https:\\\/\\\/www.altominho.tv\\\/site\\\/?s={search_term_string}\"},\"query-input\":{\"@type\":\"PropertyValueSpecification\",\"valueRequired\":true,\"valueName\":\"search_term_string\"}}],\"inLanguage\":\"pt-PT\"},{\"@type\":\"Person\",\"@id\":\"https:\\\/\\\/www.altominho.tv\\\/site\\\/#\\\/schema\\\/person\\\/63f693da3e1899361cbe955c46f3232e\",\"name\":\"Lusa\",\"image\":{\"@type\":\"ImageObject\",\"inLanguage\":\"pt-PT\",\"@id\":\"https:\\\/\\\/www.altominho.tv\\\/site\\\/wp-content\\\/uploads\\\/2019\\\/08\\\/LUSA_Logo.gif\",\"url\":\"https:\\\/\\\/www.altominho.tv\\\/site\\\/wp-content\\\/uploads\\\/2019\\\/08\\\/LUSA_Logo.gif\",\"contentUrl\":\"https:\\\/\\\/www.altominho.tv\\\/site\\\/wp-content\\\/uploads\\\/2019\\\/08\\\/LUSA_Logo.gif\",\"caption\":\"Lusa\"},\"sameAs\":[\"http:\\\/\\\/\\\/\\\/www.altominho.tv\\\/site\"],\"url\":\"https:\\\/\\\/www.altominho.tv\\\/site\\\/author\\\/lusa\\\/\"}]}<\/script>\n<!-- \/ Yoast SEO Premium plugin. -->","yoast_head_json":{"title":"Internamentos em enfermaria sobem, 8.833 novas infe\u00e7\u00f5es e mais 25 mortos","description":"Portugal registou 8.833 novas infe\u00e7\u00f5es com o coronav\u00edrus SARS-CoV-2 nas \u00faltimas 24 horas.","robots":{"index":"index","follow":"follow","max-snippet":"max-snippet:-1","max-image-preview":"max-image-preview:large","max-video-preview":"max-video-preview:-1"},"canonical":"https:\/\/www.altominho.tv\/site\/2022\/03\/02\/internamentos-enfermaria-sobem-8-833-infecoes-25-mortos\/","og_locale":"pt_PT","og_type":"article","og_title":"Internamentos em enfermaria sobem, 8.833 novas infe\u00e7\u00f5es e mais 25 mortos","og_description":"Portugal registou 8.833 novas infe\u00e7\u00f5es com o coronav\u00edrus SARS-CoV-2 nas \u00faltimas 24 horas.","og_url":"https:\/\/www.altominho.tv\/site\/2022\/03\/02\/internamentos-enfermaria-sobem-8-833-infecoes-25-mortos\/","og_site_name":"Altominho.tv","article_publisher":"https:\/\/www.facebook.com\/altominhotv","article_published_time":"2022-03-02T14:59:37+00:00","article_modified_time":"2022-03-02T15:03:49+00:00","og_image":[{"width":800,"height":533,"url":"https:\/\/www.altominho.tv\/site\/wp-content\/uploads\/2022\/02\/covid-hospitais-1.jpg","type":"image\/jpeg"}],"author":"Lusa","twitter_card":"summary_large_image","twitter_creator":"@altominhoTV","twitter_site":"@altominhoTV","twitter_misc":{"Escrito por":"Lusa","Tempo estimado de leitura":"1 minuto"},"schema":{"@context":"https:\/\/schema.org","@graph":[{"@type":"Article","@id":"https:\/\/www.altominho.tv\/site\/2022\/03\/02\/internamentos-enfermaria-sobem-8-833-infecoes-25-mortos\/#article","isPartOf":{"@id":"https:\/\/www.altominho.tv\/site\/2022\/03\/02\/internamentos-enfermaria-sobem-8-833-infecoes-25-mortos\/"},"author":{"name":"Lusa","@id":"https:\/\/www.altominho.tv\/site\/#\/schema\/person\/63f693da3e1899361cbe955c46f3232e"},"headline":"Internamentos em enfermaria sobem, 8.833 novas infe\u00e7\u00f5es e mais 25 mortos","datePublished":"2022-03-02T14:59:37+00:00","dateModified":"2022-03-02T15:03:49+00:00","mainEntityOfPage":{"@id":"https:\/\/www.altominho.tv\/site\/2022\/03\/02\/internamentos-enfermaria-sobem-8-833-infecoes-25-mortos\/"},"wordCount":115,"image":{"@id":"https:\/\/www.altominho.tv\/site\/2022\/03\/02\/internamentos-enfermaria-sobem-8-833-infecoes-25-mortos\/#primaryimage"},"thumbnailUrl":"https:\/\/www.altominho.tv\/site\/wp-content\/uploads\/2022\/02\/covid-hospitais-1.jpg","keywords":["Sa\u00fade","Sociedade"],"articleSection":["Coronav\u00edrus"],"inLanguage":"pt-PT","copyrightYear":"2022","copyrightHolder":{"@id":"https:\/\/www.altominho.tv\/site\/#organization"}},{"@type":"WebPage","@id":"https:\/\/www.altominho.tv\/site\/2022\/03\/02\/internamentos-enfermaria-sobem-8-833-infecoes-25-mortos\/","url":"https:\/\/www.altominho.tv\/site\/2022\/03\/02\/internamentos-enfermaria-sobem-8-833-infecoes-25-mortos\/","name":"Internamentos em enfermaria sobem, 8.833 novas infe\u00e7\u00f5es e mais 25 mortos","isPartOf":{"@id":"https:\/\/www.altominho.tv\/site\/#website"},"primaryImageOfPage":{"@id":"https:\/\/www.altominho.tv\/site\/2022\/03\/02\/internamentos-enfermaria-sobem-8-833-infecoes-25-mortos\/#primaryimage"},"image":{"@id":"https:\/\/www.altominho.tv\/site\/2022\/03\/02\/internamentos-enfermaria-sobem-8-833-infecoes-25-mortos\/#primaryimage"},"thumbnailUrl":"https:\/\/www.altominho.tv\/site\/wp-content\/uploads\/2022\/02\/covid-hospitais-1.jpg","datePublished":"2022-03-02T14:59:37+00:00","dateModified":"2022-03-02T15:03:49+00:00","author":{"@id":"https:\/\/www.altominho.tv\/site\/#\/schema\/person\/63f693da3e1899361cbe955c46f3232e"},"description":"Portugal registou 8.833 novas infe\u00e7\u00f5es com o coronav\u00edrus SARS-CoV-2 nas \u00faltimas 24 horas.","breadcrumb":{"@id":"https:\/\/www.altominho.tv\/site\/2022\/03\/02\/internamentos-enfermaria-sobem-8-833-infecoes-25-mortos\/#breadcrumb"},"inLanguage":"pt-PT","potentialAction":[{"@type":"ReadAction","target":["https:\/\/www.altominho.tv\/site\/2022\/03\/02\/internamentos-enfermaria-sobem-8-833-infecoes-25-mortos\/"]}]},{"@type":"ImageObject","inLanguage":"pt-PT","@id":"https:\/\/www.altominho.tv\/site\/2022\/03\/02\/internamentos-enfermaria-sobem-8-833-infecoes-25-mortos\/#primaryimage","url":"https:\/\/www.altominho.tv\/site\/wp-content\/uploads\/2022\/02\/covid-hospitais-1.jpg","contentUrl":"https:\/\/www.altominho.tv\/site\/wp-content\/uploads\/2022\/02\/covid-hospitais-1.jpg","width":800,"height":533},{"@type":"BreadcrumbList","@id":"https:\/\/www.altominho.tv\/site\/2022\/03\/02\/internamentos-enfermaria-sobem-8-833-infecoes-25-mortos\/#breadcrumb","itemListElement":[{"@type":"ListItem","position":1,"name":"In\u00edcio","item":"https:\/\/www.altominho.tv\/site\/"},{"@type":"ListItem","position":2,"name":"Internamentos em enfermaria sobem, 8.833 novas infe\u00e7\u00f5es e mais 25 mortos"}]},{"@type":"WebSite","@id":"https:\/\/www.altominho.tv\/site\/#website","url":"https:\/\/www.altominho.tv\/site\/","name":"Altominho.tv","description":"A sua regi\u00e3o \u00e0 dist\u00e2ncia de um clique...","potentialAction":[{"@type":"SearchAction","target":{"@type":"EntryPoint","urlTemplate":"https:\/\/www.altominho.tv\/site\/?s={search_term_string}"},"query-input":{"@type":"PropertyValueSpecification","valueRequired":true,"valueName":"search_term_string"}}],"inLanguage":"pt-PT"},{"@type":"Person","@id":"https:\/\/www.altominho.tv\/site\/#\/schema\/person\/63f693da3e1899361cbe955c46f3232e","name":"Lusa","image":{"@type":"ImageObject","inLanguage":"pt-PT","@id":"https:\/\/www.altominho.tv\/site\/wp-content\/uploads\/2019\/08\/LUSA_Logo.gif","url":"https:\/\/www.altominho.tv\/site\/wp-content\/uploads\/2019\/08\/LUSA_Logo.gif","contentUrl":"https:\/\/www.altominho.tv\/site\/wp-content\/uploads\/2019\/08\/LUSA_Logo.gif","caption":"Lusa"},"sameAs":["http:\/\/\/\/www.altominho.tv\/site"],"url":"https:\/\/www.altominho.tv\/site\/author\/lusa\/"}]}},"_links":{"self":[{"href":"https:\/\/www.altominho.tv\/site\/wp-json\/wp\/v2\/posts\/77179","targetHints":{"allow":["GET"]}}],"collection":[{"href":"https:\/\/www.altominho.tv\/site\/wp-json\/wp\/v2\/posts"}],"about":[{"href":"https:\/\/www.altominho.tv\/site\/wp-json\/wp\/v2\/types\/post"}],"author":[{"embeddable":true,"href":"https:\/\/www.altominho.tv\/site\/wp-json\/wp\/v2\/users\/13"}],"replies":[{"embeddable":true,"href":"https:\/\/www.altominho.tv\/site\/wp-json\/wp\/v2\/comments?post=77179"}],"version-history":[{"count":0,"href":"https:\/\/www.altominho.tv\/site\/wp-json\/wp\/v2\/posts\/77179\/revisions"}],"wp:featuredmedia":[{"embeddable":true,"href":"https:\/\/www.altominho.tv\/site\/wp-json\/wp\/v2\/media\/76389"}],"wp:attachment":[{"href":"https:\/\/www.altominho.tv\/site\/wp-json\/wp\/v2\/media?parent=77179"}],"wp:term":[{"taxonomy":"category","embeddable":true,"href":"https:\/\/www.altominho.tv\/site\/wp-json\/wp\/v2\/categories?post=77179"},{"taxonomy":"post_tag","embeddable":true,"href":"https:\/\/www.altominho.tv\/site\/wp-json\/wp\/v2\/tags?post=77179"}],"curies":[{"name":"wp","href":"https:\/\/api.w.org\/{rel}","templated":true}]}}