{"id":77169,"date":"2022-03-02T15:03:29","date_gmt":"2022-03-02T15:03:29","guid":{"rendered":"https:\/\/www.altominho.tv\/site\/?p=77169"},"modified":"2022-03-02T15:03:31","modified_gmt":"2022-03-02T15:03:31","slug":"biblioteca-municipal-retoma-hora-do-conto-em-formato-presencial","status":"publish","type":"post","link":"https:\/\/www.altominho.tv\/site\/2022\/03\/02\/biblioteca-municipal-retoma-hora-do-conto-em-formato-presencial\/","title":{"rendered":"Biblioteca Municipal retoma &#8220;Hora do conto&#8221; em formato presencial"},"content":{"rendered":"\n<p>A partir do dia 5 de mar\u00e7o, a interativa \u2018Hora do Conto\u2019, em formato presencial, est\u00e1 de regresso \u00e0 Biblioteca Municipal de Vila Nova de Cerveira, ap\u00f3s um longo interregno devido \u00e0 pandemia Covid-19. A atividade l\u00fadico-pedag\u00f3gica gratuita acontece aos s\u00e1bados, pelas 11h00, privilegiando o envolvimento entre crian\u00e7as e familiares.<\/p>\n\n\n\n<p>As sess\u00f5es da \u2018Hora do Conto\u2019 compreendem, numa primeira abordagem, um momento de leitura, apresenta\u00e7\u00e3o da hist\u00f3ria selecionada pelos colaboradores t\u00e9cnicos da Biblioteca Municipal ou ainda por algum escritor, ilustrador ou contador de hist\u00f3rias convidado. Num segundo momento \u00e9 proposta uma explora\u00e7\u00e3o da hist\u00f3ria, de forma ativa e participativa por parte das crian\u00e7as e seus familiares, complementado com o desenvolvimento de atividades l\u00fadicas ou de express\u00e3o pl\u00e1stica. O desafio \u00e9 que pais e filhos, av\u00f3s e netos, possam ler e interpretar a hist\u00f3ria agendada em conjunto e dar asas \u00e0 imagina\u00e7\u00e3o atrav\u00e9s de um elemento interpretativo.<\/p>\n\n\n\n<p>A calendariza\u00e7\u00e3o para os pr\u00f3ximos dois meses j\u00e1 se encontra definida e as hist\u00f3rias em destaque s\u00e3o, em mar\u00e7o, \u201cFa\u00edsca &amp; Luzinhas\u201d de Alexander Bar (dia 5), \u201cTrollzarr\u00e3o\u201d de Barbara van den Speulhof e Stephan Pricken (dia 12), Espet\u00e1culo \u2013 Oficina de Dan\u00e7a \u201cMioc\u00e1rdio\u201d pela Com\u00e9dias do Minho (dia 19) e \u201cPor aqui n\u00e3o h\u00e1 crocodilos\u201d de Jonny Lambert (dia 26). Para abril, est\u00e1 agendada a hist\u00f3ria \u201cIsto n\u00e3o \u00e9 uma selva\u201d de Susanna Isern\u201d (dia 9) e \u201cO Grufal\u00e3o\u201d de Julia Donaldson (dia 16).&nbsp;<\/p>\n\n\n\n<p>Com a organiza\u00e7\u00e3o de mais uma edi\u00e7\u00e3o da Festa do Livro e da Leitura, os restantes s\u00e1bados de abril v\u00e3o ter uma programa\u00e7\u00e3o especial para escolas e comunidade em geral (<em>consultar programa pr\u00f3prio<\/em>), mas que no habitual per\u00edodo da \u2018Hora do Conto\u2019 (11h00), n\u00e3o descura a din\u00e2mica entre crian\u00e7as e familiares. Desta forma, no s\u00e1bado, 2 de abril, est\u00e1 previsto um espet\u00e1culo para beb\u00e9s, denominado \u2018Hist\u00f3rias com M\u00fasica L\u00e1 Dentro Trilogia Aves\/Ninho, como forma de assinalar o Dia Internacional do Livro Infantil, no s\u00e1bado dia 23 tamb\u00e9m est\u00e1 programado um espet\u00e1culo para beb\u00e9s e fam\u00edlias, intitulado \u2018Afinal\u2026 O Gato!\u2019, enquadrado na comemora\u00e7\u00e3o do Dia Mundial do Livro; e a 30 de abril, h\u00e1 lugar para as \u2018Hist\u00f3rias do Cinema que n\u00e3o se veem nos filmes\u2019 \u2013 Conversa com o Autor M\u00e1rio Augusto.<\/p>\n","protected":false},"excerpt":{"rendered":"<p>A partir do dia 5 de mar\u00e7o, a interativa \u2018Hora do Conto\u2019, em formato presencial, est\u00e1 de regresso \u00e0 Biblioteca Municipal de Vila Nova de Cerveira, ap\u00f3s um longo interregno devido \u00e0 pandemia Covid-19. A atividade l\u00fadico-pedag\u00f3gica gratuita acontece aos s\u00e1bados, pelas 11h00, privilegiando o envolvimento entre crian\u00e7as e familiares. As sess\u00f5es da \u2018Hora do [&hellip;]<\/p>\n","protected":false},"author":1,"featured_media":77184,"comment_status":"closed","ping_status":"closed","sticky":false,"template":"","format":"standard","meta":{"_exactmetrics_skip_tracking":false,"_exactmetrics_sitenote_active":false,"_exactmetrics_sitenote_note":"","_exactmetrics_sitenote_category":0,"footnotes":""},"categories":[15],"tags":[22,27],"class_list":["post-77169","post","type-post","status-publish","format-standard","has-post-thumbnail","hentry","category-vila-nova-de-cerveira","tag-educacao","tag-sociedade"],"yoast_head":"<!-- This site is optimized with the Yoast SEO Premium plugin v27.4 (Yoast SEO v27.4) - https:\/\/yoast.com\/product\/yoast-seo-premium-wordpress\/ -->\n<title>Biblioteca Municipal retoma &quot;Hora do conto&quot; em formato presencial<\/title>\n<meta name=\"robots\" content=\"index, follow, max-snippet:-1, max-image-preview:large, max-video-preview:-1\" \/>\n<link rel=\"canonical\" href=\"https:\/\/www.altominho.tv\/site\/2022\/03\/02\/biblioteca-municipal-retoma-hora-do-conto-em-formato-presencial\/\" \/>\n<meta property=\"og:locale\" content=\"pt_PT\" \/>\n<meta property=\"og:type\" content=\"article\" \/>\n<meta property=\"og:title\" content=\"Biblioteca Municipal retoma &quot;Hora do conto&quot; em formato presencial\" \/>\n<meta property=\"og:description\" content=\"A partir do dia 5 de mar\u00e7o, a interativa \u2018Hora do Conto\u2019, em formato presencial, est\u00e1 de regresso \u00e0 Biblioteca Municipal de Vila Nova de Cerveira, ap\u00f3s um longo interregno devido \u00e0 pandemia Covid-19. A atividade l\u00fadico-pedag\u00f3gica gratuita acontece aos s\u00e1bados, pelas 11h00, privilegiando o envolvimento entre crian\u00e7as e familiares. As sess\u00f5es da \u2018Hora do [&hellip;]\" \/>\n<meta property=\"og:url\" content=\"https:\/\/www.altominho.tv\/site\/2022\/03\/02\/biblioteca-municipal-retoma-hora-do-conto-em-formato-presencial\/\" \/>\n<meta property=\"og:site_name\" content=\"Altominho.tv\" \/>\n<meta property=\"article:publisher\" content=\"https:\/\/www.facebook.com\/altominhotv\" \/>\n<meta property=\"article:published_time\" content=\"2022-03-02T15:03:29+00:00\" \/>\n<meta property=\"article:modified_time\" content=\"2022-03-02T15:03:31+00:00\" \/>\n<meta property=\"og:image\" content=\"https:\/\/www.altominho.tv\/site\/wp-content\/uploads\/2022\/03\/HORA-DO-CONTO-scaled.jpg\" \/>\n\t<meta property=\"og:image:width\" content=\"2560\" \/>\n\t<meta property=\"og:image:height\" content=\"1707\" \/>\n\t<meta property=\"og:image:type\" content=\"image\/jpeg\" \/>\n<meta name=\"author\" content=\"Altominho.tv\" \/>\n<meta name=\"twitter:card\" content=\"summary_large_image\" \/>\n<meta name=\"twitter:creator\" content=\"@altominhoTV\" \/>\n<meta name=\"twitter:site\" content=\"@altominhoTV\" \/>\n<meta name=\"twitter:label1\" content=\"Escrito por\" \/>\n\t<meta name=\"twitter:data1\" content=\"Altominho.tv\" \/>\n\t<meta name=\"twitter:label2\" content=\"Tempo estimado de leitura\" \/>\n\t<meta name=\"twitter:data2\" content=\"2 minutos\" \/>\n<script type=\"application\/ld+json\" class=\"yoast-schema-graph\">{\"@context\":\"https:\\\/\\\/schema.org\",\"@graph\":[{\"@type\":\"Article\",\"@id\":\"https:\\\/\\\/www.altominho.tv\\\/site\\\/2022\\\/03\\\/02\\\/biblioteca-municipal-retoma-hora-do-conto-em-formato-presencial\\\/#article\",\"isPartOf\":{\"@id\":\"https:\\\/\\\/www.altominho.tv\\\/site\\\/2022\\\/03\\\/02\\\/biblioteca-municipal-retoma-hora-do-conto-em-formato-presencial\\\/\"},\"author\":{\"name\":\"Altominho.tv\",\"@id\":\"https:\\\/\\\/www.altominho.tv\\\/site\\\/#\\\/schema\\\/person\\\/4e536851627d7914baf3dac752b6af22\"},\"headline\":\"Biblioteca Municipal retoma &#8220;Hora do conto&#8221; em formato presencial\",\"datePublished\":\"2022-03-02T15:03:29+00:00\",\"dateModified\":\"2022-03-02T15:03:31+00:00\",\"mainEntityOfPage\":{\"@id\":\"https:\\\/\\\/www.altominho.tv\\\/site\\\/2022\\\/03\\\/02\\\/biblioteca-municipal-retoma-hora-do-conto-em-formato-presencial\\\/\"},\"wordCount\":416,\"image\":{\"@id\":\"https:\\\/\\\/www.altominho.tv\\\/site\\\/2022\\\/03\\\/02\\\/biblioteca-municipal-retoma-hora-do-conto-em-formato-presencial\\\/#primaryimage\"},\"thumbnailUrl\":\"https:\\\/\\\/www.altominho.tv\\\/site\\\/wp-content\\\/uploads\\\/2022\\\/03\\\/HORA-DO-CONTO-scaled.jpg\",\"keywords\":[\"Educa\u00e7\u00e3o\",\"Sociedade\"],\"articleSection\":[\"Vila Nova de Cerveira\"],\"inLanguage\":\"pt-PT\",\"copyrightYear\":\"2022\",\"copyrightHolder\":{\"@id\":\"https:\\\/\\\/www.altominho.tv\\\/site\\\/#organization\"}},{\"@type\":\"WebPage\",\"@id\":\"https:\\\/\\\/www.altominho.tv\\\/site\\\/2022\\\/03\\\/02\\\/biblioteca-municipal-retoma-hora-do-conto-em-formato-presencial\\\/\",\"url\":\"https:\\\/\\\/www.altominho.tv\\\/site\\\/2022\\\/03\\\/02\\\/biblioteca-municipal-retoma-hora-do-conto-em-formato-presencial\\\/\",\"name\":\"Biblioteca Municipal retoma \\\"Hora do conto\\\" em formato presencial\",\"isPartOf\":{\"@id\":\"https:\\\/\\\/www.altominho.tv\\\/site\\\/#website\"},\"primaryImageOfPage\":{\"@id\":\"https:\\\/\\\/www.altominho.tv\\\/site\\\/2022\\\/03\\\/02\\\/biblioteca-municipal-retoma-hora-do-conto-em-formato-presencial\\\/#primaryimage\"},\"image\":{\"@id\":\"https:\\\/\\\/www.altominho.tv\\\/site\\\/2022\\\/03\\\/02\\\/biblioteca-municipal-retoma-hora-do-conto-em-formato-presencial\\\/#primaryimage\"},\"thumbnailUrl\":\"https:\\\/\\\/www.altominho.tv\\\/site\\\/wp-content\\\/uploads\\\/2022\\\/03\\\/HORA-DO-CONTO-scaled.jpg\",\"datePublished\":\"2022-03-02T15:03:29+00:00\",\"dateModified\":\"2022-03-02T15:03:31+00:00\",\"author\":{\"@id\":\"https:\\\/\\\/www.altominho.tv\\\/site\\\/#\\\/schema\\\/person\\\/4e536851627d7914baf3dac752b6af22\"},\"breadcrumb\":{\"@id\":\"https:\\\/\\\/www.altominho.tv\\\/site\\\/2022\\\/03\\\/02\\\/biblioteca-municipal-retoma-hora-do-conto-em-formato-presencial\\\/#breadcrumb\"},\"inLanguage\":\"pt-PT\",\"potentialAction\":[{\"@type\":\"ReadAction\",\"target\":[\"https:\\\/\\\/www.altominho.tv\\\/site\\\/2022\\\/03\\\/02\\\/biblioteca-municipal-retoma-hora-do-conto-em-formato-presencial\\\/\"]}]},{\"@type\":\"ImageObject\",\"inLanguage\":\"pt-PT\",\"@id\":\"https:\\\/\\\/www.altominho.tv\\\/site\\\/2022\\\/03\\\/02\\\/biblioteca-municipal-retoma-hora-do-conto-em-formato-presencial\\\/#primaryimage\",\"url\":\"https:\\\/\\\/www.altominho.tv\\\/site\\\/wp-content\\\/uploads\\\/2022\\\/03\\\/HORA-DO-CONTO-scaled.jpg\",\"contentUrl\":\"https:\\\/\\\/www.altominho.tv\\\/site\\\/wp-content\\\/uploads\\\/2022\\\/03\\\/HORA-DO-CONTO-scaled.jpg\",\"width\":2560,\"height\":1707},{\"@type\":\"BreadcrumbList\",\"@id\":\"https:\\\/\\\/www.altominho.tv\\\/site\\\/2022\\\/03\\\/02\\\/biblioteca-municipal-retoma-hora-do-conto-em-formato-presencial\\\/#breadcrumb\",\"itemListElement\":[{\"@type\":\"ListItem\",\"position\":1,\"name\":\"In\u00edcio\",\"item\":\"https:\\\/\\\/www.altominho.tv\\\/site\\\/\"},{\"@type\":\"ListItem\",\"position\":2,\"name\":\"Biblioteca Municipal retoma &#8220;Hora do conto&#8221; em formato presencial\"}]},{\"@type\":\"WebSite\",\"@id\":\"https:\\\/\\\/www.altominho.tv\\\/site\\\/#website\",\"url\":\"https:\\\/\\\/www.altominho.tv\\\/site\\\/\",\"name\":\"Altominho.tv\",\"description\":\"A sua regi\u00e3o \u00e0 dist\u00e2ncia de um clique...\",\"potentialAction\":[{\"@type\":\"SearchAction\",\"target\":{\"@type\":\"EntryPoint\",\"urlTemplate\":\"https:\\\/\\\/www.altominho.tv\\\/site\\\/?s={search_term_string}\"},\"query-input\":{\"@type\":\"PropertyValueSpecification\",\"valueRequired\":true,\"valueName\":\"search_term_string\"}}],\"inLanguage\":\"pt-PT\"},{\"@type\":\"Person\",\"@id\":\"https:\\\/\\\/www.altominho.tv\\\/site\\\/#\\\/schema\\\/person\\\/4e536851627d7914baf3dac752b6af22\",\"name\":\"Altominho.tv\",\"image\":{\"@type\":\"ImageObject\",\"inLanguage\":\"pt-PT\",\"@id\":\"https:\\\/\\\/www.altominho.tv\\\/site\\\/wp-content\\\/uploads\\\/2019\\\/11\\\/Logo_Avatar_2-150x150.jpg\",\"url\":\"https:\\\/\\\/www.altominho.tv\\\/site\\\/wp-content\\\/uploads\\\/2019\\\/11\\\/Logo_Avatar_2-150x150.jpg\",\"contentUrl\":\"https:\\\/\\\/www.altominho.tv\\\/site\\\/wp-content\\\/uploads\\\/2019\\\/11\\\/Logo_Avatar_2-150x150.jpg\",\"caption\":\"Altominho.tv\"},\"url\":\"https:\\\/\\\/www.altominho.tv\\\/site\\\/author\\\/altominhotv-tecnico\\\/\"}]}<\/script>\n<!-- \/ Yoast SEO Premium plugin. -->","yoast_head_json":{"title":"Biblioteca Municipal retoma \"Hora do conto\" em formato presencial","robots":{"index":"index","follow":"follow","max-snippet":"max-snippet:-1","max-image-preview":"max-image-preview:large","max-video-preview":"max-video-preview:-1"},"canonical":"https:\/\/www.altominho.tv\/site\/2022\/03\/02\/biblioteca-municipal-retoma-hora-do-conto-em-formato-presencial\/","og_locale":"pt_PT","og_type":"article","og_title":"Biblioteca Municipal retoma \"Hora do conto\" em formato presencial","og_description":"A partir do dia 5 de mar\u00e7o, a interativa \u2018Hora do Conto\u2019, em formato presencial, est\u00e1 de regresso \u00e0 Biblioteca Municipal de Vila Nova de Cerveira, ap\u00f3s um longo interregno devido \u00e0 pandemia Covid-19. A atividade l\u00fadico-pedag\u00f3gica gratuita acontece aos s\u00e1bados, pelas 11h00, privilegiando o envolvimento entre crian\u00e7as e familiares. As sess\u00f5es da \u2018Hora do [&hellip;]","og_url":"https:\/\/www.altominho.tv\/site\/2022\/03\/02\/biblioteca-municipal-retoma-hora-do-conto-em-formato-presencial\/","og_site_name":"Altominho.tv","article_publisher":"https:\/\/www.facebook.com\/altominhotv","article_published_time":"2022-03-02T15:03:29+00:00","article_modified_time":"2022-03-02T15:03:31+00:00","og_image":[{"width":2560,"height":1707,"url":"https:\/\/www.altominho.tv\/site\/wp-content\/uploads\/2022\/03\/HORA-DO-CONTO-scaled.jpg","type":"image\/jpeg"}],"author":"Altominho.tv","twitter_card":"summary_large_image","twitter_creator":"@altominhoTV","twitter_site":"@altominhoTV","twitter_misc":{"Escrito por":"Altominho.tv","Tempo estimado de leitura":"2 minutos"},"schema":{"@context":"https:\/\/schema.org","@graph":[{"@type":"Article","@id":"https:\/\/www.altominho.tv\/site\/2022\/03\/02\/biblioteca-municipal-retoma-hora-do-conto-em-formato-presencial\/#article","isPartOf":{"@id":"https:\/\/www.altominho.tv\/site\/2022\/03\/02\/biblioteca-municipal-retoma-hora-do-conto-em-formato-presencial\/"},"author":{"name":"Altominho.tv","@id":"https:\/\/www.altominho.tv\/site\/#\/schema\/person\/4e536851627d7914baf3dac752b6af22"},"headline":"Biblioteca Municipal retoma &#8220;Hora do conto&#8221; em formato presencial","datePublished":"2022-03-02T15:03:29+00:00","dateModified":"2022-03-02T15:03:31+00:00","mainEntityOfPage":{"@id":"https:\/\/www.altominho.tv\/site\/2022\/03\/02\/biblioteca-municipal-retoma-hora-do-conto-em-formato-presencial\/"},"wordCount":416,"image":{"@id":"https:\/\/www.altominho.tv\/site\/2022\/03\/02\/biblioteca-municipal-retoma-hora-do-conto-em-formato-presencial\/#primaryimage"},"thumbnailUrl":"https:\/\/www.altominho.tv\/site\/wp-content\/uploads\/2022\/03\/HORA-DO-CONTO-scaled.jpg","keywords":["Educa\u00e7\u00e3o","Sociedade"],"articleSection":["Vila Nova de Cerveira"],"inLanguage":"pt-PT","copyrightYear":"2022","copyrightHolder":{"@id":"https:\/\/www.altominho.tv\/site\/#organization"}},{"@type":"WebPage","@id":"https:\/\/www.altominho.tv\/site\/2022\/03\/02\/biblioteca-municipal-retoma-hora-do-conto-em-formato-presencial\/","url":"https:\/\/www.altominho.tv\/site\/2022\/03\/02\/biblioteca-municipal-retoma-hora-do-conto-em-formato-presencial\/","name":"Biblioteca Municipal retoma \"Hora do conto\" em formato presencial","isPartOf":{"@id":"https:\/\/www.altominho.tv\/site\/#website"},"primaryImageOfPage":{"@id":"https:\/\/www.altominho.tv\/site\/2022\/03\/02\/biblioteca-municipal-retoma-hora-do-conto-em-formato-presencial\/#primaryimage"},"image":{"@id":"https:\/\/www.altominho.tv\/site\/2022\/03\/02\/biblioteca-municipal-retoma-hora-do-conto-em-formato-presencial\/#primaryimage"},"thumbnailUrl":"https:\/\/www.altominho.tv\/site\/wp-content\/uploads\/2022\/03\/HORA-DO-CONTO-scaled.jpg","datePublished":"2022-03-02T15:03:29+00:00","dateModified":"2022-03-02T15:03:31+00:00","author":{"@id":"https:\/\/www.altominho.tv\/site\/#\/schema\/person\/4e536851627d7914baf3dac752b6af22"},"breadcrumb":{"@id":"https:\/\/www.altominho.tv\/site\/2022\/03\/02\/biblioteca-municipal-retoma-hora-do-conto-em-formato-presencial\/#breadcrumb"},"inLanguage":"pt-PT","potentialAction":[{"@type":"ReadAction","target":["https:\/\/www.altominho.tv\/site\/2022\/03\/02\/biblioteca-municipal-retoma-hora-do-conto-em-formato-presencial\/"]}]},{"@type":"ImageObject","inLanguage":"pt-PT","@id":"https:\/\/www.altominho.tv\/site\/2022\/03\/02\/biblioteca-municipal-retoma-hora-do-conto-em-formato-presencial\/#primaryimage","url":"https:\/\/www.altominho.tv\/site\/wp-content\/uploads\/2022\/03\/HORA-DO-CONTO-scaled.jpg","contentUrl":"https:\/\/www.altominho.tv\/site\/wp-content\/uploads\/2022\/03\/HORA-DO-CONTO-scaled.jpg","width":2560,"height":1707},{"@type":"BreadcrumbList","@id":"https:\/\/www.altominho.tv\/site\/2022\/03\/02\/biblioteca-municipal-retoma-hora-do-conto-em-formato-presencial\/#breadcrumb","itemListElement":[{"@type":"ListItem","position":1,"name":"In\u00edcio","item":"https:\/\/www.altominho.tv\/site\/"},{"@type":"ListItem","position":2,"name":"Biblioteca Municipal retoma &#8220;Hora do conto&#8221; em formato presencial"}]},{"@type":"WebSite","@id":"https:\/\/www.altominho.tv\/site\/#website","url":"https:\/\/www.altominho.tv\/site\/","name":"Altominho.tv","description":"A sua regi\u00e3o \u00e0 dist\u00e2ncia de um clique...","potentialAction":[{"@type":"SearchAction","target":{"@type":"EntryPoint","urlTemplate":"https:\/\/www.altominho.tv\/site\/?s={search_term_string}"},"query-input":{"@type":"PropertyValueSpecification","valueRequired":true,"valueName":"search_term_string"}}],"inLanguage":"pt-PT"},{"@type":"Person","@id":"https:\/\/www.altominho.tv\/site\/#\/schema\/person\/4e536851627d7914baf3dac752b6af22","name":"Altominho.tv","image":{"@type":"ImageObject","inLanguage":"pt-PT","@id":"https:\/\/www.altominho.tv\/site\/wp-content\/uploads\/2019\/11\/Logo_Avatar_2-150x150.jpg","url":"https:\/\/www.altominho.tv\/site\/wp-content\/uploads\/2019\/11\/Logo_Avatar_2-150x150.jpg","contentUrl":"https:\/\/www.altominho.tv\/site\/wp-content\/uploads\/2019\/11\/Logo_Avatar_2-150x150.jpg","caption":"Altominho.tv"},"url":"https:\/\/www.altominho.tv\/site\/author\/altominhotv-tecnico\/"}]}},"_links":{"self":[{"href":"https:\/\/www.altominho.tv\/site\/wp-json\/wp\/v2\/posts\/77169","targetHints":{"allow":["GET"]}}],"collection":[{"href":"https:\/\/www.altominho.tv\/site\/wp-json\/wp\/v2\/posts"}],"about":[{"href":"https:\/\/www.altominho.tv\/site\/wp-json\/wp\/v2\/types\/post"}],"author":[{"embeddable":true,"href":"https:\/\/www.altominho.tv\/site\/wp-json\/wp\/v2\/users\/1"}],"replies":[{"embeddable":true,"href":"https:\/\/www.altominho.tv\/site\/wp-json\/wp\/v2\/comments?post=77169"}],"version-history":[{"count":0,"href":"https:\/\/www.altominho.tv\/site\/wp-json\/wp\/v2\/posts\/77169\/revisions"}],"wp:featuredmedia":[{"embeddable":true,"href":"https:\/\/www.altominho.tv\/site\/wp-json\/wp\/v2\/media\/77184"}],"wp:attachment":[{"href":"https:\/\/www.altominho.tv\/site\/wp-json\/wp\/v2\/media?parent=77169"}],"wp:term":[{"taxonomy":"category","embeddable":true,"href":"https:\/\/www.altominho.tv\/site\/wp-json\/wp\/v2\/categories?post=77169"},{"taxonomy":"post_tag","embeddable":true,"href":"https:\/\/www.altominho.tv\/site\/wp-json\/wp\/v2\/tags?post=77169"}],"curies":[{"name":"wp","href":"https:\/\/api.w.org\/{rel}","templated":true}]}}