{"id":77113,"date":"2022-03-01T14:34:09","date_gmt":"2022-03-01T14:34:09","guid":{"rendered":"https:\/\/www.altominho.tv\/site\/?p=77113"},"modified":"2022-03-01T14:34:14","modified_gmt":"2022-03-01T14:34:14","slug":"portugal-com-mais-23-mortes-e-mais-de-11-mil-casos-de-infecao","status":"publish","type":"post","link":"https:\/\/www.altominho.tv\/site\/2022\/03\/01\/portugal-com-mais-23-mortes-e-mais-de-11-mil-casos-de-infecao\/","title":{"rendered":"Portugal com mais 23 mortes e mais de 11 mil casos de infe\u00e7\u00e3o"},"content":{"rendered":"<p><span style=\"font-size: revert\">Mais 23 pessoas morreram por Covid-19 e confirmaram-se 11.006 novos casos de infe\u00e7\u00e3o em Portugal no \u00faltimo dia, segundo dados divulgados esta ter\u00e7a-feira pela Dire\u00e7\u00e3o-Geral da Sa\u00fade (DGS).<\/span><\/p>\n<p><span style=\"font-size: revert\">O boletim epidemiol\u00f3gico da DGS indica tamb\u00e9m que ocorreu uma descida do n\u00famero de internados. Atualmente, est\u00e3o internados 1358 pessoas, menos 120 do que na segunda-feira, enquanto nas unidades de cuidados intensivos est\u00e3o 96, menos seis.<\/span><\/p>\n<p class=\"text-paragraph\">No \u00faltimo dia, foram ainda dadas como recuperadas 1752 pessoas e o\u00a0n\u00famero de casos ativos subiu para 465.412, mais 9231 do que na atualiza\u00e7\u00e3o anterior.<\/p>\n<p>Desde o in\u00edcio da pandemia, em mar\u00e7o de 2020, o pa\u00eds contabiliza um total de 3.273.624 casos positivos, 21.086 \u00f3bitos e 2.787.126 recuperados.<\/p>\n","protected":false},"excerpt":{"rendered":"<p>Mais 23 pessoas morreram por Covid-19 e confirmaram-se 11.006 novos casos de infe\u00e7\u00e3o em Portugal no \u00faltimo dia, segundo dados divulgados esta ter\u00e7a-feira pela Dire\u00e7\u00e3o-Geral da Sa\u00fade (DGS). O boletim epidemiol\u00f3gico da DGS indica tamb\u00e9m que ocorreu uma descida do n\u00famero de internados. Atualmente, est\u00e3o internados 1358 pessoas, menos 120 do que na segunda-feira, enquanto [&hellip;]<\/p>\n","protected":false},"author":12,"featured_media":69516,"comment_status":"closed","ping_status":"closed","sticky":false,"template":"","format":"standard","meta":{"_exactmetrics_skip_tracking":false,"_exactmetrics_sitenote_active":false,"_exactmetrics_sitenote_note":"","_exactmetrics_sitenote_category":0,"footnotes":""},"categories":[42722],"tags":[26,27],"class_list":["post-77113","post","type-post","status-publish","format-standard","has-post-thumbnail","hentry","category-covid-19","tag-saude","tag-sociedade"],"yoast_head":"<!-- This site is optimized with the Yoast SEO Premium plugin v27.4 (Yoast SEO v27.4) - https:\/\/yoast.com\/product\/yoast-seo-premium-wordpress\/ -->\n<title>Portugal com mais 23 mortes e mais de 11 mil casos de infe\u00e7\u00e3o<\/title>\n<meta name=\"description\" content=\"Mais 23 pessoas morreram por Covid-19 e confirmaram-se mais 11.006 casos de infe\u00e7\u00e3o em Portugal no \u00faltimo dia.\" \/>\n<meta name=\"robots\" content=\"index, follow, max-snippet:-1, max-image-preview:large, max-video-preview:-1\" \/>\n<link rel=\"canonical\" href=\"https:\/\/www.altominho.tv\/site\/2022\/03\/01\/portugal-com-mais-23-mortes-e-mais-de-11-mil-casos-de-infecao\/\" \/>\n<meta property=\"og:locale\" content=\"pt_PT\" \/>\n<meta property=\"og:type\" content=\"article\" \/>\n<meta property=\"og:title\" content=\"Portugal com mais 23 mortes e mais de 11 mil casos de infe\u00e7\u00e3o\" \/>\n<meta property=\"og:description\" content=\"Mais 23 pessoas morreram por Covid-19 e confirmaram-se mais 11.006 casos de infe\u00e7\u00e3o em Portugal no \u00faltimo dia.\" \/>\n<meta property=\"og:url\" content=\"https:\/\/www.altominho.tv\/site\/2022\/03\/01\/portugal-com-mais-23-mortes-e-mais-de-11-mil-casos-de-infecao\/\" \/>\n<meta property=\"og:site_name\" content=\"Altominho.tv\" \/>\n<meta property=\"article:publisher\" content=\"https:\/\/www.facebook.com\/altominhotv\" \/>\n<meta property=\"article:published_time\" content=\"2022-03-01T14:34:09+00:00\" \/>\n<meta property=\"article:modified_time\" content=\"2022-03-01T14:34:14+00:00\" \/>\n<meta property=\"og:image\" content=\"https:\/\/www.altominho.tv\/site\/wp-content\/uploads\/2021\/08\/Captura-de-ecra\u0303-2021-08-24-a\u0300s-11.53.50.png\" \/>\n\t<meta property=\"og:image:width\" content=\"1276\" \/>\n\t<meta property=\"og:image:height\" content=\"653\" \/>\n\t<meta property=\"og:image:type\" content=\"image\/png\" \/>\n<meta name=\"author\" content=\"Andreia Ferreira\" \/>\n<meta name=\"twitter:card\" content=\"summary_large_image\" \/>\n<meta name=\"twitter:creator\" content=\"@altominhoTV\" \/>\n<meta name=\"twitter:site\" content=\"@altominhoTV\" \/>\n<meta name=\"twitter:label1\" content=\"Escrito por\" \/>\n\t<meta name=\"twitter:data1\" content=\"Andreia Ferreira\" \/>\n\t<meta name=\"twitter:label2\" content=\"Tempo estimado de leitura\" \/>\n\t<meta name=\"twitter:data2\" content=\"1 minuto\" \/>\n<script type=\"application\/ld+json\" class=\"yoast-schema-graph\">{\"@context\":\"https:\\\/\\\/schema.org\",\"@graph\":[{\"@type\":\"Article\",\"@id\":\"https:\\\/\\\/www.altominho.tv\\\/site\\\/2022\\\/03\\\/01\\\/portugal-com-mais-23-mortes-e-mais-de-11-mil-casos-de-infecao\\\/#article\",\"isPartOf\":{\"@id\":\"https:\\\/\\\/www.altominho.tv\\\/site\\\/2022\\\/03\\\/01\\\/portugal-com-mais-23-mortes-e-mais-de-11-mil-casos-de-infecao\\\/\"},\"author\":{\"name\":\"Andreia Ferreira\",\"@id\":\"https:\\\/\\\/www.altominho.tv\\\/site\\\/#\\\/schema\\\/person\\\/d9be4265364723f14ea8e0d56a1d38cd\"},\"headline\":\"Portugal com mais 23 mortes e mais de 11 mil casos de infe\u00e7\u00e3o\",\"datePublished\":\"2022-03-01T14:34:09+00:00\",\"dateModified\":\"2022-03-01T14:34:14+00:00\",\"mainEntityOfPage\":{\"@id\":\"https:\\\/\\\/www.altominho.tv\\\/site\\\/2022\\\/03\\\/01\\\/portugal-com-mais-23-mortes-e-mais-de-11-mil-casos-de-infecao\\\/\"},\"wordCount\":127,\"image\":{\"@id\":\"https:\\\/\\\/www.altominho.tv\\\/site\\\/2022\\\/03\\\/01\\\/portugal-com-mais-23-mortes-e-mais-de-11-mil-casos-de-infecao\\\/#primaryimage\"},\"thumbnailUrl\":\"https:\\\/\\\/www.altominho.tv\\\/site\\\/wp-content\\\/uploads\\\/2021\\\/08\\\/Captura-de-ecra\u0303-2021-08-24-a\u0300s-11.53.50.png\",\"keywords\":[\"Sa\u00fade\",\"Sociedade\"],\"articleSection\":[\"Coronav\u00edrus\"],\"inLanguage\":\"pt-PT\",\"copyrightYear\":\"2022\",\"copyrightHolder\":{\"@id\":\"https:\\\/\\\/www.altominho.tv\\\/site\\\/#organization\"}},{\"@type\":\"WebPage\",\"@id\":\"https:\\\/\\\/www.altominho.tv\\\/site\\\/2022\\\/03\\\/01\\\/portugal-com-mais-23-mortes-e-mais-de-11-mil-casos-de-infecao\\\/\",\"url\":\"https:\\\/\\\/www.altominho.tv\\\/site\\\/2022\\\/03\\\/01\\\/portugal-com-mais-23-mortes-e-mais-de-11-mil-casos-de-infecao\\\/\",\"name\":\"Portugal com mais 23 mortes e mais de 11 mil casos de infe\u00e7\u00e3o\",\"isPartOf\":{\"@id\":\"https:\\\/\\\/www.altominho.tv\\\/site\\\/#website\"},\"primaryImageOfPage\":{\"@id\":\"https:\\\/\\\/www.altominho.tv\\\/site\\\/2022\\\/03\\\/01\\\/portugal-com-mais-23-mortes-e-mais-de-11-mil-casos-de-infecao\\\/#primaryimage\"},\"image\":{\"@id\":\"https:\\\/\\\/www.altominho.tv\\\/site\\\/2022\\\/03\\\/01\\\/portugal-com-mais-23-mortes-e-mais-de-11-mil-casos-de-infecao\\\/#primaryimage\"},\"thumbnailUrl\":\"https:\\\/\\\/www.altominho.tv\\\/site\\\/wp-content\\\/uploads\\\/2021\\\/08\\\/Captura-de-ecra\u0303-2021-08-24-a\u0300s-11.53.50.png\",\"datePublished\":\"2022-03-01T14:34:09+00:00\",\"dateModified\":\"2022-03-01T14:34:14+00:00\",\"author\":{\"@id\":\"https:\\\/\\\/www.altominho.tv\\\/site\\\/#\\\/schema\\\/person\\\/d9be4265364723f14ea8e0d56a1d38cd\"},\"description\":\"Mais 23 pessoas morreram por Covid-19 e confirmaram-se mais 11.006 casos de infe\u00e7\u00e3o em Portugal no \u00faltimo dia.\",\"breadcrumb\":{\"@id\":\"https:\\\/\\\/www.altominho.tv\\\/site\\\/2022\\\/03\\\/01\\\/portugal-com-mais-23-mortes-e-mais-de-11-mil-casos-de-infecao\\\/#breadcrumb\"},\"inLanguage\":\"pt-PT\",\"potentialAction\":[{\"@type\":\"ReadAction\",\"target\":[\"https:\\\/\\\/www.altominho.tv\\\/site\\\/2022\\\/03\\\/01\\\/portugal-com-mais-23-mortes-e-mais-de-11-mil-casos-de-infecao\\\/\"]}]},{\"@type\":\"ImageObject\",\"inLanguage\":\"pt-PT\",\"@id\":\"https:\\\/\\\/www.altominho.tv\\\/site\\\/2022\\\/03\\\/01\\\/portugal-com-mais-23-mortes-e-mais-de-11-mil-casos-de-infecao\\\/#primaryimage\",\"url\":\"https:\\\/\\\/www.altominho.tv\\\/site\\\/wp-content\\\/uploads\\\/2021\\\/08\\\/Captura-de-ecra\u0303-2021-08-24-a\u0300s-11.53.50.png\",\"contentUrl\":\"https:\\\/\\\/www.altominho.tv\\\/site\\\/wp-content\\\/uploads\\\/2021\\\/08\\\/Captura-de-ecra\u0303-2021-08-24-a\u0300s-11.53.50.png\",\"width\":1276,\"height\":653},{\"@type\":\"BreadcrumbList\",\"@id\":\"https:\\\/\\\/www.altominho.tv\\\/site\\\/2022\\\/03\\\/01\\\/portugal-com-mais-23-mortes-e-mais-de-11-mil-casos-de-infecao\\\/#breadcrumb\",\"itemListElement\":[{\"@type\":\"ListItem\",\"position\":1,\"name\":\"In\u00edcio\",\"item\":\"https:\\\/\\\/www.altominho.tv\\\/site\\\/\"},{\"@type\":\"ListItem\",\"position\":2,\"name\":\"Portugal com mais 23 mortes e mais de 11 mil casos de infe\u00e7\u00e3o\"}]},{\"@type\":\"WebSite\",\"@id\":\"https:\\\/\\\/www.altominho.tv\\\/site\\\/#website\",\"url\":\"https:\\\/\\\/www.altominho.tv\\\/site\\\/\",\"name\":\"Altominho.tv\",\"description\":\"A sua regi\u00e3o \u00e0 dist\u00e2ncia de um clique...\",\"potentialAction\":[{\"@type\":\"SearchAction\",\"target\":{\"@type\":\"EntryPoint\",\"urlTemplate\":\"https:\\\/\\\/www.altominho.tv\\\/site\\\/?s={search_term_string}\"},\"query-input\":{\"@type\":\"PropertyValueSpecification\",\"valueRequired\":true,\"valueName\":\"search_term_string\"}}],\"inLanguage\":\"pt-PT\"},{\"@type\":\"Person\",\"@id\":\"https:\\\/\\\/www.altominho.tv\\\/site\\\/#\\\/schema\\\/person\\\/d9be4265364723f14ea8e0d56a1d38cd\",\"name\":\"Andreia Ferreira\",\"image\":{\"@type\":\"ImageObject\",\"inLanguage\":\"pt-PT\",\"@id\":\"https:\\\/\\\/www.altominho.tv\\\/site\\\/wp-content\\\/uploads\\\/2021\\\/01\\\/AndreiaFerreira-150x150.jpg\",\"url\":\"https:\\\/\\\/www.altominho.tv\\\/site\\\/wp-content\\\/uploads\\\/2021\\\/01\\\/AndreiaFerreira-150x150.jpg\",\"contentUrl\":\"https:\\\/\\\/www.altominho.tv\\\/site\\\/wp-content\\\/uploads\\\/2021\\\/01\\\/AndreiaFerreira-150x150.jpg\",\"caption\":\"Andreia Ferreira\"},\"url\":\"https:\\\/\\\/www.altominho.tv\\\/site\\\/author\\\/andreiaferreira\\\/\"}]}<\/script>\n<!-- \/ Yoast SEO Premium plugin. -->","yoast_head_json":{"title":"Portugal com mais 23 mortes e mais de 11 mil casos de infe\u00e7\u00e3o","description":"Mais 23 pessoas morreram por Covid-19 e confirmaram-se mais 11.006 casos de infe\u00e7\u00e3o em Portugal no \u00faltimo dia.","robots":{"index":"index","follow":"follow","max-snippet":"max-snippet:-1","max-image-preview":"max-image-preview:large","max-video-preview":"max-video-preview:-1"},"canonical":"https:\/\/www.altominho.tv\/site\/2022\/03\/01\/portugal-com-mais-23-mortes-e-mais-de-11-mil-casos-de-infecao\/","og_locale":"pt_PT","og_type":"article","og_title":"Portugal com mais 23 mortes e mais de 11 mil casos de infe\u00e7\u00e3o","og_description":"Mais 23 pessoas morreram por Covid-19 e confirmaram-se mais 11.006 casos de infe\u00e7\u00e3o em Portugal no \u00faltimo dia.","og_url":"https:\/\/www.altominho.tv\/site\/2022\/03\/01\/portugal-com-mais-23-mortes-e-mais-de-11-mil-casos-de-infecao\/","og_site_name":"Altominho.tv","article_publisher":"https:\/\/www.facebook.com\/altominhotv","article_published_time":"2022-03-01T14:34:09+00:00","article_modified_time":"2022-03-01T14:34:14+00:00","og_image":[{"width":1276,"height":653,"url":"https:\/\/www.altominho.tv\/site\/wp-content\/uploads\/2021\/08\/Captura-de-ecra\u0303-2021-08-24-a\u0300s-11.53.50.png","type":"image\/png"}],"author":"Andreia Ferreira","twitter_card":"summary_large_image","twitter_creator":"@altominhoTV","twitter_site":"@altominhoTV","twitter_misc":{"Escrito por":"Andreia Ferreira","Tempo estimado de leitura":"1 minuto"},"schema":{"@context":"https:\/\/schema.org","@graph":[{"@type":"Article","@id":"https:\/\/www.altominho.tv\/site\/2022\/03\/01\/portugal-com-mais-23-mortes-e-mais-de-11-mil-casos-de-infecao\/#article","isPartOf":{"@id":"https:\/\/www.altominho.tv\/site\/2022\/03\/01\/portugal-com-mais-23-mortes-e-mais-de-11-mil-casos-de-infecao\/"},"author":{"name":"Andreia Ferreira","@id":"https:\/\/www.altominho.tv\/site\/#\/schema\/person\/d9be4265364723f14ea8e0d56a1d38cd"},"headline":"Portugal com mais 23 mortes e mais de 11 mil casos de infe\u00e7\u00e3o","datePublished":"2022-03-01T14:34:09+00:00","dateModified":"2022-03-01T14:34:14+00:00","mainEntityOfPage":{"@id":"https:\/\/www.altominho.tv\/site\/2022\/03\/01\/portugal-com-mais-23-mortes-e-mais-de-11-mil-casos-de-infecao\/"},"wordCount":127,"image":{"@id":"https:\/\/www.altominho.tv\/site\/2022\/03\/01\/portugal-com-mais-23-mortes-e-mais-de-11-mil-casos-de-infecao\/#primaryimage"},"thumbnailUrl":"https:\/\/www.altominho.tv\/site\/wp-content\/uploads\/2021\/08\/Captura-de-ecra\u0303-2021-08-24-a\u0300s-11.53.50.png","keywords":["Sa\u00fade","Sociedade"],"articleSection":["Coronav\u00edrus"],"inLanguage":"pt-PT","copyrightYear":"2022","copyrightHolder":{"@id":"https:\/\/www.altominho.tv\/site\/#organization"}},{"@type":"WebPage","@id":"https:\/\/www.altominho.tv\/site\/2022\/03\/01\/portugal-com-mais-23-mortes-e-mais-de-11-mil-casos-de-infecao\/","url":"https:\/\/www.altominho.tv\/site\/2022\/03\/01\/portugal-com-mais-23-mortes-e-mais-de-11-mil-casos-de-infecao\/","name":"Portugal com mais 23 mortes e mais de 11 mil casos de infe\u00e7\u00e3o","isPartOf":{"@id":"https:\/\/www.altominho.tv\/site\/#website"},"primaryImageOfPage":{"@id":"https:\/\/www.altominho.tv\/site\/2022\/03\/01\/portugal-com-mais-23-mortes-e-mais-de-11-mil-casos-de-infecao\/#primaryimage"},"image":{"@id":"https:\/\/www.altominho.tv\/site\/2022\/03\/01\/portugal-com-mais-23-mortes-e-mais-de-11-mil-casos-de-infecao\/#primaryimage"},"thumbnailUrl":"https:\/\/www.altominho.tv\/site\/wp-content\/uploads\/2021\/08\/Captura-de-ecra\u0303-2021-08-24-a\u0300s-11.53.50.png","datePublished":"2022-03-01T14:34:09+00:00","dateModified":"2022-03-01T14:34:14+00:00","author":{"@id":"https:\/\/www.altominho.tv\/site\/#\/schema\/person\/d9be4265364723f14ea8e0d56a1d38cd"},"description":"Mais 23 pessoas morreram por Covid-19 e confirmaram-se mais 11.006 casos de infe\u00e7\u00e3o em Portugal no \u00faltimo dia.","breadcrumb":{"@id":"https:\/\/www.altominho.tv\/site\/2022\/03\/01\/portugal-com-mais-23-mortes-e-mais-de-11-mil-casos-de-infecao\/#breadcrumb"},"inLanguage":"pt-PT","potentialAction":[{"@type":"ReadAction","target":["https:\/\/www.altominho.tv\/site\/2022\/03\/01\/portugal-com-mais-23-mortes-e-mais-de-11-mil-casos-de-infecao\/"]}]},{"@type":"ImageObject","inLanguage":"pt-PT","@id":"https:\/\/www.altominho.tv\/site\/2022\/03\/01\/portugal-com-mais-23-mortes-e-mais-de-11-mil-casos-de-infecao\/#primaryimage","url":"https:\/\/www.altominho.tv\/site\/wp-content\/uploads\/2021\/08\/Captura-de-ecra\u0303-2021-08-24-a\u0300s-11.53.50.png","contentUrl":"https:\/\/www.altominho.tv\/site\/wp-content\/uploads\/2021\/08\/Captura-de-ecra\u0303-2021-08-24-a\u0300s-11.53.50.png","width":1276,"height":653},{"@type":"BreadcrumbList","@id":"https:\/\/www.altominho.tv\/site\/2022\/03\/01\/portugal-com-mais-23-mortes-e-mais-de-11-mil-casos-de-infecao\/#breadcrumb","itemListElement":[{"@type":"ListItem","position":1,"name":"In\u00edcio","item":"https:\/\/www.altominho.tv\/site\/"},{"@type":"ListItem","position":2,"name":"Portugal com mais 23 mortes e mais de 11 mil casos de infe\u00e7\u00e3o"}]},{"@type":"WebSite","@id":"https:\/\/www.altominho.tv\/site\/#website","url":"https:\/\/www.altominho.tv\/site\/","name":"Altominho.tv","description":"A sua regi\u00e3o \u00e0 dist\u00e2ncia de um clique...","potentialAction":[{"@type":"SearchAction","target":{"@type":"EntryPoint","urlTemplate":"https:\/\/www.altominho.tv\/site\/?s={search_term_string}"},"query-input":{"@type":"PropertyValueSpecification","valueRequired":true,"valueName":"search_term_string"}}],"inLanguage":"pt-PT"},{"@type":"Person","@id":"https:\/\/www.altominho.tv\/site\/#\/schema\/person\/d9be4265364723f14ea8e0d56a1d38cd","name":"Andreia Ferreira","image":{"@type":"ImageObject","inLanguage":"pt-PT","@id":"https:\/\/www.altominho.tv\/site\/wp-content\/uploads\/2021\/01\/AndreiaFerreira-150x150.jpg","url":"https:\/\/www.altominho.tv\/site\/wp-content\/uploads\/2021\/01\/AndreiaFerreira-150x150.jpg","contentUrl":"https:\/\/www.altominho.tv\/site\/wp-content\/uploads\/2021\/01\/AndreiaFerreira-150x150.jpg","caption":"Andreia Ferreira"},"url":"https:\/\/www.altominho.tv\/site\/author\/andreiaferreira\/"}]}},"_links":{"self":[{"href":"https:\/\/www.altominho.tv\/site\/wp-json\/wp\/v2\/posts\/77113","targetHints":{"allow":["GET"]}}],"collection":[{"href":"https:\/\/www.altominho.tv\/site\/wp-json\/wp\/v2\/posts"}],"about":[{"href":"https:\/\/www.altominho.tv\/site\/wp-json\/wp\/v2\/types\/post"}],"author":[{"embeddable":true,"href":"https:\/\/www.altominho.tv\/site\/wp-json\/wp\/v2\/users\/12"}],"replies":[{"embeddable":true,"href":"https:\/\/www.altominho.tv\/site\/wp-json\/wp\/v2\/comments?post=77113"}],"version-history":[{"count":0,"href":"https:\/\/www.altominho.tv\/site\/wp-json\/wp\/v2\/posts\/77113\/revisions"}],"wp:featuredmedia":[{"embeddable":true,"href":"https:\/\/www.altominho.tv\/site\/wp-json\/wp\/v2\/media\/69516"}],"wp:attachment":[{"href":"https:\/\/www.altominho.tv\/site\/wp-json\/wp\/v2\/media?parent=77113"}],"wp:term":[{"taxonomy":"category","embeddable":true,"href":"https:\/\/www.altominho.tv\/site\/wp-json\/wp\/v2\/categories?post=77113"},{"taxonomy":"post_tag","embeddable":true,"href":"https:\/\/www.altominho.tv\/site\/wp-json\/wp\/v2\/tags?post=77113"}],"curies":[{"name":"wp","href":"https:\/\/api.w.org\/{rel}","templated":true}]}}