{"id":77110,"date":"2022-03-01T13:00:00","date_gmt":"2022-03-01T13:00:00","guid":{"rendered":"https:\/\/www.altominho.tv\/site\/?p=77110"},"modified":"2022-03-01T12:43:56","modified_gmt":"2022-03-01T12:43:56","slug":"vila-nova-de-cerveira-recebe-festa-de-carnaval","status":"publish","type":"post","link":"https:\/\/www.altominho.tv\/site\/2022\/03\/01\/vila-nova-de-cerveira-recebe-festa-de-carnaval\/","title":{"rendered":"Vila Nova de Cerveira recebe festa de Carnaval com DJ\u2019s e bares locais"},"content":{"rendered":"\n<figure class=\"wp-block-embed is-type-video is-provider-youtube wp-block-embed-youtube wp-embed-aspect-16-9 wp-has-aspect-ratio\"><div class=\"wp-block-embed__wrapper\">\n<iframe loading=\"lazy\" title=\"Vila Nova de Cerveira recebe festa de Carnaval com DJ\u2019s e bares locais | Altominho TV\" width=\"770\" height=\"433\" src=\"https:\/\/www.youtube.com\/embed\/khSw9Ig28IY?feature=oembed\" frameborder=\"0\" allow=\"accelerometer; autoplay; clipboard-write; encrypted-media; gyroscope; picture-in-picture\" allowfullscreen><\/iframe>\n<\/div><\/figure>\n\n\n<p>A C\u00e2mara de Vila Nova de Cerveira promoveu uma festa de Carnaval numa tenda de 700 metros quadrados instalada no Jardim da Piscina Municipal. A iniciativa procurou trazer alguma anima\u00e7\u00e3o junto da popula\u00e7\u00e3o e dos visitantes.<\/p>\n<p>Durante as oito horas do evento, seis DJ\u2019s garantiram a anima\u00e7\u00e3o musical e o espa\u00e7o contou ainda com a presen\u00e7a de bares do concelho e outros momentos de anima\u00e7\u00e3o.<\/p>","protected":false},"excerpt":{"rendered":"<p>A C\u00e2mara de Vila Nova de Cerveira promoveu uma festa de Carnaval numa tenda de 700 metros quadrados instalada no Jardim da Piscina Municipal. A iniciativa procurou trazer alguma anima\u00e7\u00e3o junto da popula\u00e7\u00e3o e dos visitantes. Durante as oito horas do evento, seis DJ\u2019s garantiram a anima\u00e7\u00e3o musical e o espa\u00e7o contou ainda com a [&hellip;]<\/p>\n","protected":false},"author":8,"featured_media":77111,"comment_status":"closed","ping_status":"closed","sticky":false,"template":"","format":"video","meta":{"_exactmetrics_skip_tracking":false,"_exactmetrics_sitenote_active":false,"_exactmetrics_sitenote_note":"","_exactmetrics_sitenote_category":0,"footnotes":""},"categories":[15],"tags":[24],"class_list":["post-77110","post","type-post","status-publish","format-video","has-post-thumbnail","hentry","category-vila-nova-de-cerveira","tag-lazer","post_format-post-format-video"],"yoast_head":"<!-- This site is optimized with the Yoast SEO Premium plugin v27.4 (Yoast SEO v27.4) - https:\/\/yoast.com\/product\/yoast-seo-premium-wordpress\/ -->\n<title>Vila Nova de Cerveira recebe festa de Carnaval com DJ\u2019s e bares locais<\/title>\n<meta name=\"description\" content=\"A iniciativa procurou trazer anima\u00e7\u00e3o junto da popula\u00e7\u00e3o e dos visitantes. Durante as oito horas do evento, seis DJ\u2019s garantiram a anima\u00e7\u00e3o musical.\" \/>\n<meta name=\"robots\" content=\"index, follow, max-snippet:-1, max-image-preview:large, max-video-preview:-1\" \/>\n<link rel=\"canonical\" href=\"https:\/\/www.altominho.tv\/site\/2022\/03\/01\/vila-nova-de-cerveira-recebe-festa-de-carnaval\/\" \/>\n<meta property=\"og:locale\" content=\"pt_PT\" \/>\n<meta property=\"og:type\" content=\"article\" \/>\n<meta property=\"og:title\" content=\"Vila Nova de Cerveira recebe festa de Carnaval com DJ\u2019s e bares locais\" \/>\n<meta property=\"og:description\" content=\"A iniciativa procurou trazer anima\u00e7\u00e3o junto da popula\u00e7\u00e3o e dos visitantes. Durante as oito horas do evento, seis DJ\u2019s garantiram a anima\u00e7\u00e3o musical.\" \/>\n<meta property=\"og:url\" content=\"https:\/\/www.altominho.tv\/site\/2022\/03\/01\/vila-nova-de-cerveira-recebe-festa-de-carnaval\/\" \/>\n<meta property=\"og:site_name\" content=\"Altominho.tv\" \/>\n<meta property=\"article:publisher\" content=\"https:\/\/www.facebook.com\/altominhotv\" \/>\n<meta property=\"article:published_time\" content=\"2022-03-01T13:00:00+00:00\" \/>\n<meta property=\"og:image\" content=\"https:\/\/www.altominho.tv\/site\/wp-content\/uploads\/2022\/03\/Carnaval-cerveira.jpg\" \/>\n\t<meta property=\"og:image:width\" content=\"1920\" \/>\n\t<meta property=\"og:image:height\" content=\"1080\" \/>\n\t<meta property=\"og:image:type\" content=\"image\/jpeg\" \/>\n<meta name=\"author\" content=\"Alexandre Ferreira\" \/>\n<meta name=\"twitter:card\" content=\"summary_large_image\" \/>\n<meta name=\"twitter:creator\" content=\"@altominhoTV\" \/>\n<meta name=\"twitter:site\" content=\"@altominhoTV\" \/>\n<meta name=\"twitter:label1\" content=\"Escrito por\" \/>\n\t<meta name=\"twitter:data1\" content=\"Alexandre Ferreira\" \/>\n\t<meta name=\"twitter:label2\" content=\"Tempo estimado de leitura\" \/>\n\t<meta name=\"twitter:data2\" content=\"1 minuto\" \/>\n<script type=\"application\/ld+json\" class=\"yoast-schema-graph\">{\"@context\":\"https:\\\/\\\/schema.org\",\"@graph\":[{\"@type\":\"Article\",\"@id\":\"https:\\\/\\\/www.altominho.tv\\\/site\\\/2022\\\/03\\\/01\\\/vila-nova-de-cerveira-recebe-festa-de-carnaval\\\/#article\",\"isPartOf\":{\"@id\":\"https:\\\/\\\/www.altominho.tv\\\/site\\\/2022\\\/03\\\/01\\\/vila-nova-de-cerveira-recebe-festa-de-carnaval\\\/\"},\"author\":{\"name\":\"Alexandre Ferreira\",\"@id\":\"https:\\\/\\\/www.altominho.tv\\\/site\\\/#\\\/schema\\\/person\\\/56c462a0f6591602f4e9fb3fa6ea49bd\"},\"headline\":\"Vila Nova de Cerveira recebe festa de Carnaval com DJ\u2019s e bares locais\",\"datePublished\":\"2022-03-01T13:00:00+00:00\",\"mainEntityOfPage\":{\"@id\":\"https:\\\/\\\/www.altominho.tv\\\/site\\\/2022\\\/03\\\/01\\\/vila-nova-de-cerveira-recebe-festa-de-carnaval\\\/\"},\"wordCount\":92,\"image\":{\"@id\":\"https:\\\/\\\/www.altominho.tv\\\/site\\\/2022\\\/03\\\/01\\\/vila-nova-de-cerveira-recebe-festa-de-carnaval\\\/#primaryimage\"},\"thumbnailUrl\":\"https:\\\/\\\/www.altominho.tv\\\/site\\\/wp-content\\\/uploads\\\/2022\\\/03\\\/Carnaval-cerveira.jpg\",\"keywords\":[\"Lazer\"],\"articleSection\":[\"Vila Nova de Cerveira\"],\"inLanguage\":\"pt-PT\",\"copyrightYear\":\"2022\",\"copyrightHolder\":{\"@id\":\"https:\\\/\\\/www.altominho.tv\\\/site\\\/#organization\"}},{\"@type\":\"WebPage\",\"@id\":\"https:\\\/\\\/www.altominho.tv\\\/site\\\/2022\\\/03\\\/01\\\/vila-nova-de-cerveira-recebe-festa-de-carnaval\\\/\",\"url\":\"https:\\\/\\\/www.altominho.tv\\\/site\\\/2022\\\/03\\\/01\\\/vila-nova-de-cerveira-recebe-festa-de-carnaval\\\/\",\"name\":\"Vila Nova de Cerveira recebe festa de Carnaval com DJ\u2019s e bares locais\",\"isPartOf\":{\"@id\":\"https:\\\/\\\/www.altominho.tv\\\/site\\\/#website\"},\"primaryImageOfPage\":{\"@id\":\"https:\\\/\\\/www.altominho.tv\\\/site\\\/2022\\\/03\\\/01\\\/vila-nova-de-cerveira-recebe-festa-de-carnaval\\\/#primaryimage\"},\"image\":{\"@id\":\"https:\\\/\\\/www.altominho.tv\\\/site\\\/2022\\\/03\\\/01\\\/vila-nova-de-cerveira-recebe-festa-de-carnaval\\\/#primaryimage\"},\"thumbnailUrl\":\"https:\\\/\\\/www.altominho.tv\\\/site\\\/wp-content\\\/uploads\\\/2022\\\/03\\\/Carnaval-cerveira.jpg\",\"datePublished\":\"2022-03-01T13:00:00+00:00\",\"author\":{\"@id\":\"https:\\\/\\\/www.altominho.tv\\\/site\\\/#\\\/schema\\\/person\\\/56c462a0f6591602f4e9fb3fa6ea49bd\"},\"description\":\"A iniciativa procurou trazer anima\u00e7\u00e3o junto da popula\u00e7\u00e3o e dos visitantes. Durante as oito horas do evento, seis DJ\u2019s garantiram a anima\u00e7\u00e3o musical.\",\"breadcrumb\":{\"@id\":\"https:\\\/\\\/www.altominho.tv\\\/site\\\/2022\\\/03\\\/01\\\/vila-nova-de-cerveira-recebe-festa-de-carnaval\\\/#breadcrumb\"},\"inLanguage\":\"pt-PT\",\"potentialAction\":[{\"@type\":\"ReadAction\",\"target\":[\"https:\\\/\\\/www.altominho.tv\\\/site\\\/2022\\\/03\\\/01\\\/vila-nova-de-cerveira-recebe-festa-de-carnaval\\\/\"]}]},{\"@type\":\"ImageObject\",\"inLanguage\":\"pt-PT\",\"@id\":\"https:\\\/\\\/www.altominho.tv\\\/site\\\/2022\\\/03\\\/01\\\/vila-nova-de-cerveira-recebe-festa-de-carnaval\\\/#primaryimage\",\"url\":\"https:\\\/\\\/www.altominho.tv\\\/site\\\/wp-content\\\/uploads\\\/2022\\\/03\\\/Carnaval-cerveira.jpg\",\"contentUrl\":\"https:\\\/\\\/www.altominho.tv\\\/site\\\/wp-content\\\/uploads\\\/2022\\\/03\\\/Carnaval-cerveira.jpg\",\"width\":1920,\"height\":1080},{\"@type\":\"BreadcrumbList\",\"@id\":\"https:\\\/\\\/www.altominho.tv\\\/site\\\/2022\\\/03\\\/01\\\/vila-nova-de-cerveira-recebe-festa-de-carnaval\\\/#breadcrumb\",\"itemListElement\":[{\"@type\":\"ListItem\",\"position\":1,\"name\":\"In\u00edcio\",\"item\":\"https:\\\/\\\/www.altominho.tv\\\/site\\\/\"},{\"@type\":\"ListItem\",\"position\":2,\"name\":\"Vila Nova de Cerveira recebe festa de Carnaval com DJ\u2019s e bares locais\"}]},{\"@type\":\"WebSite\",\"@id\":\"https:\\\/\\\/www.altominho.tv\\\/site\\\/#website\",\"url\":\"https:\\\/\\\/www.altominho.tv\\\/site\\\/\",\"name\":\"Altominho.tv\",\"description\":\"A sua regi\u00e3o \u00e0 dist\u00e2ncia de um clique...\",\"potentialAction\":[{\"@type\":\"SearchAction\",\"target\":{\"@type\":\"EntryPoint\",\"urlTemplate\":\"https:\\\/\\\/www.altominho.tv\\\/site\\\/?s={search_term_string}\"},\"query-input\":{\"@type\":\"PropertyValueSpecification\",\"valueRequired\":true,\"valueName\":\"search_term_string\"}}],\"inLanguage\":\"pt-PT\"},{\"@type\":\"Person\",\"@id\":\"https:\\\/\\\/www.altominho.tv\\\/site\\\/#\\\/schema\\\/person\\\/56c462a0f6591602f4e9fb3fa6ea49bd\",\"name\":\"Alexandre Ferreira\",\"image\":{\"@type\":\"ImageObject\",\"inLanguage\":\"pt-PT\",\"@id\":\"https:\\\/\\\/www.altominho.tv\\\/site\\\/wp-content\\\/uploads\\\/2017\\\/11\\\/Alexandre-150x150.jpg\",\"url\":\"https:\\\/\\\/www.altominho.tv\\\/site\\\/wp-content\\\/uploads\\\/2017\\\/11\\\/Alexandre-150x150.jpg\",\"contentUrl\":\"https:\\\/\\\/www.altominho.tv\\\/site\\\/wp-content\\\/uploads\\\/2017\\\/11\\\/Alexandre-150x150.jpg\",\"caption\":\"Alexandre Ferreira\"},\"url\":\"https:\\\/\\\/www.altominho.tv\\\/site\\\/author\\\/alexandreferreira\\\/\"}]}<\/script>\n<meta property=\"og:video\" content=\"https:\/\/www.youtube.com\/embed\/khSw9Ig28IY\" \/>\n<meta property=\"og:video:type\" content=\"text\/html\" \/>\n<meta property=\"og:video:duration\" content=\"183\" \/>\n<meta property=\"og:video:width\" content=\"480\" \/>\n<meta property=\"og:video:height\" content=\"270\" \/>\n<meta property=\"ya:ovs:adult\" content=\"false\" \/>\n<meta property=\"ya:ovs:upload_date\" content=\"2022-03-01T13:00:00+00:00\" \/>\n<meta property=\"ya:ovs:allow_embed\" content=\"true\" \/>\n<!-- \/ Yoast SEO Premium plugin. -->","yoast_head_json":{"title":"Vila Nova de Cerveira recebe festa de Carnaval com DJ\u2019s e bares locais","description":"A iniciativa procurou trazer anima\u00e7\u00e3o junto da popula\u00e7\u00e3o e dos visitantes. Durante as oito horas do evento, seis DJ\u2019s garantiram a anima\u00e7\u00e3o musical.","robots":{"index":"index","follow":"follow","max-snippet":"max-snippet:-1","max-image-preview":"max-image-preview:large","max-video-preview":"max-video-preview:-1"},"canonical":"https:\/\/www.altominho.tv\/site\/2022\/03\/01\/vila-nova-de-cerveira-recebe-festa-de-carnaval\/","og_locale":"pt_PT","og_type":"article","og_title":"Vila Nova de Cerveira recebe festa de Carnaval com DJ\u2019s e bares locais","og_description":"A iniciativa procurou trazer anima\u00e7\u00e3o junto da popula\u00e7\u00e3o e dos visitantes. Durante as oito horas do evento, seis DJ\u2019s garantiram a anima\u00e7\u00e3o musical.","og_url":"https:\/\/www.altominho.tv\/site\/2022\/03\/01\/vila-nova-de-cerveira-recebe-festa-de-carnaval\/","og_site_name":"Altominho.tv","article_publisher":"https:\/\/www.facebook.com\/altominhotv","article_published_time":"2022-03-01T13:00:00+00:00","og_image":[{"width":1920,"height":1080,"url":"https:\/\/www.altominho.tv\/site\/wp-content\/uploads\/2022\/03\/Carnaval-cerveira.jpg","type":"image\/jpeg"}],"author":"Alexandre Ferreira","twitter_card":"summary_large_image","twitter_creator":"@altominhoTV","twitter_site":"@altominhoTV","twitter_misc":{"Escrito por":"Alexandre Ferreira","Tempo estimado de leitura":"1 minuto"},"schema":{"@context":"https:\/\/schema.org","@graph":[{"@type":"Article","@id":"https:\/\/www.altominho.tv\/site\/2022\/03\/01\/vila-nova-de-cerveira-recebe-festa-de-carnaval\/#article","isPartOf":{"@id":"https:\/\/www.altominho.tv\/site\/2022\/03\/01\/vila-nova-de-cerveira-recebe-festa-de-carnaval\/"},"author":{"name":"Alexandre Ferreira","@id":"https:\/\/www.altominho.tv\/site\/#\/schema\/person\/56c462a0f6591602f4e9fb3fa6ea49bd"},"headline":"Vila Nova de Cerveira recebe festa de Carnaval com DJ\u2019s e bares locais","datePublished":"2022-03-01T13:00:00+00:00","mainEntityOfPage":{"@id":"https:\/\/www.altominho.tv\/site\/2022\/03\/01\/vila-nova-de-cerveira-recebe-festa-de-carnaval\/"},"wordCount":92,"image":{"@id":"https:\/\/www.altominho.tv\/site\/2022\/03\/01\/vila-nova-de-cerveira-recebe-festa-de-carnaval\/#primaryimage"},"thumbnailUrl":"https:\/\/www.altominho.tv\/site\/wp-content\/uploads\/2022\/03\/Carnaval-cerveira.jpg","keywords":["Lazer"],"articleSection":["Vila Nova de Cerveira"],"inLanguage":"pt-PT","copyrightYear":"2022","copyrightHolder":{"@id":"https:\/\/www.altominho.tv\/site\/#organization"}},{"@type":"WebPage","@id":"https:\/\/www.altominho.tv\/site\/2022\/03\/01\/vila-nova-de-cerveira-recebe-festa-de-carnaval\/","url":"https:\/\/www.altominho.tv\/site\/2022\/03\/01\/vila-nova-de-cerveira-recebe-festa-de-carnaval\/","name":"Vila Nova de Cerveira recebe festa de Carnaval com DJ\u2019s e bares locais","isPartOf":{"@id":"https:\/\/www.altominho.tv\/site\/#website"},"primaryImageOfPage":{"@id":"https:\/\/www.altominho.tv\/site\/2022\/03\/01\/vila-nova-de-cerveira-recebe-festa-de-carnaval\/#primaryimage"},"image":{"@id":"https:\/\/www.altominho.tv\/site\/2022\/03\/01\/vila-nova-de-cerveira-recebe-festa-de-carnaval\/#primaryimage"},"thumbnailUrl":"https:\/\/www.altominho.tv\/site\/wp-content\/uploads\/2022\/03\/Carnaval-cerveira.jpg","datePublished":"2022-03-01T13:00:00+00:00","author":{"@id":"https:\/\/www.altominho.tv\/site\/#\/schema\/person\/56c462a0f6591602f4e9fb3fa6ea49bd"},"description":"A iniciativa procurou trazer anima\u00e7\u00e3o junto da popula\u00e7\u00e3o e dos visitantes. Durante as oito horas do evento, seis DJ\u2019s garantiram a anima\u00e7\u00e3o musical.","breadcrumb":{"@id":"https:\/\/www.altominho.tv\/site\/2022\/03\/01\/vila-nova-de-cerveira-recebe-festa-de-carnaval\/#breadcrumb"},"inLanguage":"pt-PT","potentialAction":[{"@type":"ReadAction","target":["https:\/\/www.altominho.tv\/site\/2022\/03\/01\/vila-nova-de-cerveira-recebe-festa-de-carnaval\/"]}]},{"@type":"ImageObject","inLanguage":"pt-PT","@id":"https:\/\/www.altominho.tv\/site\/2022\/03\/01\/vila-nova-de-cerveira-recebe-festa-de-carnaval\/#primaryimage","url":"https:\/\/www.altominho.tv\/site\/wp-content\/uploads\/2022\/03\/Carnaval-cerveira.jpg","contentUrl":"https:\/\/www.altominho.tv\/site\/wp-content\/uploads\/2022\/03\/Carnaval-cerveira.jpg","width":1920,"height":1080},{"@type":"BreadcrumbList","@id":"https:\/\/www.altominho.tv\/site\/2022\/03\/01\/vila-nova-de-cerveira-recebe-festa-de-carnaval\/#breadcrumb","itemListElement":[{"@type":"ListItem","position":1,"name":"In\u00edcio","item":"https:\/\/www.altominho.tv\/site\/"},{"@type":"ListItem","position":2,"name":"Vila Nova de Cerveira recebe festa de Carnaval com DJ\u2019s e bares locais"}]},{"@type":"WebSite","@id":"https:\/\/www.altominho.tv\/site\/#website","url":"https:\/\/www.altominho.tv\/site\/","name":"Altominho.tv","description":"A sua regi\u00e3o \u00e0 dist\u00e2ncia de um clique...","potentialAction":[{"@type":"SearchAction","target":{"@type":"EntryPoint","urlTemplate":"https:\/\/www.altominho.tv\/site\/?s={search_term_string}"},"query-input":{"@type":"PropertyValueSpecification","valueRequired":true,"valueName":"search_term_string"}}],"inLanguage":"pt-PT"},{"@type":"Person","@id":"https:\/\/www.altominho.tv\/site\/#\/schema\/person\/56c462a0f6591602f4e9fb3fa6ea49bd","name":"Alexandre Ferreira","image":{"@type":"ImageObject","inLanguage":"pt-PT","@id":"https:\/\/www.altominho.tv\/site\/wp-content\/uploads\/2017\/11\/Alexandre-150x150.jpg","url":"https:\/\/www.altominho.tv\/site\/wp-content\/uploads\/2017\/11\/Alexandre-150x150.jpg","contentUrl":"https:\/\/www.altominho.tv\/site\/wp-content\/uploads\/2017\/11\/Alexandre-150x150.jpg","caption":"Alexandre Ferreira"},"url":"https:\/\/www.altominho.tv\/site\/author\/alexandreferreira\/"}]},"og_video":"https:\/\/www.youtube.com\/embed\/khSw9Ig28IY","og_video_type":"text\/html","og_video_duration":"183","og_video_width":"480","og_video_height":"270","ya_ovs_adult":"false","ya_ovs_upload_date":"2022-03-01T13:00:00+00:00","ya_ovs_allow_embed":"true"},"_links":{"self":[{"href":"https:\/\/www.altominho.tv\/site\/wp-json\/wp\/v2\/posts\/77110","targetHints":{"allow":["GET"]}}],"collection":[{"href":"https:\/\/www.altominho.tv\/site\/wp-json\/wp\/v2\/posts"}],"about":[{"href":"https:\/\/www.altominho.tv\/site\/wp-json\/wp\/v2\/types\/post"}],"author":[{"embeddable":true,"href":"https:\/\/www.altominho.tv\/site\/wp-json\/wp\/v2\/users\/8"}],"replies":[{"embeddable":true,"href":"https:\/\/www.altominho.tv\/site\/wp-json\/wp\/v2\/comments?post=77110"}],"version-history":[{"count":0,"href":"https:\/\/www.altominho.tv\/site\/wp-json\/wp\/v2\/posts\/77110\/revisions"}],"wp:featuredmedia":[{"embeddable":true,"href":"https:\/\/www.altominho.tv\/site\/wp-json\/wp\/v2\/media\/77111"}],"wp:attachment":[{"href":"https:\/\/www.altominho.tv\/site\/wp-json\/wp\/v2\/media?parent=77110"}],"wp:term":[{"taxonomy":"category","embeddable":true,"href":"https:\/\/www.altominho.tv\/site\/wp-json\/wp\/v2\/categories?post=77110"},{"taxonomy":"post_tag","embeddable":true,"href":"https:\/\/www.altominho.tv\/site\/wp-json\/wp\/v2\/tags?post=77110"}],"curies":[{"name":"wp","href":"https:\/\/api.w.org\/{rel}","templated":true}]}}