{"id":77011,"date":"2022-02-28T11:20:21","date_gmt":"2022-02-28T11:20:21","guid":{"rendered":"https:\/\/www.altominho.tv\/site\/?p=77011"},"modified":"2022-02-28T11:20:26","modified_gmt":"2022-02-28T11:20:26","slug":"nova-presidente-da-cpcj-apela-ao-envolvimento-da-comunidade-no-trabalho-da-comissao","status":"publish","type":"post","link":"https:\/\/www.altominho.tv\/site\/2022\/02\/28\/nova-presidente-da-cpcj-apela-ao-envolvimento-da-comunidade-no-trabalho-da-comissao\/","title":{"rendered":"Nova presidente da CPCJ apela ao envolvimento da comunidade no trabalho da comiss\u00e3o"},"content":{"rendered":"<p>A Comiss\u00e3o de Prote\u00e7\u00e3o de Crian\u00e7as e Jovens do Concelho de Caminha (CPCJ) tem uma nova presidente.\u00a0Eleita este m\u00eas, a caminhense Renata Monteiro destaca, entre o foco das interven\u00e7\u00f5es, a quest\u00e3o dos\u00a0consumos, v\u00edcios, viol\u00eancia, bullying, assim como os perigos das novas tecnologias.<\/p>\n<p>Privilegia tamb\u00e9m a\u00a0participa\u00e7\u00e3o: \u201cConvido toda a comunidade a participar nas nossas atividades, a todas as institui\u00e7\u00f5es e\u00a0entidades que se identifiquem a apoiar a nossa miss\u00e3o e de uma forma geral a que todos estejam atentos e\u00a0sejam, connosco, parte da solu\u00e7\u00e3o\u201d.<\/p>\n<p>A Comiss\u00e3o de Prote\u00e7\u00e3o de Crian\u00e7as e Jovens \u00e9 uma institui\u00e7\u00e3o oficial, n\u00e3o judici\u00e1ria, com autonomia\u00a0funcional, que visa promover os direitos da crian\u00e7a e do jovem e prevenir ou p\u00f4r termo a situa\u00e7\u00f5es\u00a0suscet\u00edveis de afetar a sua seguran\u00e7a, sa\u00fade, forma\u00e7\u00e3o, educa\u00e7\u00e3o ou desenvolvimento integral.<\/p>\n<p>Renata Monteiro afirma-se preparada e ciente da responsabilidade ao assumir a presid\u00eancia da CPCJ, mas\u00a0tamb\u00e9m apoiada pela equipa de trabalho que a acompanha. \u201cTemos como \u00f3bvia e clara prioridade a aten\u00e7\u00e3o,\u00a0o cuidado e o acompanhamento aos processos e aos casos de crian\u00e7as e jovens em risco do nosso concelho,\u00a0numa tentativa de descobrir e estimular junto das fam\u00edlias e das institui\u00e7\u00f5es as solu\u00e7\u00f5es necess\u00e1rias para\u00a0qualquer situa\u00e7\u00e3o que possa colocar o presente e o futuro de alguma das nossas crian\u00e7as ou dos nossos\u00a0jovens em desequil\u00edbrio e em amea\u00e7a\u201d, sublinha.<\/p>\n<p>\u201cAinda assim, atuar junto da comunidade em geral na preven\u00e7\u00e3o, na consciencializa\u00e7\u00e3o e na sensibiliza\u00e7\u00e3o\u00a0de tem\u00e1ticas e situa\u00e7\u00f5es que v\u00e3o de alguma forma comprometendo e colocando em cheque o futuro das\u00a0nossas camadas infantis e juvenis e, por isso, o futuro da nossa sociedade \u00e9 tamb\u00e9m uma das nossas\u00a0preocupa\u00e7\u00f5es e prioridades\u201d, conclui a respons\u00e1vel.<\/p>\n<p>Renata Monteiro, com 32 anos, \u00e9 arquiteta. \u201cA Rua e as Meias Casas de Pescadores de Caminha\u201d foi o tema\u00a0escolhido pela jovem arquiteta para a sua tese de mestrado, tendo assumido que o trabalho pretendeu\u00a0divulgar e consciencializar para a salvaguarda deste tipo de patrim\u00f3nio. A tese foi aprovada com 19 valores\u00a0pelo j\u00fari da Escola Superior Gallaecia, onde se formou em Arquitetura e Urbanismo e j\u00e1 foi divulgada\u00a0internacionalmente. Deputada da Assembleia Municipal de Caminha desde 2017, desenvolve trabalho\u00a0volunt\u00e1rio em v\u00e1rias associa\u00e7\u00f5es e movimentos concelhios.<\/p>\n<p>Qualquer pessoa que tenha conhecimento de situa\u00e7\u00f5es de crian\u00e7as e jovens em perigo, deve comunic\u00e1-las \u00e0s\u00a0entidades com compet\u00eancia em mat\u00e9ria de inf\u00e2ncia e juventude, entidades policiais, Comiss\u00f5es de Prote\u00e7\u00e3o\u00a0ou autoridades jur\u00eddicas. Esta comunica\u00e7\u00e3o \u00e9 obrigat\u00f3ria quando da situa\u00e7\u00e3o resulte perigo para a vida,\u00a0integridade f\u00edsica ou ps\u00edquica ou liberdade da crian\u00e7a ou do jovem.<\/p>\n<p>A CPCJ \u00e9 constitu\u00edda por representantes do Munic\u00edpio, Seguran\u00e7a Social, Servi\u00e7os Locais do Minist\u00e9rio da\u00a0Educa\u00e7\u00e3o, Servi\u00e7os da Sa\u00fade, IPSS; Associa\u00e7\u00f5es de Pais, Associa\u00e7\u00f5es Juvenis, Desportivas e Culturais,\u00a0IPDJ &#8211; Instituto Portugu\u00eas do Desporto e Juventude, IEFP &#8211; Instituto do Emprego e Forma\u00e7\u00e3o Profissional,\u00a0GNR de Vila Praia de \u00c2ncora, GNR de Caminha, tr\u00eas t\u00e9cnicos cooptados pela Comiss\u00e3o e quatro elementos\u00a0designados pela Assembleia Municipal.<\/p>\n","protected":false},"excerpt":{"rendered":"<p>A Comiss\u00e3o de Prote\u00e7\u00e3o de Crian\u00e7as e Jovens do Concelho de Caminha (CPCJ) tem uma nova presidente.\u00a0Eleita este m\u00eas, a caminhense Renata Monteiro destaca, entre o foco das interven\u00e7\u00f5es, a quest\u00e3o dos\u00a0consumos, v\u00edcios, viol\u00eancia, bullying, assim como os perigos das novas tecnologias. Privilegia tamb\u00e9m a\u00a0participa\u00e7\u00e3o: \u201cConvido toda a comunidade a participar nas nossas atividades, a [&hellip;]<\/p>\n","protected":false},"author":1,"featured_media":77024,"comment_status":"closed","ping_status":"closed","sticky":false,"template":"","format":"standard","meta":{"_exactmetrics_skip_tracking":false,"_exactmetrics_sitenote_active":false,"_exactmetrics_sitenote_note":"","_exactmetrics_sitenote_category":0,"footnotes":""},"categories":[7],"tags":[27],"class_list":["post-77011","post","type-post","status-publish","format-standard","has-post-thumbnail","hentry","category-caminha","tag-sociedade"],"yoast_head":"<!-- This site is optimized with the Yoast SEO Premium plugin v27.4 (Yoast SEO v27.4) - https:\/\/yoast.com\/product\/yoast-seo-premium-wordpress\/ -->\n<title>Nova presidente da CPCJ apela ao envolvimento da comunidade no trabalho da comiss\u00e3o<\/title>\n<meta name=\"description\" content=\"A Comiss\u00e3o de Prote\u00e7\u00e3o de Crian\u00e7as e Jovens do Concelho de Caminha (CPCJ) tem uma nova presidente.\u00a0Eleita este m\u00eas, a caminhense Renata Monteiro destaca, entre o foco das interven\u00e7\u00f5es, a quest\u00e3o dos\u00a0consumos, v\u00edcios, viol\u00eancia, bullying, assim como os perigos das novas tecnologias.\" \/>\n<meta name=\"robots\" content=\"index, follow, max-snippet:-1, max-image-preview:large, max-video-preview:-1\" \/>\n<link rel=\"canonical\" href=\"https:\/\/www.altominho.tv\/site\/2022\/02\/28\/nova-presidente-da-cpcj-apela-ao-envolvimento-da-comunidade-no-trabalho-da-comissao\/\" \/>\n<meta property=\"og:locale\" content=\"pt_PT\" \/>\n<meta property=\"og:type\" content=\"article\" \/>\n<meta property=\"og:title\" content=\"Nova presidente da CPCJ apela ao envolvimento da comunidade no trabalho da comiss\u00e3o\" \/>\n<meta property=\"og:description\" content=\"A Comiss\u00e3o de Prote\u00e7\u00e3o de Crian\u00e7as e Jovens do Concelho de Caminha (CPCJ) tem uma nova presidente.\u00a0Eleita este m\u00eas, a caminhense Renata Monteiro destaca, entre o foco das interven\u00e7\u00f5es, a quest\u00e3o dos\u00a0consumos, v\u00edcios, viol\u00eancia, bullying, assim como os perigos das novas tecnologias.\" \/>\n<meta property=\"og:url\" content=\"https:\/\/www.altominho.tv\/site\/2022\/02\/28\/nova-presidente-da-cpcj-apela-ao-envolvimento-da-comunidade-no-trabalho-da-comissao\/\" \/>\n<meta property=\"og:site_name\" content=\"Altominho.tv\" \/>\n<meta property=\"article:publisher\" content=\"https:\/\/www.facebook.com\/altominhotv\" \/>\n<meta property=\"article:published_time\" content=\"2022-02-28T11:20:21+00:00\" \/>\n<meta property=\"article:modified_time\" content=\"2022-02-28T11:20:26+00:00\" \/>\n<meta property=\"og:image\" content=\"https:\/\/www.altominho.tv\/site\/wp-content\/uploads\/2022\/02\/Renata-Monteiro.jpg\" \/>\n\t<meta property=\"og:image:width\" content=\"1621\" \/>\n\t<meta property=\"og:image:height\" content=\"1080\" \/>\n\t<meta property=\"og:image:type\" content=\"image\/jpeg\" \/>\n<meta name=\"author\" content=\"Altominho.tv\" \/>\n<meta name=\"twitter:card\" content=\"summary_large_image\" \/>\n<meta name=\"twitter:creator\" content=\"@altominhoTV\" \/>\n<meta name=\"twitter:site\" content=\"@altominhoTV\" \/>\n<meta name=\"twitter:label1\" content=\"Escrito por\" \/>\n\t<meta name=\"twitter:data1\" content=\"Altominho.tv\" \/>\n\t<meta name=\"twitter:label2\" content=\"Tempo estimado de leitura\" \/>\n\t<meta name=\"twitter:data2\" content=\"3 minutos\" \/>\n<script type=\"application\/ld+json\" class=\"yoast-schema-graph\">{\"@context\":\"https:\\\/\\\/schema.org\",\"@graph\":[{\"@type\":\"Article\",\"@id\":\"https:\\\/\\\/www.altominho.tv\\\/site\\\/2022\\\/02\\\/28\\\/nova-presidente-da-cpcj-apela-ao-envolvimento-da-comunidade-no-trabalho-da-comissao\\\/#article\",\"isPartOf\":{\"@id\":\"https:\\\/\\\/www.altominho.tv\\\/site\\\/2022\\\/02\\\/28\\\/nova-presidente-da-cpcj-apela-ao-envolvimento-da-comunidade-no-trabalho-da-comissao\\\/\"},\"author\":{\"name\":\"Altominho.tv\",\"@id\":\"https:\\\/\\\/www.altominho.tv\\\/site\\\/#\\\/schema\\\/person\\\/4e536851627d7914baf3dac752b6af22\"},\"headline\":\"Nova presidente da CPCJ apela ao envolvimento da comunidade no trabalho da comiss\u00e3o\",\"datePublished\":\"2022-02-28T11:20:21+00:00\",\"dateModified\":\"2022-02-28T11:20:26+00:00\",\"mainEntityOfPage\":{\"@id\":\"https:\\\/\\\/www.altominho.tv\\\/site\\\/2022\\\/02\\\/28\\\/nova-presidente-da-cpcj-apela-ao-envolvimento-da-comunidade-no-trabalho-da-comissao\\\/\"},\"wordCount\":579,\"image\":{\"@id\":\"https:\\\/\\\/www.altominho.tv\\\/site\\\/2022\\\/02\\\/28\\\/nova-presidente-da-cpcj-apela-ao-envolvimento-da-comunidade-no-trabalho-da-comissao\\\/#primaryimage\"},\"thumbnailUrl\":\"https:\\\/\\\/www.altominho.tv\\\/site\\\/wp-content\\\/uploads\\\/2022\\\/02\\\/Renata-Monteiro.jpg\",\"keywords\":[\"Sociedade\"],\"articleSection\":[\"Caminha\"],\"inLanguage\":\"pt-PT\",\"copyrightYear\":\"2022\",\"copyrightHolder\":{\"@id\":\"https:\\\/\\\/www.altominho.tv\\\/site\\\/#organization\"}},{\"@type\":\"WebPage\",\"@id\":\"https:\\\/\\\/www.altominho.tv\\\/site\\\/2022\\\/02\\\/28\\\/nova-presidente-da-cpcj-apela-ao-envolvimento-da-comunidade-no-trabalho-da-comissao\\\/\",\"url\":\"https:\\\/\\\/www.altominho.tv\\\/site\\\/2022\\\/02\\\/28\\\/nova-presidente-da-cpcj-apela-ao-envolvimento-da-comunidade-no-trabalho-da-comissao\\\/\",\"name\":\"Nova presidente da CPCJ apela ao envolvimento da comunidade no trabalho da comiss\u00e3o\",\"isPartOf\":{\"@id\":\"https:\\\/\\\/www.altominho.tv\\\/site\\\/#website\"},\"primaryImageOfPage\":{\"@id\":\"https:\\\/\\\/www.altominho.tv\\\/site\\\/2022\\\/02\\\/28\\\/nova-presidente-da-cpcj-apela-ao-envolvimento-da-comunidade-no-trabalho-da-comissao\\\/#primaryimage\"},\"image\":{\"@id\":\"https:\\\/\\\/www.altominho.tv\\\/site\\\/2022\\\/02\\\/28\\\/nova-presidente-da-cpcj-apela-ao-envolvimento-da-comunidade-no-trabalho-da-comissao\\\/#primaryimage\"},\"thumbnailUrl\":\"https:\\\/\\\/www.altominho.tv\\\/site\\\/wp-content\\\/uploads\\\/2022\\\/02\\\/Renata-Monteiro.jpg\",\"datePublished\":\"2022-02-28T11:20:21+00:00\",\"dateModified\":\"2022-02-28T11:20:26+00:00\",\"author\":{\"@id\":\"https:\\\/\\\/www.altominho.tv\\\/site\\\/#\\\/schema\\\/person\\\/4e536851627d7914baf3dac752b6af22\"},\"description\":\"A Comiss\u00e3o de Prote\u00e7\u00e3o de Crian\u00e7as e Jovens do Concelho de Caminha (CPCJ) tem uma nova presidente.\u00a0Eleita este m\u00eas, a caminhense Renata Monteiro destaca, entre o foco das interven\u00e7\u00f5es, a quest\u00e3o dos\u00a0consumos, v\u00edcios, viol\u00eancia, bullying, assim como os perigos das novas tecnologias.\",\"breadcrumb\":{\"@id\":\"https:\\\/\\\/www.altominho.tv\\\/site\\\/2022\\\/02\\\/28\\\/nova-presidente-da-cpcj-apela-ao-envolvimento-da-comunidade-no-trabalho-da-comissao\\\/#breadcrumb\"},\"inLanguage\":\"pt-PT\",\"potentialAction\":[{\"@type\":\"ReadAction\",\"target\":[\"https:\\\/\\\/www.altominho.tv\\\/site\\\/2022\\\/02\\\/28\\\/nova-presidente-da-cpcj-apela-ao-envolvimento-da-comunidade-no-trabalho-da-comissao\\\/\"]}]},{\"@type\":\"ImageObject\",\"inLanguage\":\"pt-PT\",\"@id\":\"https:\\\/\\\/www.altominho.tv\\\/site\\\/2022\\\/02\\\/28\\\/nova-presidente-da-cpcj-apela-ao-envolvimento-da-comunidade-no-trabalho-da-comissao\\\/#primaryimage\",\"url\":\"https:\\\/\\\/www.altominho.tv\\\/site\\\/wp-content\\\/uploads\\\/2022\\\/02\\\/Renata-Monteiro.jpg\",\"contentUrl\":\"https:\\\/\\\/www.altominho.tv\\\/site\\\/wp-content\\\/uploads\\\/2022\\\/02\\\/Renata-Monteiro.jpg\",\"width\":1621,\"height\":1080},{\"@type\":\"BreadcrumbList\",\"@id\":\"https:\\\/\\\/www.altominho.tv\\\/site\\\/2022\\\/02\\\/28\\\/nova-presidente-da-cpcj-apela-ao-envolvimento-da-comunidade-no-trabalho-da-comissao\\\/#breadcrumb\",\"itemListElement\":[{\"@type\":\"ListItem\",\"position\":1,\"name\":\"In\u00edcio\",\"item\":\"https:\\\/\\\/www.altominho.tv\\\/site\\\/\"},{\"@type\":\"ListItem\",\"position\":2,\"name\":\"Nova presidente da CPCJ apela ao envolvimento da comunidade no trabalho da comiss\u00e3o\"}]},{\"@type\":\"WebSite\",\"@id\":\"https:\\\/\\\/www.altominho.tv\\\/site\\\/#website\",\"url\":\"https:\\\/\\\/www.altominho.tv\\\/site\\\/\",\"name\":\"Altominho.tv\",\"description\":\"A sua regi\u00e3o \u00e0 dist\u00e2ncia de um clique...\",\"potentialAction\":[{\"@type\":\"SearchAction\",\"target\":{\"@type\":\"EntryPoint\",\"urlTemplate\":\"https:\\\/\\\/www.altominho.tv\\\/site\\\/?s={search_term_string}\"},\"query-input\":{\"@type\":\"PropertyValueSpecification\",\"valueRequired\":true,\"valueName\":\"search_term_string\"}}],\"inLanguage\":\"pt-PT\"},{\"@type\":\"Person\",\"@id\":\"https:\\\/\\\/www.altominho.tv\\\/site\\\/#\\\/schema\\\/person\\\/4e536851627d7914baf3dac752b6af22\",\"name\":\"Altominho.tv\",\"image\":{\"@type\":\"ImageObject\",\"inLanguage\":\"pt-PT\",\"@id\":\"https:\\\/\\\/www.altominho.tv\\\/site\\\/wp-content\\\/uploads\\\/2019\\\/11\\\/Logo_Avatar_2-150x150.jpg\",\"url\":\"https:\\\/\\\/www.altominho.tv\\\/site\\\/wp-content\\\/uploads\\\/2019\\\/11\\\/Logo_Avatar_2-150x150.jpg\",\"contentUrl\":\"https:\\\/\\\/www.altominho.tv\\\/site\\\/wp-content\\\/uploads\\\/2019\\\/11\\\/Logo_Avatar_2-150x150.jpg\",\"caption\":\"Altominho.tv\"},\"url\":\"https:\\\/\\\/www.altominho.tv\\\/site\\\/author\\\/altominhotv-tecnico\\\/\"}]}<\/script>\n<!-- \/ Yoast SEO Premium plugin. -->","yoast_head_json":{"title":"Nova presidente da CPCJ apela ao envolvimento da comunidade no trabalho da comiss\u00e3o","description":"A Comiss\u00e3o de Prote\u00e7\u00e3o de Crian\u00e7as e Jovens do Concelho de Caminha (CPCJ) tem uma nova presidente.\u00a0Eleita este m\u00eas, a caminhense Renata Monteiro destaca, entre o foco das interven\u00e7\u00f5es, a quest\u00e3o dos\u00a0consumos, v\u00edcios, viol\u00eancia, bullying, assim como os perigos das novas tecnologias.","robots":{"index":"index","follow":"follow","max-snippet":"max-snippet:-1","max-image-preview":"max-image-preview:large","max-video-preview":"max-video-preview:-1"},"canonical":"https:\/\/www.altominho.tv\/site\/2022\/02\/28\/nova-presidente-da-cpcj-apela-ao-envolvimento-da-comunidade-no-trabalho-da-comissao\/","og_locale":"pt_PT","og_type":"article","og_title":"Nova presidente da CPCJ apela ao envolvimento da comunidade no trabalho da comiss\u00e3o","og_description":"A Comiss\u00e3o de Prote\u00e7\u00e3o de Crian\u00e7as e Jovens do Concelho de Caminha (CPCJ) tem uma nova presidente.\u00a0Eleita este m\u00eas, a caminhense Renata Monteiro destaca, entre o foco das interven\u00e7\u00f5es, a quest\u00e3o dos\u00a0consumos, v\u00edcios, viol\u00eancia, bullying, assim como os perigos das novas tecnologias.","og_url":"https:\/\/www.altominho.tv\/site\/2022\/02\/28\/nova-presidente-da-cpcj-apela-ao-envolvimento-da-comunidade-no-trabalho-da-comissao\/","og_site_name":"Altominho.tv","article_publisher":"https:\/\/www.facebook.com\/altominhotv","article_published_time":"2022-02-28T11:20:21+00:00","article_modified_time":"2022-02-28T11:20:26+00:00","og_image":[{"width":1621,"height":1080,"url":"https:\/\/www.altominho.tv\/site\/wp-content\/uploads\/2022\/02\/Renata-Monteiro.jpg","type":"image\/jpeg"}],"author":"Altominho.tv","twitter_card":"summary_large_image","twitter_creator":"@altominhoTV","twitter_site":"@altominhoTV","twitter_misc":{"Escrito por":"Altominho.tv","Tempo estimado de leitura":"3 minutos"},"schema":{"@context":"https:\/\/schema.org","@graph":[{"@type":"Article","@id":"https:\/\/www.altominho.tv\/site\/2022\/02\/28\/nova-presidente-da-cpcj-apela-ao-envolvimento-da-comunidade-no-trabalho-da-comissao\/#article","isPartOf":{"@id":"https:\/\/www.altominho.tv\/site\/2022\/02\/28\/nova-presidente-da-cpcj-apela-ao-envolvimento-da-comunidade-no-trabalho-da-comissao\/"},"author":{"name":"Altominho.tv","@id":"https:\/\/www.altominho.tv\/site\/#\/schema\/person\/4e536851627d7914baf3dac752b6af22"},"headline":"Nova presidente da CPCJ apela ao envolvimento da comunidade no trabalho da comiss\u00e3o","datePublished":"2022-02-28T11:20:21+00:00","dateModified":"2022-02-28T11:20:26+00:00","mainEntityOfPage":{"@id":"https:\/\/www.altominho.tv\/site\/2022\/02\/28\/nova-presidente-da-cpcj-apela-ao-envolvimento-da-comunidade-no-trabalho-da-comissao\/"},"wordCount":579,"image":{"@id":"https:\/\/www.altominho.tv\/site\/2022\/02\/28\/nova-presidente-da-cpcj-apela-ao-envolvimento-da-comunidade-no-trabalho-da-comissao\/#primaryimage"},"thumbnailUrl":"https:\/\/www.altominho.tv\/site\/wp-content\/uploads\/2022\/02\/Renata-Monteiro.jpg","keywords":["Sociedade"],"articleSection":["Caminha"],"inLanguage":"pt-PT","copyrightYear":"2022","copyrightHolder":{"@id":"https:\/\/www.altominho.tv\/site\/#organization"}},{"@type":"WebPage","@id":"https:\/\/www.altominho.tv\/site\/2022\/02\/28\/nova-presidente-da-cpcj-apela-ao-envolvimento-da-comunidade-no-trabalho-da-comissao\/","url":"https:\/\/www.altominho.tv\/site\/2022\/02\/28\/nova-presidente-da-cpcj-apela-ao-envolvimento-da-comunidade-no-trabalho-da-comissao\/","name":"Nova presidente da CPCJ apela ao envolvimento da comunidade no trabalho da comiss\u00e3o","isPartOf":{"@id":"https:\/\/www.altominho.tv\/site\/#website"},"primaryImageOfPage":{"@id":"https:\/\/www.altominho.tv\/site\/2022\/02\/28\/nova-presidente-da-cpcj-apela-ao-envolvimento-da-comunidade-no-trabalho-da-comissao\/#primaryimage"},"image":{"@id":"https:\/\/www.altominho.tv\/site\/2022\/02\/28\/nova-presidente-da-cpcj-apela-ao-envolvimento-da-comunidade-no-trabalho-da-comissao\/#primaryimage"},"thumbnailUrl":"https:\/\/www.altominho.tv\/site\/wp-content\/uploads\/2022\/02\/Renata-Monteiro.jpg","datePublished":"2022-02-28T11:20:21+00:00","dateModified":"2022-02-28T11:20:26+00:00","author":{"@id":"https:\/\/www.altominho.tv\/site\/#\/schema\/person\/4e536851627d7914baf3dac752b6af22"},"description":"A Comiss\u00e3o de Prote\u00e7\u00e3o de Crian\u00e7as e Jovens do Concelho de Caminha (CPCJ) tem uma nova presidente.\u00a0Eleita este m\u00eas, a caminhense Renata Monteiro destaca, entre o foco das interven\u00e7\u00f5es, a quest\u00e3o dos\u00a0consumos, v\u00edcios, viol\u00eancia, bullying, assim como os perigos das novas tecnologias.","breadcrumb":{"@id":"https:\/\/www.altominho.tv\/site\/2022\/02\/28\/nova-presidente-da-cpcj-apela-ao-envolvimento-da-comunidade-no-trabalho-da-comissao\/#breadcrumb"},"inLanguage":"pt-PT","potentialAction":[{"@type":"ReadAction","target":["https:\/\/www.altominho.tv\/site\/2022\/02\/28\/nova-presidente-da-cpcj-apela-ao-envolvimento-da-comunidade-no-trabalho-da-comissao\/"]}]},{"@type":"ImageObject","inLanguage":"pt-PT","@id":"https:\/\/www.altominho.tv\/site\/2022\/02\/28\/nova-presidente-da-cpcj-apela-ao-envolvimento-da-comunidade-no-trabalho-da-comissao\/#primaryimage","url":"https:\/\/www.altominho.tv\/site\/wp-content\/uploads\/2022\/02\/Renata-Monteiro.jpg","contentUrl":"https:\/\/www.altominho.tv\/site\/wp-content\/uploads\/2022\/02\/Renata-Monteiro.jpg","width":1621,"height":1080},{"@type":"BreadcrumbList","@id":"https:\/\/www.altominho.tv\/site\/2022\/02\/28\/nova-presidente-da-cpcj-apela-ao-envolvimento-da-comunidade-no-trabalho-da-comissao\/#breadcrumb","itemListElement":[{"@type":"ListItem","position":1,"name":"In\u00edcio","item":"https:\/\/www.altominho.tv\/site\/"},{"@type":"ListItem","position":2,"name":"Nova presidente da CPCJ apela ao envolvimento da comunidade no trabalho da comiss\u00e3o"}]},{"@type":"WebSite","@id":"https:\/\/www.altominho.tv\/site\/#website","url":"https:\/\/www.altominho.tv\/site\/","name":"Altominho.tv","description":"A sua regi\u00e3o \u00e0 dist\u00e2ncia de um clique...","potentialAction":[{"@type":"SearchAction","target":{"@type":"EntryPoint","urlTemplate":"https:\/\/www.altominho.tv\/site\/?s={search_term_string}"},"query-input":{"@type":"PropertyValueSpecification","valueRequired":true,"valueName":"search_term_string"}}],"inLanguage":"pt-PT"},{"@type":"Person","@id":"https:\/\/www.altominho.tv\/site\/#\/schema\/person\/4e536851627d7914baf3dac752b6af22","name":"Altominho.tv","image":{"@type":"ImageObject","inLanguage":"pt-PT","@id":"https:\/\/www.altominho.tv\/site\/wp-content\/uploads\/2019\/11\/Logo_Avatar_2-150x150.jpg","url":"https:\/\/www.altominho.tv\/site\/wp-content\/uploads\/2019\/11\/Logo_Avatar_2-150x150.jpg","contentUrl":"https:\/\/www.altominho.tv\/site\/wp-content\/uploads\/2019\/11\/Logo_Avatar_2-150x150.jpg","caption":"Altominho.tv"},"url":"https:\/\/www.altominho.tv\/site\/author\/altominhotv-tecnico\/"}]}},"_links":{"self":[{"href":"https:\/\/www.altominho.tv\/site\/wp-json\/wp\/v2\/posts\/77011","targetHints":{"allow":["GET"]}}],"collection":[{"href":"https:\/\/www.altominho.tv\/site\/wp-json\/wp\/v2\/posts"}],"about":[{"href":"https:\/\/www.altominho.tv\/site\/wp-json\/wp\/v2\/types\/post"}],"author":[{"embeddable":true,"href":"https:\/\/www.altominho.tv\/site\/wp-json\/wp\/v2\/users\/1"}],"replies":[{"embeddable":true,"href":"https:\/\/www.altominho.tv\/site\/wp-json\/wp\/v2\/comments?post=77011"}],"version-history":[{"count":0,"href":"https:\/\/www.altominho.tv\/site\/wp-json\/wp\/v2\/posts\/77011\/revisions"}],"wp:featuredmedia":[{"embeddable":true,"href":"https:\/\/www.altominho.tv\/site\/wp-json\/wp\/v2\/media\/77024"}],"wp:attachment":[{"href":"https:\/\/www.altominho.tv\/site\/wp-json\/wp\/v2\/media?parent=77011"}],"wp:term":[{"taxonomy":"category","embeddable":true,"href":"https:\/\/www.altominho.tv\/site\/wp-json\/wp\/v2\/categories?post=77011"},{"taxonomy":"post_tag","embeddable":true,"href":"https:\/\/www.altominho.tv\/site\/wp-json\/wp\/v2\/tags?post=77011"}],"curies":[{"name":"wp","href":"https:\/\/api.w.org\/{rel}","templated":true}]}}