{"id":76888,"date":"2022-02-25T11:14:59","date_gmt":"2022-02-25T11:14:59","guid":{"rendered":"https:\/\/www.altominho.tv\/site\/?p=76888"},"modified":"2022-02-25T11:15:05","modified_gmt":"2022-02-25T11:15:05","slug":"hotel-emprego","status":"publish","type":"post","link":"https:\/\/www.altominho.tv\/site\/2022\/02\/25\/hotel-emprego\/","title":{"rendered":"Novo hotel de 4,1ME em solar setecentista de Arcos de Valdevez cria 35 empregos"},"content":{"rendered":"\n<p class=\"wp-block-paragraph\">O solar setecentista de Requeijo, em Arcos de Valdevez, dever\u00e1 reabrir em abril transformado em hotel de cinco estrelas, num investimento de 4,1 milh\u00f5es de euros que vai criar 35 postos de trabalho, disse hoje o presidente da C\u00e2mara.<\/p>\n\n\n\n<p class=\"wp-block-paragraph\">Em declara\u00e7\u00f5es \u00e0 Lusa, Jo\u00e3o Manuel Esteves destacou a \u201carticula\u00e7\u00e3o entre a autarquia e o investidor que tornou poss\u00edvel a aquisi\u00e7\u00e3o e a reabilita\u00e7\u00e3o do solar devoluto em hotel de excel\u00eancia na regi\u00e3o\u201d.<\/p>\n\n\n\n<p class=\"wp-block-paragraph\">\u201cEste investimento \u00e9 muito importante para o concelho por dotar Arcos de Valdevez de um hotel de charme, instalado num edif\u00edcio classificado, de elevado valor hist\u00f3rico e de relev\u00e2ncia assinal\u00e1vel para o concelho\u201d, afirmou o autarca social-democrata.<\/p>\n\n\n\n<p class=\"wp-block-paragraph\">Al\u00e9m do montante do investimento, 4,1 milh\u00f5es de euros, Jo\u00e3o Manuel Esteves salientou os \u201cpostos de trabalho diretos\u201d criados no concelho, \u201caltamente especializados e preparados para oferecer um n\u00edvel de servi\u00e7o de elevada qualidade\u201d.<\/p>\n\n\n\n<p class=\"wp-block-paragraph\">Segundo o autarca, a nova unidade hoteleira do grupo Luna Hotels &amp; Resorts, a segunda daquele operador tur\u00edstico em Arcos de Valdevez, com abertura prevista para abril, \u00e9 \u201ccomposta por 27 quartos e suites\u201d.<\/p>\n\n\n\n<p class=\"wp-block-paragraph\">Doze quartos est\u00e3o localizados no edif\u00edcio principal do solar, classificado como Im\u00f3vel de Interesse P\u00fablico e constru\u00eddo em finais do s\u00e9culo XVII.<\/p>\n\n\n\n<p class=\"wp-block-paragraph\">Os restantes 15 quatros foram criados nos terra\u00e7os do solar, um im\u00f3vel complementar, de estilo contempor\u00e2neo, ligado ao principal por passagens subterr\u00e2neas.<\/p>\n\n\n\n<p class=\"wp-block-paragraph\">Situado na antiga Quinta do Requeijo, na margem esquerda do rio Vez, na Uni\u00e3o de Freguesias de Arcos de Valdevez (S\u00e3o Paio) e Giela, a nova unidade vai proporcionar uma resposta \u201cdiferenciadora\u201d aos turistas e \u201cqualificar a oferta\u201d do concelho, que atualmente &#8220;disp\u00f5e de\u00a0alojamento para cerca de 1.600 pessoas&#8221;.<\/p>\n\n\n\n<p class=\"wp-block-paragraph\">\u201cEste investimento vem mostrar o dinamismo do turismo no concelho, resultante das apostas que o executivo municipal tem feito na valoriza\u00e7\u00e3o do patrim\u00f3nio natural e cultural\u201d, destacou.<\/p>\n\n\n\n<p class=\"wp-block-paragraph\">Para Jo\u00e3o Manuel Esteves, o segundo investimento do grupo reflete \u201ca confian\u00e7a que os operadores tur\u00edsticos, nomeadamente o grupo Luna, t\u00eam no concelho\u201d.<\/p>\n\n\n\n<p class=\"wp-block-paragraph\">\u201cAcreditam que a procura deste destino \u00e9 uma realidade e que pode crescer e alavancar ainda mais o setor, primordial no desenvolvimento econ\u00f3mico do concelho\u201d, sustentou.<\/p>\n\n\n\n<p class=\"wp-block-paragraph\">Segundo o presidente da C\u00e2mara de Arcos de Valdevez, \u201ca procura do destino tem vindo a crescer, mesmo em tempos adversos como os que temos vivido\u201d, referindo-se \u00e0 pandemia de covid-19.<\/p>\n\n\n\n<p class=\"wp-block-paragraph\">\u201cA oferta hoteleira que se tem vindo a instalar, \u00e9, cada vez mais, de qualidade superior, indo ao encontro do n\u00edvel da procura por um concelho de beleza singular, din\u00e2mico e com uma agenda cultural de refer\u00eancia nacional\u201d, adiantou.<\/p>\n\n\n\n<p class=\"wp-block-paragraph\">Segundo informa\u00e7\u00e3o que consta na p\u00e1gina oficial da Dire\u00e7\u00e3o-Geral de Patrim\u00f3nio Cultural (DGPC), na Internet, o solar, situado no interior da Quinta do Requeijo, \u00e9 uma constru\u00e7\u00e3o setecentista, que reflete, nas suas op\u00e7\u00f5es arquitet\u00f3nicas, um dos modelos de casa nobre que conheceu grande fortuna no Norte do pa\u00eds (entre outros, Pa\u00e7o de Calheiros e Pa\u00e7o de Bertiandos em Ponte de Lima, e solar dos Pinheiros em Barcelos)\u201d.<\/p>\n\n\n\n<p class=\"wp-block-paragraph\">As \u201cduas torres, nos extremos do edif\u00edcio e ligadas entre si atrav\u00e9s de um corpo mais baixo e longitudinal, inscrevem a casa de Requeijo nas denominadas \u2018casa-torre\u2019, de origem medieval, mas cuja influ\u00eancia foi determinante na arquitetura civil dos s\u00e9culos seguintes\u201d.<\/p>\n\n\n\n<p class=\"wp-block-paragraph\">J\u00e1 a capela, implantada num dos extremos da casa, liga-se a esta atrav\u00e9s de um passadi\u00e7o, e \u00e9 uma edifica\u00e7\u00e3o mais tardia, pois os elementos decorativos s\u00e3o mais caracter\u00edsticos de um gosto rococ\u00f3, da segunda metade do s\u00e9culo XVIII.<\/p>\n\n\n\n<p class=\"wp-block-paragraph\">O im\u00f3vel foi adquirido, na sua totalidade, pela C\u00e2mara Municipal, com aprova\u00e7\u00e3o da Assembleia, em 1999. Chegou ainda a ser utilizado pela Associa\u00e7\u00e3o Nacional de Jovens Empres\u00e1rios (ANJE) como centro residencial de forma\u00e7\u00e3o empresarial.<\/p>\n","protected":false},"excerpt":{"rendered":"<p>O solar setecentista de Requeijo, em Arcos de Valdevez, dever\u00e1 reabrir em abril transformado em hotel de cinco estrelas, num investimento de 4,1 milh\u00f5es de euros que vai criar 35 postos de trabalho, disse hoje o presidente da C\u00e2mara. Em declara\u00e7\u00f5es \u00e0 Lusa, Jo\u00e3o Manuel Esteves destacou a \u201carticula\u00e7\u00e3o entre a autarquia e o investidor [&hellip;]<\/p>\n","protected":false},"author":16,"featured_media":76889,"comment_status":"closed","ping_status":"closed","sticky":false,"template":"","format":"standard","meta":{"_exactmetrics_skip_tracking":false,"footnotes":""},"categories":[2],"tags":[27],"class_list":["post-76888","post","type-post","status-publish","format-standard","has-post-thumbnail","hentry","category-arcos-de-valdevez","tag-sociedade"],"yoast_head":"<!-- This site is optimized with the Yoast SEO Premium plugin v28.3 (Yoast SEO v28.3) - https:\/\/yoast.com\/product\/yoast-seo-premium-wordpress\/ -->\n<title>Novo hotel de 4,1ME em solar setecentista de Arcos de Valdevez cria 35 empregos<\/title>\n<meta name=\"description\" content=\"Um novo hotel de 4,1ME em solar setecentista de Arcos de Valdevez cria 35 empregos.\" \/>\n<meta name=\"robots\" content=\"index, follow, max-snippet:-1, max-image-preview:large, max-video-preview:-1\" \/>\n<link rel=\"canonical\" href=\"https:\/\/www.altominho.tv\/site\/2022\/02\/25\/hotel-emprego\/\" \/>\n<meta property=\"og:locale\" content=\"pt_PT\" \/>\n<meta property=\"og:type\" content=\"article\" \/>\n<meta property=\"og:title\" content=\"Novo hotel de 4,1ME em solar setecentista de Arcos de Valdevez cria 35 empregos\" \/>\n<meta property=\"og:description\" content=\"Um novo hotel de 4,1ME em solar setecentista de Arcos de Valdevez cria 35 empregos.\" \/>\n<meta property=\"og:url\" content=\"https:\/\/www.altominho.tv\/site\/2022\/02\/25\/hotel-emprego\/\" \/>\n<meta property=\"og:site_name\" content=\"Altominho.tv\" \/>\n<meta property=\"article:publisher\" content=\"https:\/\/www.facebook.com\/altominhotv\" \/>\n<meta property=\"article:published_time\" content=\"2022-02-25T11:14:59+00:00\" \/>\n<meta property=\"article:modified_time\" content=\"2022-02-25T11:15:05+00:00\" \/>\n<meta property=\"og:image\" content=\"https:\/\/www.altominho.tv\/site\/wp-content\/uploads\/2022\/02\/solar-arcos.jpg\" \/>\n\t<meta property=\"og:image:width\" content=\"1023\" \/>\n\t<meta property=\"og:image:height\" content=\"653\" \/>\n\t<meta property=\"og:image:type\" content=\"image\/jpeg\" \/>\n<meta name=\"author\" content=\"Andreia Cunha | Lusa\" \/>\n<meta name=\"twitter:card\" content=\"summary_large_image\" \/>\n<meta name=\"twitter:creator\" content=\"@altominhoTV\" \/>\n<meta name=\"twitter:site\" content=\"@altominhoTV\" \/>\n<meta name=\"twitter:label1\" content=\"Escrito por\" \/>\n\t<meta name=\"twitter:data1\" content=\"Andreia Cunha | Lusa\" \/>\n\t<meta name=\"twitter:label2\" content=\"Tempo estimado de leitura\" \/>\n\t<meta name=\"twitter:data2\" content=\"4 minutos\" \/>\n<script type=\"application\/ld+json\" class=\"yoast-schema-graph\">{\"@context\":\"https:\\\/\\\/schema.org\",\"@graph\":[{\"@type\":\"Article\",\"@id\":\"https:\\\/\\\/www.altominho.tv\\\/site\\\/2022\\\/02\\\/25\\\/hotel-emprego\\\/#article\",\"isPartOf\":{\"@id\":\"https:\\\/\\\/www.altominho.tv\\\/site\\\/2022\\\/02\\\/25\\\/hotel-emprego\\\/\"},\"author\":{\"name\":\"Andreia Cunha | Lusa\",\"@id\":\"https:\\\/\\\/www.altominho.tv\\\/site\\\/#\\\/schema\\\/person\\\/dbaf181c01b51ff40c9f461a905d321e\"},\"headline\":\"Novo hotel de 4,1ME em solar setecentista de Arcos de Valdevez cria 35 empregos\",\"datePublished\":\"2022-02-25T11:14:59+00:00\",\"dateModified\":\"2022-02-25T11:15:05+00:00\",\"mainEntityOfPage\":{\"@id\":\"https:\\\/\\\/www.altominho.tv\\\/site\\\/2022\\\/02\\\/25\\\/hotel-emprego\\\/\"},\"wordCount\":666,\"image\":{\"@id\":\"https:\\\/\\\/www.altominho.tv\\\/site\\\/2022\\\/02\\\/25\\\/hotel-emprego\\\/#primaryimage\"},\"thumbnailUrl\":\"https:\\\/\\\/www.altominho.tv\\\/site\\\/wp-content\\\/uploads\\\/2022\\\/02\\\/solar-arcos.jpg\",\"keywords\":[\"Sociedade\"],\"articleSection\":[\"Arcos de Valdevez\"],\"inLanguage\":\"pt-PT\",\"copyrightYear\":\"2022\",\"copyrightHolder\":{\"@id\":\"https:\\\/\\\/www.altominho.tv\\\/site\\\/#organization\"}},{\"@type\":\"WebPage\",\"@id\":\"https:\\\/\\\/www.altominho.tv\\\/site\\\/2022\\\/02\\\/25\\\/hotel-emprego\\\/\",\"url\":\"https:\\\/\\\/www.altominho.tv\\\/site\\\/2022\\\/02\\\/25\\\/hotel-emprego\\\/\",\"name\":\"Novo hotel de 4,1ME em solar setecentista de Arcos de Valdevez cria 35 empregos\",\"isPartOf\":{\"@id\":\"https:\\\/\\\/www.altominho.tv\\\/site\\\/#website\"},\"primaryImageOfPage\":{\"@id\":\"https:\\\/\\\/www.altominho.tv\\\/site\\\/2022\\\/02\\\/25\\\/hotel-emprego\\\/#primaryimage\"},\"image\":{\"@id\":\"https:\\\/\\\/www.altominho.tv\\\/site\\\/2022\\\/02\\\/25\\\/hotel-emprego\\\/#primaryimage\"},\"thumbnailUrl\":\"https:\\\/\\\/www.altominho.tv\\\/site\\\/wp-content\\\/uploads\\\/2022\\\/02\\\/solar-arcos.jpg\",\"datePublished\":\"2022-02-25T11:14:59+00:00\",\"dateModified\":\"2022-02-25T11:15:05+00:00\",\"author\":{\"@id\":\"https:\\\/\\\/www.altominho.tv\\\/site\\\/#\\\/schema\\\/person\\\/dbaf181c01b51ff40c9f461a905d321e\"},\"description\":\"Um novo hotel de 4,1ME em solar setecentista de Arcos de Valdevez cria 35 empregos.\",\"breadcrumb\":{\"@id\":\"https:\\\/\\\/www.altominho.tv\\\/site\\\/2022\\\/02\\\/25\\\/hotel-emprego\\\/#breadcrumb\"},\"inLanguage\":\"pt-PT\",\"potentialAction\":[{\"@type\":\"ReadAction\",\"target\":[\"https:\\\/\\\/www.altominho.tv\\\/site\\\/2022\\\/02\\\/25\\\/hotel-emprego\\\/\"]}]},{\"@type\":\"ImageObject\",\"inLanguage\":\"pt-PT\",\"@id\":\"https:\\\/\\\/www.altominho.tv\\\/site\\\/2022\\\/02\\\/25\\\/hotel-emprego\\\/#primaryimage\",\"url\":\"https:\\\/\\\/www.altominho.tv\\\/site\\\/wp-content\\\/uploads\\\/2022\\\/02\\\/solar-arcos.jpg\",\"contentUrl\":\"https:\\\/\\\/www.altominho.tv\\\/site\\\/wp-content\\\/uploads\\\/2022\\\/02\\\/solar-arcos.jpg\",\"width\":1023,\"height\":653},{\"@type\":\"BreadcrumbList\",\"@id\":\"https:\\\/\\\/www.altominho.tv\\\/site\\\/2022\\\/02\\\/25\\\/hotel-emprego\\\/#breadcrumb\",\"itemListElement\":[{\"@type\":\"ListItem\",\"position\":1,\"name\":\"In\u00edcio\",\"item\":\"https:\\\/\\\/www.altominho.tv\\\/site\\\/\"},{\"@type\":\"ListItem\",\"position\":2,\"name\":\"Novo hotel de 4,1ME em solar setecentista de Arcos de Valdevez cria 35 empregos\"}]},{\"@type\":\"WebSite\",\"@id\":\"https:\\\/\\\/www.altominho.tv\\\/site\\\/#website\",\"url\":\"https:\\\/\\\/www.altominho.tv\\\/site\\\/\",\"name\":\"Altominho.tv\",\"description\":\"A sua regi\u00e3o \u00e0 dist\u00e2ncia de um clique...\",\"potentialAction\":[{\"@type\":\"SearchAction\",\"target\":{\"@type\":\"EntryPoint\",\"urlTemplate\":\"https:\\\/\\\/www.altominho.tv\\\/site\\\/?s={search_term_string}\"},\"query-input\":{\"@type\":\"PropertyValueSpecification\",\"valueRequired\":true,\"valueName\":\"search_term_string\"}}],\"inLanguage\":\"pt-PT\"},{\"@type\":\"Person\",\"@id\":\"https:\\\/\\\/www.altominho.tv\\\/site\\\/#\\\/schema\\\/person\\\/dbaf181c01b51ff40c9f461a905d321e\",\"name\":\"Andreia Cunha | Lusa\",\"image\":{\"@type\":\"ImageObject\",\"inLanguage\":\"pt-PT\",\"@id\":\"https:\\\/\\\/www.altominho.tv\\\/site\\\/wp-content\\\/uploads\\\/2017\\\/11\\\/Andreia_Cunha-1-150x150.jpg\",\"url\":\"https:\\\/\\\/www.altominho.tv\\\/site\\\/wp-content\\\/uploads\\\/2017\\\/11\\\/Andreia_Cunha-1-150x150.jpg\",\"contentUrl\":\"https:\\\/\\\/www.altominho.tv\\\/site\\\/wp-content\\\/uploads\\\/2017\\\/11\\\/Andreia_Cunha-1-150x150.jpg\",\"caption\":\"Andreia Cunha | Lusa\"},\"sameAs\":[\"https:\\\/\\\/www.altominho.tv\\\/site\"],\"url\":\"https:\\\/\\\/www.altominho.tv\\\/site\\\/author\\\/andreiacunhalusa\\\/\"}]}<\/script>\n<!-- \/ Yoast SEO Premium plugin. -->","yoast_head_json":{"title":"Novo hotel de 4,1ME em solar setecentista de Arcos de Valdevez cria 35 empregos","description":"Um novo hotel de 4,1ME em solar setecentista de Arcos de Valdevez cria 35 empregos.","robots":{"index":"index","follow":"follow","max-snippet":"max-snippet:-1","max-image-preview":"max-image-preview:large","max-video-preview":"max-video-preview:-1"},"canonical":"https:\/\/www.altominho.tv\/site\/2022\/02\/25\/hotel-emprego\/","og_locale":"pt_PT","og_type":"article","og_title":"Novo hotel de 4,1ME em solar setecentista de Arcos de Valdevez cria 35 empregos","og_description":"Um novo hotel de 4,1ME em solar setecentista de Arcos de Valdevez cria 35 empregos.","og_url":"https:\/\/www.altominho.tv\/site\/2022\/02\/25\/hotel-emprego\/","og_site_name":"Altominho.tv","article_publisher":"https:\/\/www.facebook.com\/altominhotv","article_published_time":"2022-02-25T11:14:59+00:00","article_modified_time":"2022-02-25T11:15:05+00:00","og_image":[{"width":1023,"height":653,"url":"https:\/\/www.altominho.tv\/site\/wp-content\/uploads\/2022\/02\/solar-arcos.jpg","type":"image\/jpeg"}],"author":"Andreia Cunha | Lusa","twitter_card":"summary_large_image","twitter_creator":"@altominhoTV","twitter_site":"@altominhoTV","twitter_misc":{"Escrito por":"Andreia Cunha | Lusa","Tempo estimado de leitura":"4 minutos"},"schema":{"@context":"https:\/\/schema.org","@graph":[{"@type":"Article","@id":"https:\/\/www.altominho.tv\/site\/2022\/02\/25\/hotel-emprego\/#article","isPartOf":{"@id":"https:\/\/www.altominho.tv\/site\/2022\/02\/25\/hotel-emprego\/"},"author":{"name":"Andreia Cunha | Lusa","@id":"https:\/\/www.altominho.tv\/site\/#\/schema\/person\/dbaf181c01b51ff40c9f461a905d321e"},"headline":"Novo hotel de 4,1ME em solar setecentista de Arcos de Valdevez cria 35 empregos","datePublished":"2022-02-25T11:14:59+00:00","dateModified":"2022-02-25T11:15:05+00:00","mainEntityOfPage":{"@id":"https:\/\/www.altominho.tv\/site\/2022\/02\/25\/hotel-emprego\/"},"wordCount":666,"image":{"@id":"https:\/\/www.altominho.tv\/site\/2022\/02\/25\/hotel-emprego\/#primaryimage"},"thumbnailUrl":"https:\/\/www.altominho.tv\/site\/wp-content\/uploads\/2022\/02\/solar-arcos.jpg","keywords":["Sociedade"],"articleSection":["Arcos de Valdevez"],"inLanguage":"pt-PT","copyrightYear":"2022","copyrightHolder":{"@id":"https:\/\/www.altominho.tv\/site\/#organization"}},{"@type":"WebPage","@id":"https:\/\/www.altominho.tv\/site\/2022\/02\/25\/hotel-emprego\/","url":"https:\/\/www.altominho.tv\/site\/2022\/02\/25\/hotel-emprego\/","name":"Novo hotel de 4,1ME em solar setecentista de Arcos de Valdevez cria 35 empregos","isPartOf":{"@id":"https:\/\/www.altominho.tv\/site\/#website"},"primaryImageOfPage":{"@id":"https:\/\/www.altominho.tv\/site\/2022\/02\/25\/hotel-emprego\/#primaryimage"},"image":{"@id":"https:\/\/www.altominho.tv\/site\/2022\/02\/25\/hotel-emprego\/#primaryimage"},"thumbnailUrl":"https:\/\/www.altominho.tv\/site\/wp-content\/uploads\/2022\/02\/solar-arcos.jpg","datePublished":"2022-02-25T11:14:59+00:00","dateModified":"2022-02-25T11:15:05+00:00","author":{"@id":"https:\/\/www.altominho.tv\/site\/#\/schema\/person\/dbaf181c01b51ff40c9f461a905d321e"},"description":"Um novo hotel de 4,1ME em solar setecentista de Arcos de Valdevez cria 35 empregos.","breadcrumb":{"@id":"https:\/\/www.altominho.tv\/site\/2022\/02\/25\/hotel-emprego\/#breadcrumb"},"inLanguage":"pt-PT","potentialAction":[{"@type":"ReadAction","target":["https:\/\/www.altominho.tv\/site\/2022\/02\/25\/hotel-emprego\/"]}]},{"@type":"ImageObject","inLanguage":"pt-PT","@id":"https:\/\/www.altominho.tv\/site\/2022\/02\/25\/hotel-emprego\/#primaryimage","url":"https:\/\/www.altominho.tv\/site\/wp-content\/uploads\/2022\/02\/solar-arcos.jpg","contentUrl":"https:\/\/www.altominho.tv\/site\/wp-content\/uploads\/2022\/02\/solar-arcos.jpg","width":1023,"height":653},{"@type":"BreadcrumbList","@id":"https:\/\/www.altominho.tv\/site\/2022\/02\/25\/hotel-emprego\/#breadcrumb","itemListElement":[{"@type":"ListItem","position":1,"name":"In\u00edcio","item":"https:\/\/www.altominho.tv\/site\/"},{"@type":"ListItem","position":2,"name":"Novo hotel de 4,1ME em solar setecentista de Arcos de Valdevez cria 35 empregos"}]},{"@type":"WebSite","@id":"https:\/\/www.altominho.tv\/site\/#website","url":"https:\/\/www.altominho.tv\/site\/","name":"Altominho.tv","description":"A sua regi\u00e3o \u00e0 dist\u00e2ncia de um clique...","potentialAction":[{"@type":"SearchAction","target":{"@type":"EntryPoint","urlTemplate":"https:\/\/www.altominho.tv\/site\/?s={search_term_string}"},"query-input":{"@type":"PropertyValueSpecification","valueRequired":true,"valueName":"search_term_string"}}],"inLanguage":"pt-PT"},{"@type":"Person","@id":"https:\/\/www.altominho.tv\/site\/#\/schema\/person\/dbaf181c01b51ff40c9f461a905d321e","name":"Andreia Cunha | Lusa","image":{"@type":"ImageObject","inLanguage":"pt-PT","@id":"https:\/\/www.altominho.tv\/site\/wp-content\/uploads\/2017\/11\/Andreia_Cunha-1-150x150.jpg","url":"https:\/\/www.altominho.tv\/site\/wp-content\/uploads\/2017\/11\/Andreia_Cunha-1-150x150.jpg","contentUrl":"https:\/\/www.altominho.tv\/site\/wp-content\/uploads\/2017\/11\/Andreia_Cunha-1-150x150.jpg","caption":"Andreia Cunha | Lusa"},"sameAs":["https:\/\/www.altominho.tv\/site"],"url":"https:\/\/www.altominho.tv\/site\/author\/andreiacunhalusa\/"}]}},"_links":{"self":[{"href":"https:\/\/www.altominho.tv\/site\/wp-json\/wp\/v2\/posts\/76888","targetHints":{"allow":["GET"]}}],"collection":[{"href":"https:\/\/www.altominho.tv\/site\/wp-json\/wp\/v2\/posts"}],"about":[{"href":"https:\/\/www.altominho.tv\/site\/wp-json\/wp\/v2\/types\/post"}],"author":[{"embeddable":true,"href":"https:\/\/www.altominho.tv\/site\/wp-json\/wp\/v2\/users\/16"}],"replies":[{"embeddable":true,"href":"https:\/\/www.altominho.tv\/site\/wp-json\/wp\/v2\/comments?post=76888"}],"version-history":[{"count":0,"href":"https:\/\/www.altominho.tv\/site\/wp-json\/wp\/v2\/posts\/76888\/revisions"}],"wp:featuredmedia":[{"embeddable":true,"href":"https:\/\/www.altominho.tv\/site\/wp-json\/wp\/v2\/media\/76889"}],"wp:attachment":[{"href":"https:\/\/www.altominho.tv\/site\/wp-json\/wp\/v2\/media?parent=76888"}],"wp:term":[{"taxonomy":"category","embeddable":true,"href":"https:\/\/www.altominho.tv\/site\/wp-json\/wp\/v2\/categories?post=76888"},{"taxonomy":"post_tag","embeddable":true,"href":"https:\/\/www.altominho.tv\/site\/wp-json\/wp\/v2\/tags?post=76888"}],"curies":[{"name":"wp","href":"https:\/\/api.w.org\/{rel}","templated":true}]}}