{"id":76860,"date":"2022-02-24T15:38:12","date_gmt":"2022-02-24T15:38:12","guid":{"rendered":"https:\/\/www.altominho.tv\/site\/?p=76860"},"modified":"2022-02-24T15:38:17","modified_gmt":"2022-02-24T15:38:17","slug":"caminha-coloca-em-consulta-publica-projeto-de-alteracao-do-regulamento-municipal-de-urbanizacao-e-edificacao","status":"publish","type":"post","link":"https:\/\/www.altominho.tv\/site\/2022\/02\/24\/caminha-coloca-em-consulta-publica-projeto-de-alteracao-do-regulamento-municipal-de-urbanizacao-e-edificacao\/","title":{"rendered":"Caminha coloca em consulta p\u00fablica projeto de altera\u00e7\u00e3o do regulamento municipal de urbaniza\u00e7\u00e3o e edifica\u00e7\u00e3o"},"content":{"rendered":"<p>A C\u00e2mara de Caminha aprovou a submiss\u00e3o a consulta p\u00fablica da altera\u00e7\u00e3o ao Regulamento Municipal de Urbaniza\u00e7\u00e3o e Edifica\u00e7\u00e3o (RMUE).<\/p>\n<p>De acordo com o munic\u00edpio, come\u00e7a agora a fase de recolha de sugest\u00f5es, pelo per\u00edodo de 30 dias \u00fateis, a contar da data da publica\u00e7\u00e3o do projeto de regulamento na 2.\u00aa s\u00e9rie do Di\u00e1rio da Rep\u00fablica.<\/p>\n<p>&#8220;Ap\u00f3s a proposta do Regulamento Municipal de Urbaniza\u00e7\u00e3o e Edifica\u00e7\u00e3o, publicada no Di\u00e1rio da Rep\u00fablica, em junho de 2015, ocorreram v\u00e1rias altera\u00e7\u00f5es legislativas e regulamentares que determinam a necessidade, entre outras, de atualizar aquele regulamento&#8221;, explica a autarquia em comunicado enviado \u00e0 imprensa. Tamb\u00e9m &#8220;a implementa\u00e7\u00e3o de tramita\u00e7\u00e3o procedimental, atrav\u00e9s de sistema eletr\u00f3nico, e a pr\u00e1tica corrente da gest\u00e3o urban\u00edstica foram evidenciando a necessidade de clarifica\u00e7\u00e3o e aperfei\u00e7oamento&#8221;.<\/p>\n<p>O documento encontra-se dispon\u00edvel nos servi\u00e7os de atendimento da C\u00e2mara Municipal, em Caminha e Vila Praia de \u00c2ncora, bem como no <a href=\"http:\/\/www.cm-caminha.pt\" target=\"_blank\" rel=\"noopener\">site<\/a> do munic\u00edpio de Caminha.<\/p>\n<p>Os interessados devem remeter as suas sugest\u00f5es, por escrito, dirigidas ao presidente da C\u00e2mara, por via postal para o Largo Calouste Gulbenkian, entregues pessoalmente nos servi\u00e7os de atendimento do munic\u00edpio ou por <a href=\"mailto:consultapublicarmue@cm-caminha.pt\" target=\"_blank\" rel=\"noopener\">correio eletr\u00f3nico<\/a>, colocando como assunto: \u201cConsulta p\u00fablica RMUE\u201d, at\u00e9 ao \u00faltimo dia do prazo acima referido.<\/p>\n","protected":false},"excerpt":{"rendered":"<p>A C\u00e2mara de Caminha aprovou a submiss\u00e3o a consulta p\u00fablica da altera\u00e7\u00e3o ao Regulamento Municipal de Urbaniza\u00e7\u00e3o e Edifica\u00e7\u00e3o (RMUE). De acordo com o munic\u00edpio, come\u00e7a agora a fase de recolha de sugest\u00f5es, pelo per\u00edodo de 30 dias \u00fateis, a contar da data da publica\u00e7\u00e3o do projeto de regulamento na 2.\u00aa s\u00e9rie do Di\u00e1rio da [&hellip;]<\/p>\n","protected":false},"author":12,"featured_media":45337,"comment_status":"closed","ping_status":"closed","sticky":false,"template":"","format":"standard","meta":{"_exactmetrics_skip_tracking":false,"_exactmetrics_sitenote_active":false,"_exactmetrics_sitenote_note":"","_exactmetrics_sitenote_category":0,"footnotes":""},"categories":[7],"tags":[27],"class_list":["post-76860","post","type-post","status-publish","format-standard","has-post-thumbnail","hentry","category-caminha","tag-sociedade"],"yoast_head":"<!-- This site is optimized with the Yoast SEO Premium plugin v27.4 (Yoast SEO v27.4) - https:\/\/yoast.com\/product\/yoast-seo-premium-wordpress\/ -->\n<title>Caminha coloca em consulta p\u00fablica projeto de altera\u00e7\u00e3o do regulamento municipal de urbaniza\u00e7\u00e3o e edifica\u00e7\u00e3o<\/title>\n<meta name=\"description\" content=\"A C\u00e2mara de Caminha aprovou a submiss\u00e3o a consulta p\u00fablica da altera\u00e7\u00e3o ao Regulamento Municipal de Urbaniza\u00e7\u00e3o e Edifica\u00e7\u00e3o (RMUE).\" \/>\n<meta name=\"robots\" content=\"index, follow, max-snippet:-1, max-image-preview:large, max-video-preview:-1\" \/>\n<link rel=\"canonical\" href=\"https:\/\/www.altominho.tv\/site\/2022\/02\/24\/caminha-coloca-em-consulta-publica-projeto-de-alteracao-do-regulamento-municipal-de-urbanizacao-e-edificacao\/\" \/>\n<meta property=\"og:locale\" content=\"pt_PT\" \/>\n<meta property=\"og:type\" content=\"article\" \/>\n<meta property=\"og:title\" content=\"Caminha coloca em consulta p\u00fablica projeto de altera\u00e7\u00e3o do regulamento municipal de urbaniza\u00e7\u00e3o e edifica\u00e7\u00e3o\" \/>\n<meta property=\"og:description\" content=\"A C\u00e2mara de Caminha aprovou a submiss\u00e3o a consulta p\u00fablica da altera\u00e7\u00e3o ao Regulamento Municipal de Urbaniza\u00e7\u00e3o e Edifica\u00e7\u00e3o (RMUE).\" \/>\n<meta property=\"og:url\" content=\"https:\/\/www.altominho.tv\/site\/2022\/02\/24\/caminha-coloca-em-consulta-publica-projeto-de-alteracao-do-regulamento-municipal-de-urbanizacao-e-edificacao\/\" \/>\n<meta property=\"og:site_name\" content=\"Altominho.tv\" \/>\n<meta property=\"article:publisher\" content=\"https:\/\/www.facebook.com\/altominhotv\" \/>\n<meta property=\"article:published_time\" content=\"2022-02-24T15:38:12+00:00\" \/>\n<meta property=\"article:modified_time\" content=\"2022-02-24T15:38:17+00:00\" \/>\n<meta property=\"og:image\" content=\"https:\/\/www.altominho.tv\/site\/wp-content\/uploads\/2020\/04\/Caminha.jpg\" \/>\n\t<meta property=\"og:image:width\" content=\"656\" \/>\n\t<meta property=\"og:image:height\" content=\"433\" \/>\n\t<meta property=\"og:image:type\" content=\"image\/jpeg\" \/>\n<meta name=\"author\" content=\"Andreia Ferreira\" \/>\n<meta name=\"twitter:card\" content=\"summary_large_image\" \/>\n<meta name=\"twitter:creator\" content=\"@altominhoTV\" \/>\n<meta name=\"twitter:site\" content=\"@altominhoTV\" \/>\n<meta name=\"twitter:label1\" content=\"Escrito por\" \/>\n\t<meta name=\"twitter:data1\" content=\"Andreia Ferreira\" \/>\n\t<meta name=\"twitter:label2\" content=\"Tempo estimado de leitura\" \/>\n\t<meta name=\"twitter:data2\" content=\"2 minutos\" \/>\n<script type=\"application\/ld+json\" class=\"yoast-schema-graph\">{\"@context\":\"https:\\\/\\\/schema.org\",\"@graph\":[{\"@type\":\"Article\",\"@id\":\"https:\\\/\\\/www.altominho.tv\\\/site\\\/2022\\\/02\\\/24\\\/caminha-coloca-em-consulta-publica-projeto-de-alteracao-do-regulamento-municipal-de-urbanizacao-e-edificacao\\\/#article\",\"isPartOf\":{\"@id\":\"https:\\\/\\\/www.altominho.tv\\\/site\\\/2022\\\/02\\\/24\\\/caminha-coloca-em-consulta-publica-projeto-de-alteracao-do-regulamento-municipal-de-urbanizacao-e-edificacao\\\/\"},\"author\":{\"name\":\"Andreia Ferreira\",\"@id\":\"https:\\\/\\\/www.altominho.tv\\\/site\\\/#\\\/schema\\\/person\\\/d9be4265364723f14ea8e0d56a1d38cd\"},\"headline\":\"Caminha coloca em consulta p\u00fablica projeto de altera\u00e7\u00e3o do regulamento municipal de urbaniza\u00e7\u00e3o e edifica\u00e7\u00e3o\",\"datePublished\":\"2022-02-24T15:38:12+00:00\",\"dateModified\":\"2022-02-24T15:38:17+00:00\",\"mainEntityOfPage\":{\"@id\":\"https:\\\/\\\/www.altominho.tv\\\/site\\\/2022\\\/02\\\/24\\\/caminha-coloca-em-consulta-publica-projeto-de-alteracao-do-regulamento-municipal-de-urbanizacao-e-edificacao\\\/\"},\"wordCount\":254,\"image\":{\"@id\":\"https:\\\/\\\/www.altominho.tv\\\/site\\\/2022\\\/02\\\/24\\\/caminha-coloca-em-consulta-publica-projeto-de-alteracao-do-regulamento-municipal-de-urbanizacao-e-edificacao\\\/#primaryimage\"},\"thumbnailUrl\":\"https:\\\/\\\/www.altominho.tv\\\/site\\\/wp-content\\\/uploads\\\/2020\\\/04\\\/Caminha.jpg\",\"keywords\":[\"Sociedade\"],\"articleSection\":[\"Caminha\"],\"inLanguage\":\"pt-PT\",\"copyrightYear\":\"2022\",\"copyrightHolder\":{\"@id\":\"https:\\\/\\\/www.altominho.tv\\\/site\\\/#organization\"}},{\"@type\":\"WebPage\",\"@id\":\"https:\\\/\\\/www.altominho.tv\\\/site\\\/2022\\\/02\\\/24\\\/caminha-coloca-em-consulta-publica-projeto-de-alteracao-do-regulamento-municipal-de-urbanizacao-e-edificacao\\\/\",\"url\":\"https:\\\/\\\/www.altominho.tv\\\/site\\\/2022\\\/02\\\/24\\\/caminha-coloca-em-consulta-publica-projeto-de-alteracao-do-regulamento-municipal-de-urbanizacao-e-edificacao\\\/\",\"name\":\"Caminha coloca em consulta p\u00fablica projeto de altera\u00e7\u00e3o do regulamento municipal de urbaniza\u00e7\u00e3o e edifica\u00e7\u00e3o\",\"isPartOf\":{\"@id\":\"https:\\\/\\\/www.altominho.tv\\\/site\\\/#website\"},\"primaryImageOfPage\":{\"@id\":\"https:\\\/\\\/www.altominho.tv\\\/site\\\/2022\\\/02\\\/24\\\/caminha-coloca-em-consulta-publica-projeto-de-alteracao-do-regulamento-municipal-de-urbanizacao-e-edificacao\\\/#primaryimage\"},\"image\":{\"@id\":\"https:\\\/\\\/www.altominho.tv\\\/site\\\/2022\\\/02\\\/24\\\/caminha-coloca-em-consulta-publica-projeto-de-alteracao-do-regulamento-municipal-de-urbanizacao-e-edificacao\\\/#primaryimage\"},\"thumbnailUrl\":\"https:\\\/\\\/www.altominho.tv\\\/site\\\/wp-content\\\/uploads\\\/2020\\\/04\\\/Caminha.jpg\",\"datePublished\":\"2022-02-24T15:38:12+00:00\",\"dateModified\":\"2022-02-24T15:38:17+00:00\",\"author\":{\"@id\":\"https:\\\/\\\/www.altominho.tv\\\/site\\\/#\\\/schema\\\/person\\\/d9be4265364723f14ea8e0d56a1d38cd\"},\"description\":\"A C\u00e2mara de Caminha aprovou a submiss\u00e3o a consulta p\u00fablica da altera\u00e7\u00e3o ao Regulamento Municipal de Urbaniza\u00e7\u00e3o e Edifica\u00e7\u00e3o (RMUE).\",\"breadcrumb\":{\"@id\":\"https:\\\/\\\/www.altominho.tv\\\/site\\\/2022\\\/02\\\/24\\\/caminha-coloca-em-consulta-publica-projeto-de-alteracao-do-regulamento-municipal-de-urbanizacao-e-edificacao\\\/#breadcrumb\"},\"inLanguage\":\"pt-PT\",\"potentialAction\":[{\"@type\":\"ReadAction\",\"target\":[\"https:\\\/\\\/www.altominho.tv\\\/site\\\/2022\\\/02\\\/24\\\/caminha-coloca-em-consulta-publica-projeto-de-alteracao-do-regulamento-municipal-de-urbanizacao-e-edificacao\\\/\"]}]},{\"@type\":\"ImageObject\",\"inLanguage\":\"pt-PT\",\"@id\":\"https:\\\/\\\/www.altominho.tv\\\/site\\\/2022\\\/02\\\/24\\\/caminha-coloca-em-consulta-publica-projeto-de-alteracao-do-regulamento-municipal-de-urbanizacao-e-edificacao\\\/#primaryimage\",\"url\":\"https:\\\/\\\/www.altominho.tv\\\/site\\\/wp-content\\\/uploads\\\/2020\\\/04\\\/Caminha.jpg\",\"contentUrl\":\"https:\\\/\\\/www.altominho.tv\\\/site\\\/wp-content\\\/uploads\\\/2020\\\/04\\\/Caminha.jpg\",\"width\":656,\"height\":433},{\"@type\":\"BreadcrumbList\",\"@id\":\"https:\\\/\\\/www.altominho.tv\\\/site\\\/2022\\\/02\\\/24\\\/caminha-coloca-em-consulta-publica-projeto-de-alteracao-do-regulamento-municipal-de-urbanizacao-e-edificacao\\\/#breadcrumb\",\"itemListElement\":[{\"@type\":\"ListItem\",\"position\":1,\"name\":\"In\u00edcio\",\"item\":\"https:\\\/\\\/www.altominho.tv\\\/site\\\/\"},{\"@type\":\"ListItem\",\"position\":2,\"name\":\"Caminha coloca em consulta p\u00fablica projeto de altera\u00e7\u00e3o do regulamento municipal de urbaniza\u00e7\u00e3o e edifica\u00e7\u00e3o\"}]},{\"@type\":\"WebSite\",\"@id\":\"https:\\\/\\\/www.altominho.tv\\\/site\\\/#website\",\"url\":\"https:\\\/\\\/www.altominho.tv\\\/site\\\/\",\"name\":\"Altominho.tv\",\"description\":\"A sua regi\u00e3o \u00e0 dist\u00e2ncia de um clique...\",\"potentialAction\":[{\"@type\":\"SearchAction\",\"target\":{\"@type\":\"EntryPoint\",\"urlTemplate\":\"https:\\\/\\\/www.altominho.tv\\\/site\\\/?s={search_term_string}\"},\"query-input\":{\"@type\":\"PropertyValueSpecification\",\"valueRequired\":true,\"valueName\":\"search_term_string\"}}],\"inLanguage\":\"pt-PT\"},{\"@type\":\"Person\",\"@id\":\"https:\\\/\\\/www.altominho.tv\\\/site\\\/#\\\/schema\\\/person\\\/d9be4265364723f14ea8e0d56a1d38cd\",\"name\":\"Andreia Ferreira\",\"image\":{\"@type\":\"ImageObject\",\"inLanguage\":\"pt-PT\",\"@id\":\"https:\\\/\\\/www.altominho.tv\\\/site\\\/wp-content\\\/uploads\\\/2021\\\/01\\\/AndreiaFerreira-150x150.jpg\",\"url\":\"https:\\\/\\\/www.altominho.tv\\\/site\\\/wp-content\\\/uploads\\\/2021\\\/01\\\/AndreiaFerreira-150x150.jpg\",\"contentUrl\":\"https:\\\/\\\/www.altominho.tv\\\/site\\\/wp-content\\\/uploads\\\/2021\\\/01\\\/AndreiaFerreira-150x150.jpg\",\"caption\":\"Andreia Ferreira\"},\"url\":\"https:\\\/\\\/www.altominho.tv\\\/site\\\/author\\\/andreiaferreira\\\/\"}]}<\/script>\n<!-- \/ Yoast SEO Premium plugin. -->","yoast_head_json":{"title":"Caminha coloca em consulta p\u00fablica projeto de altera\u00e7\u00e3o do regulamento municipal de urbaniza\u00e7\u00e3o e edifica\u00e7\u00e3o","description":"A C\u00e2mara de Caminha aprovou a submiss\u00e3o a consulta p\u00fablica da altera\u00e7\u00e3o ao Regulamento Municipal de Urbaniza\u00e7\u00e3o e Edifica\u00e7\u00e3o (RMUE).","robots":{"index":"index","follow":"follow","max-snippet":"max-snippet:-1","max-image-preview":"max-image-preview:large","max-video-preview":"max-video-preview:-1"},"canonical":"https:\/\/www.altominho.tv\/site\/2022\/02\/24\/caminha-coloca-em-consulta-publica-projeto-de-alteracao-do-regulamento-municipal-de-urbanizacao-e-edificacao\/","og_locale":"pt_PT","og_type":"article","og_title":"Caminha coloca em consulta p\u00fablica projeto de altera\u00e7\u00e3o do regulamento municipal de urbaniza\u00e7\u00e3o e edifica\u00e7\u00e3o","og_description":"A C\u00e2mara de Caminha aprovou a submiss\u00e3o a consulta p\u00fablica da altera\u00e7\u00e3o ao Regulamento Municipal de Urbaniza\u00e7\u00e3o e Edifica\u00e7\u00e3o (RMUE).","og_url":"https:\/\/www.altominho.tv\/site\/2022\/02\/24\/caminha-coloca-em-consulta-publica-projeto-de-alteracao-do-regulamento-municipal-de-urbanizacao-e-edificacao\/","og_site_name":"Altominho.tv","article_publisher":"https:\/\/www.facebook.com\/altominhotv","article_published_time":"2022-02-24T15:38:12+00:00","article_modified_time":"2022-02-24T15:38:17+00:00","og_image":[{"width":656,"height":433,"url":"https:\/\/www.altominho.tv\/site\/wp-content\/uploads\/2020\/04\/Caminha.jpg","type":"image\/jpeg"}],"author":"Andreia Ferreira","twitter_card":"summary_large_image","twitter_creator":"@altominhoTV","twitter_site":"@altominhoTV","twitter_misc":{"Escrito por":"Andreia Ferreira","Tempo estimado de leitura":"2 minutos"},"schema":{"@context":"https:\/\/schema.org","@graph":[{"@type":"Article","@id":"https:\/\/www.altominho.tv\/site\/2022\/02\/24\/caminha-coloca-em-consulta-publica-projeto-de-alteracao-do-regulamento-municipal-de-urbanizacao-e-edificacao\/#article","isPartOf":{"@id":"https:\/\/www.altominho.tv\/site\/2022\/02\/24\/caminha-coloca-em-consulta-publica-projeto-de-alteracao-do-regulamento-municipal-de-urbanizacao-e-edificacao\/"},"author":{"name":"Andreia Ferreira","@id":"https:\/\/www.altominho.tv\/site\/#\/schema\/person\/d9be4265364723f14ea8e0d56a1d38cd"},"headline":"Caminha coloca em consulta p\u00fablica projeto de altera\u00e7\u00e3o do regulamento municipal de urbaniza\u00e7\u00e3o e edifica\u00e7\u00e3o","datePublished":"2022-02-24T15:38:12+00:00","dateModified":"2022-02-24T15:38:17+00:00","mainEntityOfPage":{"@id":"https:\/\/www.altominho.tv\/site\/2022\/02\/24\/caminha-coloca-em-consulta-publica-projeto-de-alteracao-do-regulamento-municipal-de-urbanizacao-e-edificacao\/"},"wordCount":254,"image":{"@id":"https:\/\/www.altominho.tv\/site\/2022\/02\/24\/caminha-coloca-em-consulta-publica-projeto-de-alteracao-do-regulamento-municipal-de-urbanizacao-e-edificacao\/#primaryimage"},"thumbnailUrl":"https:\/\/www.altominho.tv\/site\/wp-content\/uploads\/2020\/04\/Caminha.jpg","keywords":["Sociedade"],"articleSection":["Caminha"],"inLanguage":"pt-PT","copyrightYear":"2022","copyrightHolder":{"@id":"https:\/\/www.altominho.tv\/site\/#organization"}},{"@type":"WebPage","@id":"https:\/\/www.altominho.tv\/site\/2022\/02\/24\/caminha-coloca-em-consulta-publica-projeto-de-alteracao-do-regulamento-municipal-de-urbanizacao-e-edificacao\/","url":"https:\/\/www.altominho.tv\/site\/2022\/02\/24\/caminha-coloca-em-consulta-publica-projeto-de-alteracao-do-regulamento-municipal-de-urbanizacao-e-edificacao\/","name":"Caminha coloca em consulta p\u00fablica projeto de altera\u00e7\u00e3o do regulamento municipal de urbaniza\u00e7\u00e3o e edifica\u00e7\u00e3o","isPartOf":{"@id":"https:\/\/www.altominho.tv\/site\/#website"},"primaryImageOfPage":{"@id":"https:\/\/www.altominho.tv\/site\/2022\/02\/24\/caminha-coloca-em-consulta-publica-projeto-de-alteracao-do-regulamento-municipal-de-urbanizacao-e-edificacao\/#primaryimage"},"image":{"@id":"https:\/\/www.altominho.tv\/site\/2022\/02\/24\/caminha-coloca-em-consulta-publica-projeto-de-alteracao-do-regulamento-municipal-de-urbanizacao-e-edificacao\/#primaryimage"},"thumbnailUrl":"https:\/\/www.altominho.tv\/site\/wp-content\/uploads\/2020\/04\/Caminha.jpg","datePublished":"2022-02-24T15:38:12+00:00","dateModified":"2022-02-24T15:38:17+00:00","author":{"@id":"https:\/\/www.altominho.tv\/site\/#\/schema\/person\/d9be4265364723f14ea8e0d56a1d38cd"},"description":"A C\u00e2mara de Caminha aprovou a submiss\u00e3o a consulta p\u00fablica da altera\u00e7\u00e3o ao Regulamento Municipal de Urbaniza\u00e7\u00e3o e Edifica\u00e7\u00e3o (RMUE).","breadcrumb":{"@id":"https:\/\/www.altominho.tv\/site\/2022\/02\/24\/caminha-coloca-em-consulta-publica-projeto-de-alteracao-do-regulamento-municipal-de-urbanizacao-e-edificacao\/#breadcrumb"},"inLanguage":"pt-PT","potentialAction":[{"@type":"ReadAction","target":["https:\/\/www.altominho.tv\/site\/2022\/02\/24\/caminha-coloca-em-consulta-publica-projeto-de-alteracao-do-regulamento-municipal-de-urbanizacao-e-edificacao\/"]}]},{"@type":"ImageObject","inLanguage":"pt-PT","@id":"https:\/\/www.altominho.tv\/site\/2022\/02\/24\/caminha-coloca-em-consulta-publica-projeto-de-alteracao-do-regulamento-municipal-de-urbanizacao-e-edificacao\/#primaryimage","url":"https:\/\/www.altominho.tv\/site\/wp-content\/uploads\/2020\/04\/Caminha.jpg","contentUrl":"https:\/\/www.altominho.tv\/site\/wp-content\/uploads\/2020\/04\/Caminha.jpg","width":656,"height":433},{"@type":"BreadcrumbList","@id":"https:\/\/www.altominho.tv\/site\/2022\/02\/24\/caminha-coloca-em-consulta-publica-projeto-de-alteracao-do-regulamento-municipal-de-urbanizacao-e-edificacao\/#breadcrumb","itemListElement":[{"@type":"ListItem","position":1,"name":"In\u00edcio","item":"https:\/\/www.altominho.tv\/site\/"},{"@type":"ListItem","position":2,"name":"Caminha coloca em consulta p\u00fablica projeto de altera\u00e7\u00e3o do regulamento municipal de urbaniza\u00e7\u00e3o e edifica\u00e7\u00e3o"}]},{"@type":"WebSite","@id":"https:\/\/www.altominho.tv\/site\/#website","url":"https:\/\/www.altominho.tv\/site\/","name":"Altominho.tv","description":"A sua regi\u00e3o \u00e0 dist\u00e2ncia de um clique...","potentialAction":[{"@type":"SearchAction","target":{"@type":"EntryPoint","urlTemplate":"https:\/\/www.altominho.tv\/site\/?s={search_term_string}"},"query-input":{"@type":"PropertyValueSpecification","valueRequired":true,"valueName":"search_term_string"}}],"inLanguage":"pt-PT"},{"@type":"Person","@id":"https:\/\/www.altominho.tv\/site\/#\/schema\/person\/d9be4265364723f14ea8e0d56a1d38cd","name":"Andreia Ferreira","image":{"@type":"ImageObject","inLanguage":"pt-PT","@id":"https:\/\/www.altominho.tv\/site\/wp-content\/uploads\/2021\/01\/AndreiaFerreira-150x150.jpg","url":"https:\/\/www.altominho.tv\/site\/wp-content\/uploads\/2021\/01\/AndreiaFerreira-150x150.jpg","contentUrl":"https:\/\/www.altominho.tv\/site\/wp-content\/uploads\/2021\/01\/AndreiaFerreira-150x150.jpg","caption":"Andreia Ferreira"},"url":"https:\/\/www.altominho.tv\/site\/author\/andreiaferreira\/"}]}},"_links":{"self":[{"href":"https:\/\/www.altominho.tv\/site\/wp-json\/wp\/v2\/posts\/76860","targetHints":{"allow":["GET"]}}],"collection":[{"href":"https:\/\/www.altominho.tv\/site\/wp-json\/wp\/v2\/posts"}],"about":[{"href":"https:\/\/www.altominho.tv\/site\/wp-json\/wp\/v2\/types\/post"}],"author":[{"embeddable":true,"href":"https:\/\/www.altominho.tv\/site\/wp-json\/wp\/v2\/users\/12"}],"replies":[{"embeddable":true,"href":"https:\/\/www.altominho.tv\/site\/wp-json\/wp\/v2\/comments?post=76860"}],"version-history":[{"count":0,"href":"https:\/\/www.altominho.tv\/site\/wp-json\/wp\/v2\/posts\/76860\/revisions"}],"wp:featuredmedia":[{"embeddable":true,"href":"https:\/\/www.altominho.tv\/site\/wp-json\/wp\/v2\/media\/45337"}],"wp:attachment":[{"href":"https:\/\/www.altominho.tv\/site\/wp-json\/wp\/v2\/media?parent=76860"}],"wp:term":[{"taxonomy":"category","embeddable":true,"href":"https:\/\/www.altominho.tv\/site\/wp-json\/wp\/v2\/categories?post=76860"},{"taxonomy":"post_tag","embeddable":true,"href":"https:\/\/www.altominho.tv\/site\/wp-json\/wp\/v2\/tags?post=76860"}],"curies":[{"name":"wp","href":"https:\/\/api.w.org\/{rel}","templated":true}]}}