{"id":76577,"date":"2022-02-18T11:43:15","date_gmt":"2022-02-18T11:43:15","guid":{"rendered":"https:\/\/www.altominho.tv\/site\/?p=76577"},"modified":"2022-02-18T11:44:40","modified_gmt":"2022-02-18T11:44:40","slug":"pcp-de-viana-do-castelo-exige-a-autarquias-valorizacao-da-serra-darga","status":"publish","type":"post","link":"https:\/\/www.altominho.tv\/site\/2022\/02\/18\/pcp-de-viana-do-castelo-exige-a-autarquias-valorizacao-da-serra-darga\/","title":{"rendered":"PCP de Viana do Castelo exige a autarquias valoriza\u00e7\u00e3o da Serra D\u2019Arga"},"content":{"rendered":"<p>A Dire\u00e7\u00e3o da Organiza\u00e7\u00e3o Regional de Viana do Castelo (DORVIC) do PCP exigiu hoje \u00e0s autarquias abrangidas pela Serra d\u2019Arga o cumprimento das \u201cpromessas de investimentos\u201d para aquele territ\u00f3rio, exclu\u00eddo do concurso p\u00fablico para a explora\u00e7\u00e3o de l\u00edtio.<\/p>\n<p>Em comunicado enviado hoje \u00e0 ag\u00eancia Lusa, o PCP de Viana do Castelo reclamou \u00e0s autarquias e \u00e0 Comunidade Intermunicipal (CIM) do Alto Minho \u201cuma calendariza\u00e7\u00e3o efetiva dos investimentos, mas tamb\u00e9m o envolvimento das popula\u00e7\u00f5es, valorizando e melhorando a serra, a natureza e o ambiente em harmonia com as popula\u00e7\u00f5es, a atividade econ\u00f3mica e o desenvolvimento regional\u201d.<\/p>\n<p>A Serra d&#8217;Arga abrange os concelhos de Caminha, Vila Nova de Cerveira, Viana do Castelo e Ponte de Lima e est\u00e1 atualmente em fase de classifica\u00e7\u00e3o como \u00c1rea de Paisagem Protegida de Interesse Regional.<\/p>\n<p>No dia 02, o Minist\u00e9rio do Ambiente e A\u00e7\u00e3o Clim\u00e1tica (MAAC) informou da exclus\u00e3o da zona de Arga do concurso p\u00fablico para a pesquisa e prospe\u00e7\u00e3o de l\u00edtio.<\/p>\n<p>No caso da \u00e1rea denominada Arga, n\u00facleo constitu\u00eddo pelas freguesias de Arga de Baixo, Arga de Cima e Arga de S\u00e3o Jo\u00e3o, no concelho de Caminha, a Avalia\u00e7\u00e3o Ambiental Estrat\u00e9gica (AAE) promovida pela Dire\u00e7\u00e3o-Geral de Energia e Geologia (DGEG) concluiu que, face \u00e0 \u201cexpect\u00e1vel classifica\u00e7\u00e3o\u201d da Serra d\u2019Arga como \u00c1rea Protegida, \u201cmais de metade da superf\u00edcie \u00e9 considerada interdita ou a evitar\u201d.<\/p>\n<p>\u201cAo longo dos \u00faltimos anos \u2013 e de forma particularmente mais intensa no \u00faltimo \u2013 a popula\u00e7\u00e3o e v\u00e1rias entidades da regi\u00e3o manifestaram-se contra a prospe\u00e7\u00e3o e pesquisa de l\u00edtio na Serra D\u2019Arga. Durante este processo, as c\u00e2maras municipais e a CIM do Alto Minho foram anunciando projetos e investimentos previstos para a melhoria e valoriza\u00e7\u00e3o da Serra, do ecossistema e promo\u00e7\u00e3o da natureza e ambiente\u201d, lembra o PCP.<\/p>\n<p>O PCP acrescenta que, no \u00e2mbito da classifica\u00e7\u00e3o da serra, \u201cest\u00e3o previstas melhorias de v\u00e1ria ordem, desde a prote\u00e7\u00e3o da fauna e flora, preserva\u00e7\u00e3o de ecossistemas\u201d.<\/p>\n<p>\u201cNos \u00faltimos meses ouvimos v\u00e1rias promessas das c\u00e2maras de avan\u00e7ar com essas melhorias com vista \u00e0 preserva\u00e7\u00e3o e cria\u00e7\u00e3o de condi\u00e7\u00f5es para a frui\u00e7\u00e3o da serra pelas pessoas. Gostar\u00edamos de ver esses investimentos concretizados\u201d, sustenta o PCP de Viana do Castelo.<\/p>\n<p>A Serra d&#8217;Arga, &#8220;com mais de 40 quil\u00f3metros quadrados, envolvendo \u00e1reas dos concelhos de Caminha, Ponte de Lima e Viana do Castelo, \u00e9 uma das \u00e1reas mais emblem\u00e1ticas do Alto Minho, incorporando um importante patrim\u00f3nio natural, cultural, paisag\u00edstico e geol\u00f3gico&#8221;, referem os comunistas.<\/p>\n<p>O processo de classifica\u00e7\u00e3o da Serra d\u2019Arga como \u00c1rea de Paisagem Protegida de Interesse Regional foi iniciado em 2017, pelos munic\u00edpios de Caminha, Ponte de Lima, Viana do Castelo e Vila Nova de Cerveira, na sequ\u00eancia de estudo realizado no \u00e2mbito do projeto &#8220;Da Serra d&#8217;Arga \u00e0 Foz do \u00c2ncora&#8221;, apoiado por fundos do Norte 2020.<\/p>\n<p>O estudo realizado entre o vale do \u00c2ncora e o maci\u00e7o serrano, e que deu in\u00edcio ao processo de classifica\u00e7\u00e3o incluiu o levantamento dos 10 tipos de \u2018habitat&#8217; de import\u00e2ncia comunit\u00e1ria, a riqueza flor\u00edstica, com 546 esp\u00e9cies de plantas vasculares, incluindo 32 esp\u00e9cies raras ou amea\u00e7adas de extin\u00e7\u00e3o, a presen\u00e7a confirmada de mais de 180 esp\u00e9cies de vertebrados selvagens, e do patrim\u00f3nio constru\u00eddo, mais de 600 exemplares.<\/p>\n<p>O desenvolvimento da classifica\u00e7\u00e3o aguarda a constitui\u00e7\u00e3o da Associa\u00e7\u00e3o de Munic\u00edpios da Serra d\u2019Arga, que junta os munic\u00edpios de Caminha (PS), Paredes de Coura (PS), Ponte de Lima (CDS-PP), Viana do Castelo (PS) e Vila Nova de Cerveira (PS).<\/p>\n<p>A Serra d&#8217;Arga abrange uma \u00e1rea de 10 mil hectares, dos quais 4.280 hectares encontram-se classificados como S\u00edtio de Import\u00e2ncia Comunit\u00e1ria.<\/p>\n","protected":false},"excerpt":{"rendered":"<p>A Dire\u00e7\u00e3o da Organiza\u00e7\u00e3o Regional de Viana do Castelo (DORVIC) do PCP exigiu hoje \u00e0s autarquias abrangidas pela Serra d\u2019Arga o cumprimento das \u201cpromessas de investimentos\u201d para aquele territ\u00f3rio, exclu\u00eddo do concurso p\u00fablico para a explora\u00e7\u00e3o de l\u00edtio. Em comunicado enviado hoje \u00e0 ag\u00eancia Lusa, o PCP de Viana do Castelo reclamou \u00e0s autarquias e [&hellip;]<\/p>\n","protected":false},"author":13,"featured_media":75202,"comment_status":"closed","ping_status":"closed","sticky":false,"template":"","format":"standard","meta":{"_exactmetrics_skip_tracking":false,"footnotes":""},"categories":[73],"tags":[27],"class_list":["post-76577","post","type-post","status-publish","format-standard","has-post-thumbnail","hentry","category-alto-minho","tag-sociedade"],"yoast_head":"<!-- This site is optimized with the Yoast SEO Premium plugin v28.3 (Yoast SEO v28.3) - https:\/\/yoast.com\/product\/yoast-seo-premium-wordpress\/ -->\n<title>PCP de Viana do Castelo exige a autarquias valoriza\u00e7\u00e3o da Serra D\u2019Arga<\/title>\n<meta name=\"description\" content=\"A Dire\u00e7\u00e3o da Organiza\u00e7\u00e3o Regional de Viana do Castelo (DORVIC) do PCP exigiu hoje \u00e0s autarquias abrangidas pela Serra d\u2019Arga o cumprimento das \u201cpromessas de investimentos\u201d para aquele territ\u00f3rio, exclu\u00eddo do concurso p\u00fablico para a explora\u00e7\u00e3o de l\u00edtio.\" \/>\n<meta name=\"robots\" content=\"index, follow, max-snippet:-1, max-image-preview:large, max-video-preview:-1\" \/>\n<link rel=\"canonical\" href=\"https:\/\/www.altominho.tv\/site\/2022\/02\/18\/pcp-de-viana-do-castelo-exige-a-autarquias-valorizacao-da-serra-darga\/\" \/>\n<meta property=\"og:locale\" content=\"pt_PT\" \/>\n<meta property=\"og:type\" content=\"article\" \/>\n<meta property=\"og:title\" content=\"PCP de Viana do Castelo exige a autarquias valoriza\u00e7\u00e3o da Serra D\u2019Arga\" \/>\n<meta property=\"og:description\" content=\"A Dire\u00e7\u00e3o da Organiza\u00e7\u00e3o Regional de Viana do Castelo (DORVIC) do PCP exigiu hoje \u00e0s autarquias abrangidas pela Serra d\u2019Arga o cumprimento das \u201cpromessas de investimentos\u201d para aquele territ\u00f3rio, exclu\u00eddo do concurso p\u00fablico para a explora\u00e7\u00e3o de l\u00edtio.\" \/>\n<meta property=\"og:url\" content=\"https:\/\/www.altominho.tv\/site\/2022\/02\/18\/pcp-de-viana-do-castelo-exige-a-autarquias-valorizacao-da-serra-darga\/\" \/>\n<meta property=\"og:site_name\" content=\"Altominho.tv\" \/>\n<meta property=\"article:publisher\" content=\"https:\/\/www.facebook.com\/altominhotv\" \/>\n<meta property=\"article:published_time\" content=\"2022-02-18T11:43:15+00:00\" \/>\n<meta property=\"article:modified_time\" content=\"2022-02-18T11:44:40+00:00\" \/>\n<meta property=\"og:image\" content=\"https:\/\/www.altominho.tv\/site\/wp-content\/uploads\/2022\/01\/Serra-darga.jpg\" \/>\n\t<meta property=\"og:image:width\" content=\"1920\" \/>\n\t<meta property=\"og:image:height\" content=\"1080\" \/>\n\t<meta property=\"og:image:type\" content=\"image\/jpeg\" \/>\n<meta name=\"author\" content=\"Lusa\" \/>\n<meta name=\"twitter:card\" content=\"summary_large_image\" \/>\n<meta name=\"twitter:creator\" content=\"@altominhoTV\" \/>\n<meta name=\"twitter:site\" content=\"@altominhoTV\" \/>\n<meta name=\"twitter:label1\" content=\"Escrito por\" \/>\n\t<meta name=\"twitter:data1\" content=\"Lusa\" \/>\n\t<meta name=\"twitter:label2\" content=\"Tempo estimado de leitura\" \/>\n\t<meta name=\"twitter:data2\" content=\"4 minutos\" \/>\n<script type=\"application\/ld+json\" class=\"yoast-schema-graph\">{\"@context\":\"https:\\\/\\\/schema.org\",\"@graph\":[{\"@type\":\"Article\",\"@id\":\"https:\\\/\\\/www.altominho.tv\\\/site\\\/2022\\\/02\\\/18\\\/pcp-de-viana-do-castelo-exige-a-autarquias-valorizacao-da-serra-darga\\\/#article\",\"isPartOf\":{\"@id\":\"https:\\\/\\\/www.altominho.tv\\\/site\\\/2022\\\/02\\\/18\\\/pcp-de-viana-do-castelo-exige-a-autarquias-valorizacao-da-serra-darga\\\/\"},\"author\":{\"name\":\"Lusa\",\"@id\":\"https:\\\/\\\/www.altominho.tv\\\/site\\\/#\\\/schema\\\/person\\\/63f693da3e1899361cbe955c46f3232e\"},\"headline\":\"PCP de Viana do Castelo exige a autarquias valoriza\u00e7\u00e3o da Serra D\u2019Arga\",\"datePublished\":\"2022-02-18T11:43:15+00:00\",\"dateModified\":\"2022-02-18T11:44:40+00:00\",\"mainEntityOfPage\":{\"@id\":\"https:\\\/\\\/www.altominho.tv\\\/site\\\/2022\\\/02\\\/18\\\/pcp-de-viana-do-castelo-exige-a-autarquias-valorizacao-da-serra-darga\\\/\"},\"wordCount\":662,\"image\":{\"@id\":\"https:\\\/\\\/www.altominho.tv\\\/site\\\/2022\\\/02\\\/18\\\/pcp-de-viana-do-castelo-exige-a-autarquias-valorizacao-da-serra-darga\\\/#primaryimage\"},\"thumbnailUrl\":\"https:\\\/\\\/www.altominho.tv\\\/site\\\/wp-content\\\/uploads\\\/2022\\\/01\\\/Serra-darga.jpg\",\"keywords\":[\"Sociedade\"],\"articleSection\":[\"Alto Minho\"],\"inLanguage\":\"pt-PT\",\"copyrightYear\":\"2022\",\"copyrightHolder\":{\"@id\":\"https:\\\/\\\/www.altominho.tv\\\/site\\\/#organization\"}},{\"@type\":\"WebPage\",\"@id\":\"https:\\\/\\\/www.altominho.tv\\\/site\\\/2022\\\/02\\\/18\\\/pcp-de-viana-do-castelo-exige-a-autarquias-valorizacao-da-serra-darga\\\/\",\"url\":\"https:\\\/\\\/www.altominho.tv\\\/site\\\/2022\\\/02\\\/18\\\/pcp-de-viana-do-castelo-exige-a-autarquias-valorizacao-da-serra-darga\\\/\",\"name\":\"PCP de Viana do Castelo exige a autarquias valoriza\u00e7\u00e3o da Serra D\u2019Arga\",\"isPartOf\":{\"@id\":\"https:\\\/\\\/www.altominho.tv\\\/site\\\/#website\"},\"primaryImageOfPage\":{\"@id\":\"https:\\\/\\\/www.altominho.tv\\\/site\\\/2022\\\/02\\\/18\\\/pcp-de-viana-do-castelo-exige-a-autarquias-valorizacao-da-serra-darga\\\/#primaryimage\"},\"image\":{\"@id\":\"https:\\\/\\\/www.altominho.tv\\\/site\\\/2022\\\/02\\\/18\\\/pcp-de-viana-do-castelo-exige-a-autarquias-valorizacao-da-serra-darga\\\/#primaryimage\"},\"thumbnailUrl\":\"https:\\\/\\\/www.altominho.tv\\\/site\\\/wp-content\\\/uploads\\\/2022\\\/01\\\/Serra-darga.jpg\",\"datePublished\":\"2022-02-18T11:43:15+00:00\",\"dateModified\":\"2022-02-18T11:44:40+00:00\",\"author\":{\"@id\":\"https:\\\/\\\/www.altominho.tv\\\/site\\\/#\\\/schema\\\/person\\\/63f693da3e1899361cbe955c46f3232e\"},\"description\":\"A Dire\u00e7\u00e3o da Organiza\u00e7\u00e3o Regional de Viana do Castelo (DORVIC) do PCP exigiu hoje \u00e0s autarquias abrangidas pela Serra d\u2019Arga o cumprimento das \u201cpromessas de investimentos\u201d para aquele territ\u00f3rio, exclu\u00eddo do concurso p\u00fablico para a explora\u00e7\u00e3o de l\u00edtio.\",\"breadcrumb\":{\"@id\":\"https:\\\/\\\/www.altominho.tv\\\/site\\\/2022\\\/02\\\/18\\\/pcp-de-viana-do-castelo-exige-a-autarquias-valorizacao-da-serra-darga\\\/#breadcrumb\"},\"inLanguage\":\"pt-PT\",\"potentialAction\":[{\"@type\":\"ReadAction\",\"target\":[\"https:\\\/\\\/www.altominho.tv\\\/site\\\/2022\\\/02\\\/18\\\/pcp-de-viana-do-castelo-exige-a-autarquias-valorizacao-da-serra-darga\\\/\"]}]},{\"@type\":\"ImageObject\",\"inLanguage\":\"pt-PT\",\"@id\":\"https:\\\/\\\/www.altominho.tv\\\/site\\\/2022\\\/02\\\/18\\\/pcp-de-viana-do-castelo-exige-a-autarquias-valorizacao-da-serra-darga\\\/#primaryimage\",\"url\":\"https:\\\/\\\/www.altominho.tv\\\/site\\\/wp-content\\\/uploads\\\/2022\\\/01\\\/Serra-darga.jpg\",\"contentUrl\":\"https:\\\/\\\/www.altominho.tv\\\/site\\\/wp-content\\\/uploads\\\/2022\\\/01\\\/Serra-darga.jpg\",\"width\":1920,\"height\":1080},{\"@type\":\"BreadcrumbList\",\"@id\":\"https:\\\/\\\/www.altominho.tv\\\/site\\\/2022\\\/02\\\/18\\\/pcp-de-viana-do-castelo-exige-a-autarquias-valorizacao-da-serra-darga\\\/#breadcrumb\",\"itemListElement\":[{\"@type\":\"ListItem\",\"position\":1,\"name\":\"In\u00edcio\",\"item\":\"https:\\\/\\\/www.altominho.tv\\\/site\\\/\"},{\"@type\":\"ListItem\",\"position\":2,\"name\":\"PCP de Viana do Castelo exige a autarquias valoriza\u00e7\u00e3o da Serra D\u2019Arga\"}]},{\"@type\":\"WebSite\",\"@id\":\"https:\\\/\\\/www.altominho.tv\\\/site\\\/#website\",\"url\":\"https:\\\/\\\/www.altominho.tv\\\/site\\\/\",\"name\":\"Altominho.tv\",\"description\":\"A sua regi\u00e3o \u00e0 dist\u00e2ncia de um clique...\",\"potentialAction\":[{\"@type\":\"SearchAction\",\"target\":{\"@type\":\"EntryPoint\",\"urlTemplate\":\"https:\\\/\\\/www.altominho.tv\\\/site\\\/?s={search_term_string}\"},\"query-input\":{\"@type\":\"PropertyValueSpecification\",\"valueRequired\":true,\"valueName\":\"search_term_string\"}}],\"inLanguage\":\"pt-PT\"},{\"@type\":\"Person\",\"@id\":\"https:\\\/\\\/www.altominho.tv\\\/site\\\/#\\\/schema\\\/person\\\/63f693da3e1899361cbe955c46f3232e\",\"name\":\"Lusa\",\"image\":{\"@type\":\"ImageObject\",\"inLanguage\":\"pt-PT\",\"@id\":\"https:\\\/\\\/www.altominho.tv\\\/site\\\/wp-content\\\/uploads\\\/2019\\\/08\\\/LUSA_Logo.gif\",\"url\":\"https:\\\/\\\/www.altominho.tv\\\/site\\\/wp-content\\\/uploads\\\/2019\\\/08\\\/LUSA_Logo.gif\",\"contentUrl\":\"https:\\\/\\\/www.altominho.tv\\\/site\\\/wp-content\\\/uploads\\\/2019\\\/08\\\/LUSA_Logo.gif\",\"caption\":\"Lusa\"},\"sameAs\":[\"http:\\\/\\\/\\\/\\\/www.altominho.tv\\\/site\"],\"url\":\"https:\\\/\\\/www.altominho.tv\\\/site\\\/author\\\/lusa\\\/\"}]}<\/script>\n<!-- \/ Yoast SEO Premium plugin. -->","yoast_head_json":{"title":"PCP de Viana do Castelo exige a autarquias valoriza\u00e7\u00e3o da Serra D\u2019Arga","description":"A Dire\u00e7\u00e3o da Organiza\u00e7\u00e3o Regional de Viana do Castelo (DORVIC) do PCP exigiu hoje \u00e0s autarquias abrangidas pela Serra d\u2019Arga o cumprimento das \u201cpromessas de investimentos\u201d para aquele territ\u00f3rio, exclu\u00eddo do concurso p\u00fablico para a explora\u00e7\u00e3o de l\u00edtio.","robots":{"index":"index","follow":"follow","max-snippet":"max-snippet:-1","max-image-preview":"max-image-preview:large","max-video-preview":"max-video-preview:-1"},"canonical":"https:\/\/www.altominho.tv\/site\/2022\/02\/18\/pcp-de-viana-do-castelo-exige-a-autarquias-valorizacao-da-serra-darga\/","og_locale":"pt_PT","og_type":"article","og_title":"PCP de Viana do Castelo exige a autarquias valoriza\u00e7\u00e3o da Serra D\u2019Arga","og_description":"A Dire\u00e7\u00e3o da Organiza\u00e7\u00e3o Regional de Viana do Castelo (DORVIC) do PCP exigiu hoje \u00e0s autarquias abrangidas pela Serra d\u2019Arga o cumprimento das \u201cpromessas de investimentos\u201d para aquele territ\u00f3rio, exclu\u00eddo do concurso p\u00fablico para a explora\u00e7\u00e3o de l\u00edtio.","og_url":"https:\/\/www.altominho.tv\/site\/2022\/02\/18\/pcp-de-viana-do-castelo-exige-a-autarquias-valorizacao-da-serra-darga\/","og_site_name":"Altominho.tv","article_publisher":"https:\/\/www.facebook.com\/altominhotv","article_published_time":"2022-02-18T11:43:15+00:00","article_modified_time":"2022-02-18T11:44:40+00:00","og_image":[{"width":1920,"height":1080,"url":"https:\/\/www.altominho.tv\/site\/wp-content\/uploads\/2022\/01\/Serra-darga.jpg","type":"image\/jpeg"}],"author":"Lusa","twitter_card":"summary_large_image","twitter_creator":"@altominhoTV","twitter_site":"@altominhoTV","twitter_misc":{"Escrito por":"Lusa","Tempo estimado de leitura":"4 minutos"},"schema":{"@context":"https:\/\/schema.org","@graph":[{"@type":"Article","@id":"https:\/\/www.altominho.tv\/site\/2022\/02\/18\/pcp-de-viana-do-castelo-exige-a-autarquias-valorizacao-da-serra-darga\/#article","isPartOf":{"@id":"https:\/\/www.altominho.tv\/site\/2022\/02\/18\/pcp-de-viana-do-castelo-exige-a-autarquias-valorizacao-da-serra-darga\/"},"author":{"name":"Lusa","@id":"https:\/\/www.altominho.tv\/site\/#\/schema\/person\/63f693da3e1899361cbe955c46f3232e"},"headline":"PCP de Viana do Castelo exige a autarquias valoriza\u00e7\u00e3o da Serra D\u2019Arga","datePublished":"2022-02-18T11:43:15+00:00","dateModified":"2022-02-18T11:44:40+00:00","mainEntityOfPage":{"@id":"https:\/\/www.altominho.tv\/site\/2022\/02\/18\/pcp-de-viana-do-castelo-exige-a-autarquias-valorizacao-da-serra-darga\/"},"wordCount":662,"image":{"@id":"https:\/\/www.altominho.tv\/site\/2022\/02\/18\/pcp-de-viana-do-castelo-exige-a-autarquias-valorizacao-da-serra-darga\/#primaryimage"},"thumbnailUrl":"https:\/\/www.altominho.tv\/site\/wp-content\/uploads\/2022\/01\/Serra-darga.jpg","keywords":["Sociedade"],"articleSection":["Alto Minho"],"inLanguage":"pt-PT","copyrightYear":"2022","copyrightHolder":{"@id":"https:\/\/www.altominho.tv\/site\/#organization"}},{"@type":"WebPage","@id":"https:\/\/www.altominho.tv\/site\/2022\/02\/18\/pcp-de-viana-do-castelo-exige-a-autarquias-valorizacao-da-serra-darga\/","url":"https:\/\/www.altominho.tv\/site\/2022\/02\/18\/pcp-de-viana-do-castelo-exige-a-autarquias-valorizacao-da-serra-darga\/","name":"PCP de Viana do Castelo exige a autarquias valoriza\u00e7\u00e3o da Serra D\u2019Arga","isPartOf":{"@id":"https:\/\/www.altominho.tv\/site\/#website"},"primaryImageOfPage":{"@id":"https:\/\/www.altominho.tv\/site\/2022\/02\/18\/pcp-de-viana-do-castelo-exige-a-autarquias-valorizacao-da-serra-darga\/#primaryimage"},"image":{"@id":"https:\/\/www.altominho.tv\/site\/2022\/02\/18\/pcp-de-viana-do-castelo-exige-a-autarquias-valorizacao-da-serra-darga\/#primaryimage"},"thumbnailUrl":"https:\/\/www.altominho.tv\/site\/wp-content\/uploads\/2022\/01\/Serra-darga.jpg","datePublished":"2022-02-18T11:43:15+00:00","dateModified":"2022-02-18T11:44:40+00:00","author":{"@id":"https:\/\/www.altominho.tv\/site\/#\/schema\/person\/63f693da3e1899361cbe955c46f3232e"},"description":"A Dire\u00e7\u00e3o da Organiza\u00e7\u00e3o Regional de Viana do Castelo (DORVIC) do PCP exigiu hoje \u00e0s autarquias abrangidas pela Serra d\u2019Arga o cumprimento das \u201cpromessas de investimentos\u201d para aquele territ\u00f3rio, exclu\u00eddo do concurso p\u00fablico para a explora\u00e7\u00e3o de l\u00edtio.","breadcrumb":{"@id":"https:\/\/www.altominho.tv\/site\/2022\/02\/18\/pcp-de-viana-do-castelo-exige-a-autarquias-valorizacao-da-serra-darga\/#breadcrumb"},"inLanguage":"pt-PT","potentialAction":[{"@type":"ReadAction","target":["https:\/\/www.altominho.tv\/site\/2022\/02\/18\/pcp-de-viana-do-castelo-exige-a-autarquias-valorizacao-da-serra-darga\/"]}]},{"@type":"ImageObject","inLanguage":"pt-PT","@id":"https:\/\/www.altominho.tv\/site\/2022\/02\/18\/pcp-de-viana-do-castelo-exige-a-autarquias-valorizacao-da-serra-darga\/#primaryimage","url":"https:\/\/www.altominho.tv\/site\/wp-content\/uploads\/2022\/01\/Serra-darga.jpg","contentUrl":"https:\/\/www.altominho.tv\/site\/wp-content\/uploads\/2022\/01\/Serra-darga.jpg","width":1920,"height":1080},{"@type":"BreadcrumbList","@id":"https:\/\/www.altominho.tv\/site\/2022\/02\/18\/pcp-de-viana-do-castelo-exige-a-autarquias-valorizacao-da-serra-darga\/#breadcrumb","itemListElement":[{"@type":"ListItem","position":1,"name":"In\u00edcio","item":"https:\/\/www.altominho.tv\/site\/"},{"@type":"ListItem","position":2,"name":"PCP de Viana do Castelo exige a autarquias valoriza\u00e7\u00e3o da Serra D\u2019Arga"}]},{"@type":"WebSite","@id":"https:\/\/www.altominho.tv\/site\/#website","url":"https:\/\/www.altominho.tv\/site\/","name":"Altominho.tv","description":"A sua regi\u00e3o \u00e0 dist\u00e2ncia de um clique...","potentialAction":[{"@type":"SearchAction","target":{"@type":"EntryPoint","urlTemplate":"https:\/\/www.altominho.tv\/site\/?s={search_term_string}"},"query-input":{"@type":"PropertyValueSpecification","valueRequired":true,"valueName":"search_term_string"}}],"inLanguage":"pt-PT"},{"@type":"Person","@id":"https:\/\/www.altominho.tv\/site\/#\/schema\/person\/63f693da3e1899361cbe955c46f3232e","name":"Lusa","image":{"@type":"ImageObject","inLanguage":"pt-PT","@id":"https:\/\/www.altominho.tv\/site\/wp-content\/uploads\/2019\/08\/LUSA_Logo.gif","url":"https:\/\/www.altominho.tv\/site\/wp-content\/uploads\/2019\/08\/LUSA_Logo.gif","contentUrl":"https:\/\/www.altominho.tv\/site\/wp-content\/uploads\/2019\/08\/LUSA_Logo.gif","caption":"Lusa"},"sameAs":["http:\/\/\/\/www.altominho.tv\/site"],"url":"https:\/\/www.altominho.tv\/site\/author\/lusa\/"}]}},"_links":{"self":[{"href":"https:\/\/www.altominho.tv\/site\/wp-json\/wp\/v2\/posts\/76577","targetHints":{"allow":["GET"]}}],"collection":[{"href":"https:\/\/www.altominho.tv\/site\/wp-json\/wp\/v2\/posts"}],"about":[{"href":"https:\/\/www.altominho.tv\/site\/wp-json\/wp\/v2\/types\/post"}],"author":[{"embeddable":true,"href":"https:\/\/www.altominho.tv\/site\/wp-json\/wp\/v2\/users\/13"}],"replies":[{"embeddable":true,"href":"https:\/\/www.altominho.tv\/site\/wp-json\/wp\/v2\/comments?post=76577"}],"version-history":[{"count":0,"href":"https:\/\/www.altominho.tv\/site\/wp-json\/wp\/v2\/posts\/76577\/revisions"}],"wp:featuredmedia":[{"embeddable":true,"href":"https:\/\/www.altominho.tv\/site\/wp-json\/wp\/v2\/media\/75202"}],"wp:attachment":[{"href":"https:\/\/www.altominho.tv\/site\/wp-json\/wp\/v2\/media?parent=76577"}],"wp:term":[{"taxonomy":"category","embeddable":true,"href":"https:\/\/www.altominho.tv\/site\/wp-json\/wp\/v2\/categories?post=76577"},{"taxonomy":"post_tag","embeddable":true,"href":"https:\/\/www.altominho.tv\/site\/wp-json\/wp\/v2\/tags?post=76577"}],"curies":[{"name":"wp","href":"https:\/\/api.w.org\/{rel}","templated":true}]}}