{"id":76316,"date":"2022-02-15T10:25:18","date_gmt":"2022-02-15T10:25:18","guid":{"rendered":"https:\/\/www.altominho.tv\/site\/?p=76316"},"modified":"2022-02-15T10:28:18","modified_gmt":"2022-02-15T10:28:18","slug":"gnr-regista-370-infracoes-e-17-detencoes-no-alto-minho","status":"publish","type":"post","link":"https:\/\/www.altominho.tv\/site\/2022\/02\/15\/gnr-regista-370-infracoes-e-17-detencoes-no-alto-minho\/","title":{"rendered":"GNR regista 370 infra\u00e7\u00f5es e 17 deten\u00e7\u00f5es no Alto Minho"},"content":{"rendered":"<p>A Guarda Nacional Republicana (GNR) registou, na \u00faltima semana, no distrito de Viana do Castelo, 370 infra\u00e7\u00f5es de tr\u00e2nsito e deteve 17 pessoas.<\/p>\n<p>Em comunicado, com o balan\u00e7o da atividade operacional da semana entre os dias 7 e 13 de fevereiro, o Comando Territorial da GNR de Viana do Castelo destacou, entre as 370 infra\u00e7\u00f5es de tr\u00e2nsito, 90 por excesso de velocidade, 33 por excesso de peso, 32 por falta de inspe\u00e7\u00e3o peri\u00f3dica obrigat\u00f3ria, 25 por infra\u00e7\u00e3o aos tac\u00f3grafos, 18 por uso indevido do telem\u00f3vel no exerc\u00edcio da condu\u00e7\u00e3o, 17 por falta ou incorreta utiliza\u00e7\u00e3o do cinto de seguran\u00e7a e\/ou sistema de reten\u00e7\u00e3o para crian\u00e7as, 10 por falta de seguro de responsabilidade civil e oito por condu\u00e7\u00e3o com taxa de \u00e1lcool no sangue superior ao permitido por lei.<\/p>\n<p>J\u00e1 entre as 17 deten\u00e7\u00f5es, contam-se seis por condu\u00e7\u00e3o sob efeito do \u00e1lcool, cinco por condu\u00e7\u00e3o sem habilita\u00e7\u00e3o legal e duas por tr\u00e1fico de estupefacientes.<\/p>\n<p>Durante este per\u00edodo, os militares da GNR apreenderam 117 doses de liamba, 35 doses de haxixe, tr\u00eas balan\u00e7as de precis\u00e3o, uma arma branca, uma arma de ar comprimido e dois telem\u00f3veis.<\/p>\n<div class=\"entry-content\">\n<p>A for\u00e7a policial registou ainda 44 acidentes, dos quais resultaram um ferido grave e 17 feridos ligeiros.<\/p>\n<\/div>\n","protected":false},"excerpt":{"rendered":"<p>A Guarda Nacional Republicana (GNR) registou, na \u00faltima semana, no distrito de Viana do Castelo, 370 infra\u00e7\u00f5es de tr\u00e2nsito e deteve 17 pessoas. Em comunicado, com o balan\u00e7o da atividade operacional da semana entre os dias 7 e 13 de fevereiro, o Comando Territorial da GNR de Viana do Castelo destacou, entre as 370 infra\u00e7\u00f5es [&hellip;]<\/p>\n","protected":false},"author":12,"featured_media":74013,"comment_status":"closed","ping_status":"closed","sticky":false,"template":"","format":"standard","meta":{"_exactmetrics_skip_tracking":false,"footnotes":""},"categories":[73],"tags":[27],"class_list":["post-76316","post","type-post","status-publish","format-standard","has-post-thumbnail","hentry","category-alto-minho","tag-sociedade"],"yoast_head":"<!-- This site is optimized with the Yoast SEO Premium plugin v28.3 (Yoast SEO v28.3) - https:\/\/yoast.com\/product\/yoast-seo-premium-wordpress\/ -->\n<title>GNR regista 370 infra\u00e7\u00f5es e 17 deten\u00e7\u00f5es no Alto Minho<\/title>\n<meta name=\"description\" content=\"A Guarda Nacional Republicana registou, na \u00faltima semana, no distrito de Viana do Castelo, 370 infra\u00e7\u00f5es, 17 deten\u00e7\u00f5es e 44 acidentes.\" \/>\n<meta name=\"robots\" content=\"index, follow, max-snippet:-1, max-image-preview:large, max-video-preview:-1\" \/>\n<link rel=\"canonical\" href=\"https:\/\/www.altominho.tv\/site\/2022\/02\/15\/gnr-regista-370-infracoes-e-17-detencoes-no-alto-minho\/\" \/>\n<meta property=\"og:locale\" content=\"pt_PT\" \/>\n<meta property=\"og:type\" content=\"article\" \/>\n<meta property=\"og:title\" content=\"GNR regista 370 infra\u00e7\u00f5es e 17 deten\u00e7\u00f5es no Alto Minho\" \/>\n<meta property=\"og:description\" content=\"A Guarda Nacional Republicana registou, na \u00faltima semana, no distrito de Viana do Castelo, 370 infra\u00e7\u00f5es, 17 deten\u00e7\u00f5es e 44 acidentes.\" \/>\n<meta property=\"og:url\" content=\"https:\/\/www.altominho.tv\/site\/2022\/02\/15\/gnr-regista-370-infracoes-e-17-detencoes-no-alto-minho\/\" \/>\n<meta property=\"og:site_name\" content=\"Altominho.tv\" \/>\n<meta property=\"article:publisher\" content=\"https:\/\/www.facebook.com\/altominhotv\" \/>\n<meta property=\"article:published_time\" content=\"2022-02-15T10:25:18+00:00\" \/>\n<meta property=\"article:modified_time\" content=\"2022-02-15T10:28:18+00:00\" \/>\n<meta property=\"og:image\" content=\"https:\/\/www.altominho.tv\/site\/wp-content\/uploads\/2021\/12\/GNR-patrulhamento.jpg\" \/>\n\t<meta property=\"og:image:width\" content=\"810\" \/>\n\t<meta property=\"og:image:height\" content=\"456\" \/>\n\t<meta property=\"og:image:type\" content=\"image\/jpeg\" \/>\n<meta name=\"author\" content=\"Andreia Ferreira\" \/>\n<meta name=\"twitter:card\" content=\"summary_large_image\" \/>\n<meta name=\"twitter:creator\" content=\"@altominhoTV\" \/>\n<meta name=\"twitter:site\" content=\"@altominhoTV\" \/>\n<meta name=\"twitter:label1\" content=\"Escrito por\" \/>\n\t<meta name=\"twitter:data1\" content=\"Andreia Ferreira\" \/>\n\t<meta name=\"twitter:label2\" content=\"Tempo estimado de leitura\" \/>\n\t<meta name=\"twitter:data2\" content=\"2 minutos\" \/>\n<script type=\"application\/ld+json\" class=\"yoast-schema-graph\">{\"@context\":\"https:\\\/\\\/schema.org\",\"@graph\":[{\"@type\":\"Article\",\"@id\":\"https:\\\/\\\/www.altominho.tv\\\/site\\\/2022\\\/02\\\/15\\\/gnr-regista-370-infracoes-e-17-detencoes-no-alto-minho\\\/#article\",\"isPartOf\":{\"@id\":\"https:\\\/\\\/www.altominho.tv\\\/site\\\/2022\\\/02\\\/15\\\/gnr-regista-370-infracoes-e-17-detencoes-no-alto-minho\\\/\"},\"author\":{\"name\":\"Andreia Ferreira\",\"@id\":\"https:\\\/\\\/www.altominho.tv\\\/site\\\/#\\\/schema\\\/person\\\/d9be4265364723f14ea8e0d56a1d38cd\"},\"headline\":\"GNR regista 370 infra\u00e7\u00f5es e 17 deten\u00e7\u00f5es no Alto Minho\",\"datePublished\":\"2022-02-15T10:25:18+00:00\",\"dateModified\":\"2022-02-15T10:28:18+00:00\",\"mainEntityOfPage\":{\"@id\":\"https:\\\/\\\/www.altominho.tv\\\/site\\\/2022\\\/02\\\/15\\\/gnr-regista-370-infracoes-e-17-detencoes-no-alto-minho\\\/\"},\"wordCount\":224,\"image\":{\"@id\":\"https:\\\/\\\/www.altominho.tv\\\/site\\\/2022\\\/02\\\/15\\\/gnr-regista-370-infracoes-e-17-detencoes-no-alto-minho\\\/#primaryimage\"},\"thumbnailUrl\":\"https:\\\/\\\/www.altominho.tv\\\/site\\\/wp-content\\\/uploads\\\/2021\\\/12\\\/GNR-patrulhamento.jpg\",\"keywords\":[\"Sociedade\"],\"articleSection\":[\"Alto Minho\"],\"inLanguage\":\"pt-PT\",\"copyrightYear\":\"2022\",\"copyrightHolder\":{\"@id\":\"https:\\\/\\\/www.altominho.tv\\\/site\\\/#organization\"}},{\"@type\":\"WebPage\",\"@id\":\"https:\\\/\\\/www.altominho.tv\\\/site\\\/2022\\\/02\\\/15\\\/gnr-regista-370-infracoes-e-17-detencoes-no-alto-minho\\\/\",\"url\":\"https:\\\/\\\/www.altominho.tv\\\/site\\\/2022\\\/02\\\/15\\\/gnr-regista-370-infracoes-e-17-detencoes-no-alto-minho\\\/\",\"name\":\"GNR regista 370 infra\u00e7\u00f5es e 17 deten\u00e7\u00f5es no Alto Minho\",\"isPartOf\":{\"@id\":\"https:\\\/\\\/www.altominho.tv\\\/site\\\/#website\"},\"primaryImageOfPage\":{\"@id\":\"https:\\\/\\\/www.altominho.tv\\\/site\\\/2022\\\/02\\\/15\\\/gnr-regista-370-infracoes-e-17-detencoes-no-alto-minho\\\/#primaryimage\"},\"image\":{\"@id\":\"https:\\\/\\\/www.altominho.tv\\\/site\\\/2022\\\/02\\\/15\\\/gnr-regista-370-infracoes-e-17-detencoes-no-alto-minho\\\/#primaryimage\"},\"thumbnailUrl\":\"https:\\\/\\\/www.altominho.tv\\\/site\\\/wp-content\\\/uploads\\\/2021\\\/12\\\/GNR-patrulhamento.jpg\",\"datePublished\":\"2022-02-15T10:25:18+00:00\",\"dateModified\":\"2022-02-15T10:28:18+00:00\",\"author\":{\"@id\":\"https:\\\/\\\/www.altominho.tv\\\/site\\\/#\\\/schema\\\/person\\\/d9be4265364723f14ea8e0d56a1d38cd\"},\"description\":\"A Guarda Nacional Republicana registou, na \u00faltima semana, no distrito de Viana do Castelo, 370 infra\u00e7\u00f5es, 17 deten\u00e7\u00f5es e 44 acidentes.\",\"breadcrumb\":{\"@id\":\"https:\\\/\\\/www.altominho.tv\\\/site\\\/2022\\\/02\\\/15\\\/gnr-regista-370-infracoes-e-17-detencoes-no-alto-minho\\\/#breadcrumb\"},\"inLanguage\":\"pt-PT\",\"potentialAction\":[{\"@type\":\"ReadAction\",\"target\":[\"https:\\\/\\\/www.altominho.tv\\\/site\\\/2022\\\/02\\\/15\\\/gnr-regista-370-infracoes-e-17-detencoes-no-alto-minho\\\/\"]}]},{\"@type\":\"ImageObject\",\"inLanguage\":\"pt-PT\",\"@id\":\"https:\\\/\\\/www.altominho.tv\\\/site\\\/2022\\\/02\\\/15\\\/gnr-regista-370-infracoes-e-17-detencoes-no-alto-minho\\\/#primaryimage\",\"url\":\"https:\\\/\\\/www.altominho.tv\\\/site\\\/wp-content\\\/uploads\\\/2021\\\/12\\\/GNR-patrulhamento.jpg\",\"contentUrl\":\"https:\\\/\\\/www.altominho.tv\\\/site\\\/wp-content\\\/uploads\\\/2021\\\/12\\\/GNR-patrulhamento.jpg\",\"width\":810,\"height\":456},{\"@type\":\"BreadcrumbList\",\"@id\":\"https:\\\/\\\/www.altominho.tv\\\/site\\\/2022\\\/02\\\/15\\\/gnr-regista-370-infracoes-e-17-detencoes-no-alto-minho\\\/#breadcrumb\",\"itemListElement\":[{\"@type\":\"ListItem\",\"position\":1,\"name\":\"In\u00edcio\",\"item\":\"https:\\\/\\\/www.altominho.tv\\\/site\\\/\"},{\"@type\":\"ListItem\",\"position\":2,\"name\":\"GNR regista 370 infra\u00e7\u00f5es e 17 deten\u00e7\u00f5es no Alto Minho\"}]},{\"@type\":\"WebSite\",\"@id\":\"https:\\\/\\\/www.altominho.tv\\\/site\\\/#website\",\"url\":\"https:\\\/\\\/www.altominho.tv\\\/site\\\/\",\"name\":\"Altominho.tv\",\"description\":\"A sua regi\u00e3o \u00e0 dist\u00e2ncia de um clique...\",\"potentialAction\":[{\"@type\":\"SearchAction\",\"target\":{\"@type\":\"EntryPoint\",\"urlTemplate\":\"https:\\\/\\\/www.altominho.tv\\\/site\\\/?s={search_term_string}\"},\"query-input\":{\"@type\":\"PropertyValueSpecification\",\"valueRequired\":true,\"valueName\":\"search_term_string\"}}],\"inLanguage\":\"pt-PT\"},{\"@type\":\"Person\",\"@id\":\"https:\\\/\\\/www.altominho.tv\\\/site\\\/#\\\/schema\\\/person\\\/d9be4265364723f14ea8e0d56a1d38cd\",\"name\":\"Andreia Ferreira\",\"image\":{\"@type\":\"ImageObject\",\"inLanguage\":\"pt-PT\",\"@id\":\"https:\\\/\\\/www.altominho.tv\\\/site\\\/wp-content\\\/uploads\\\/2021\\\/01\\\/AndreiaFerreira-150x150.jpg\",\"url\":\"https:\\\/\\\/www.altominho.tv\\\/site\\\/wp-content\\\/uploads\\\/2021\\\/01\\\/AndreiaFerreira-150x150.jpg\",\"contentUrl\":\"https:\\\/\\\/www.altominho.tv\\\/site\\\/wp-content\\\/uploads\\\/2021\\\/01\\\/AndreiaFerreira-150x150.jpg\",\"caption\":\"Andreia Ferreira\"},\"url\":\"https:\\\/\\\/www.altominho.tv\\\/site\\\/author\\\/andreiaferreira\\\/\"}]}<\/script>\n<!-- \/ Yoast SEO Premium plugin. -->","yoast_head_json":{"title":"GNR regista 370 infra\u00e7\u00f5es e 17 deten\u00e7\u00f5es no Alto Minho","description":"A Guarda Nacional Republicana registou, na \u00faltima semana, no distrito de Viana do Castelo, 370 infra\u00e7\u00f5es, 17 deten\u00e7\u00f5es e 44 acidentes.","robots":{"index":"index","follow":"follow","max-snippet":"max-snippet:-1","max-image-preview":"max-image-preview:large","max-video-preview":"max-video-preview:-1"},"canonical":"https:\/\/www.altominho.tv\/site\/2022\/02\/15\/gnr-regista-370-infracoes-e-17-detencoes-no-alto-minho\/","og_locale":"pt_PT","og_type":"article","og_title":"GNR regista 370 infra\u00e7\u00f5es e 17 deten\u00e7\u00f5es no Alto Minho","og_description":"A Guarda Nacional Republicana registou, na \u00faltima semana, no distrito de Viana do Castelo, 370 infra\u00e7\u00f5es, 17 deten\u00e7\u00f5es e 44 acidentes.","og_url":"https:\/\/www.altominho.tv\/site\/2022\/02\/15\/gnr-regista-370-infracoes-e-17-detencoes-no-alto-minho\/","og_site_name":"Altominho.tv","article_publisher":"https:\/\/www.facebook.com\/altominhotv","article_published_time":"2022-02-15T10:25:18+00:00","article_modified_time":"2022-02-15T10:28:18+00:00","og_image":[{"width":810,"height":456,"url":"https:\/\/www.altominho.tv\/site\/wp-content\/uploads\/2021\/12\/GNR-patrulhamento.jpg","type":"image\/jpeg"}],"author":"Andreia Ferreira","twitter_card":"summary_large_image","twitter_creator":"@altominhoTV","twitter_site":"@altominhoTV","twitter_misc":{"Escrito por":"Andreia Ferreira","Tempo estimado de leitura":"2 minutos"},"schema":{"@context":"https:\/\/schema.org","@graph":[{"@type":"Article","@id":"https:\/\/www.altominho.tv\/site\/2022\/02\/15\/gnr-regista-370-infracoes-e-17-detencoes-no-alto-minho\/#article","isPartOf":{"@id":"https:\/\/www.altominho.tv\/site\/2022\/02\/15\/gnr-regista-370-infracoes-e-17-detencoes-no-alto-minho\/"},"author":{"name":"Andreia Ferreira","@id":"https:\/\/www.altominho.tv\/site\/#\/schema\/person\/d9be4265364723f14ea8e0d56a1d38cd"},"headline":"GNR regista 370 infra\u00e7\u00f5es e 17 deten\u00e7\u00f5es no Alto Minho","datePublished":"2022-02-15T10:25:18+00:00","dateModified":"2022-02-15T10:28:18+00:00","mainEntityOfPage":{"@id":"https:\/\/www.altominho.tv\/site\/2022\/02\/15\/gnr-regista-370-infracoes-e-17-detencoes-no-alto-minho\/"},"wordCount":224,"image":{"@id":"https:\/\/www.altominho.tv\/site\/2022\/02\/15\/gnr-regista-370-infracoes-e-17-detencoes-no-alto-minho\/#primaryimage"},"thumbnailUrl":"https:\/\/www.altominho.tv\/site\/wp-content\/uploads\/2021\/12\/GNR-patrulhamento.jpg","keywords":["Sociedade"],"articleSection":["Alto Minho"],"inLanguage":"pt-PT","copyrightYear":"2022","copyrightHolder":{"@id":"https:\/\/www.altominho.tv\/site\/#organization"}},{"@type":"WebPage","@id":"https:\/\/www.altominho.tv\/site\/2022\/02\/15\/gnr-regista-370-infracoes-e-17-detencoes-no-alto-minho\/","url":"https:\/\/www.altominho.tv\/site\/2022\/02\/15\/gnr-regista-370-infracoes-e-17-detencoes-no-alto-minho\/","name":"GNR regista 370 infra\u00e7\u00f5es e 17 deten\u00e7\u00f5es no Alto Minho","isPartOf":{"@id":"https:\/\/www.altominho.tv\/site\/#website"},"primaryImageOfPage":{"@id":"https:\/\/www.altominho.tv\/site\/2022\/02\/15\/gnr-regista-370-infracoes-e-17-detencoes-no-alto-minho\/#primaryimage"},"image":{"@id":"https:\/\/www.altominho.tv\/site\/2022\/02\/15\/gnr-regista-370-infracoes-e-17-detencoes-no-alto-minho\/#primaryimage"},"thumbnailUrl":"https:\/\/www.altominho.tv\/site\/wp-content\/uploads\/2021\/12\/GNR-patrulhamento.jpg","datePublished":"2022-02-15T10:25:18+00:00","dateModified":"2022-02-15T10:28:18+00:00","author":{"@id":"https:\/\/www.altominho.tv\/site\/#\/schema\/person\/d9be4265364723f14ea8e0d56a1d38cd"},"description":"A Guarda Nacional Republicana registou, na \u00faltima semana, no distrito de Viana do Castelo, 370 infra\u00e7\u00f5es, 17 deten\u00e7\u00f5es e 44 acidentes.","breadcrumb":{"@id":"https:\/\/www.altominho.tv\/site\/2022\/02\/15\/gnr-regista-370-infracoes-e-17-detencoes-no-alto-minho\/#breadcrumb"},"inLanguage":"pt-PT","potentialAction":[{"@type":"ReadAction","target":["https:\/\/www.altominho.tv\/site\/2022\/02\/15\/gnr-regista-370-infracoes-e-17-detencoes-no-alto-minho\/"]}]},{"@type":"ImageObject","inLanguage":"pt-PT","@id":"https:\/\/www.altominho.tv\/site\/2022\/02\/15\/gnr-regista-370-infracoes-e-17-detencoes-no-alto-minho\/#primaryimage","url":"https:\/\/www.altominho.tv\/site\/wp-content\/uploads\/2021\/12\/GNR-patrulhamento.jpg","contentUrl":"https:\/\/www.altominho.tv\/site\/wp-content\/uploads\/2021\/12\/GNR-patrulhamento.jpg","width":810,"height":456},{"@type":"BreadcrumbList","@id":"https:\/\/www.altominho.tv\/site\/2022\/02\/15\/gnr-regista-370-infracoes-e-17-detencoes-no-alto-minho\/#breadcrumb","itemListElement":[{"@type":"ListItem","position":1,"name":"In\u00edcio","item":"https:\/\/www.altominho.tv\/site\/"},{"@type":"ListItem","position":2,"name":"GNR regista 370 infra\u00e7\u00f5es e 17 deten\u00e7\u00f5es no Alto Minho"}]},{"@type":"WebSite","@id":"https:\/\/www.altominho.tv\/site\/#website","url":"https:\/\/www.altominho.tv\/site\/","name":"Altominho.tv","description":"A sua regi\u00e3o \u00e0 dist\u00e2ncia de um clique...","potentialAction":[{"@type":"SearchAction","target":{"@type":"EntryPoint","urlTemplate":"https:\/\/www.altominho.tv\/site\/?s={search_term_string}"},"query-input":{"@type":"PropertyValueSpecification","valueRequired":true,"valueName":"search_term_string"}}],"inLanguage":"pt-PT"},{"@type":"Person","@id":"https:\/\/www.altominho.tv\/site\/#\/schema\/person\/d9be4265364723f14ea8e0d56a1d38cd","name":"Andreia Ferreira","image":{"@type":"ImageObject","inLanguage":"pt-PT","@id":"https:\/\/www.altominho.tv\/site\/wp-content\/uploads\/2021\/01\/AndreiaFerreira-150x150.jpg","url":"https:\/\/www.altominho.tv\/site\/wp-content\/uploads\/2021\/01\/AndreiaFerreira-150x150.jpg","contentUrl":"https:\/\/www.altominho.tv\/site\/wp-content\/uploads\/2021\/01\/AndreiaFerreira-150x150.jpg","caption":"Andreia Ferreira"},"url":"https:\/\/www.altominho.tv\/site\/author\/andreiaferreira\/"}]}},"_links":{"self":[{"href":"https:\/\/www.altominho.tv\/site\/wp-json\/wp\/v2\/posts\/76316","targetHints":{"allow":["GET"]}}],"collection":[{"href":"https:\/\/www.altominho.tv\/site\/wp-json\/wp\/v2\/posts"}],"about":[{"href":"https:\/\/www.altominho.tv\/site\/wp-json\/wp\/v2\/types\/post"}],"author":[{"embeddable":true,"href":"https:\/\/www.altominho.tv\/site\/wp-json\/wp\/v2\/users\/12"}],"replies":[{"embeddable":true,"href":"https:\/\/www.altominho.tv\/site\/wp-json\/wp\/v2\/comments?post=76316"}],"version-history":[{"count":0,"href":"https:\/\/www.altominho.tv\/site\/wp-json\/wp\/v2\/posts\/76316\/revisions"}],"wp:featuredmedia":[{"embeddable":true,"href":"https:\/\/www.altominho.tv\/site\/wp-json\/wp\/v2\/media\/74013"}],"wp:attachment":[{"href":"https:\/\/www.altominho.tv\/site\/wp-json\/wp\/v2\/media?parent=76316"}],"wp:term":[{"taxonomy":"category","embeddable":true,"href":"https:\/\/www.altominho.tv\/site\/wp-json\/wp\/v2\/categories?post=76316"},{"taxonomy":"post_tag","embeddable":true,"href":"https:\/\/www.altominho.tv\/site\/wp-json\/wp\/v2\/tags?post=76316"}],"curies":[{"name":"wp","href":"https:\/\/api.w.org\/{rel}","templated":true}]}}