{"id":76176,"date":"2022-02-10T09:17:54","date_gmt":"2022-02-10T09:17:54","guid":{"rendered":"https:\/\/www.altominho.tv\/site\/?p=76176"},"modified":"2022-02-10T09:17:58","modified_gmt":"2022-02-10T09:17:58","slug":"portugal-ja-doou-cerca-de-sete-milhoes-de-vacinas","status":"publish","type":"post","link":"https:\/\/www.altominho.tv\/site\/2022\/02\/10\/portugal-ja-doou-cerca-de-sete-milhoes-de-vacinas\/","title":{"rendered":"Portugal j\u00e1 doou cerca de sete milh\u00f5es de vacinas"},"content":{"rendered":"\n<p>Portugal j\u00e1 doou cerca de sete milh\u00f5es de vacinas contra a covid-19, das quais metade foi entregue aos pa\u00edses africanos de l\u00edngua portuguesa (PALOP) e Timor-Leste, adiantou \u00e0 Lusa o ministro dos Neg\u00f3cios Estrangeiros, Augusto Santos Silva.<\/p>\n\n\n\n<p>&#8220;O caso portugu\u00eas \u00e9 muito interessante. N\u00f3s at\u00e9 agora disponibiliz\u00e1mos praticamente sete milh\u00f5es de vacinas&#8221;, disse o governante \u00e0 margem de uma reuni\u00e3o conjunta de ministros dos Neg\u00f3cios Estrangeiros e da Sa\u00fade da Uni\u00e3o Europeia (UE) em Lyon, Fran\u00e7a.<\/p>\n\n\n\n<p>De acordo com Augusto Santos Silva, metade foi entregue &#8220;noutras geografias que n\u00e3o a de coopera\u00e7\u00e3o tradicional de Portugal, no resto da Europa, noutros pa\u00edses africanos que n\u00e3o s\u00e3o de l\u00edngua portuguesa, pa\u00edses latino-americanos ou do M\u00e9dio Oriente ou da \u00c1sia&#8221;.<\/p>\n\n\n\n<p>&#8220;Se a primeira metade n\u00e3o teve uma grande proje\u00e7\u00e3o internacional, porque foi uma doa\u00e7\u00e3o particular de disponibiliza\u00e7\u00e3o espec\u00edfica num momento, num momento tamb\u00e9m ele espec\u00edfico, j\u00e1 o nosso programa de doa\u00e7\u00e3o de vacinas aos PALOP foi e tem sido um sucesso muito reconhecido em todos esses pa\u00edses dos PALOP&#8221;, observou.<\/p>\n\n\n\n<p>Augusto Santos Silva lembrou que se trata de &#8220;mais um passo de coopera\u00e7\u00e3o na \u00e1rea da sa\u00fade&#8221; com pa\u00edses africanos de l\u00edngua portuguesa, dizendo que desde o in\u00edcio da pandemia Portugal tem apoiado as na\u00e7\u00f5es com testes, equipamentos de prote\u00e7\u00e3o individual, forma\u00e7\u00e3o de profissionais de sa\u00fade e de governos civis.<\/p>\n\n\n\n<p>&#8220;O caso portugu\u00eas e outros casos semelhantes mostram que a nossa diplomacia p\u00fabica \u00e9 tanto mais frut\u00edfera quanto mais coerente e abrangente for a nossa interven\u00e7\u00e3o&#8221;, frisou.<\/p>\n\n\n\n<p><\/p>\n","protected":false},"excerpt":{"rendered":"<p>Portugal j\u00e1 doou cerca de sete milh\u00f5es de vacinas contra a covid-19, das quais metade foi entregue aos pa\u00edses africanos de l\u00edngua portuguesa (PALOP) e Timor-Leste, adiantou \u00e0 Lusa o ministro dos Neg\u00f3cios Estrangeiros, Augusto Santos Silva. &#8220;O caso portugu\u00eas \u00e9 muito interessante. N\u00f3s at\u00e9 agora disponibiliz\u00e1mos praticamente sete milh\u00f5es de vacinas&#8221;, disse o governante [&hellip;]<\/p>\n","protected":false},"author":13,"featured_media":75800,"comment_status":"closed","ping_status":"closed","sticky":false,"template":"","format":"standard","meta":{"_exactmetrics_skip_tracking":false,"_exactmetrics_sitenote_active":false,"_exactmetrics_sitenote_note":"","_exactmetrics_sitenote_category":0,"footnotes":""},"categories":[56325],"tags":[26,27],"class_list":["post-76176","post","type-post","status-publish","format-standard","has-post-thumbnail","hentry","category-pais","tag-saude","tag-sociedade"],"yoast_head":"<!-- This site is optimized with the Yoast SEO Premium plugin v27.4 (Yoast SEO v27.4) - https:\/\/yoast.com\/product\/yoast-seo-premium-wordpress\/ -->\n<title>Portugal j\u00e1 doou cerca de sete milh\u00f5es de vacinas<\/title>\n<meta name=\"robots\" content=\"index, follow, max-snippet:-1, max-image-preview:large, max-video-preview:-1\" \/>\n<link rel=\"canonical\" href=\"https:\/\/www.altominho.tv\/site\/2022\/02\/10\/portugal-ja-doou-cerca-de-sete-milhoes-de-vacinas\/\" \/>\n<meta property=\"og:locale\" content=\"pt_PT\" \/>\n<meta property=\"og:type\" content=\"article\" \/>\n<meta property=\"og:title\" content=\"Portugal j\u00e1 doou cerca de sete milh\u00f5es de vacinas\" \/>\n<meta property=\"og:description\" content=\"Portugal j\u00e1 doou cerca de sete milh\u00f5es de vacinas contra a covid-19, das quais metade foi entregue aos pa\u00edses africanos de l\u00edngua portuguesa (PALOP) e Timor-Leste, adiantou \u00e0 Lusa o ministro dos Neg\u00f3cios Estrangeiros, Augusto Santos Silva. &#8220;O caso portugu\u00eas \u00e9 muito interessante. N\u00f3s at\u00e9 agora disponibiliz\u00e1mos praticamente sete milh\u00f5es de vacinas&#8221;, disse o governante [&hellip;]\" \/>\n<meta property=\"og:url\" content=\"https:\/\/www.altominho.tv\/site\/2022\/02\/10\/portugal-ja-doou-cerca-de-sete-milhoes-de-vacinas\/\" \/>\n<meta property=\"og:site_name\" content=\"Altominho.tv\" \/>\n<meta property=\"article:publisher\" content=\"https:\/\/www.facebook.com\/altominhotv\" \/>\n<meta property=\"article:published_time\" content=\"2022-02-10T09:17:54+00:00\" \/>\n<meta property=\"article:modified_time\" content=\"2022-02-10T09:17:58+00:00\" \/>\n<meta property=\"og:image\" content=\"https:\/\/www.altominho.tv\/site\/wp-content\/uploads\/2022\/02\/Vacinas.jpg\" \/>\n\t<meta property=\"og:image:width\" content=\"1920\" \/>\n\t<meta property=\"og:image:height\" content=\"1080\" \/>\n\t<meta property=\"og:image:type\" content=\"image\/jpeg\" \/>\n<meta name=\"author\" content=\"Lusa\" \/>\n<meta name=\"twitter:card\" content=\"summary_large_image\" \/>\n<meta name=\"twitter:creator\" content=\"@altominhoTV\" \/>\n<meta name=\"twitter:site\" content=\"@altominhoTV\" \/>\n<meta name=\"twitter:label1\" content=\"Escrito por\" \/>\n\t<meta name=\"twitter:data1\" content=\"Lusa\" \/>\n\t<meta name=\"twitter:label2\" content=\"Tempo estimado de leitura\" \/>\n\t<meta name=\"twitter:data2\" content=\"2 minutos\" \/>\n<script type=\"application\/ld+json\" class=\"yoast-schema-graph\">{\"@context\":\"https:\\\/\\\/schema.org\",\"@graph\":[{\"@type\":\"Article\",\"@id\":\"https:\\\/\\\/www.altominho.tv\\\/site\\\/2022\\\/02\\\/10\\\/portugal-ja-doou-cerca-de-sete-milhoes-de-vacinas\\\/#article\",\"isPartOf\":{\"@id\":\"https:\\\/\\\/www.altominho.tv\\\/site\\\/2022\\\/02\\\/10\\\/portugal-ja-doou-cerca-de-sete-milhoes-de-vacinas\\\/\"},\"author\":{\"name\":\"Lusa\",\"@id\":\"https:\\\/\\\/www.altominho.tv\\\/site\\\/#\\\/schema\\\/person\\\/63f693da3e1899361cbe955c46f3232e\"},\"headline\":\"Portugal j\u00e1 doou cerca de sete milh\u00f5es de vacinas\",\"datePublished\":\"2022-02-10T09:17:54+00:00\",\"dateModified\":\"2022-02-10T09:17:58+00:00\",\"mainEntityOfPage\":{\"@id\":\"https:\\\/\\\/www.altominho.tv\\\/site\\\/2022\\\/02\\\/10\\\/portugal-ja-doou-cerca-de-sete-milhoes-de-vacinas\\\/\"},\"wordCount\":293,\"image\":{\"@id\":\"https:\\\/\\\/www.altominho.tv\\\/site\\\/2022\\\/02\\\/10\\\/portugal-ja-doou-cerca-de-sete-milhoes-de-vacinas\\\/#primaryimage\"},\"thumbnailUrl\":\"https:\\\/\\\/www.altominho.tv\\\/site\\\/wp-content\\\/uploads\\\/2022\\\/02\\\/Vacinas.jpg\",\"keywords\":[\"Sa\u00fade\",\"Sociedade\"],\"articleSection\":[\"Pa\u00eds\"],\"inLanguage\":\"pt-PT\",\"copyrightYear\":\"2022\",\"copyrightHolder\":{\"@id\":\"https:\\\/\\\/www.altominho.tv\\\/site\\\/#organization\"}},{\"@type\":\"WebPage\",\"@id\":\"https:\\\/\\\/www.altominho.tv\\\/site\\\/2022\\\/02\\\/10\\\/portugal-ja-doou-cerca-de-sete-milhoes-de-vacinas\\\/\",\"url\":\"https:\\\/\\\/www.altominho.tv\\\/site\\\/2022\\\/02\\\/10\\\/portugal-ja-doou-cerca-de-sete-milhoes-de-vacinas\\\/\",\"name\":\"Portugal j\u00e1 doou cerca de sete milh\u00f5es de vacinas\",\"isPartOf\":{\"@id\":\"https:\\\/\\\/www.altominho.tv\\\/site\\\/#website\"},\"primaryImageOfPage\":{\"@id\":\"https:\\\/\\\/www.altominho.tv\\\/site\\\/2022\\\/02\\\/10\\\/portugal-ja-doou-cerca-de-sete-milhoes-de-vacinas\\\/#primaryimage\"},\"image\":{\"@id\":\"https:\\\/\\\/www.altominho.tv\\\/site\\\/2022\\\/02\\\/10\\\/portugal-ja-doou-cerca-de-sete-milhoes-de-vacinas\\\/#primaryimage\"},\"thumbnailUrl\":\"https:\\\/\\\/www.altominho.tv\\\/site\\\/wp-content\\\/uploads\\\/2022\\\/02\\\/Vacinas.jpg\",\"datePublished\":\"2022-02-10T09:17:54+00:00\",\"dateModified\":\"2022-02-10T09:17:58+00:00\",\"author\":{\"@id\":\"https:\\\/\\\/www.altominho.tv\\\/site\\\/#\\\/schema\\\/person\\\/63f693da3e1899361cbe955c46f3232e\"},\"breadcrumb\":{\"@id\":\"https:\\\/\\\/www.altominho.tv\\\/site\\\/2022\\\/02\\\/10\\\/portugal-ja-doou-cerca-de-sete-milhoes-de-vacinas\\\/#breadcrumb\"},\"inLanguage\":\"pt-PT\",\"potentialAction\":[{\"@type\":\"ReadAction\",\"target\":[\"https:\\\/\\\/www.altominho.tv\\\/site\\\/2022\\\/02\\\/10\\\/portugal-ja-doou-cerca-de-sete-milhoes-de-vacinas\\\/\"]}]},{\"@type\":\"ImageObject\",\"inLanguage\":\"pt-PT\",\"@id\":\"https:\\\/\\\/www.altominho.tv\\\/site\\\/2022\\\/02\\\/10\\\/portugal-ja-doou-cerca-de-sete-milhoes-de-vacinas\\\/#primaryimage\",\"url\":\"https:\\\/\\\/www.altominho.tv\\\/site\\\/wp-content\\\/uploads\\\/2022\\\/02\\\/Vacinas.jpg\",\"contentUrl\":\"https:\\\/\\\/www.altominho.tv\\\/site\\\/wp-content\\\/uploads\\\/2022\\\/02\\\/Vacinas.jpg\",\"width\":1920,\"height\":1080},{\"@type\":\"BreadcrumbList\",\"@id\":\"https:\\\/\\\/www.altominho.tv\\\/site\\\/2022\\\/02\\\/10\\\/portugal-ja-doou-cerca-de-sete-milhoes-de-vacinas\\\/#breadcrumb\",\"itemListElement\":[{\"@type\":\"ListItem\",\"position\":1,\"name\":\"In\u00edcio\",\"item\":\"https:\\\/\\\/www.altominho.tv\\\/site\\\/\"},{\"@type\":\"ListItem\",\"position\":2,\"name\":\"Portugal j\u00e1 doou cerca de sete milh\u00f5es de vacinas\"}]},{\"@type\":\"WebSite\",\"@id\":\"https:\\\/\\\/www.altominho.tv\\\/site\\\/#website\",\"url\":\"https:\\\/\\\/www.altominho.tv\\\/site\\\/\",\"name\":\"Altominho.tv\",\"description\":\"A sua regi\u00e3o \u00e0 dist\u00e2ncia de um clique...\",\"potentialAction\":[{\"@type\":\"SearchAction\",\"target\":{\"@type\":\"EntryPoint\",\"urlTemplate\":\"https:\\\/\\\/www.altominho.tv\\\/site\\\/?s={search_term_string}\"},\"query-input\":{\"@type\":\"PropertyValueSpecification\",\"valueRequired\":true,\"valueName\":\"search_term_string\"}}],\"inLanguage\":\"pt-PT\"},{\"@type\":\"Person\",\"@id\":\"https:\\\/\\\/www.altominho.tv\\\/site\\\/#\\\/schema\\\/person\\\/63f693da3e1899361cbe955c46f3232e\",\"name\":\"Lusa\",\"image\":{\"@type\":\"ImageObject\",\"inLanguage\":\"pt-PT\",\"@id\":\"https:\\\/\\\/www.altominho.tv\\\/site\\\/wp-content\\\/uploads\\\/2019\\\/08\\\/LUSA_Logo.gif\",\"url\":\"https:\\\/\\\/www.altominho.tv\\\/site\\\/wp-content\\\/uploads\\\/2019\\\/08\\\/LUSA_Logo.gif\",\"contentUrl\":\"https:\\\/\\\/www.altominho.tv\\\/site\\\/wp-content\\\/uploads\\\/2019\\\/08\\\/LUSA_Logo.gif\",\"caption\":\"Lusa\"},\"sameAs\":[\"http:\\\/\\\/\\\/\\\/www.altominho.tv\\\/site\"],\"url\":\"https:\\\/\\\/www.altominho.tv\\\/site\\\/author\\\/lusa\\\/\"}]}<\/script>\n<!-- \/ Yoast SEO Premium plugin. -->","yoast_head_json":{"title":"Portugal j\u00e1 doou cerca de sete milh\u00f5es de vacinas","robots":{"index":"index","follow":"follow","max-snippet":"max-snippet:-1","max-image-preview":"max-image-preview:large","max-video-preview":"max-video-preview:-1"},"canonical":"https:\/\/www.altominho.tv\/site\/2022\/02\/10\/portugal-ja-doou-cerca-de-sete-milhoes-de-vacinas\/","og_locale":"pt_PT","og_type":"article","og_title":"Portugal j\u00e1 doou cerca de sete milh\u00f5es de vacinas","og_description":"Portugal j\u00e1 doou cerca de sete milh\u00f5es de vacinas contra a covid-19, das quais metade foi entregue aos pa\u00edses africanos de l\u00edngua portuguesa (PALOP) e Timor-Leste, adiantou \u00e0 Lusa o ministro dos Neg\u00f3cios Estrangeiros, Augusto Santos Silva. &#8220;O caso portugu\u00eas \u00e9 muito interessante. N\u00f3s at\u00e9 agora disponibiliz\u00e1mos praticamente sete milh\u00f5es de vacinas&#8221;, disse o governante [&hellip;]","og_url":"https:\/\/www.altominho.tv\/site\/2022\/02\/10\/portugal-ja-doou-cerca-de-sete-milhoes-de-vacinas\/","og_site_name":"Altominho.tv","article_publisher":"https:\/\/www.facebook.com\/altominhotv","article_published_time":"2022-02-10T09:17:54+00:00","article_modified_time":"2022-02-10T09:17:58+00:00","og_image":[{"width":1920,"height":1080,"url":"https:\/\/www.altominho.tv\/site\/wp-content\/uploads\/2022\/02\/Vacinas.jpg","type":"image\/jpeg"}],"author":"Lusa","twitter_card":"summary_large_image","twitter_creator":"@altominhoTV","twitter_site":"@altominhoTV","twitter_misc":{"Escrito por":"Lusa","Tempo estimado de leitura":"2 minutos"},"schema":{"@context":"https:\/\/schema.org","@graph":[{"@type":"Article","@id":"https:\/\/www.altominho.tv\/site\/2022\/02\/10\/portugal-ja-doou-cerca-de-sete-milhoes-de-vacinas\/#article","isPartOf":{"@id":"https:\/\/www.altominho.tv\/site\/2022\/02\/10\/portugal-ja-doou-cerca-de-sete-milhoes-de-vacinas\/"},"author":{"name":"Lusa","@id":"https:\/\/www.altominho.tv\/site\/#\/schema\/person\/63f693da3e1899361cbe955c46f3232e"},"headline":"Portugal j\u00e1 doou cerca de sete milh\u00f5es de vacinas","datePublished":"2022-02-10T09:17:54+00:00","dateModified":"2022-02-10T09:17:58+00:00","mainEntityOfPage":{"@id":"https:\/\/www.altominho.tv\/site\/2022\/02\/10\/portugal-ja-doou-cerca-de-sete-milhoes-de-vacinas\/"},"wordCount":293,"image":{"@id":"https:\/\/www.altominho.tv\/site\/2022\/02\/10\/portugal-ja-doou-cerca-de-sete-milhoes-de-vacinas\/#primaryimage"},"thumbnailUrl":"https:\/\/www.altominho.tv\/site\/wp-content\/uploads\/2022\/02\/Vacinas.jpg","keywords":["Sa\u00fade","Sociedade"],"articleSection":["Pa\u00eds"],"inLanguage":"pt-PT","copyrightYear":"2022","copyrightHolder":{"@id":"https:\/\/www.altominho.tv\/site\/#organization"}},{"@type":"WebPage","@id":"https:\/\/www.altominho.tv\/site\/2022\/02\/10\/portugal-ja-doou-cerca-de-sete-milhoes-de-vacinas\/","url":"https:\/\/www.altominho.tv\/site\/2022\/02\/10\/portugal-ja-doou-cerca-de-sete-milhoes-de-vacinas\/","name":"Portugal j\u00e1 doou cerca de sete milh\u00f5es de vacinas","isPartOf":{"@id":"https:\/\/www.altominho.tv\/site\/#website"},"primaryImageOfPage":{"@id":"https:\/\/www.altominho.tv\/site\/2022\/02\/10\/portugal-ja-doou-cerca-de-sete-milhoes-de-vacinas\/#primaryimage"},"image":{"@id":"https:\/\/www.altominho.tv\/site\/2022\/02\/10\/portugal-ja-doou-cerca-de-sete-milhoes-de-vacinas\/#primaryimage"},"thumbnailUrl":"https:\/\/www.altominho.tv\/site\/wp-content\/uploads\/2022\/02\/Vacinas.jpg","datePublished":"2022-02-10T09:17:54+00:00","dateModified":"2022-02-10T09:17:58+00:00","author":{"@id":"https:\/\/www.altominho.tv\/site\/#\/schema\/person\/63f693da3e1899361cbe955c46f3232e"},"breadcrumb":{"@id":"https:\/\/www.altominho.tv\/site\/2022\/02\/10\/portugal-ja-doou-cerca-de-sete-milhoes-de-vacinas\/#breadcrumb"},"inLanguage":"pt-PT","potentialAction":[{"@type":"ReadAction","target":["https:\/\/www.altominho.tv\/site\/2022\/02\/10\/portugal-ja-doou-cerca-de-sete-milhoes-de-vacinas\/"]}]},{"@type":"ImageObject","inLanguage":"pt-PT","@id":"https:\/\/www.altominho.tv\/site\/2022\/02\/10\/portugal-ja-doou-cerca-de-sete-milhoes-de-vacinas\/#primaryimage","url":"https:\/\/www.altominho.tv\/site\/wp-content\/uploads\/2022\/02\/Vacinas.jpg","contentUrl":"https:\/\/www.altominho.tv\/site\/wp-content\/uploads\/2022\/02\/Vacinas.jpg","width":1920,"height":1080},{"@type":"BreadcrumbList","@id":"https:\/\/www.altominho.tv\/site\/2022\/02\/10\/portugal-ja-doou-cerca-de-sete-milhoes-de-vacinas\/#breadcrumb","itemListElement":[{"@type":"ListItem","position":1,"name":"In\u00edcio","item":"https:\/\/www.altominho.tv\/site\/"},{"@type":"ListItem","position":2,"name":"Portugal j\u00e1 doou cerca de sete milh\u00f5es de vacinas"}]},{"@type":"WebSite","@id":"https:\/\/www.altominho.tv\/site\/#website","url":"https:\/\/www.altominho.tv\/site\/","name":"Altominho.tv","description":"A sua regi\u00e3o \u00e0 dist\u00e2ncia de um clique...","potentialAction":[{"@type":"SearchAction","target":{"@type":"EntryPoint","urlTemplate":"https:\/\/www.altominho.tv\/site\/?s={search_term_string}"},"query-input":{"@type":"PropertyValueSpecification","valueRequired":true,"valueName":"search_term_string"}}],"inLanguage":"pt-PT"},{"@type":"Person","@id":"https:\/\/www.altominho.tv\/site\/#\/schema\/person\/63f693da3e1899361cbe955c46f3232e","name":"Lusa","image":{"@type":"ImageObject","inLanguage":"pt-PT","@id":"https:\/\/www.altominho.tv\/site\/wp-content\/uploads\/2019\/08\/LUSA_Logo.gif","url":"https:\/\/www.altominho.tv\/site\/wp-content\/uploads\/2019\/08\/LUSA_Logo.gif","contentUrl":"https:\/\/www.altominho.tv\/site\/wp-content\/uploads\/2019\/08\/LUSA_Logo.gif","caption":"Lusa"},"sameAs":["http:\/\/\/\/www.altominho.tv\/site"],"url":"https:\/\/www.altominho.tv\/site\/author\/lusa\/"}]}},"_links":{"self":[{"href":"https:\/\/www.altominho.tv\/site\/wp-json\/wp\/v2\/posts\/76176","targetHints":{"allow":["GET"]}}],"collection":[{"href":"https:\/\/www.altominho.tv\/site\/wp-json\/wp\/v2\/posts"}],"about":[{"href":"https:\/\/www.altominho.tv\/site\/wp-json\/wp\/v2\/types\/post"}],"author":[{"embeddable":true,"href":"https:\/\/www.altominho.tv\/site\/wp-json\/wp\/v2\/users\/13"}],"replies":[{"embeddable":true,"href":"https:\/\/www.altominho.tv\/site\/wp-json\/wp\/v2\/comments?post=76176"}],"version-history":[{"count":0,"href":"https:\/\/www.altominho.tv\/site\/wp-json\/wp\/v2\/posts\/76176\/revisions"}],"wp:featuredmedia":[{"embeddable":true,"href":"https:\/\/www.altominho.tv\/site\/wp-json\/wp\/v2\/media\/75800"}],"wp:attachment":[{"href":"https:\/\/www.altominho.tv\/site\/wp-json\/wp\/v2\/media?parent=76176"}],"wp:term":[{"taxonomy":"category","embeddable":true,"href":"https:\/\/www.altominho.tv\/site\/wp-json\/wp\/v2\/categories?post=76176"},{"taxonomy":"post_tag","embeddable":true,"href":"https:\/\/www.altominho.tv\/site\/wp-json\/wp\/v2\/tags?post=76176"}],"curies":[{"name":"wp","href":"https:\/\/api.w.org\/{rel}","templated":true}]}}