{"id":76068,"date":"2022-02-08T15:41:45","date_gmt":"2022-02-08T15:41:45","guid":{"rendered":"https:\/\/www.altominho.tv\/site\/?p=76068"},"modified":"2022-02-08T15:41:49","modified_gmt":"2022-02-08T15:41:49","slug":"mulher-de-80-anos-morre-em-fogo-em-arcos-de-valdevez","status":"publish","type":"post","link":"https:\/\/www.altominho.tv\/site\/2022\/02\/08\/mulher-de-80-anos-morre-em-fogo-em-arcos-de-valdevez\/","title":{"rendered":"Mulher de 80 anos morre em fogo em Arcos de Valdevez"},"content":{"rendered":"\n<p>Uma mulher de 80 anos morreu hoje\u00a0num inc\u00eandio que deflagrou num terreno agr\u00edcola no lugar de Avelar, freguesia de Cabreiro, em Arcos de Valdevez, no distrito de Viana do Castelo, disse hoje fonte dos bombeiros locais.<\/p>\n\n\n\n<p>Em declara\u00e7\u00f5es \u00e0 ag\u00eancia Lusa, o comandante dos bombeiros volunt\u00e1rios de Arcos de Valdevez, Filipe Guimar\u00e3es, adiantou que a corpora\u00e7\u00e3o foi chamada \u00e0s 12h04 para um inc\u00eandio florestal, tendo sido acionado um meio a\u00e9reo para travar a progress\u00e3o das chamas.<\/p>\n\n\n\n<p>No terreno, a Equipa de Interven\u00e7\u00e3o Permanente (EIP) mobilizada para o local acabou por encontrar o corpo da mulher, \u201ctotalmente carbonizado\u201d.<\/p>\n\n\n\n<p>Filipe Guimar\u00e3es disse que as autoridades est\u00e3o a investigar o caso, desconhecendo-se se a mulher morreu quando tentava apagar o fogo \u201cnuma leira de que era propriet\u00e1ria ou se ter\u00e1 estaria a fazer uma queima de sobrantes agr\u00edcolas e ter\u00e1 sido apanhada pelas chamas\u201d.<\/p>\n\n\n\n<p>Ao local compareceram 10 operacionais e cinco viaturas dos bombeiros, INEM e GNR.<\/p>\n","protected":false},"excerpt":{"rendered":"<p>Uma mulher de 80 anos morreu hoje\u00a0num inc\u00eandio que deflagrou num terreno agr\u00edcola no lugar de Avelar, freguesia de Cabreiro, em Arcos de Valdevez, no distrito de Viana do Castelo, disse hoje fonte dos bombeiros locais. Em declara\u00e7\u00f5es \u00e0 ag\u00eancia Lusa, o comandante dos bombeiros volunt\u00e1rios de Arcos de Valdevez, Filipe Guimar\u00e3es, adiantou que a [&hellip;]<\/p>\n","protected":false},"author":16,"featured_media":76070,"comment_status":"closed","ping_status":"closed","sticky":false,"template":"","format":"standard","meta":{"_exactmetrics_skip_tracking":false,"_exactmetrics_sitenote_active":false,"_exactmetrics_sitenote_note":"","_exactmetrics_sitenote_category":0,"footnotes":""},"categories":[2],"tags":[27],"class_list":["post-76068","post","type-post","status-publish","format-standard","has-post-thumbnail","hentry","category-arcos-de-valdevez","tag-sociedade"],"yoast_head":"<!-- This site is optimized with the Yoast SEO Premium plugin v27.4 (Yoast SEO v27.4) - https:\/\/yoast.com\/product\/yoast-seo-premium-wordpress\/ -->\n<title>Mulher de 80 anos morre em fogo em Arcos de Valdevez<\/title>\n<meta name=\"robots\" content=\"index, follow, max-snippet:-1, max-image-preview:large, max-video-preview:-1\" \/>\n<link rel=\"canonical\" href=\"https:\/\/www.altominho.tv\/site\/2022\/02\/08\/mulher-de-80-anos-morre-em-fogo-em-arcos-de-valdevez\/\" \/>\n<meta property=\"og:locale\" content=\"pt_PT\" \/>\n<meta property=\"og:type\" content=\"article\" \/>\n<meta property=\"og:title\" content=\"Mulher de 80 anos morre em fogo em Arcos de Valdevez\" \/>\n<meta property=\"og:description\" content=\"Uma mulher de 80 anos morreu hoje\u00a0num inc\u00eandio que deflagrou num terreno agr\u00edcola no lugar de Avelar, freguesia de Cabreiro, em Arcos de Valdevez, no distrito de Viana do Castelo, disse hoje fonte dos bombeiros locais. Em declara\u00e7\u00f5es \u00e0 ag\u00eancia Lusa, o comandante dos bombeiros volunt\u00e1rios de Arcos de Valdevez, Filipe Guimar\u00e3es, adiantou que a [&hellip;]\" \/>\n<meta property=\"og:url\" content=\"https:\/\/www.altominho.tv\/site\/2022\/02\/08\/mulher-de-80-anos-morre-em-fogo-em-arcos-de-valdevez\/\" \/>\n<meta property=\"og:site_name\" content=\"Altominho.tv\" \/>\n<meta property=\"article:publisher\" content=\"https:\/\/www.facebook.com\/altominhotv\" \/>\n<meta property=\"article:published_time\" content=\"2022-02-08T15:41:45+00:00\" \/>\n<meta property=\"article:modified_time\" content=\"2022-02-08T15:41:49+00:00\" \/>\n<meta property=\"og:image\" content=\"https:\/\/www.altominho.tv\/site\/wp-content\/uploads\/2022\/02\/bombeiros.jpeg\" \/>\n\t<meta property=\"og:image:width\" content=\"1600\" \/>\n\t<meta property=\"og:image:height\" content=\"720\" \/>\n\t<meta property=\"og:image:type\" content=\"image\/jpeg\" \/>\n<meta name=\"author\" content=\"Andreia Cunha | Lusa\" \/>\n<meta name=\"twitter:card\" content=\"summary_large_image\" \/>\n<meta name=\"twitter:creator\" content=\"@altominhoTV\" \/>\n<meta name=\"twitter:site\" content=\"@altominhoTV\" \/>\n<meta name=\"twitter:label1\" content=\"Escrito por\" \/>\n\t<meta name=\"twitter:data1\" content=\"Andreia Cunha | Lusa\" \/>\n\t<meta name=\"twitter:label2\" content=\"Tempo estimado de leitura\" \/>\n\t<meta name=\"twitter:data2\" content=\"1 minuto\" \/>\n<script type=\"application\/ld+json\" class=\"yoast-schema-graph\">{\"@context\":\"https:\\\/\\\/schema.org\",\"@graph\":[{\"@type\":\"Article\",\"@id\":\"https:\\\/\\\/www.altominho.tv\\\/site\\\/2022\\\/02\\\/08\\\/mulher-de-80-anos-morre-em-fogo-em-arcos-de-valdevez\\\/#article\",\"isPartOf\":{\"@id\":\"https:\\\/\\\/www.altominho.tv\\\/site\\\/2022\\\/02\\\/08\\\/mulher-de-80-anos-morre-em-fogo-em-arcos-de-valdevez\\\/\"},\"author\":{\"name\":\"Andreia Cunha | Lusa\",\"@id\":\"https:\\\/\\\/www.altominho.tv\\\/site\\\/#\\\/schema\\\/person\\\/dbaf181c01b51ff40c9f461a905d321e\"},\"headline\":\"Mulher de 80 anos morre em fogo em Arcos de Valdevez\",\"datePublished\":\"2022-02-08T15:41:45+00:00\",\"dateModified\":\"2022-02-08T15:41:49+00:00\",\"mainEntityOfPage\":{\"@id\":\"https:\\\/\\\/www.altominho.tv\\\/site\\\/2022\\\/02\\\/08\\\/mulher-de-80-anos-morre-em-fogo-em-arcos-de-valdevez\\\/\"},\"wordCount\":177,\"image\":{\"@id\":\"https:\\\/\\\/www.altominho.tv\\\/site\\\/2022\\\/02\\\/08\\\/mulher-de-80-anos-morre-em-fogo-em-arcos-de-valdevez\\\/#primaryimage\"},\"thumbnailUrl\":\"https:\\\/\\\/www.altominho.tv\\\/site\\\/wp-content\\\/uploads\\\/2022\\\/02\\\/bombeiros.jpeg\",\"keywords\":[\"Sociedade\"],\"articleSection\":[\"Arcos de Valdevez\"],\"inLanguage\":\"pt-PT\",\"copyrightYear\":\"2022\",\"copyrightHolder\":{\"@id\":\"https:\\\/\\\/www.altominho.tv\\\/site\\\/#organization\"}},{\"@type\":\"WebPage\",\"@id\":\"https:\\\/\\\/www.altominho.tv\\\/site\\\/2022\\\/02\\\/08\\\/mulher-de-80-anos-morre-em-fogo-em-arcos-de-valdevez\\\/\",\"url\":\"https:\\\/\\\/www.altominho.tv\\\/site\\\/2022\\\/02\\\/08\\\/mulher-de-80-anos-morre-em-fogo-em-arcos-de-valdevez\\\/\",\"name\":\"Mulher de 80 anos morre em fogo em Arcos de Valdevez\",\"isPartOf\":{\"@id\":\"https:\\\/\\\/www.altominho.tv\\\/site\\\/#website\"},\"primaryImageOfPage\":{\"@id\":\"https:\\\/\\\/www.altominho.tv\\\/site\\\/2022\\\/02\\\/08\\\/mulher-de-80-anos-morre-em-fogo-em-arcos-de-valdevez\\\/#primaryimage\"},\"image\":{\"@id\":\"https:\\\/\\\/www.altominho.tv\\\/site\\\/2022\\\/02\\\/08\\\/mulher-de-80-anos-morre-em-fogo-em-arcos-de-valdevez\\\/#primaryimage\"},\"thumbnailUrl\":\"https:\\\/\\\/www.altominho.tv\\\/site\\\/wp-content\\\/uploads\\\/2022\\\/02\\\/bombeiros.jpeg\",\"datePublished\":\"2022-02-08T15:41:45+00:00\",\"dateModified\":\"2022-02-08T15:41:49+00:00\",\"author\":{\"@id\":\"https:\\\/\\\/www.altominho.tv\\\/site\\\/#\\\/schema\\\/person\\\/dbaf181c01b51ff40c9f461a905d321e\"},\"breadcrumb\":{\"@id\":\"https:\\\/\\\/www.altominho.tv\\\/site\\\/2022\\\/02\\\/08\\\/mulher-de-80-anos-morre-em-fogo-em-arcos-de-valdevez\\\/#breadcrumb\"},\"inLanguage\":\"pt-PT\",\"potentialAction\":[{\"@type\":\"ReadAction\",\"target\":[\"https:\\\/\\\/www.altominho.tv\\\/site\\\/2022\\\/02\\\/08\\\/mulher-de-80-anos-morre-em-fogo-em-arcos-de-valdevez\\\/\"]}]},{\"@type\":\"ImageObject\",\"inLanguage\":\"pt-PT\",\"@id\":\"https:\\\/\\\/www.altominho.tv\\\/site\\\/2022\\\/02\\\/08\\\/mulher-de-80-anos-morre-em-fogo-em-arcos-de-valdevez\\\/#primaryimage\",\"url\":\"https:\\\/\\\/www.altominho.tv\\\/site\\\/wp-content\\\/uploads\\\/2022\\\/02\\\/bombeiros.jpeg\",\"contentUrl\":\"https:\\\/\\\/www.altominho.tv\\\/site\\\/wp-content\\\/uploads\\\/2022\\\/02\\\/bombeiros.jpeg\",\"width\":1600,\"height\":720},{\"@type\":\"BreadcrumbList\",\"@id\":\"https:\\\/\\\/www.altominho.tv\\\/site\\\/2022\\\/02\\\/08\\\/mulher-de-80-anos-morre-em-fogo-em-arcos-de-valdevez\\\/#breadcrumb\",\"itemListElement\":[{\"@type\":\"ListItem\",\"position\":1,\"name\":\"In\u00edcio\",\"item\":\"https:\\\/\\\/www.altominho.tv\\\/site\\\/\"},{\"@type\":\"ListItem\",\"position\":2,\"name\":\"Mulher de 80 anos morre em fogo em Arcos de Valdevez\"}]},{\"@type\":\"WebSite\",\"@id\":\"https:\\\/\\\/www.altominho.tv\\\/site\\\/#website\",\"url\":\"https:\\\/\\\/www.altominho.tv\\\/site\\\/\",\"name\":\"Altominho.tv\",\"description\":\"A sua regi\u00e3o \u00e0 dist\u00e2ncia de um clique...\",\"potentialAction\":[{\"@type\":\"SearchAction\",\"target\":{\"@type\":\"EntryPoint\",\"urlTemplate\":\"https:\\\/\\\/www.altominho.tv\\\/site\\\/?s={search_term_string}\"},\"query-input\":{\"@type\":\"PropertyValueSpecification\",\"valueRequired\":true,\"valueName\":\"search_term_string\"}}],\"inLanguage\":\"pt-PT\"},{\"@type\":\"Person\",\"@id\":\"https:\\\/\\\/www.altominho.tv\\\/site\\\/#\\\/schema\\\/person\\\/dbaf181c01b51ff40c9f461a905d321e\",\"name\":\"Andreia Cunha | Lusa\",\"image\":{\"@type\":\"ImageObject\",\"inLanguage\":\"pt-PT\",\"@id\":\"https:\\\/\\\/www.altominho.tv\\\/site\\\/wp-content\\\/uploads\\\/2017\\\/11\\\/Andreia_Cunha-1-150x150.jpg\",\"url\":\"https:\\\/\\\/www.altominho.tv\\\/site\\\/wp-content\\\/uploads\\\/2017\\\/11\\\/Andreia_Cunha-1-150x150.jpg\",\"contentUrl\":\"https:\\\/\\\/www.altominho.tv\\\/site\\\/wp-content\\\/uploads\\\/2017\\\/11\\\/Andreia_Cunha-1-150x150.jpg\",\"caption\":\"Andreia Cunha | Lusa\"},\"sameAs\":[\"https:\\\/\\\/www.altominho.tv\\\/site\"],\"url\":\"https:\\\/\\\/www.altominho.tv\\\/site\\\/author\\\/andreiacunhalusa\\\/\"}]}<\/script>\n<!-- \/ Yoast SEO Premium plugin. -->","yoast_head_json":{"title":"Mulher de 80 anos morre em fogo em Arcos de Valdevez","robots":{"index":"index","follow":"follow","max-snippet":"max-snippet:-1","max-image-preview":"max-image-preview:large","max-video-preview":"max-video-preview:-1"},"canonical":"https:\/\/www.altominho.tv\/site\/2022\/02\/08\/mulher-de-80-anos-morre-em-fogo-em-arcos-de-valdevez\/","og_locale":"pt_PT","og_type":"article","og_title":"Mulher de 80 anos morre em fogo em Arcos de Valdevez","og_description":"Uma mulher de 80 anos morreu hoje\u00a0num inc\u00eandio que deflagrou num terreno agr\u00edcola no lugar de Avelar, freguesia de Cabreiro, em Arcos de Valdevez, no distrito de Viana do Castelo, disse hoje fonte dos bombeiros locais. Em declara\u00e7\u00f5es \u00e0 ag\u00eancia Lusa, o comandante dos bombeiros volunt\u00e1rios de Arcos de Valdevez, Filipe Guimar\u00e3es, adiantou que a [&hellip;]","og_url":"https:\/\/www.altominho.tv\/site\/2022\/02\/08\/mulher-de-80-anos-morre-em-fogo-em-arcos-de-valdevez\/","og_site_name":"Altominho.tv","article_publisher":"https:\/\/www.facebook.com\/altominhotv","article_published_time":"2022-02-08T15:41:45+00:00","article_modified_time":"2022-02-08T15:41:49+00:00","og_image":[{"width":1600,"height":720,"url":"https:\/\/www.altominho.tv\/site\/wp-content\/uploads\/2022\/02\/bombeiros.jpeg","type":"image\/jpeg"}],"author":"Andreia Cunha | Lusa","twitter_card":"summary_large_image","twitter_creator":"@altominhoTV","twitter_site":"@altominhoTV","twitter_misc":{"Escrito por":"Andreia Cunha | Lusa","Tempo estimado de leitura":"1 minuto"},"schema":{"@context":"https:\/\/schema.org","@graph":[{"@type":"Article","@id":"https:\/\/www.altominho.tv\/site\/2022\/02\/08\/mulher-de-80-anos-morre-em-fogo-em-arcos-de-valdevez\/#article","isPartOf":{"@id":"https:\/\/www.altominho.tv\/site\/2022\/02\/08\/mulher-de-80-anos-morre-em-fogo-em-arcos-de-valdevez\/"},"author":{"name":"Andreia Cunha | Lusa","@id":"https:\/\/www.altominho.tv\/site\/#\/schema\/person\/dbaf181c01b51ff40c9f461a905d321e"},"headline":"Mulher de 80 anos morre em fogo em Arcos de Valdevez","datePublished":"2022-02-08T15:41:45+00:00","dateModified":"2022-02-08T15:41:49+00:00","mainEntityOfPage":{"@id":"https:\/\/www.altominho.tv\/site\/2022\/02\/08\/mulher-de-80-anos-morre-em-fogo-em-arcos-de-valdevez\/"},"wordCount":177,"image":{"@id":"https:\/\/www.altominho.tv\/site\/2022\/02\/08\/mulher-de-80-anos-morre-em-fogo-em-arcos-de-valdevez\/#primaryimage"},"thumbnailUrl":"https:\/\/www.altominho.tv\/site\/wp-content\/uploads\/2022\/02\/bombeiros.jpeg","keywords":["Sociedade"],"articleSection":["Arcos de Valdevez"],"inLanguage":"pt-PT","copyrightYear":"2022","copyrightHolder":{"@id":"https:\/\/www.altominho.tv\/site\/#organization"}},{"@type":"WebPage","@id":"https:\/\/www.altominho.tv\/site\/2022\/02\/08\/mulher-de-80-anos-morre-em-fogo-em-arcos-de-valdevez\/","url":"https:\/\/www.altominho.tv\/site\/2022\/02\/08\/mulher-de-80-anos-morre-em-fogo-em-arcos-de-valdevez\/","name":"Mulher de 80 anos morre em fogo em Arcos de Valdevez","isPartOf":{"@id":"https:\/\/www.altominho.tv\/site\/#website"},"primaryImageOfPage":{"@id":"https:\/\/www.altominho.tv\/site\/2022\/02\/08\/mulher-de-80-anos-morre-em-fogo-em-arcos-de-valdevez\/#primaryimage"},"image":{"@id":"https:\/\/www.altominho.tv\/site\/2022\/02\/08\/mulher-de-80-anos-morre-em-fogo-em-arcos-de-valdevez\/#primaryimage"},"thumbnailUrl":"https:\/\/www.altominho.tv\/site\/wp-content\/uploads\/2022\/02\/bombeiros.jpeg","datePublished":"2022-02-08T15:41:45+00:00","dateModified":"2022-02-08T15:41:49+00:00","author":{"@id":"https:\/\/www.altominho.tv\/site\/#\/schema\/person\/dbaf181c01b51ff40c9f461a905d321e"},"breadcrumb":{"@id":"https:\/\/www.altominho.tv\/site\/2022\/02\/08\/mulher-de-80-anos-morre-em-fogo-em-arcos-de-valdevez\/#breadcrumb"},"inLanguage":"pt-PT","potentialAction":[{"@type":"ReadAction","target":["https:\/\/www.altominho.tv\/site\/2022\/02\/08\/mulher-de-80-anos-morre-em-fogo-em-arcos-de-valdevez\/"]}]},{"@type":"ImageObject","inLanguage":"pt-PT","@id":"https:\/\/www.altominho.tv\/site\/2022\/02\/08\/mulher-de-80-anos-morre-em-fogo-em-arcos-de-valdevez\/#primaryimage","url":"https:\/\/www.altominho.tv\/site\/wp-content\/uploads\/2022\/02\/bombeiros.jpeg","contentUrl":"https:\/\/www.altominho.tv\/site\/wp-content\/uploads\/2022\/02\/bombeiros.jpeg","width":1600,"height":720},{"@type":"BreadcrumbList","@id":"https:\/\/www.altominho.tv\/site\/2022\/02\/08\/mulher-de-80-anos-morre-em-fogo-em-arcos-de-valdevez\/#breadcrumb","itemListElement":[{"@type":"ListItem","position":1,"name":"In\u00edcio","item":"https:\/\/www.altominho.tv\/site\/"},{"@type":"ListItem","position":2,"name":"Mulher de 80 anos morre em fogo em Arcos de Valdevez"}]},{"@type":"WebSite","@id":"https:\/\/www.altominho.tv\/site\/#website","url":"https:\/\/www.altominho.tv\/site\/","name":"Altominho.tv","description":"A sua regi\u00e3o \u00e0 dist\u00e2ncia de um clique...","potentialAction":[{"@type":"SearchAction","target":{"@type":"EntryPoint","urlTemplate":"https:\/\/www.altominho.tv\/site\/?s={search_term_string}"},"query-input":{"@type":"PropertyValueSpecification","valueRequired":true,"valueName":"search_term_string"}}],"inLanguage":"pt-PT"},{"@type":"Person","@id":"https:\/\/www.altominho.tv\/site\/#\/schema\/person\/dbaf181c01b51ff40c9f461a905d321e","name":"Andreia Cunha | Lusa","image":{"@type":"ImageObject","inLanguage":"pt-PT","@id":"https:\/\/www.altominho.tv\/site\/wp-content\/uploads\/2017\/11\/Andreia_Cunha-1-150x150.jpg","url":"https:\/\/www.altominho.tv\/site\/wp-content\/uploads\/2017\/11\/Andreia_Cunha-1-150x150.jpg","contentUrl":"https:\/\/www.altominho.tv\/site\/wp-content\/uploads\/2017\/11\/Andreia_Cunha-1-150x150.jpg","caption":"Andreia Cunha | Lusa"},"sameAs":["https:\/\/www.altominho.tv\/site"],"url":"https:\/\/www.altominho.tv\/site\/author\/andreiacunhalusa\/"}]}},"_links":{"self":[{"href":"https:\/\/www.altominho.tv\/site\/wp-json\/wp\/v2\/posts\/76068","targetHints":{"allow":["GET"]}}],"collection":[{"href":"https:\/\/www.altominho.tv\/site\/wp-json\/wp\/v2\/posts"}],"about":[{"href":"https:\/\/www.altominho.tv\/site\/wp-json\/wp\/v2\/types\/post"}],"author":[{"embeddable":true,"href":"https:\/\/www.altominho.tv\/site\/wp-json\/wp\/v2\/users\/16"}],"replies":[{"embeddable":true,"href":"https:\/\/www.altominho.tv\/site\/wp-json\/wp\/v2\/comments?post=76068"}],"version-history":[{"count":0,"href":"https:\/\/www.altominho.tv\/site\/wp-json\/wp\/v2\/posts\/76068\/revisions"}],"wp:featuredmedia":[{"embeddable":true,"href":"https:\/\/www.altominho.tv\/site\/wp-json\/wp\/v2\/media\/76070"}],"wp:attachment":[{"href":"https:\/\/www.altominho.tv\/site\/wp-json\/wp\/v2\/media?parent=76068"}],"wp:term":[{"taxonomy":"category","embeddable":true,"href":"https:\/\/www.altominho.tv\/site\/wp-json\/wp\/v2\/categories?post=76068"},{"taxonomy":"post_tag","embeddable":true,"href":"https:\/\/www.altominho.tv\/site\/wp-json\/wp\/v2\/tags?post=76068"}],"curies":[{"name":"wp","href":"https:\/\/api.w.org\/{rel}","templated":true}]}}