{"id":76035,"date":"2022-02-07T12:43:43","date_gmt":"2022-02-07T12:43:43","guid":{"rendered":"https:\/\/www.altominho.tv\/site\/?p=76035"},"modified":"2022-02-07T12:45:47","modified_gmt":"2022-02-07T12:45:47","slug":"arcos-de-valdevez-atribui-600-mil-euros-as-freguesias","status":"publish","type":"post","link":"https:\/\/www.altominho.tv\/site\/2022\/02\/07\/arcos-de-valdevez-atribui-600-mil-euros-as-freguesias\/","title":{"rendered":"Arcos de Valdevez atribui 600 mil euros \u00e0s freguesias"},"content":{"rendered":"<p>A C\u00e2mara de Arcos de Valdevez aprovou protocolos, no valor de cerca de 600 mil euros, com 14 juntas de freguesia e uni\u00f5es de freguesias.<\/p>\n<p>Em comunicado, a autarquia explica que as verbas &#8220;ser\u00e3o aplicadas na realiza\u00e7\u00e3o de obras de beneficia\u00e7\u00e3o nestas localidades, bem como na manuten\u00e7\u00e3o da rede vi\u00e1ria vicinal&#8221;.<\/p>\n<p>No \u00e2mbito das limpezas e conserva\u00e7\u00e3o de caminhos vicinais, &#8220;atrav\u00e9s deste protocolo, est\u00e1 previsto que as juntas de freguesia realizem duas limpezas anuais de bermas e valetas das vias, incluindo ceifa e limpeza dos respetivos aquedutos e sarjetas&#8221;.<\/p>\n<p>Segundo o munic\u00edpio, os apoios aprovados, no valor \u00a0global de 599.192 euros, &#8220;tiveram um aumento relativamente ao ano de 2021&#8221;.<\/p>\n","protected":false},"excerpt":{"rendered":"<p>A C\u00e2mara de Arcos de Valdevez aprovou protocolos, no valor de cerca de 600 mil euros, com 14 juntas de freguesia e uni\u00f5es de freguesias. Em comunicado, a autarquia explica que as verbas &#8220;ser\u00e3o aplicadas na realiza\u00e7\u00e3o de obras de beneficia\u00e7\u00e3o nestas localidades, bem como na manuten\u00e7\u00e3o da rede vi\u00e1ria vicinal&#8221;. No \u00e2mbito das limpezas [&hellip;]<\/p>\n","protected":false},"author":12,"featured_media":76036,"comment_status":"closed","ping_status":"closed","sticky":false,"template":"","format":"standard","meta":{"_exactmetrics_skip_tracking":false,"_exactmetrics_sitenote_active":false,"_exactmetrics_sitenote_note":"","_exactmetrics_sitenote_category":0,"footnotes":""},"categories":[2],"tags":[21],"class_list":["post-76035","post","type-post","status-publish","format-standard","has-post-thumbnail","hentry","category-arcos-de-valdevez","tag-economia"],"yoast_head":"<!-- This site is optimized with the Yoast SEO Premium plugin v27.4 (Yoast SEO v27.4) - https:\/\/yoast.com\/product\/yoast-seo-premium-wordpress\/ -->\n<title>Arcos de Valdevez atribui 600 mil euros \u00e0s freguesias<\/title>\n<meta name=\"robots\" content=\"index, follow, max-snippet:-1, max-image-preview:large, max-video-preview:-1\" \/>\n<link rel=\"canonical\" href=\"https:\/\/www.altominho.tv\/site\/2022\/02\/07\/arcos-de-valdevez-atribui-600-mil-euros-as-freguesias\/\" \/>\n<meta property=\"og:locale\" content=\"pt_PT\" \/>\n<meta property=\"og:type\" content=\"article\" \/>\n<meta property=\"og:title\" content=\"Arcos de Valdevez atribui 600 mil euros \u00e0s freguesias\" \/>\n<meta property=\"og:description\" content=\"A C\u00e2mara de Arcos de Valdevez aprovou protocolos, no valor de cerca de 600 mil euros, com 14 juntas de freguesia e uni\u00f5es de freguesias. Em comunicado, a autarquia explica que as verbas &#8220;ser\u00e3o aplicadas na realiza\u00e7\u00e3o de obras de beneficia\u00e7\u00e3o nestas localidades, bem como na manuten\u00e7\u00e3o da rede vi\u00e1ria vicinal&#8221;. No \u00e2mbito das limpezas [&hellip;]\" \/>\n<meta property=\"og:url\" content=\"https:\/\/www.altominho.tv\/site\/2022\/02\/07\/arcos-de-valdevez-atribui-600-mil-euros-as-freguesias\/\" \/>\n<meta property=\"og:site_name\" content=\"Altominho.tv\" \/>\n<meta property=\"article:publisher\" content=\"https:\/\/www.facebook.com\/altominhotv\" \/>\n<meta property=\"article:published_time\" content=\"2022-02-07T12:43:43+00:00\" \/>\n<meta property=\"article:modified_time\" content=\"2022-02-07T12:45:47+00:00\" \/>\n<meta property=\"og:image\" content=\"https:\/\/www.altominho.tv\/site\/wp-content\/uploads\/2022\/02\/Limpeza-freguesias-Arcos-de-Valdevez.jpg\" \/>\n\t<meta property=\"og:image:width\" content=\"960\" \/>\n\t<meta property=\"og:image:height\" content=\"540\" \/>\n\t<meta property=\"og:image:type\" content=\"image\/jpeg\" \/>\n<meta name=\"author\" content=\"Andreia Ferreira\" \/>\n<meta name=\"twitter:card\" content=\"summary_large_image\" \/>\n<meta name=\"twitter:creator\" content=\"@altominhoTV\" \/>\n<meta name=\"twitter:site\" content=\"@altominhoTV\" \/>\n<meta name=\"twitter:label1\" content=\"Escrito por\" \/>\n\t<meta name=\"twitter:data1\" content=\"Andreia Ferreira\" \/>\n\t<meta name=\"twitter:label2\" content=\"Tempo estimado de leitura\" \/>\n\t<meta name=\"twitter:data2\" content=\"1 minuto\" \/>\n<script type=\"application\/ld+json\" class=\"yoast-schema-graph\">{\"@context\":\"https:\\\/\\\/schema.org\",\"@graph\":[{\"@type\":\"Article\",\"@id\":\"https:\\\/\\\/www.altominho.tv\\\/site\\\/2022\\\/02\\\/07\\\/arcos-de-valdevez-atribui-600-mil-euros-as-freguesias\\\/#article\",\"isPartOf\":{\"@id\":\"https:\\\/\\\/www.altominho.tv\\\/site\\\/2022\\\/02\\\/07\\\/arcos-de-valdevez-atribui-600-mil-euros-as-freguesias\\\/\"},\"author\":{\"name\":\"Andreia Ferreira\",\"@id\":\"https:\\\/\\\/www.altominho.tv\\\/site\\\/#\\\/schema\\\/person\\\/d9be4265364723f14ea8e0d56a1d38cd\"},\"headline\":\"Arcos de Valdevez atribui 600 mil euros \u00e0s freguesias\",\"datePublished\":\"2022-02-07T12:43:43+00:00\",\"dateModified\":\"2022-02-07T12:45:47+00:00\",\"mainEntityOfPage\":{\"@id\":\"https:\\\/\\\/www.altominho.tv\\\/site\\\/2022\\\/02\\\/07\\\/arcos-de-valdevez-atribui-600-mil-euros-as-freguesias\\\/\"},\"wordCount\":123,\"image\":{\"@id\":\"https:\\\/\\\/www.altominho.tv\\\/site\\\/2022\\\/02\\\/07\\\/arcos-de-valdevez-atribui-600-mil-euros-as-freguesias\\\/#primaryimage\"},\"thumbnailUrl\":\"https:\\\/\\\/www.altominho.tv\\\/site\\\/wp-content\\\/uploads\\\/2022\\\/02\\\/Limpeza-freguesias-Arcos-de-Valdevez.jpg\",\"keywords\":[\"Economia\"],\"articleSection\":[\"Arcos de Valdevez\"],\"inLanguage\":\"pt-PT\",\"copyrightYear\":\"2022\",\"copyrightHolder\":{\"@id\":\"https:\\\/\\\/www.altominho.tv\\\/site\\\/#organization\"}},{\"@type\":\"WebPage\",\"@id\":\"https:\\\/\\\/www.altominho.tv\\\/site\\\/2022\\\/02\\\/07\\\/arcos-de-valdevez-atribui-600-mil-euros-as-freguesias\\\/\",\"url\":\"https:\\\/\\\/www.altominho.tv\\\/site\\\/2022\\\/02\\\/07\\\/arcos-de-valdevez-atribui-600-mil-euros-as-freguesias\\\/\",\"name\":\"Arcos de Valdevez atribui 600 mil euros \u00e0s freguesias\",\"isPartOf\":{\"@id\":\"https:\\\/\\\/www.altominho.tv\\\/site\\\/#website\"},\"primaryImageOfPage\":{\"@id\":\"https:\\\/\\\/www.altominho.tv\\\/site\\\/2022\\\/02\\\/07\\\/arcos-de-valdevez-atribui-600-mil-euros-as-freguesias\\\/#primaryimage\"},\"image\":{\"@id\":\"https:\\\/\\\/www.altominho.tv\\\/site\\\/2022\\\/02\\\/07\\\/arcos-de-valdevez-atribui-600-mil-euros-as-freguesias\\\/#primaryimage\"},\"thumbnailUrl\":\"https:\\\/\\\/www.altominho.tv\\\/site\\\/wp-content\\\/uploads\\\/2022\\\/02\\\/Limpeza-freguesias-Arcos-de-Valdevez.jpg\",\"datePublished\":\"2022-02-07T12:43:43+00:00\",\"dateModified\":\"2022-02-07T12:45:47+00:00\",\"author\":{\"@id\":\"https:\\\/\\\/www.altominho.tv\\\/site\\\/#\\\/schema\\\/person\\\/d9be4265364723f14ea8e0d56a1d38cd\"},\"breadcrumb\":{\"@id\":\"https:\\\/\\\/www.altominho.tv\\\/site\\\/2022\\\/02\\\/07\\\/arcos-de-valdevez-atribui-600-mil-euros-as-freguesias\\\/#breadcrumb\"},\"inLanguage\":\"pt-PT\",\"potentialAction\":[{\"@type\":\"ReadAction\",\"target\":[\"https:\\\/\\\/www.altominho.tv\\\/site\\\/2022\\\/02\\\/07\\\/arcos-de-valdevez-atribui-600-mil-euros-as-freguesias\\\/\"]}]},{\"@type\":\"ImageObject\",\"inLanguage\":\"pt-PT\",\"@id\":\"https:\\\/\\\/www.altominho.tv\\\/site\\\/2022\\\/02\\\/07\\\/arcos-de-valdevez-atribui-600-mil-euros-as-freguesias\\\/#primaryimage\",\"url\":\"https:\\\/\\\/www.altominho.tv\\\/site\\\/wp-content\\\/uploads\\\/2022\\\/02\\\/Limpeza-freguesias-Arcos-de-Valdevez.jpg\",\"contentUrl\":\"https:\\\/\\\/www.altominho.tv\\\/site\\\/wp-content\\\/uploads\\\/2022\\\/02\\\/Limpeza-freguesias-Arcos-de-Valdevez.jpg\",\"width\":960,\"height\":540,\"caption\":\"MUNIC\u00cdPIO DE ARCOS DE VALDEVEZ\"},{\"@type\":\"BreadcrumbList\",\"@id\":\"https:\\\/\\\/www.altominho.tv\\\/site\\\/2022\\\/02\\\/07\\\/arcos-de-valdevez-atribui-600-mil-euros-as-freguesias\\\/#breadcrumb\",\"itemListElement\":[{\"@type\":\"ListItem\",\"position\":1,\"name\":\"In\u00edcio\",\"item\":\"https:\\\/\\\/www.altominho.tv\\\/site\\\/\"},{\"@type\":\"ListItem\",\"position\":2,\"name\":\"Arcos de Valdevez atribui 600 mil euros \u00e0s freguesias\"}]},{\"@type\":\"WebSite\",\"@id\":\"https:\\\/\\\/www.altominho.tv\\\/site\\\/#website\",\"url\":\"https:\\\/\\\/www.altominho.tv\\\/site\\\/\",\"name\":\"Altominho.tv\",\"description\":\"A sua regi\u00e3o \u00e0 dist\u00e2ncia de um clique...\",\"potentialAction\":[{\"@type\":\"SearchAction\",\"target\":{\"@type\":\"EntryPoint\",\"urlTemplate\":\"https:\\\/\\\/www.altominho.tv\\\/site\\\/?s={search_term_string}\"},\"query-input\":{\"@type\":\"PropertyValueSpecification\",\"valueRequired\":true,\"valueName\":\"search_term_string\"}}],\"inLanguage\":\"pt-PT\"},{\"@type\":\"Person\",\"@id\":\"https:\\\/\\\/www.altominho.tv\\\/site\\\/#\\\/schema\\\/person\\\/d9be4265364723f14ea8e0d56a1d38cd\",\"name\":\"Andreia Ferreira\",\"image\":{\"@type\":\"ImageObject\",\"inLanguage\":\"pt-PT\",\"@id\":\"https:\\\/\\\/www.altominho.tv\\\/site\\\/wp-content\\\/uploads\\\/2021\\\/01\\\/AndreiaFerreira-150x150.jpg\",\"url\":\"https:\\\/\\\/www.altominho.tv\\\/site\\\/wp-content\\\/uploads\\\/2021\\\/01\\\/AndreiaFerreira-150x150.jpg\",\"contentUrl\":\"https:\\\/\\\/www.altominho.tv\\\/site\\\/wp-content\\\/uploads\\\/2021\\\/01\\\/AndreiaFerreira-150x150.jpg\",\"caption\":\"Andreia Ferreira\"},\"url\":\"https:\\\/\\\/www.altominho.tv\\\/site\\\/author\\\/andreiaferreira\\\/\"}]}<\/script>\n<!-- \/ Yoast SEO Premium plugin. -->","yoast_head_json":{"title":"Arcos de Valdevez atribui 600 mil euros \u00e0s freguesias","robots":{"index":"index","follow":"follow","max-snippet":"max-snippet:-1","max-image-preview":"max-image-preview:large","max-video-preview":"max-video-preview:-1"},"canonical":"https:\/\/www.altominho.tv\/site\/2022\/02\/07\/arcos-de-valdevez-atribui-600-mil-euros-as-freguesias\/","og_locale":"pt_PT","og_type":"article","og_title":"Arcos de Valdevez atribui 600 mil euros \u00e0s freguesias","og_description":"A C\u00e2mara de Arcos de Valdevez aprovou protocolos, no valor de cerca de 600 mil euros, com 14 juntas de freguesia e uni\u00f5es de freguesias. Em comunicado, a autarquia explica que as verbas &#8220;ser\u00e3o aplicadas na realiza\u00e7\u00e3o de obras de beneficia\u00e7\u00e3o nestas localidades, bem como na manuten\u00e7\u00e3o da rede vi\u00e1ria vicinal&#8221;. No \u00e2mbito das limpezas [&hellip;]","og_url":"https:\/\/www.altominho.tv\/site\/2022\/02\/07\/arcos-de-valdevez-atribui-600-mil-euros-as-freguesias\/","og_site_name":"Altominho.tv","article_publisher":"https:\/\/www.facebook.com\/altominhotv","article_published_time":"2022-02-07T12:43:43+00:00","article_modified_time":"2022-02-07T12:45:47+00:00","og_image":[{"width":960,"height":540,"url":"https:\/\/www.altominho.tv\/site\/wp-content\/uploads\/2022\/02\/Limpeza-freguesias-Arcos-de-Valdevez.jpg","type":"image\/jpeg"}],"author":"Andreia Ferreira","twitter_card":"summary_large_image","twitter_creator":"@altominhoTV","twitter_site":"@altominhoTV","twitter_misc":{"Escrito por":"Andreia Ferreira","Tempo estimado de leitura":"1 minuto"},"schema":{"@context":"https:\/\/schema.org","@graph":[{"@type":"Article","@id":"https:\/\/www.altominho.tv\/site\/2022\/02\/07\/arcos-de-valdevez-atribui-600-mil-euros-as-freguesias\/#article","isPartOf":{"@id":"https:\/\/www.altominho.tv\/site\/2022\/02\/07\/arcos-de-valdevez-atribui-600-mil-euros-as-freguesias\/"},"author":{"name":"Andreia Ferreira","@id":"https:\/\/www.altominho.tv\/site\/#\/schema\/person\/d9be4265364723f14ea8e0d56a1d38cd"},"headline":"Arcos de Valdevez atribui 600 mil euros \u00e0s freguesias","datePublished":"2022-02-07T12:43:43+00:00","dateModified":"2022-02-07T12:45:47+00:00","mainEntityOfPage":{"@id":"https:\/\/www.altominho.tv\/site\/2022\/02\/07\/arcos-de-valdevez-atribui-600-mil-euros-as-freguesias\/"},"wordCount":123,"image":{"@id":"https:\/\/www.altominho.tv\/site\/2022\/02\/07\/arcos-de-valdevez-atribui-600-mil-euros-as-freguesias\/#primaryimage"},"thumbnailUrl":"https:\/\/www.altominho.tv\/site\/wp-content\/uploads\/2022\/02\/Limpeza-freguesias-Arcos-de-Valdevez.jpg","keywords":["Economia"],"articleSection":["Arcos de Valdevez"],"inLanguage":"pt-PT","copyrightYear":"2022","copyrightHolder":{"@id":"https:\/\/www.altominho.tv\/site\/#organization"}},{"@type":"WebPage","@id":"https:\/\/www.altominho.tv\/site\/2022\/02\/07\/arcos-de-valdevez-atribui-600-mil-euros-as-freguesias\/","url":"https:\/\/www.altominho.tv\/site\/2022\/02\/07\/arcos-de-valdevez-atribui-600-mil-euros-as-freguesias\/","name":"Arcos de Valdevez atribui 600 mil euros \u00e0s freguesias","isPartOf":{"@id":"https:\/\/www.altominho.tv\/site\/#website"},"primaryImageOfPage":{"@id":"https:\/\/www.altominho.tv\/site\/2022\/02\/07\/arcos-de-valdevez-atribui-600-mil-euros-as-freguesias\/#primaryimage"},"image":{"@id":"https:\/\/www.altominho.tv\/site\/2022\/02\/07\/arcos-de-valdevez-atribui-600-mil-euros-as-freguesias\/#primaryimage"},"thumbnailUrl":"https:\/\/www.altominho.tv\/site\/wp-content\/uploads\/2022\/02\/Limpeza-freguesias-Arcos-de-Valdevez.jpg","datePublished":"2022-02-07T12:43:43+00:00","dateModified":"2022-02-07T12:45:47+00:00","author":{"@id":"https:\/\/www.altominho.tv\/site\/#\/schema\/person\/d9be4265364723f14ea8e0d56a1d38cd"},"breadcrumb":{"@id":"https:\/\/www.altominho.tv\/site\/2022\/02\/07\/arcos-de-valdevez-atribui-600-mil-euros-as-freguesias\/#breadcrumb"},"inLanguage":"pt-PT","potentialAction":[{"@type":"ReadAction","target":["https:\/\/www.altominho.tv\/site\/2022\/02\/07\/arcos-de-valdevez-atribui-600-mil-euros-as-freguesias\/"]}]},{"@type":"ImageObject","inLanguage":"pt-PT","@id":"https:\/\/www.altominho.tv\/site\/2022\/02\/07\/arcos-de-valdevez-atribui-600-mil-euros-as-freguesias\/#primaryimage","url":"https:\/\/www.altominho.tv\/site\/wp-content\/uploads\/2022\/02\/Limpeza-freguesias-Arcos-de-Valdevez.jpg","contentUrl":"https:\/\/www.altominho.tv\/site\/wp-content\/uploads\/2022\/02\/Limpeza-freguesias-Arcos-de-Valdevez.jpg","width":960,"height":540,"caption":"MUNIC\u00cdPIO DE ARCOS DE VALDEVEZ"},{"@type":"BreadcrumbList","@id":"https:\/\/www.altominho.tv\/site\/2022\/02\/07\/arcos-de-valdevez-atribui-600-mil-euros-as-freguesias\/#breadcrumb","itemListElement":[{"@type":"ListItem","position":1,"name":"In\u00edcio","item":"https:\/\/www.altominho.tv\/site\/"},{"@type":"ListItem","position":2,"name":"Arcos de Valdevez atribui 600 mil euros \u00e0s freguesias"}]},{"@type":"WebSite","@id":"https:\/\/www.altominho.tv\/site\/#website","url":"https:\/\/www.altominho.tv\/site\/","name":"Altominho.tv","description":"A sua regi\u00e3o \u00e0 dist\u00e2ncia de um clique...","potentialAction":[{"@type":"SearchAction","target":{"@type":"EntryPoint","urlTemplate":"https:\/\/www.altominho.tv\/site\/?s={search_term_string}"},"query-input":{"@type":"PropertyValueSpecification","valueRequired":true,"valueName":"search_term_string"}}],"inLanguage":"pt-PT"},{"@type":"Person","@id":"https:\/\/www.altominho.tv\/site\/#\/schema\/person\/d9be4265364723f14ea8e0d56a1d38cd","name":"Andreia Ferreira","image":{"@type":"ImageObject","inLanguage":"pt-PT","@id":"https:\/\/www.altominho.tv\/site\/wp-content\/uploads\/2021\/01\/AndreiaFerreira-150x150.jpg","url":"https:\/\/www.altominho.tv\/site\/wp-content\/uploads\/2021\/01\/AndreiaFerreira-150x150.jpg","contentUrl":"https:\/\/www.altominho.tv\/site\/wp-content\/uploads\/2021\/01\/AndreiaFerreira-150x150.jpg","caption":"Andreia Ferreira"},"url":"https:\/\/www.altominho.tv\/site\/author\/andreiaferreira\/"}]}},"_links":{"self":[{"href":"https:\/\/www.altominho.tv\/site\/wp-json\/wp\/v2\/posts\/76035","targetHints":{"allow":["GET"]}}],"collection":[{"href":"https:\/\/www.altominho.tv\/site\/wp-json\/wp\/v2\/posts"}],"about":[{"href":"https:\/\/www.altominho.tv\/site\/wp-json\/wp\/v2\/types\/post"}],"author":[{"embeddable":true,"href":"https:\/\/www.altominho.tv\/site\/wp-json\/wp\/v2\/users\/12"}],"replies":[{"embeddable":true,"href":"https:\/\/www.altominho.tv\/site\/wp-json\/wp\/v2\/comments?post=76035"}],"version-history":[{"count":0,"href":"https:\/\/www.altominho.tv\/site\/wp-json\/wp\/v2\/posts\/76035\/revisions"}],"wp:featuredmedia":[{"embeddable":true,"href":"https:\/\/www.altominho.tv\/site\/wp-json\/wp\/v2\/media\/76036"}],"wp:attachment":[{"href":"https:\/\/www.altominho.tv\/site\/wp-json\/wp\/v2\/media?parent=76035"}],"wp:term":[{"taxonomy":"category","embeddable":true,"href":"https:\/\/www.altominho.tv\/site\/wp-json\/wp\/v2\/categories?post=76035"},{"taxonomy":"post_tag","embeddable":true,"href":"https:\/\/www.altominho.tv\/site\/wp-json\/wp\/v2\/tags?post=76035"}],"curies":[{"name":"wp","href":"https:\/\/api.w.org\/{rel}","templated":true}]}}