{"id":75941,"date":"2022-02-03T12:45:18","date_gmt":"2022-02-03T12:45:18","guid":{"rendered":"https:\/\/www.altominho.tv\/site\/?p=75941"},"modified":"2022-02-15T14:42:39","modified_gmt":"2022-02-15T14:42:39","slug":"camara-municipal-apoia-com-60-mil-euros-os-bombeiros-voluntarios","status":"publish","type":"post","link":"https:\/\/www.altominho.tv\/site\/2022\/02\/03\/camara-municipal-apoia-com-60-mil-euros-os-bombeiros-voluntarios\/","title":{"rendered":"C\u00e2mara Municipal apoia com 60 mil euros os Bombeiros Volunt\u00e1rios"},"content":{"rendered":"\n<p>A C\u00e2mara Municipal aprovou a renova\u00e7\u00e3o, por mais um ano, do protocolo a celebrar com a Associa\u00e7\u00e3o Humanit\u00e1ria dos Bombeiros Volunt\u00e1rios de Arcos de Valdevez no valor de 60.000,00 euros, o qual pretende apoiar o trabalho merit\u00f3rio de prote\u00e7\u00e3o e socorro que esta associa\u00e7\u00e3o desempenha junto da popula\u00e7\u00e3o arcuense.<\/p>\n\n\n\n<p>Este apoio soma a outros, nomeadamente, ao apoio financeiro \u00e0s obras no Quartel e para o funcionamento das EIP \u2013 Equipas de Interven\u00e7\u00e3o Permanente.<\/p>\n\n\n\n<p>Este protocolo de coopera\u00e7\u00e3o anual tem como objetivos principais a coopera\u00e7\u00e3odas duas entidades nos dom\u00ednios do aviso, alerta, interven\u00e7\u00e3o, apoio e socorro atrav\u00e9s do corpo de Bombeiros Volunt\u00e1rios; Colabora\u00e7\u00e3o com o Servi\u00e7o Municipal de Prote\u00e7\u00e3o Civil, na implementa\u00e7\u00e3o e coordena\u00e7\u00e3o de programas de preven\u00e7\u00e3o e vigil\u00e2ncia de fogos florestais; no asseguramento, com plena efic\u00e1cia, das comunica\u00e7\u00f5es telef\u00f3nicas, via r\u00e1dio ou outras, na Central de Comunica\u00e7\u00f5es, 24 horas por dia, todos os dias do ano e assegurar a emerg\u00eancia pr\u00e9-hospitalar, como refor\u00e7o complementar ao SBV \u2013 Suporte B\u00e1sico de Vida, de forma a garantir a continuidade de par\u00e2metros de qualidade na assist\u00eancia pr\u00e9-hospitalar \u00e0 popula\u00e7\u00e3o.<\/p>\n\n\n\n<p>Aos Bombeiros Volunt\u00e1rios cabe igualmente colaborar ao n\u00edvel da limpeza de neve e espalhamento de sal; na abertura de sargetas; na verifica\u00e7\u00e3o da operacionalidade da rede de pontos de \u00e1gua, conjuntamente com os servi\u00e7os municipais; na verifica\u00e7\u00e3o da operacionalidade de hidrantes, conjuntamente com os servi\u00e7os municipais; e na colabora\u00e7\u00e3o com os servi\u00e7os municipais em caso de intemp\u00e9ries.<\/p>\n\n\n\n<p>Com este apoio o Munic\u00edpio pretende dotar as popula\u00e7\u00f5es dos melhores meios de salvaguarda de pessoas e bens, bem como proporcionar uma assist\u00eancia eficaz em caso de necessidade.<\/p>\n","protected":false},"excerpt":{"rendered":"<p>A C\u00e2mara Municipal aprovou a renova\u00e7\u00e3o, por mais um ano, do protocolo a celebrar com a Associa\u00e7\u00e3o Humanit\u00e1ria dos Bombeiros Volunt\u00e1rios de Arcos de Valdevez no valor de 60.000,00 euros, o qual pretende apoiar o trabalho merit\u00f3rio de prote\u00e7\u00e3o e socorro que esta associa\u00e7\u00e3o desempenha junto da popula\u00e7\u00e3o arcuense. Este apoio soma a outros, nomeadamente, [&hellip;]<\/p>\n","protected":false},"author":1,"featured_media":75942,"comment_status":"closed","ping_status":"closed","sticky":false,"template":"","format":"standard","meta":{"_exactmetrics_skip_tracking":false,"_exactmetrics_sitenote_active":false,"_exactmetrics_sitenote_note":"","_exactmetrics_sitenote_category":0,"footnotes":""},"categories":[2],"tags":[27],"class_list":["post-75941","post","type-post","status-publish","format-standard","has-post-thumbnail","hentry","category-arcos-de-valdevez","tag-sociedade"],"yoast_head":"<!-- This site is optimized with the Yoast SEO Premium plugin v27.4 (Yoast SEO v27.4) - https:\/\/yoast.com\/product\/yoast-seo-premium-wordpress\/ -->\n<title>C\u00e2mara Municipal apoia com 60 mil euros os Bombeiros Volunt\u00e1rios<\/title>\n<meta name=\"description\" content=\"A C\u00e2mara Municipal aprovou a renova\u00e7\u00e3o do protocolo a celebrar com a Associa\u00e7\u00e3o Humanit\u00e1ria dos Bombeiros Volunt\u00e1rios de Arcos de Valdevez no valor de 60.000,00 euros.\" \/>\n<meta name=\"robots\" content=\"index, follow, max-snippet:-1, max-image-preview:large, max-video-preview:-1\" \/>\n<link rel=\"canonical\" href=\"https:\/\/www.altominho.tv\/site\/2022\/02\/03\/camara-municipal-apoia-com-60-mil-euros-os-bombeiros-voluntarios\/\" \/>\n<meta property=\"og:locale\" content=\"pt_PT\" \/>\n<meta property=\"og:type\" content=\"article\" \/>\n<meta property=\"og:title\" content=\"C\u00e2mara Municipal apoia com 60 mil euros os Bombeiros Volunt\u00e1rios\" \/>\n<meta property=\"og:description\" content=\"A C\u00e2mara Municipal aprovou a renova\u00e7\u00e3o do protocolo a celebrar com a Associa\u00e7\u00e3o Humanit\u00e1ria dos Bombeiros Volunt\u00e1rios de Arcos de Valdevez no valor de 60.000,00 euros.\" \/>\n<meta property=\"og:url\" content=\"https:\/\/www.altominho.tv\/site\/2022\/02\/03\/camara-municipal-apoia-com-60-mil-euros-os-bombeiros-voluntarios\/\" \/>\n<meta property=\"og:site_name\" content=\"Altominho.tv\" \/>\n<meta property=\"article:publisher\" content=\"https:\/\/www.facebook.com\/altominhotv\" \/>\n<meta property=\"article:published_time\" content=\"2022-02-03T12:45:18+00:00\" \/>\n<meta property=\"article:modified_time\" content=\"2022-02-15T14:42:39+00:00\" \/>\n<meta property=\"og:image\" content=\"https:\/\/www.altominho.tv\/site\/wp-content\/uploads\/2022\/02\/Bombeiros_Arcos_-scaled.jpg\" \/>\n\t<meta property=\"og:image:width\" content=\"2560\" \/>\n\t<meta property=\"og:image:height\" content=\"1440\" \/>\n\t<meta property=\"og:image:type\" content=\"image\/jpeg\" \/>\n<meta name=\"author\" content=\"Altominho.tv\" \/>\n<meta name=\"twitter:card\" content=\"summary_large_image\" \/>\n<meta name=\"twitter:creator\" content=\"@altominhoTV\" \/>\n<meta name=\"twitter:site\" content=\"@altominhoTV\" \/>\n<meta name=\"twitter:label1\" content=\"Escrito por\" \/>\n\t<meta name=\"twitter:data1\" content=\"Altominho.tv\" \/>\n\t<meta name=\"twitter:label2\" content=\"Tempo estimado de leitura\" \/>\n\t<meta name=\"twitter:data2\" content=\"2 minutos\" \/>\n<script type=\"application\/ld+json\" class=\"yoast-schema-graph\">{\"@context\":\"https:\\\/\\\/schema.org\",\"@graph\":[{\"@type\":\"Article\",\"@id\":\"https:\\\/\\\/www.altominho.tv\\\/site\\\/2022\\\/02\\\/03\\\/camara-municipal-apoia-com-60-mil-euros-os-bombeiros-voluntarios\\\/#article\",\"isPartOf\":{\"@id\":\"https:\\\/\\\/www.altominho.tv\\\/site\\\/2022\\\/02\\\/03\\\/camara-municipal-apoia-com-60-mil-euros-os-bombeiros-voluntarios\\\/\"},\"author\":{\"name\":\"Altominho.tv\",\"@id\":\"https:\\\/\\\/www.altominho.tv\\\/site\\\/#\\\/schema\\\/person\\\/4e536851627d7914baf3dac752b6af22\"},\"headline\":\"C\u00e2mara Municipal apoia com 60 mil euros os Bombeiros Volunt\u00e1rios\",\"datePublished\":\"2022-02-03T12:45:18+00:00\",\"dateModified\":\"2022-02-15T14:42:39+00:00\",\"mainEntityOfPage\":{\"@id\":\"https:\\\/\\\/www.altominho.tv\\\/site\\\/2022\\\/02\\\/03\\\/camara-municipal-apoia-com-60-mil-euros-os-bombeiros-voluntarios\\\/\"},\"wordCount\":316,\"image\":{\"@id\":\"https:\\\/\\\/www.altominho.tv\\\/site\\\/2022\\\/02\\\/03\\\/camara-municipal-apoia-com-60-mil-euros-os-bombeiros-voluntarios\\\/#primaryimage\"},\"thumbnailUrl\":\"https:\\\/\\\/www.altominho.tv\\\/site\\\/wp-content\\\/uploads\\\/2022\\\/02\\\/Bombeiros_Arcos_-scaled.jpg\",\"keywords\":[\"Sociedade\"],\"articleSection\":[\"Arcos de Valdevez\"],\"inLanguage\":\"pt-PT\",\"copyrightYear\":\"2022\",\"copyrightHolder\":{\"@id\":\"https:\\\/\\\/www.altominho.tv\\\/site\\\/#organization\"}},{\"@type\":\"WebPage\",\"@id\":\"https:\\\/\\\/www.altominho.tv\\\/site\\\/2022\\\/02\\\/03\\\/camara-municipal-apoia-com-60-mil-euros-os-bombeiros-voluntarios\\\/\",\"url\":\"https:\\\/\\\/www.altominho.tv\\\/site\\\/2022\\\/02\\\/03\\\/camara-municipal-apoia-com-60-mil-euros-os-bombeiros-voluntarios\\\/\",\"name\":\"C\u00e2mara Municipal apoia com 60 mil euros os Bombeiros Volunt\u00e1rios\",\"isPartOf\":{\"@id\":\"https:\\\/\\\/www.altominho.tv\\\/site\\\/#website\"},\"primaryImageOfPage\":{\"@id\":\"https:\\\/\\\/www.altominho.tv\\\/site\\\/2022\\\/02\\\/03\\\/camara-municipal-apoia-com-60-mil-euros-os-bombeiros-voluntarios\\\/#primaryimage\"},\"image\":{\"@id\":\"https:\\\/\\\/www.altominho.tv\\\/site\\\/2022\\\/02\\\/03\\\/camara-municipal-apoia-com-60-mil-euros-os-bombeiros-voluntarios\\\/#primaryimage\"},\"thumbnailUrl\":\"https:\\\/\\\/www.altominho.tv\\\/site\\\/wp-content\\\/uploads\\\/2022\\\/02\\\/Bombeiros_Arcos_-scaled.jpg\",\"datePublished\":\"2022-02-03T12:45:18+00:00\",\"dateModified\":\"2022-02-15T14:42:39+00:00\",\"author\":{\"@id\":\"https:\\\/\\\/www.altominho.tv\\\/site\\\/#\\\/schema\\\/person\\\/4e536851627d7914baf3dac752b6af22\"},\"description\":\"A C\u00e2mara Municipal aprovou a renova\u00e7\u00e3o do protocolo a celebrar com a Associa\u00e7\u00e3o Humanit\u00e1ria dos Bombeiros Volunt\u00e1rios de Arcos de Valdevez no valor de 60.000,00 euros.\",\"breadcrumb\":{\"@id\":\"https:\\\/\\\/www.altominho.tv\\\/site\\\/2022\\\/02\\\/03\\\/camara-municipal-apoia-com-60-mil-euros-os-bombeiros-voluntarios\\\/#breadcrumb\"},\"inLanguage\":\"pt-PT\",\"potentialAction\":[{\"@type\":\"ReadAction\",\"target\":[\"https:\\\/\\\/www.altominho.tv\\\/site\\\/2022\\\/02\\\/03\\\/camara-municipal-apoia-com-60-mil-euros-os-bombeiros-voluntarios\\\/\"]}]},{\"@type\":\"ImageObject\",\"inLanguage\":\"pt-PT\",\"@id\":\"https:\\\/\\\/www.altominho.tv\\\/site\\\/2022\\\/02\\\/03\\\/camara-municipal-apoia-com-60-mil-euros-os-bombeiros-voluntarios\\\/#primaryimage\",\"url\":\"https:\\\/\\\/www.altominho.tv\\\/site\\\/wp-content\\\/uploads\\\/2022\\\/02\\\/Bombeiros_Arcos_-scaled.jpg\",\"contentUrl\":\"https:\\\/\\\/www.altominho.tv\\\/site\\\/wp-content\\\/uploads\\\/2022\\\/02\\\/Bombeiros_Arcos_-scaled.jpg\",\"width\":2560,\"height\":1440},{\"@type\":\"BreadcrumbList\",\"@id\":\"https:\\\/\\\/www.altominho.tv\\\/site\\\/2022\\\/02\\\/03\\\/camara-municipal-apoia-com-60-mil-euros-os-bombeiros-voluntarios\\\/#breadcrumb\",\"itemListElement\":[{\"@type\":\"ListItem\",\"position\":1,\"name\":\"In\u00edcio\",\"item\":\"https:\\\/\\\/www.altominho.tv\\\/site\\\/\"},{\"@type\":\"ListItem\",\"position\":2,\"name\":\"C\u00e2mara Municipal apoia com 60 mil euros os Bombeiros Volunt\u00e1rios\"}]},{\"@type\":\"WebSite\",\"@id\":\"https:\\\/\\\/www.altominho.tv\\\/site\\\/#website\",\"url\":\"https:\\\/\\\/www.altominho.tv\\\/site\\\/\",\"name\":\"Altominho.tv\",\"description\":\"A sua regi\u00e3o \u00e0 dist\u00e2ncia de um clique...\",\"potentialAction\":[{\"@type\":\"SearchAction\",\"target\":{\"@type\":\"EntryPoint\",\"urlTemplate\":\"https:\\\/\\\/www.altominho.tv\\\/site\\\/?s={search_term_string}\"},\"query-input\":{\"@type\":\"PropertyValueSpecification\",\"valueRequired\":true,\"valueName\":\"search_term_string\"}}],\"inLanguage\":\"pt-PT\"},{\"@type\":\"Person\",\"@id\":\"https:\\\/\\\/www.altominho.tv\\\/site\\\/#\\\/schema\\\/person\\\/4e536851627d7914baf3dac752b6af22\",\"name\":\"Altominho.tv\",\"image\":{\"@type\":\"ImageObject\",\"inLanguage\":\"pt-PT\",\"@id\":\"https:\\\/\\\/www.altominho.tv\\\/site\\\/wp-content\\\/uploads\\\/2019\\\/11\\\/Logo_Avatar_2-150x150.jpg\",\"url\":\"https:\\\/\\\/www.altominho.tv\\\/site\\\/wp-content\\\/uploads\\\/2019\\\/11\\\/Logo_Avatar_2-150x150.jpg\",\"contentUrl\":\"https:\\\/\\\/www.altominho.tv\\\/site\\\/wp-content\\\/uploads\\\/2019\\\/11\\\/Logo_Avatar_2-150x150.jpg\",\"caption\":\"Altominho.tv\"},\"url\":\"https:\\\/\\\/www.altominho.tv\\\/site\\\/author\\\/altominhotv-tecnico\\\/\"}]}<\/script>\n<!-- \/ Yoast SEO Premium plugin. -->","yoast_head_json":{"title":"C\u00e2mara Municipal apoia com 60 mil euros os Bombeiros Volunt\u00e1rios","description":"A C\u00e2mara Municipal aprovou a renova\u00e7\u00e3o do protocolo a celebrar com a Associa\u00e7\u00e3o Humanit\u00e1ria dos Bombeiros Volunt\u00e1rios de Arcos de Valdevez no valor de 60.000,00 euros.","robots":{"index":"index","follow":"follow","max-snippet":"max-snippet:-1","max-image-preview":"max-image-preview:large","max-video-preview":"max-video-preview:-1"},"canonical":"https:\/\/www.altominho.tv\/site\/2022\/02\/03\/camara-municipal-apoia-com-60-mil-euros-os-bombeiros-voluntarios\/","og_locale":"pt_PT","og_type":"article","og_title":"C\u00e2mara Municipal apoia com 60 mil euros os Bombeiros Volunt\u00e1rios","og_description":"A C\u00e2mara Municipal aprovou a renova\u00e7\u00e3o do protocolo a celebrar com a Associa\u00e7\u00e3o Humanit\u00e1ria dos Bombeiros Volunt\u00e1rios de Arcos de Valdevez no valor de 60.000,00 euros.","og_url":"https:\/\/www.altominho.tv\/site\/2022\/02\/03\/camara-municipal-apoia-com-60-mil-euros-os-bombeiros-voluntarios\/","og_site_name":"Altominho.tv","article_publisher":"https:\/\/www.facebook.com\/altominhotv","article_published_time":"2022-02-03T12:45:18+00:00","article_modified_time":"2022-02-15T14:42:39+00:00","og_image":[{"width":2560,"height":1440,"url":"https:\/\/www.altominho.tv\/site\/wp-content\/uploads\/2022\/02\/Bombeiros_Arcos_-scaled.jpg","type":"image\/jpeg"}],"author":"Altominho.tv","twitter_card":"summary_large_image","twitter_creator":"@altominhoTV","twitter_site":"@altominhoTV","twitter_misc":{"Escrito por":"Altominho.tv","Tempo estimado de leitura":"2 minutos"},"schema":{"@context":"https:\/\/schema.org","@graph":[{"@type":"Article","@id":"https:\/\/www.altominho.tv\/site\/2022\/02\/03\/camara-municipal-apoia-com-60-mil-euros-os-bombeiros-voluntarios\/#article","isPartOf":{"@id":"https:\/\/www.altominho.tv\/site\/2022\/02\/03\/camara-municipal-apoia-com-60-mil-euros-os-bombeiros-voluntarios\/"},"author":{"name":"Altominho.tv","@id":"https:\/\/www.altominho.tv\/site\/#\/schema\/person\/4e536851627d7914baf3dac752b6af22"},"headline":"C\u00e2mara Municipal apoia com 60 mil euros os Bombeiros Volunt\u00e1rios","datePublished":"2022-02-03T12:45:18+00:00","dateModified":"2022-02-15T14:42:39+00:00","mainEntityOfPage":{"@id":"https:\/\/www.altominho.tv\/site\/2022\/02\/03\/camara-municipal-apoia-com-60-mil-euros-os-bombeiros-voluntarios\/"},"wordCount":316,"image":{"@id":"https:\/\/www.altominho.tv\/site\/2022\/02\/03\/camara-municipal-apoia-com-60-mil-euros-os-bombeiros-voluntarios\/#primaryimage"},"thumbnailUrl":"https:\/\/www.altominho.tv\/site\/wp-content\/uploads\/2022\/02\/Bombeiros_Arcos_-scaled.jpg","keywords":["Sociedade"],"articleSection":["Arcos de Valdevez"],"inLanguage":"pt-PT","copyrightYear":"2022","copyrightHolder":{"@id":"https:\/\/www.altominho.tv\/site\/#organization"}},{"@type":"WebPage","@id":"https:\/\/www.altominho.tv\/site\/2022\/02\/03\/camara-municipal-apoia-com-60-mil-euros-os-bombeiros-voluntarios\/","url":"https:\/\/www.altominho.tv\/site\/2022\/02\/03\/camara-municipal-apoia-com-60-mil-euros-os-bombeiros-voluntarios\/","name":"C\u00e2mara Municipal apoia com 60 mil euros os Bombeiros Volunt\u00e1rios","isPartOf":{"@id":"https:\/\/www.altominho.tv\/site\/#website"},"primaryImageOfPage":{"@id":"https:\/\/www.altominho.tv\/site\/2022\/02\/03\/camara-municipal-apoia-com-60-mil-euros-os-bombeiros-voluntarios\/#primaryimage"},"image":{"@id":"https:\/\/www.altominho.tv\/site\/2022\/02\/03\/camara-municipal-apoia-com-60-mil-euros-os-bombeiros-voluntarios\/#primaryimage"},"thumbnailUrl":"https:\/\/www.altominho.tv\/site\/wp-content\/uploads\/2022\/02\/Bombeiros_Arcos_-scaled.jpg","datePublished":"2022-02-03T12:45:18+00:00","dateModified":"2022-02-15T14:42:39+00:00","author":{"@id":"https:\/\/www.altominho.tv\/site\/#\/schema\/person\/4e536851627d7914baf3dac752b6af22"},"description":"A C\u00e2mara Municipal aprovou a renova\u00e7\u00e3o do protocolo a celebrar com a Associa\u00e7\u00e3o Humanit\u00e1ria dos Bombeiros Volunt\u00e1rios de Arcos de Valdevez no valor de 60.000,00 euros.","breadcrumb":{"@id":"https:\/\/www.altominho.tv\/site\/2022\/02\/03\/camara-municipal-apoia-com-60-mil-euros-os-bombeiros-voluntarios\/#breadcrumb"},"inLanguage":"pt-PT","potentialAction":[{"@type":"ReadAction","target":["https:\/\/www.altominho.tv\/site\/2022\/02\/03\/camara-municipal-apoia-com-60-mil-euros-os-bombeiros-voluntarios\/"]}]},{"@type":"ImageObject","inLanguage":"pt-PT","@id":"https:\/\/www.altominho.tv\/site\/2022\/02\/03\/camara-municipal-apoia-com-60-mil-euros-os-bombeiros-voluntarios\/#primaryimage","url":"https:\/\/www.altominho.tv\/site\/wp-content\/uploads\/2022\/02\/Bombeiros_Arcos_-scaled.jpg","contentUrl":"https:\/\/www.altominho.tv\/site\/wp-content\/uploads\/2022\/02\/Bombeiros_Arcos_-scaled.jpg","width":2560,"height":1440},{"@type":"BreadcrumbList","@id":"https:\/\/www.altominho.tv\/site\/2022\/02\/03\/camara-municipal-apoia-com-60-mil-euros-os-bombeiros-voluntarios\/#breadcrumb","itemListElement":[{"@type":"ListItem","position":1,"name":"In\u00edcio","item":"https:\/\/www.altominho.tv\/site\/"},{"@type":"ListItem","position":2,"name":"C\u00e2mara Municipal apoia com 60 mil euros os Bombeiros Volunt\u00e1rios"}]},{"@type":"WebSite","@id":"https:\/\/www.altominho.tv\/site\/#website","url":"https:\/\/www.altominho.tv\/site\/","name":"Altominho.tv","description":"A sua regi\u00e3o \u00e0 dist\u00e2ncia de um clique...","potentialAction":[{"@type":"SearchAction","target":{"@type":"EntryPoint","urlTemplate":"https:\/\/www.altominho.tv\/site\/?s={search_term_string}"},"query-input":{"@type":"PropertyValueSpecification","valueRequired":true,"valueName":"search_term_string"}}],"inLanguage":"pt-PT"},{"@type":"Person","@id":"https:\/\/www.altominho.tv\/site\/#\/schema\/person\/4e536851627d7914baf3dac752b6af22","name":"Altominho.tv","image":{"@type":"ImageObject","inLanguage":"pt-PT","@id":"https:\/\/www.altominho.tv\/site\/wp-content\/uploads\/2019\/11\/Logo_Avatar_2-150x150.jpg","url":"https:\/\/www.altominho.tv\/site\/wp-content\/uploads\/2019\/11\/Logo_Avatar_2-150x150.jpg","contentUrl":"https:\/\/www.altominho.tv\/site\/wp-content\/uploads\/2019\/11\/Logo_Avatar_2-150x150.jpg","caption":"Altominho.tv"},"url":"https:\/\/www.altominho.tv\/site\/author\/altominhotv-tecnico\/"}]}},"_links":{"self":[{"href":"https:\/\/www.altominho.tv\/site\/wp-json\/wp\/v2\/posts\/75941","targetHints":{"allow":["GET"]}}],"collection":[{"href":"https:\/\/www.altominho.tv\/site\/wp-json\/wp\/v2\/posts"}],"about":[{"href":"https:\/\/www.altominho.tv\/site\/wp-json\/wp\/v2\/types\/post"}],"author":[{"embeddable":true,"href":"https:\/\/www.altominho.tv\/site\/wp-json\/wp\/v2\/users\/1"}],"replies":[{"embeddable":true,"href":"https:\/\/www.altominho.tv\/site\/wp-json\/wp\/v2\/comments?post=75941"}],"version-history":[{"count":0,"href":"https:\/\/www.altominho.tv\/site\/wp-json\/wp\/v2\/posts\/75941\/revisions"}],"wp:featuredmedia":[{"embeddable":true,"href":"https:\/\/www.altominho.tv\/site\/wp-json\/wp\/v2\/media\/75942"}],"wp:attachment":[{"href":"https:\/\/www.altominho.tv\/site\/wp-json\/wp\/v2\/media?parent=75941"}],"wp:term":[{"taxonomy":"category","embeddable":true,"href":"https:\/\/www.altominho.tv\/site\/wp-json\/wp\/v2\/categories?post=75941"},{"taxonomy":"post_tag","embeddable":true,"href":"https:\/\/www.altominho.tv\/site\/wp-json\/wp\/v2\/tags?post=75941"}],"curies":[{"name":"wp","href":"https:\/\/api.w.org\/{rel}","templated":true}]}}