{"id":75911,"date":"2022-02-03T10:08:40","date_gmt":"2022-02-03T10:08:40","guid":{"rendered":"https:\/\/www.altominho.tv\/site\/?p=75911"},"modified":"2022-02-15T15:11:35","modified_gmt":"2022-02-15T15:11:35","slug":"hidrogenio-vetor-energetico-do-futuro","status":"publish","type":"post","link":"https:\/\/www.altominho.tv\/site\/2022\/02\/03\/hidrogenio-vetor-energetico-do-futuro\/","title":{"rendered":"\u201cHidrog\u00e9nio: vetor energ\u00e9tico do futuro&#8221; \u00e9 tema de confer\u00eancia no dia 12"},"content":{"rendered":"<p>As Oficinas de Criatividade Himalaya, em Arcos de Valdevez, v\u00e3o acolher, no dia 12, \u00e0s 10h00, a palestra intitulada Hidrog\u00e9nio: o vetor energ\u00e9tico do futuro\u201d.<\/p>\n<p>Segundo aquela autarquia do distrito de Viana do Castelo a palestra ser\u00e1 proferida pela investigadora no Departamento de Engenharia Qu\u00edmica da Universidade do Porto, Daniela Falc\u00e3o, natural do concelho.<\/p>\n<p>A iniciativa pretende permitir um melhor conhecimento sobre \u201cuma mol\u00e9cula t\u00e3o pequena, mas com tanto potencial, bem como as tecnologias associadas e suas aplica\u00e7\u00f5es\u201d.<\/p>\n<p>A entrada \u00e9 gratuita, mas obriga a inscri\u00e7\u00e3o pr\u00e9via, sendo que a participa\u00e7\u00e3o dos interessados est\u00e1 condicionada \u00e0&nbsp;lota\u00e7\u00e3o existente.<\/p>\n","protected":false},"excerpt":{"rendered":"<p>As Oficinas de Criatividade Himalaya, em Arcos de Valdevez, v\u00e3o acolher, no dia 12, \u00e0s 10h00, a palestra intitulada Hidrog\u00e9nio: o vetor energ\u00e9tico do futuro\u201d. Segundo aquela autarquia do distrito de Viana do Castelo a palestra ser\u00e1 proferida pela investigadora no Departamento de Engenharia Qu\u00edmica da Universidade do Porto, Daniela Falc\u00e3o, natural do concelho. A [&hellip;]<\/p>\n","protected":false},"author":13,"featured_media":75912,"comment_status":"closed","ping_status":"closed","sticky":false,"template":"","format":"standard","meta":{"_exactmetrics_skip_tracking":false,"_exactmetrics_sitenote_active":false,"_exactmetrics_sitenote_note":"","_exactmetrics_sitenote_category":0,"footnotes":""},"categories":[2],"tags":[19],"class_list":["post-75911","post","type-post","status-publish","format-standard","has-post-thumbnail","hentry","category-arcos-de-valdevez","tag-cultura"],"yoast_head":"<!-- This site is optimized with the Yoast SEO Premium plugin v27.4 (Yoast SEO v27.4) - https:\/\/yoast.com\/product\/yoast-seo-premium-wordpress\/ -->\n<title>\u201cHidrog\u00e9nio: vetor energ\u00e9tico do futuro&quot; \u00e9 tema de confer\u00eancia no dia 12<\/title>\n<meta name=\"description\" content=\"A iniciativa pretende permitir um melhor conhecimento sobre \u201cuma mol\u00e9cula t\u00e3o pequena, mas com tanto potencial\u201d.\" \/>\n<meta name=\"robots\" content=\"index, follow, max-snippet:-1, max-image-preview:large, max-video-preview:-1\" \/>\n<link rel=\"canonical\" href=\"https:\/\/www.altominho.tv\/site\/2022\/02\/03\/hidrogenio-vetor-energetico-do-futuro\/\" \/>\n<meta property=\"og:locale\" content=\"pt_PT\" \/>\n<meta property=\"og:type\" content=\"article\" \/>\n<meta property=\"og:title\" content=\"\u201cHidrog\u00e9nio: vetor energ\u00e9tico do futuro&quot; \u00e9 tema de confer\u00eancia no dia 12\" \/>\n<meta property=\"og:description\" content=\"A iniciativa pretende permitir um melhor conhecimento sobre \u201cuma mol\u00e9cula t\u00e3o pequena, mas com tanto potencial\u201d.\" \/>\n<meta property=\"og:url\" content=\"https:\/\/www.altominho.tv\/site\/2022\/02\/03\/hidrogenio-vetor-energetico-do-futuro\/\" \/>\n<meta property=\"og:site_name\" content=\"Altominho.tv\" \/>\n<meta property=\"article:publisher\" content=\"https:\/\/www.facebook.com\/altominhotv\" \/>\n<meta property=\"article:published_time\" content=\"2022-02-03T10:08:40+00:00\" \/>\n<meta property=\"article:modified_time\" content=\"2022-02-15T15:11:35+00:00\" \/>\n<meta property=\"og:image\" content=\"https:\/\/www.altominho.tv\/site\/wp-content\/uploads\/2022\/02\/Hidrogenio-o-vetor-energetico-do-futuro.jpg\" \/>\n\t<meta property=\"og:image:width\" content=\"1640\" \/>\n\t<meta property=\"og:image:height\" content=\"924\" \/>\n\t<meta property=\"og:image:type\" content=\"image\/jpeg\" \/>\n<meta name=\"author\" content=\"Lusa\" \/>\n<meta name=\"twitter:card\" content=\"summary_large_image\" \/>\n<meta name=\"twitter:creator\" content=\"@altominhoTV\" \/>\n<meta name=\"twitter:site\" content=\"@altominhoTV\" \/>\n<meta name=\"twitter:label1\" content=\"Escrito por\" \/>\n\t<meta name=\"twitter:data1\" content=\"Lusa\" \/>\n\t<meta name=\"twitter:label2\" content=\"Tempo estimado de leitura\" \/>\n\t<meta name=\"twitter:data2\" content=\"1 minuto\" \/>\n<script type=\"application\/ld+json\" class=\"yoast-schema-graph\">{\"@context\":\"https:\\\/\\\/schema.org\",\"@graph\":[{\"@type\":\"Article\",\"@id\":\"https:\\\/\\\/www.altominho.tv\\\/site\\\/2022\\\/02\\\/03\\\/hidrogenio-vetor-energetico-do-futuro\\\/#article\",\"isPartOf\":{\"@id\":\"https:\\\/\\\/www.altominho.tv\\\/site\\\/2022\\\/02\\\/03\\\/hidrogenio-vetor-energetico-do-futuro\\\/\"},\"author\":{\"name\":\"Lusa\",\"@id\":\"https:\\\/\\\/www.altominho.tv\\\/site\\\/#\\\/schema\\\/person\\\/63f693da3e1899361cbe955c46f3232e\"},\"headline\":\"\u201cHidrog\u00e9nio: vetor energ\u00e9tico do futuro&#8221; \u00e9 tema de confer\u00eancia no dia 12\",\"datePublished\":\"2022-02-03T10:08:40+00:00\",\"dateModified\":\"2022-02-15T15:11:35+00:00\",\"mainEntityOfPage\":{\"@id\":\"https:\\\/\\\/www.altominho.tv\\\/site\\\/2022\\\/02\\\/03\\\/hidrogenio-vetor-energetico-do-futuro\\\/\"},\"wordCount\":121,\"image\":{\"@id\":\"https:\\\/\\\/www.altominho.tv\\\/site\\\/2022\\\/02\\\/03\\\/hidrogenio-vetor-energetico-do-futuro\\\/#primaryimage\"},\"thumbnailUrl\":\"https:\\\/\\\/www.altominho.tv\\\/site\\\/wp-content\\\/uploads\\\/2022\\\/02\\\/Hidrogenio-o-vetor-energetico-do-futuro.jpg\",\"keywords\":[\"Cultura\"],\"articleSection\":[\"Arcos de Valdevez\"],\"inLanguage\":\"pt-PT\",\"copyrightYear\":\"2022\",\"copyrightHolder\":{\"@id\":\"https:\\\/\\\/www.altominho.tv\\\/site\\\/#organization\"}},{\"@type\":\"WebPage\",\"@id\":\"https:\\\/\\\/www.altominho.tv\\\/site\\\/2022\\\/02\\\/03\\\/hidrogenio-vetor-energetico-do-futuro\\\/\",\"url\":\"https:\\\/\\\/www.altominho.tv\\\/site\\\/2022\\\/02\\\/03\\\/hidrogenio-vetor-energetico-do-futuro\\\/\",\"name\":\"\u201cHidrog\u00e9nio: vetor energ\u00e9tico do futuro\\\" \u00e9 tema de confer\u00eancia no dia 12\",\"isPartOf\":{\"@id\":\"https:\\\/\\\/www.altominho.tv\\\/site\\\/#website\"},\"primaryImageOfPage\":{\"@id\":\"https:\\\/\\\/www.altominho.tv\\\/site\\\/2022\\\/02\\\/03\\\/hidrogenio-vetor-energetico-do-futuro\\\/#primaryimage\"},\"image\":{\"@id\":\"https:\\\/\\\/www.altominho.tv\\\/site\\\/2022\\\/02\\\/03\\\/hidrogenio-vetor-energetico-do-futuro\\\/#primaryimage\"},\"thumbnailUrl\":\"https:\\\/\\\/www.altominho.tv\\\/site\\\/wp-content\\\/uploads\\\/2022\\\/02\\\/Hidrogenio-o-vetor-energetico-do-futuro.jpg\",\"datePublished\":\"2022-02-03T10:08:40+00:00\",\"dateModified\":\"2022-02-15T15:11:35+00:00\",\"author\":{\"@id\":\"https:\\\/\\\/www.altominho.tv\\\/site\\\/#\\\/schema\\\/person\\\/63f693da3e1899361cbe955c46f3232e\"},\"description\":\"A iniciativa pretende permitir um melhor conhecimento sobre \u201cuma mol\u00e9cula t\u00e3o pequena, mas com tanto potencial\u201d.\",\"breadcrumb\":{\"@id\":\"https:\\\/\\\/www.altominho.tv\\\/site\\\/2022\\\/02\\\/03\\\/hidrogenio-vetor-energetico-do-futuro\\\/#breadcrumb\"},\"inLanguage\":\"pt-PT\",\"potentialAction\":[{\"@type\":\"ReadAction\",\"target\":[\"https:\\\/\\\/www.altominho.tv\\\/site\\\/2022\\\/02\\\/03\\\/hidrogenio-vetor-energetico-do-futuro\\\/\"]}]},{\"@type\":\"ImageObject\",\"inLanguage\":\"pt-PT\",\"@id\":\"https:\\\/\\\/www.altominho.tv\\\/site\\\/2022\\\/02\\\/03\\\/hidrogenio-vetor-energetico-do-futuro\\\/#primaryimage\",\"url\":\"https:\\\/\\\/www.altominho.tv\\\/site\\\/wp-content\\\/uploads\\\/2022\\\/02\\\/Hidrogenio-o-vetor-energetico-do-futuro.jpg\",\"contentUrl\":\"https:\\\/\\\/www.altominho.tv\\\/site\\\/wp-content\\\/uploads\\\/2022\\\/02\\\/Hidrogenio-o-vetor-energetico-do-futuro.jpg\",\"width\":1640,\"height\":924},{\"@type\":\"BreadcrumbList\",\"@id\":\"https:\\\/\\\/www.altominho.tv\\\/site\\\/2022\\\/02\\\/03\\\/hidrogenio-vetor-energetico-do-futuro\\\/#breadcrumb\",\"itemListElement\":[{\"@type\":\"ListItem\",\"position\":1,\"name\":\"In\u00edcio\",\"item\":\"https:\\\/\\\/www.altominho.tv\\\/site\\\/\"},{\"@type\":\"ListItem\",\"position\":2,\"name\":\"\u201cHidrog\u00e9nio: vetor energ\u00e9tico do futuro&#8221; \u00e9 tema de confer\u00eancia no dia 12\"}]},{\"@type\":\"WebSite\",\"@id\":\"https:\\\/\\\/www.altominho.tv\\\/site\\\/#website\",\"url\":\"https:\\\/\\\/www.altominho.tv\\\/site\\\/\",\"name\":\"Altominho.tv\",\"description\":\"A sua regi\u00e3o \u00e0 dist\u00e2ncia de um clique...\",\"potentialAction\":[{\"@type\":\"SearchAction\",\"target\":{\"@type\":\"EntryPoint\",\"urlTemplate\":\"https:\\\/\\\/www.altominho.tv\\\/site\\\/?s={search_term_string}\"},\"query-input\":{\"@type\":\"PropertyValueSpecification\",\"valueRequired\":true,\"valueName\":\"search_term_string\"}}],\"inLanguage\":\"pt-PT\"},{\"@type\":\"Person\",\"@id\":\"https:\\\/\\\/www.altominho.tv\\\/site\\\/#\\\/schema\\\/person\\\/63f693da3e1899361cbe955c46f3232e\",\"name\":\"Lusa\",\"image\":{\"@type\":\"ImageObject\",\"inLanguage\":\"pt-PT\",\"@id\":\"https:\\\/\\\/www.altominho.tv\\\/site\\\/wp-content\\\/uploads\\\/2019\\\/08\\\/LUSA_Logo.gif\",\"url\":\"https:\\\/\\\/www.altominho.tv\\\/site\\\/wp-content\\\/uploads\\\/2019\\\/08\\\/LUSA_Logo.gif\",\"contentUrl\":\"https:\\\/\\\/www.altominho.tv\\\/site\\\/wp-content\\\/uploads\\\/2019\\\/08\\\/LUSA_Logo.gif\",\"caption\":\"Lusa\"},\"sameAs\":[\"http:\\\/\\\/\\\/\\\/www.altominho.tv\\\/site\"],\"url\":\"https:\\\/\\\/www.altominho.tv\\\/site\\\/author\\\/lusa\\\/\"}]}<\/script>\n<!-- \/ Yoast SEO Premium plugin. -->","yoast_head_json":{"title":"\u201cHidrog\u00e9nio: vetor energ\u00e9tico do futuro\" \u00e9 tema de confer\u00eancia no dia 12","description":"A iniciativa pretende permitir um melhor conhecimento sobre \u201cuma mol\u00e9cula t\u00e3o pequena, mas com tanto potencial\u201d.","robots":{"index":"index","follow":"follow","max-snippet":"max-snippet:-1","max-image-preview":"max-image-preview:large","max-video-preview":"max-video-preview:-1"},"canonical":"https:\/\/www.altominho.tv\/site\/2022\/02\/03\/hidrogenio-vetor-energetico-do-futuro\/","og_locale":"pt_PT","og_type":"article","og_title":"\u201cHidrog\u00e9nio: vetor energ\u00e9tico do futuro\" \u00e9 tema de confer\u00eancia no dia 12","og_description":"A iniciativa pretende permitir um melhor conhecimento sobre \u201cuma mol\u00e9cula t\u00e3o pequena, mas com tanto potencial\u201d.","og_url":"https:\/\/www.altominho.tv\/site\/2022\/02\/03\/hidrogenio-vetor-energetico-do-futuro\/","og_site_name":"Altominho.tv","article_publisher":"https:\/\/www.facebook.com\/altominhotv","article_published_time":"2022-02-03T10:08:40+00:00","article_modified_time":"2022-02-15T15:11:35+00:00","og_image":[{"width":1640,"height":924,"url":"https:\/\/www.altominho.tv\/site\/wp-content\/uploads\/2022\/02\/Hidrogenio-o-vetor-energetico-do-futuro.jpg","type":"image\/jpeg"}],"author":"Lusa","twitter_card":"summary_large_image","twitter_creator":"@altominhoTV","twitter_site":"@altominhoTV","twitter_misc":{"Escrito por":"Lusa","Tempo estimado de leitura":"1 minuto"},"schema":{"@context":"https:\/\/schema.org","@graph":[{"@type":"Article","@id":"https:\/\/www.altominho.tv\/site\/2022\/02\/03\/hidrogenio-vetor-energetico-do-futuro\/#article","isPartOf":{"@id":"https:\/\/www.altominho.tv\/site\/2022\/02\/03\/hidrogenio-vetor-energetico-do-futuro\/"},"author":{"name":"Lusa","@id":"https:\/\/www.altominho.tv\/site\/#\/schema\/person\/63f693da3e1899361cbe955c46f3232e"},"headline":"\u201cHidrog\u00e9nio: vetor energ\u00e9tico do futuro&#8221; \u00e9 tema de confer\u00eancia no dia 12","datePublished":"2022-02-03T10:08:40+00:00","dateModified":"2022-02-15T15:11:35+00:00","mainEntityOfPage":{"@id":"https:\/\/www.altominho.tv\/site\/2022\/02\/03\/hidrogenio-vetor-energetico-do-futuro\/"},"wordCount":121,"image":{"@id":"https:\/\/www.altominho.tv\/site\/2022\/02\/03\/hidrogenio-vetor-energetico-do-futuro\/#primaryimage"},"thumbnailUrl":"https:\/\/www.altominho.tv\/site\/wp-content\/uploads\/2022\/02\/Hidrogenio-o-vetor-energetico-do-futuro.jpg","keywords":["Cultura"],"articleSection":["Arcos de Valdevez"],"inLanguage":"pt-PT","copyrightYear":"2022","copyrightHolder":{"@id":"https:\/\/www.altominho.tv\/site\/#organization"}},{"@type":"WebPage","@id":"https:\/\/www.altominho.tv\/site\/2022\/02\/03\/hidrogenio-vetor-energetico-do-futuro\/","url":"https:\/\/www.altominho.tv\/site\/2022\/02\/03\/hidrogenio-vetor-energetico-do-futuro\/","name":"\u201cHidrog\u00e9nio: vetor energ\u00e9tico do futuro\" \u00e9 tema de confer\u00eancia no dia 12","isPartOf":{"@id":"https:\/\/www.altominho.tv\/site\/#website"},"primaryImageOfPage":{"@id":"https:\/\/www.altominho.tv\/site\/2022\/02\/03\/hidrogenio-vetor-energetico-do-futuro\/#primaryimage"},"image":{"@id":"https:\/\/www.altominho.tv\/site\/2022\/02\/03\/hidrogenio-vetor-energetico-do-futuro\/#primaryimage"},"thumbnailUrl":"https:\/\/www.altominho.tv\/site\/wp-content\/uploads\/2022\/02\/Hidrogenio-o-vetor-energetico-do-futuro.jpg","datePublished":"2022-02-03T10:08:40+00:00","dateModified":"2022-02-15T15:11:35+00:00","author":{"@id":"https:\/\/www.altominho.tv\/site\/#\/schema\/person\/63f693da3e1899361cbe955c46f3232e"},"description":"A iniciativa pretende permitir um melhor conhecimento sobre \u201cuma mol\u00e9cula t\u00e3o pequena, mas com tanto potencial\u201d.","breadcrumb":{"@id":"https:\/\/www.altominho.tv\/site\/2022\/02\/03\/hidrogenio-vetor-energetico-do-futuro\/#breadcrumb"},"inLanguage":"pt-PT","potentialAction":[{"@type":"ReadAction","target":["https:\/\/www.altominho.tv\/site\/2022\/02\/03\/hidrogenio-vetor-energetico-do-futuro\/"]}]},{"@type":"ImageObject","inLanguage":"pt-PT","@id":"https:\/\/www.altominho.tv\/site\/2022\/02\/03\/hidrogenio-vetor-energetico-do-futuro\/#primaryimage","url":"https:\/\/www.altominho.tv\/site\/wp-content\/uploads\/2022\/02\/Hidrogenio-o-vetor-energetico-do-futuro.jpg","contentUrl":"https:\/\/www.altominho.tv\/site\/wp-content\/uploads\/2022\/02\/Hidrogenio-o-vetor-energetico-do-futuro.jpg","width":1640,"height":924},{"@type":"BreadcrumbList","@id":"https:\/\/www.altominho.tv\/site\/2022\/02\/03\/hidrogenio-vetor-energetico-do-futuro\/#breadcrumb","itemListElement":[{"@type":"ListItem","position":1,"name":"In\u00edcio","item":"https:\/\/www.altominho.tv\/site\/"},{"@type":"ListItem","position":2,"name":"\u201cHidrog\u00e9nio: vetor energ\u00e9tico do futuro&#8221; \u00e9 tema de confer\u00eancia no dia 12"}]},{"@type":"WebSite","@id":"https:\/\/www.altominho.tv\/site\/#website","url":"https:\/\/www.altominho.tv\/site\/","name":"Altominho.tv","description":"A sua regi\u00e3o \u00e0 dist\u00e2ncia de um clique...","potentialAction":[{"@type":"SearchAction","target":{"@type":"EntryPoint","urlTemplate":"https:\/\/www.altominho.tv\/site\/?s={search_term_string}"},"query-input":{"@type":"PropertyValueSpecification","valueRequired":true,"valueName":"search_term_string"}}],"inLanguage":"pt-PT"},{"@type":"Person","@id":"https:\/\/www.altominho.tv\/site\/#\/schema\/person\/63f693da3e1899361cbe955c46f3232e","name":"Lusa","image":{"@type":"ImageObject","inLanguage":"pt-PT","@id":"https:\/\/www.altominho.tv\/site\/wp-content\/uploads\/2019\/08\/LUSA_Logo.gif","url":"https:\/\/www.altominho.tv\/site\/wp-content\/uploads\/2019\/08\/LUSA_Logo.gif","contentUrl":"https:\/\/www.altominho.tv\/site\/wp-content\/uploads\/2019\/08\/LUSA_Logo.gif","caption":"Lusa"},"sameAs":["http:\/\/\/\/www.altominho.tv\/site"],"url":"https:\/\/www.altominho.tv\/site\/author\/lusa\/"}]}},"_links":{"self":[{"href":"https:\/\/www.altominho.tv\/site\/wp-json\/wp\/v2\/posts\/75911","targetHints":{"allow":["GET"]}}],"collection":[{"href":"https:\/\/www.altominho.tv\/site\/wp-json\/wp\/v2\/posts"}],"about":[{"href":"https:\/\/www.altominho.tv\/site\/wp-json\/wp\/v2\/types\/post"}],"author":[{"embeddable":true,"href":"https:\/\/www.altominho.tv\/site\/wp-json\/wp\/v2\/users\/13"}],"replies":[{"embeddable":true,"href":"https:\/\/www.altominho.tv\/site\/wp-json\/wp\/v2\/comments?post=75911"}],"version-history":[{"count":0,"href":"https:\/\/www.altominho.tv\/site\/wp-json\/wp\/v2\/posts\/75911\/revisions"}],"wp:featuredmedia":[{"embeddable":true,"href":"https:\/\/www.altominho.tv\/site\/wp-json\/wp\/v2\/media\/75912"}],"wp:attachment":[{"href":"https:\/\/www.altominho.tv\/site\/wp-json\/wp\/v2\/media?parent=75911"}],"wp:term":[{"taxonomy":"category","embeddable":true,"href":"https:\/\/www.altominho.tv\/site\/wp-json\/wp\/v2\/categories?post=75911"},{"taxonomy":"post_tag","embeddable":true,"href":"https:\/\/www.altominho.tv\/site\/wp-json\/wp\/v2\/tags?post=75911"}],"curies":[{"name":"wp","href":"https:\/\/api.w.org\/{rel}","templated":true}]}}