{"id":75817,"date":"2022-02-02T10:06:43","date_gmt":"2022-02-02T10:06:43","guid":{"rendered":"https:\/\/www.altominho.tv\/site\/?p=75817"},"modified":"2022-02-02T11:03:44","modified_gmt":"2022-02-02T11:03:44","slug":"certificacao-caminho-portugues-da-costa","status":"publish","type":"post","link":"https:\/\/www.altominho.tv\/site\/2022\/02\/02\/certificacao-caminho-portugues-da-costa\/","title":{"rendered":"J\u00e1 foi certificado o Caminho Portugu\u00eas da Costa para Santiago Compostela"},"content":{"rendered":"<p>O Caminho Portugu\u00eas da Costa para Santiago de Compostela, na Galiza, que liga as cidades do Porto e Valen\u00e7a, foi certificado atrav\u00e9s de uma portaria assinada pelas secret\u00e1rias de Estado do Turismo, Rita Marques, e Adjunta e do Patrim\u00f3nio Cultural, \u00c2ngela Ferreira.<\/p>\n<p>Com uma extens\u00e3o de 138 quil\u00f3metros, o Caminho Portugu\u00eas de Santiago \u2013 Caminho da Costa atravessa os munic\u00edpios do Porto, Matosinhos, Maia, Vila do Conde, P\u00f3voa do Varzim, Esposende, Viana do Castelo, Caminha, Vila Nova de Cerveira e Valen\u00e7a.<\/p>\n<p>O Caminho da Costa, que parte do Porto e atravessa o Minho at\u00e9 Espanha, \u00e9 o terceiro a ser certificado, depois do Caminho Interior, que liga Viseu a Chaves, com sa\u00edda para Espanha por Vilarelho da Raia, e o Caminho Central Portugu\u00eas, que sai da S\u00e9 de Lisboa e passa por Tomar, Coimbra at\u00e9 entrar no Porto e seguir depois para a regi\u00e3o Norte.<\/p>\n<p>Os Caminhos de Santiago s\u00e3o percorridos por milh\u00f5es de peregrinos desde o in\u00edcio do s\u00e9culo IX, quando foi descoberto o sepulcro do ap\u00f3stolo Santiago Maior em Santiago de Compostela, capital da Galiza, em Espanha.<\/p>\n<p>A certifica\u00e7\u00e3o do Caminho da Costa deve-se, justificou o Governo, ao \u201celevado valor patrimonial dos tra\u00e7ados hist\u00f3ricos do Porto e de Viana do Castelo\u201d, \u00e0 \u201cautenticidade e integridade do itiner\u00e1rio, densidade do patrim\u00f3nio edificado e beleza paisag\u00edstica da envolvente\u201d.<\/p>\n<p>\u201cO pedido de certifica\u00e7\u00e3o tem a concord\u00e2ncia dos munic\u00edpios atravessados e apresenta condi\u00e7\u00f5es de seguran\u00e7a, transitabilidade, equipamentos de apoio e informa\u00e7\u00e3o\u201d, refere um comunicado conjunto das duas secretarias de Estado, divulgado esta quarta-feira.<\/p>\n<p>Na nota, a secret\u00e1ria de Estado do Turismo, Rita Marques, defendeu \u201ca import\u00e2ncia da estrutura\u00e7\u00e3o de novos produtos tur\u00edsticos para que a procura por turistas nacionais e internacionais possa decorrer ao longo de todo o ano e, em todo o territ\u00f3rio, tendo, para tal, este novo itiner\u00e1rio do Caminho da Costa um contributo relevante\u201d.<\/p>\n<p>A secret\u00e1ria de Estado Adjunta e do Patrim\u00f3nio Cultural, \u00c2ngela Ferreira, sublinhou que \u201co Caminho de Santiago \u00e9 um s\u00edmbolo \u00fanico do patrim\u00f3nio cultural europeu e a sua certifica\u00e7\u00e3o do Caminho da Costa vem refor\u00e7ar o trabalho continuado do Governo para a valoriza\u00e7\u00e3o deste nosso patrim\u00f3nio comum\u201d.<\/p>\n<p>\u201cEsta iniciativa demonstra tamb\u00e9m a import\u00e2ncia da articula\u00e7\u00e3o entre as diversas entidades com responsabilidade ou interesse na promo\u00e7\u00e3o do Caminho de Santiago, essencial para permitir o desenvolvimento social e econ\u00f3mico das regi\u00f5es que integram estes itiner\u00e1rios\u201d, referiu \u00c2ngela Ferreira.<\/p>\n<p>O processo de certifica\u00e7\u00e3o dos itiner\u00e1rios que constituem os Caminhos de Santiago em territ\u00f3rio nacional foi iniciado em 2019, com o objetivo de \u201csalvaguardar, valorizar e promover\u201d aquela rota milenar.<\/p>\n<p>Foi constitu\u00edda uma comiss\u00e3o de certifica\u00e7\u00e3o, composta por quatro membros, com compet\u00eancias t\u00e9cnicas na \u00e1rea da cultura ou do turismo, respons\u00e1vel pela an\u00e1lise das candidaturas e, um conselho consultivo, onde est\u00e3o representadas as \u00e1reas da administra\u00e7\u00e3o p\u00fablica central e regional com relev\u00e2ncia neste processo, al\u00e9m de representantes da igreja cat\u00f3lica e das associa\u00e7\u00f5es de peregrinos.<\/p>\n","protected":false},"excerpt":{"rendered":"<p>O Caminho Portugu\u00eas da Costa para Santiago de Compostela, na Galiza, que liga as cidades do Porto e Valen\u00e7a, foi certificado atrav\u00e9s de uma portaria assinada pelas secret\u00e1rias de Estado do Turismo, Rita Marques, e Adjunta e do Patrim\u00f3nio Cultural, \u00c2ngela Ferreira. Com uma extens\u00e3o de 138 quil\u00f3metros, o Caminho Portugu\u00eas de Santiago \u2013 Caminho [&hellip;]<\/p>\n","protected":false},"author":15,"featured_media":75821,"comment_status":"closed","ping_status":"closed","sticky":false,"template":"","format":"standard","meta":{"_exactmetrics_skip_tracking":false,"footnotes":""},"categories":[73],"tags":[27],"class_list":["post-75817","post","type-post","status-publish","format-standard","has-post-thumbnail","hentry","category-alto-minho","tag-sociedade"],"yoast_head":"<!-- This site is optimized with the Yoast SEO Premium plugin v28.3 (Yoast SEO v28.3) - https:\/\/yoast.com\/product\/yoast-seo-premium-wordpress\/ -->\n<title>J\u00e1 foi certificado o Caminho Portugu\u00eas da Costa para Santiago Compostela<\/title>\n<meta name=\"description\" content=\"O Governo certificou o Caminho Portugu\u00eas da Costa para Santiago de Compostela. S\u00e3o 138 quil\u00f3metros atrav\u00e9s de 10 munic\u00edpios.\" \/>\n<meta name=\"robots\" content=\"index, follow, max-snippet:-1, max-image-preview:large, max-video-preview:-1\" \/>\n<link rel=\"canonical\" href=\"https:\/\/www.altominho.tv\/site\/2022\/02\/02\/certificacao-caminho-portugues-da-costa\/\" \/>\n<meta property=\"og:locale\" content=\"pt_PT\" \/>\n<meta property=\"og:type\" content=\"article\" \/>\n<meta property=\"og:title\" content=\"J\u00e1 foi certificado o Caminho Portugu\u00eas da Costa para Santiago Compostela\" \/>\n<meta property=\"og:description\" content=\"O Governo certificou o Caminho Portugu\u00eas da Costa para Santiago de Compostela. S\u00e3o 138 quil\u00f3metros atrav\u00e9s de 10 munic\u00edpios.\" \/>\n<meta property=\"og:url\" content=\"https:\/\/www.altominho.tv\/site\/2022\/02\/02\/certificacao-caminho-portugues-da-costa\/\" \/>\n<meta property=\"og:site_name\" content=\"Altominho.tv\" \/>\n<meta property=\"article:publisher\" content=\"https:\/\/www.facebook.com\/altominhotv\" \/>\n<meta property=\"article:published_time\" content=\"2022-02-02T10:06:43+00:00\" \/>\n<meta property=\"article:modified_time\" content=\"2022-02-02T11:03:44+00:00\" \/>\n<meta property=\"og:image\" content=\"https:\/\/www.altominho.tv\/site\/wp-content\/uploads\/2022\/02\/Caminho-Portugues-da-Costa.jpg\" \/>\n\t<meta property=\"og:image:width\" content=\"1653\" \/>\n\t<meta property=\"og:image:height\" content=\"930\" \/>\n\t<meta property=\"og:image:type\" content=\"image\/jpeg\" \/>\n<meta name=\"author\" content=\"Andreia Ferreira | Lusa\" \/>\n<meta name=\"twitter:card\" content=\"summary_large_image\" \/>\n<meta name=\"twitter:creator\" content=\"@altominhoTV\" \/>\n<meta name=\"twitter:site\" content=\"@altominhoTV\" \/>\n<meta name=\"twitter:label1\" content=\"Escrito por\" \/>\n\t<meta name=\"twitter:data1\" content=\"Andreia Ferreira | Lusa\" \/>\n\t<meta name=\"twitter:label2\" content=\"Tempo estimado de leitura\" \/>\n\t<meta name=\"twitter:data2\" content=\"3 minutos\" \/>\n<script type=\"application\/ld+json\" class=\"yoast-schema-graph\">{\"@context\":\"https:\\\/\\\/schema.org\",\"@graph\":[{\"@type\":\"Article\",\"@id\":\"https:\\\/\\\/www.altominho.tv\\\/site\\\/2022\\\/02\\\/02\\\/certificacao-caminho-portugues-da-costa\\\/#article\",\"isPartOf\":{\"@id\":\"https:\\\/\\\/www.altominho.tv\\\/site\\\/2022\\\/02\\\/02\\\/certificacao-caminho-portugues-da-costa\\\/\"},\"author\":{\"name\":\"Andreia Ferreira | Lusa\",\"@id\":\"https:\\\/\\\/www.altominho.tv\\\/site\\\/#\\\/schema\\\/person\\\/a0bff6dc1041aadd46fa81887444b017\"},\"headline\":\"J\u00e1 foi certificado o Caminho Portugu\u00eas da Costa para Santiago Compostela\",\"datePublished\":\"2022-02-02T10:06:43+00:00\",\"dateModified\":\"2022-02-02T11:03:44+00:00\",\"mainEntityOfPage\":{\"@id\":\"https:\\\/\\\/www.altominho.tv\\\/site\\\/2022\\\/02\\\/02\\\/certificacao-caminho-portugues-da-costa\\\/\"},\"wordCount\":551,\"image\":{\"@id\":\"https:\\\/\\\/www.altominho.tv\\\/site\\\/2022\\\/02\\\/02\\\/certificacao-caminho-portugues-da-costa\\\/#primaryimage\"},\"thumbnailUrl\":\"https:\\\/\\\/www.altominho.tv\\\/site\\\/wp-content\\\/uploads\\\/2022\\\/02\\\/Caminho-Portugues-da-Costa.jpg\",\"keywords\":[\"Sociedade\"],\"articleSection\":[\"Alto Minho\"],\"inLanguage\":\"pt-PT\",\"copyrightYear\":\"2022\",\"copyrightHolder\":{\"@id\":\"https:\\\/\\\/www.altominho.tv\\\/site\\\/#organization\"}},{\"@type\":\"WebPage\",\"@id\":\"https:\\\/\\\/www.altominho.tv\\\/site\\\/2022\\\/02\\\/02\\\/certificacao-caminho-portugues-da-costa\\\/\",\"url\":\"https:\\\/\\\/www.altominho.tv\\\/site\\\/2022\\\/02\\\/02\\\/certificacao-caminho-portugues-da-costa\\\/\",\"name\":\"J\u00e1 foi certificado o Caminho Portugu\u00eas da Costa para Santiago Compostela\",\"isPartOf\":{\"@id\":\"https:\\\/\\\/www.altominho.tv\\\/site\\\/#website\"},\"primaryImageOfPage\":{\"@id\":\"https:\\\/\\\/www.altominho.tv\\\/site\\\/2022\\\/02\\\/02\\\/certificacao-caminho-portugues-da-costa\\\/#primaryimage\"},\"image\":{\"@id\":\"https:\\\/\\\/www.altominho.tv\\\/site\\\/2022\\\/02\\\/02\\\/certificacao-caminho-portugues-da-costa\\\/#primaryimage\"},\"thumbnailUrl\":\"https:\\\/\\\/www.altominho.tv\\\/site\\\/wp-content\\\/uploads\\\/2022\\\/02\\\/Caminho-Portugues-da-Costa.jpg\",\"datePublished\":\"2022-02-02T10:06:43+00:00\",\"dateModified\":\"2022-02-02T11:03:44+00:00\",\"author\":{\"@id\":\"https:\\\/\\\/www.altominho.tv\\\/site\\\/#\\\/schema\\\/person\\\/a0bff6dc1041aadd46fa81887444b017\"},\"description\":\"O Governo certificou o Caminho Portugu\u00eas da Costa para Santiago de Compostela. S\u00e3o 138 quil\u00f3metros atrav\u00e9s de 10 munic\u00edpios.\",\"breadcrumb\":{\"@id\":\"https:\\\/\\\/www.altominho.tv\\\/site\\\/2022\\\/02\\\/02\\\/certificacao-caminho-portugues-da-costa\\\/#breadcrumb\"},\"inLanguage\":\"pt-PT\",\"potentialAction\":[{\"@type\":\"ReadAction\",\"target\":[\"https:\\\/\\\/www.altominho.tv\\\/site\\\/2022\\\/02\\\/02\\\/certificacao-caminho-portugues-da-costa\\\/\"]}]},{\"@type\":\"ImageObject\",\"inLanguage\":\"pt-PT\",\"@id\":\"https:\\\/\\\/www.altominho.tv\\\/site\\\/2022\\\/02\\\/02\\\/certificacao-caminho-portugues-da-costa\\\/#primaryimage\",\"url\":\"https:\\\/\\\/www.altominho.tv\\\/site\\\/wp-content\\\/uploads\\\/2022\\\/02\\\/Caminho-Portugues-da-Costa.jpg\",\"contentUrl\":\"https:\\\/\\\/www.altominho.tv\\\/site\\\/wp-content\\\/uploads\\\/2022\\\/02\\\/Caminho-Portugues-da-Costa.jpg\",\"width\":1653,\"height\":930,\"caption\":\"FACEBOOK CAMINHO PORTUGU\u00caS DA COSTA\"},{\"@type\":\"BreadcrumbList\",\"@id\":\"https:\\\/\\\/www.altominho.tv\\\/site\\\/2022\\\/02\\\/02\\\/certificacao-caminho-portugues-da-costa\\\/#breadcrumb\",\"itemListElement\":[{\"@type\":\"ListItem\",\"position\":1,\"name\":\"In\u00edcio\",\"item\":\"https:\\\/\\\/www.altominho.tv\\\/site\\\/\"},{\"@type\":\"ListItem\",\"position\":2,\"name\":\"J\u00e1 foi certificado o Caminho Portugu\u00eas da Costa para Santiago Compostela\"}]},{\"@type\":\"WebSite\",\"@id\":\"https:\\\/\\\/www.altominho.tv\\\/site\\\/#website\",\"url\":\"https:\\\/\\\/www.altominho.tv\\\/site\\\/\",\"name\":\"Altominho.tv\",\"description\":\"A sua regi\u00e3o \u00e0 dist\u00e2ncia de um clique...\",\"potentialAction\":[{\"@type\":\"SearchAction\",\"target\":{\"@type\":\"EntryPoint\",\"urlTemplate\":\"https:\\\/\\\/www.altominho.tv\\\/site\\\/?s={search_term_string}\"},\"query-input\":{\"@type\":\"PropertyValueSpecification\",\"valueRequired\":true,\"valueName\":\"search_term_string\"}}],\"inLanguage\":\"pt-PT\"},{\"@type\":\"Person\",\"@id\":\"https:\\\/\\\/www.altominho.tv\\\/site\\\/#\\\/schema\\\/person\\\/a0bff6dc1041aadd46fa81887444b017\",\"name\":\"Andreia Ferreira | Lusa\",\"image\":{\"@type\":\"ImageObject\",\"inLanguage\":\"pt-PT\",\"@id\":\"https:\\\/\\\/www.altominho.tv\\\/site\\\/wp-content\\\/uploads\\\/2018\\\/04\\\/Andreia-150x150.jpg\",\"url\":\"https:\\\/\\\/www.altominho.tv\\\/site\\\/wp-content\\\/uploads\\\/2018\\\/04\\\/Andreia-150x150.jpg\",\"contentUrl\":\"https:\\\/\\\/www.altominho.tv\\\/site\\\/wp-content\\\/uploads\\\/2018\\\/04\\\/Andreia-150x150.jpg\",\"caption\":\"Andreia Ferreira | Lusa\"},\"sameAs\":[\"https:\\\/\\\/www.altominho.tv\\\/site\"],\"url\":\"https:\\\/\\\/www.altominho.tv\\\/site\\\/author\\\/andreiaferreiralusa\\\/\"}]}<\/script>\n<!-- \/ Yoast SEO Premium plugin. -->","yoast_head_json":{"title":"J\u00e1 foi certificado o Caminho Portugu\u00eas da Costa para Santiago Compostela","description":"O Governo certificou o Caminho Portugu\u00eas da Costa para Santiago de Compostela. S\u00e3o 138 quil\u00f3metros atrav\u00e9s de 10 munic\u00edpios.","robots":{"index":"index","follow":"follow","max-snippet":"max-snippet:-1","max-image-preview":"max-image-preview:large","max-video-preview":"max-video-preview:-1"},"canonical":"https:\/\/www.altominho.tv\/site\/2022\/02\/02\/certificacao-caminho-portugues-da-costa\/","og_locale":"pt_PT","og_type":"article","og_title":"J\u00e1 foi certificado o Caminho Portugu\u00eas da Costa para Santiago Compostela","og_description":"O Governo certificou o Caminho Portugu\u00eas da Costa para Santiago de Compostela. S\u00e3o 138 quil\u00f3metros atrav\u00e9s de 10 munic\u00edpios.","og_url":"https:\/\/www.altominho.tv\/site\/2022\/02\/02\/certificacao-caminho-portugues-da-costa\/","og_site_name":"Altominho.tv","article_publisher":"https:\/\/www.facebook.com\/altominhotv","article_published_time":"2022-02-02T10:06:43+00:00","article_modified_time":"2022-02-02T11:03:44+00:00","og_image":[{"width":1653,"height":930,"url":"https:\/\/www.altominho.tv\/site\/wp-content\/uploads\/2022\/02\/Caminho-Portugues-da-Costa.jpg","type":"image\/jpeg"}],"author":"Andreia Ferreira | Lusa","twitter_card":"summary_large_image","twitter_creator":"@altominhoTV","twitter_site":"@altominhoTV","twitter_misc":{"Escrito por":"Andreia Ferreira | Lusa","Tempo estimado de leitura":"3 minutos"},"schema":{"@context":"https:\/\/schema.org","@graph":[{"@type":"Article","@id":"https:\/\/www.altominho.tv\/site\/2022\/02\/02\/certificacao-caminho-portugues-da-costa\/#article","isPartOf":{"@id":"https:\/\/www.altominho.tv\/site\/2022\/02\/02\/certificacao-caminho-portugues-da-costa\/"},"author":{"name":"Andreia Ferreira | Lusa","@id":"https:\/\/www.altominho.tv\/site\/#\/schema\/person\/a0bff6dc1041aadd46fa81887444b017"},"headline":"J\u00e1 foi certificado o Caminho Portugu\u00eas da Costa para Santiago Compostela","datePublished":"2022-02-02T10:06:43+00:00","dateModified":"2022-02-02T11:03:44+00:00","mainEntityOfPage":{"@id":"https:\/\/www.altominho.tv\/site\/2022\/02\/02\/certificacao-caminho-portugues-da-costa\/"},"wordCount":551,"image":{"@id":"https:\/\/www.altominho.tv\/site\/2022\/02\/02\/certificacao-caminho-portugues-da-costa\/#primaryimage"},"thumbnailUrl":"https:\/\/www.altominho.tv\/site\/wp-content\/uploads\/2022\/02\/Caminho-Portugues-da-Costa.jpg","keywords":["Sociedade"],"articleSection":["Alto Minho"],"inLanguage":"pt-PT","copyrightYear":"2022","copyrightHolder":{"@id":"https:\/\/www.altominho.tv\/site\/#organization"}},{"@type":"WebPage","@id":"https:\/\/www.altominho.tv\/site\/2022\/02\/02\/certificacao-caminho-portugues-da-costa\/","url":"https:\/\/www.altominho.tv\/site\/2022\/02\/02\/certificacao-caminho-portugues-da-costa\/","name":"J\u00e1 foi certificado o Caminho Portugu\u00eas da Costa para Santiago Compostela","isPartOf":{"@id":"https:\/\/www.altominho.tv\/site\/#website"},"primaryImageOfPage":{"@id":"https:\/\/www.altominho.tv\/site\/2022\/02\/02\/certificacao-caminho-portugues-da-costa\/#primaryimage"},"image":{"@id":"https:\/\/www.altominho.tv\/site\/2022\/02\/02\/certificacao-caminho-portugues-da-costa\/#primaryimage"},"thumbnailUrl":"https:\/\/www.altominho.tv\/site\/wp-content\/uploads\/2022\/02\/Caminho-Portugues-da-Costa.jpg","datePublished":"2022-02-02T10:06:43+00:00","dateModified":"2022-02-02T11:03:44+00:00","author":{"@id":"https:\/\/www.altominho.tv\/site\/#\/schema\/person\/a0bff6dc1041aadd46fa81887444b017"},"description":"O Governo certificou o Caminho Portugu\u00eas da Costa para Santiago de Compostela. S\u00e3o 138 quil\u00f3metros atrav\u00e9s de 10 munic\u00edpios.","breadcrumb":{"@id":"https:\/\/www.altominho.tv\/site\/2022\/02\/02\/certificacao-caminho-portugues-da-costa\/#breadcrumb"},"inLanguage":"pt-PT","potentialAction":[{"@type":"ReadAction","target":["https:\/\/www.altominho.tv\/site\/2022\/02\/02\/certificacao-caminho-portugues-da-costa\/"]}]},{"@type":"ImageObject","inLanguage":"pt-PT","@id":"https:\/\/www.altominho.tv\/site\/2022\/02\/02\/certificacao-caminho-portugues-da-costa\/#primaryimage","url":"https:\/\/www.altominho.tv\/site\/wp-content\/uploads\/2022\/02\/Caminho-Portugues-da-Costa.jpg","contentUrl":"https:\/\/www.altominho.tv\/site\/wp-content\/uploads\/2022\/02\/Caminho-Portugues-da-Costa.jpg","width":1653,"height":930,"caption":"FACEBOOK CAMINHO PORTUGU\u00caS DA COSTA"},{"@type":"BreadcrumbList","@id":"https:\/\/www.altominho.tv\/site\/2022\/02\/02\/certificacao-caminho-portugues-da-costa\/#breadcrumb","itemListElement":[{"@type":"ListItem","position":1,"name":"In\u00edcio","item":"https:\/\/www.altominho.tv\/site\/"},{"@type":"ListItem","position":2,"name":"J\u00e1 foi certificado o Caminho Portugu\u00eas da Costa para Santiago Compostela"}]},{"@type":"WebSite","@id":"https:\/\/www.altominho.tv\/site\/#website","url":"https:\/\/www.altominho.tv\/site\/","name":"Altominho.tv","description":"A sua regi\u00e3o \u00e0 dist\u00e2ncia de um clique...","potentialAction":[{"@type":"SearchAction","target":{"@type":"EntryPoint","urlTemplate":"https:\/\/www.altominho.tv\/site\/?s={search_term_string}"},"query-input":{"@type":"PropertyValueSpecification","valueRequired":true,"valueName":"search_term_string"}}],"inLanguage":"pt-PT"},{"@type":"Person","@id":"https:\/\/www.altominho.tv\/site\/#\/schema\/person\/a0bff6dc1041aadd46fa81887444b017","name":"Andreia Ferreira | Lusa","image":{"@type":"ImageObject","inLanguage":"pt-PT","@id":"https:\/\/www.altominho.tv\/site\/wp-content\/uploads\/2018\/04\/Andreia-150x150.jpg","url":"https:\/\/www.altominho.tv\/site\/wp-content\/uploads\/2018\/04\/Andreia-150x150.jpg","contentUrl":"https:\/\/www.altominho.tv\/site\/wp-content\/uploads\/2018\/04\/Andreia-150x150.jpg","caption":"Andreia Ferreira | Lusa"},"sameAs":["https:\/\/www.altominho.tv\/site"],"url":"https:\/\/www.altominho.tv\/site\/author\/andreiaferreiralusa\/"}]}},"_links":{"self":[{"href":"https:\/\/www.altominho.tv\/site\/wp-json\/wp\/v2\/posts\/75817","targetHints":{"allow":["GET"]}}],"collection":[{"href":"https:\/\/www.altominho.tv\/site\/wp-json\/wp\/v2\/posts"}],"about":[{"href":"https:\/\/www.altominho.tv\/site\/wp-json\/wp\/v2\/types\/post"}],"author":[{"embeddable":true,"href":"https:\/\/www.altominho.tv\/site\/wp-json\/wp\/v2\/users\/15"}],"replies":[{"embeddable":true,"href":"https:\/\/www.altominho.tv\/site\/wp-json\/wp\/v2\/comments?post=75817"}],"version-history":[{"count":0,"href":"https:\/\/www.altominho.tv\/site\/wp-json\/wp\/v2\/posts\/75817\/revisions"}],"wp:featuredmedia":[{"embeddable":true,"href":"https:\/\/www.altominho.tv\/site\/wp-json\/wp\/v2\/media\/75821"}],"wp:attachment":[{"href":"https:\/\/www.altominho.tv\/site\/wp-json\/wp\/v2\/media?parent=75817"}],"wp:term":[{"taxonomy":"category","embeddable":true,"href":"https:\/\/www.altominho.tv\/site\/wp-json\/wp\/v2\/categories?post=75817"},{"taxonomy":"post_tag","embeddable":true,"href":"https:\/\/www.altominho.tv\/site\/wp-json\/wp\/v2\/tags?post=75817"}],"curies":[{"name":"wp","href":"https:\/\/api.w.org\/{rel}","templated":true}]}}