{"id":75804,"date":"2022-02-01T16:19:34","date_gmt":"2022-02-01T16:19:34","guid":{"rendered":"https:\/\/www.altominho.tv\/site\/?p=75804"},"modified":"2022-02-15T15:49:21","modified_gmt":"2022-02-15T15:49:21","slug":"costa-testa-positivo-sem-sintomas-e-vai-cumprir-isolamento-de-sete-dias","status":"publish","type":"post","link":"https:\/\/www.altominho.tv\/site\/2022\/02\/01\/costa-testa-positivo-sem-sintomas-e-vai-cumprir-isolamento-de-sete-dias\/","title":{"rendered":"Costa testa positivo sem sintomas e vai cumprir isolamento de sete dias"},"content":{"rendered":"\n<p>O primeiro-ministro, Ant\u00f3nio Costa, testou hoje positivo ao SARS-CoV-2 num autoteste e depois num teste de antig\u00e9nio, est\u00e1 sem sintomas e vai cumprir sete dias de isolamento.<\/p>\n\n\n\n<p>De acordo com uma nota do gabinete do primeiro-ministro, Costa efetuou um autoteste de rotina, que deu positivo. O resultado foi depois confirmado com um teste antig\u00e9nio. &nbsp;<\/p>\n\n\n\n<p>O primeiro-ministro est\u00e1 sem sintomas e vai agora cumprir um per\u00edodo de isolamento de sete dias. &nbsp;<\/p>\n\n\n\n<p>Esta \u00e9 a primeira vez que o primeiro-ministro est\u00e1 infetado, mas j\u00e1 esteve em isolamento duas vezes devido a contactos de risco.<\/p>\n\n\n\n<p>A primeira no per\u00edodo do Natal de 2020, depois do Presidente franc\u00eas, Emmanuel Macron, testar positivo. E depois em junho de 2021, ap\u00f3s contacto com um ministro infetado.<\/p>\n\n\n\n<p>A nota acrescenta ainda que Costa j\u00e1 deu conhecimento do seu estado ao Presidente da Rep\u00fablica.<\/p>\n\n\n\n<p>Na quarta-feira, Costa deveria encontrar-se com Marcelo Rebelo de Sousa, que est\u00e1 a receber os oito partidos que conseguiram representa\u00e7\u00e3o parlamentar nas legislativas de domingo, tendo em vista a indigita\u00e7\u00e3o do primeiro-ministro.<\/p>\n","protected":false},"excerpt":{"rendered":"<p>O primeiro-ministro, Ant\u00f3nio Costa, testou hoje positivo ao SARS-CoV-2 num autoteste e depois num teste de antig\u00e9nio, est\u00e1 sem sintomas e vai cumprir sete dias de isolamento. De acordo com uma nota do gabinete do primeiro-ministro, Costa efetuou um autoteste de rotina, que deu positivo. O resultado foi depois confirmado com um teste antig\u00e9nio. &nbsp; [&hellip;]<\/p>\n","protected":false},"author":13,"featured_media":75805,"comment_status":"closed","ping_status":"closed","sticky":false,"template":"","format":"standard","meta":{"_exactmetrics_skip_tracking":false,"_exactmetrics_sitenote_active":false,"_exactmetrics_sitenote_note":"","_exactmetrics_sitenote_category":0,"footnotes":""},"categories":[56325],"tags":[26,27],"class_list":["post-75804","post","type-post","status-publish","format-standard","has-post-thumbnail","hentry","category-pais","tag-saude","tag-sociedade"],"yoast_head":"<!-- This site is optimized with the Yoast SEO Premium plugin v27.4 (Yoast SEO v27.4) - https:\/\/yoast.com\/product\/yoast-seo-premium-wordpress\/ -->\n<title>Costa testa positivo sem sintomas e vai cumprir isolamento de sete dias<\/title>\n<meta name=\"description\" content=\"O primeiro-ministro, Ant\u00f3nio Costa, testou hoje positivo ao SARS-CoV-2 num autoteste e depois num teste de antig\u00e9nio.\" \/>\n<meta name=\"robots\" content=\"index, follow, max-snippet:-1, max-image-preview:large, max-video-preview:-1\" \/>\n<link rel=\"canonical\" href=\"https:\/\/www.altominho.tv\/site\/2022\/02\/01\/costa-testa-positivo-sem-sintomas-e-vai-cumprir-isolamento-de-sete-dias\/\" \/>\n<meta property=\"og:locale\" content=\"pt_PT\" \/>\n<meta property=\"og:type\" content=\"article\" \/>\n<meta property=\"og:title\" content=\"Costa testa positivo sem sintomas e vai cumprir isolamento de sete dias\" \/>\n<meta property=\"og:description\" content=\"O primeiro-ministro, Ant\u00f3nio Costa, testou hoje positivo ao SARS-CoV-2 num autoteste e depois num teste de antig\u00e9nio.\" \/>\n<meta property=\"og:url\" content=\"https:\/\/www.altominho.tv\/site\/2022\/02\/01\/costa-testa-positivo-sem-sintomas-e-vai-cumprir-isolamento-de-sete-dias\/\" \/>\n<meta property=\"og:site_name\" content=\"Altominho.tv\" \/>\n<meta property=\"article:publisher\" content=\"https:\/\/www.facebook.com\/altominhotv\" \/>\n<meta property=\"article:published_time\" content=\"2022-02-01T16:19:34+00:00\" \/>\n<meta property=\"article:modified_time\" content=\"2022-02-15T15:49:21+00:00\" \/>\n<meta property=\"og:image\" content=\"https:\/\/www.altominho.tv\/site\/wp-content\/uploads\/2022\/02\/Anto\u0301niocosta.jpg\" \/>\n\t<meta property=\"og:image:width\" content=\"1500\" \/>\n\t<meta property=\"og:image:height\" content=\"900\" \/>\n\t<meta property=\"og:image:type\" content=\"image\/jpeg\" \/>\n<meta name=\"author\" content=\"Lusa\" \/>\n<meta name=\"twitter:card\" content=\"summary_large_image\" \/>\n<meta name=\"twitter:creator\" content=\"@altominhoTV\" \/>\n<meta name=\"twitter:site\" content=\"@altominhoTV\" \/>\n<meta name=\"twitter:label1\" content=\"Escrito por\" \/>\n\t<meta name=\"twitter:data1\" content=\"Lusa\" \/>\n\t<meta name=\"twitter:label2\" content=\"Tempo estimado de leitura\" \/>\n\t<meta name=\"twitter:data2\" content=\"1 minuto\" \/>\n<script type=\"application\/ld+json\" class=\"yoast-schema-graph\">{\"@context\":\"https:\\\/\\\/schema.org\",\"@graph\":[{\"@type\":\"Article\",\"@id\":\"https:\\\/\\\/www.altominho.tv\\\/site\\\/2022\\\/02\\\/01\\\/costa-testa-positivo-sem-sintomas-e-vai-cumprir-isolamento-de-sete-dias\\\/#article\",\"isPartOf\":{\"@id\":\"https:\\\/\\\/www.altominho.tv\\\/site\\\/2022\\\/02\\\/01\\\/costa-testa-positivo-sem-sintomas-e-vai-cumprir-isolamento-de-sete-dias\\\/\"},\"author\":{\"name\":\"Lusa\",\"@id\":\"https:\\\/\\\/www.altominho.tv\\\/site\\\/#\\\/schema\\\/person\\\/63f693da3e1899361cbe955c46f3232e\"},\"headline\":\"Costa testa positivo sem sintomas e vai cumprir isolamento de sete dias\",\"datePublished\":\"2022-02-01T16:19:34+00:00\",\"dateModified\":\"2022-02-15T15:49:21+00:00\",\"mainEntityOfPage\":{\"@id\":\"https:\\\/\\\/www.altominho.tv\\\/site\\\/2022\\\/02\\\/01\\\/costa-testa-positivo-sem-sintomas-e-vai-cumprir-isolamento-de-sete-dias\\\/\"},\"wordCount\":189,\"image\":{\"@id\":\"https:\\\/\\\/www.altominho.tv\\\/site\\\/2022\\\/02\\\/01\\\/costa-testa-positivo-sem-sintomas-e-vai-cumprir-isolamento-de-sete-dias\\\/#primaryimage\"},\"thumbnailUrl\":\"https:\\\/\\\/www.altominho.tv\\\/site\\\/wp-content\\\/uploads\\\/2022\\\/02\\\/Anto\u0301niocosta.jpg\",\"keywords\":[\"Sa\u00fade\",\"Sociedade\"],\"articleSection\":[\"Pa\u00eds\"],\"inLanguage\":\"pt-PT\",\"copyrightYear\":\"2022\",\"copyrightHolder\":{\"@id\":\"https:\\\/\\\/www.altominho.tv\\\/site\\\/#organization\"}},{\"@type\":\"WebPage\",\"@id\":\"https:\\\/\\\/www.altominho.tv\\\/site\\\/2022\\\/02\\\/01\\\/costa-testa-positivo-sem-sintomas-e-vai-cumprir-isolamento-de-sete-dias\\\/\",\"url\":\"https:\\\/\\\/www.altominho.tv\\\/site\\\/2022\\\/02\\\/01\\\/costa-testa-positivo-sem-sintomas-e-vai-cumprir-isolamento-de-sete-dias\\\/\",\"name\":\"Costa testa positivo sem sintomas e vai cumprir isolamento de sete dias\",\"isPartOf\":{\"@id\":\"https:\\\/\\\/www.altominho.tv\\\/site\\\/#website\"},\"primaryImageOfPage\":{\"@id\":\"https:\\\/\\\/www.altominho.tv\\\/site\\\/2022\\\/02\\\/01\\\/costa-testa-positivo-sem-sintomas-e-vai-cumprir-isolamento-de-sete-dias\\\/#primaryimage\"},\"image\":{\"@id\":\"https:\\\/\\\/www.altominho.tv\\\/site\\\/2022\\\/02\\\/01\\\/costa-testa-positivo-sem-sintomas-e-vai-cumprir-isolamento-de-sete-dias\\\/#primaryimage\"},\"thumbnailUrl\":\"https:\\\/\\\/www.altominho.tv\\\/site\\\/wp-content\\\/uploads\\\/2022\\\/02\\\/Anto\u0301niocosta.jpg\",\"datePublished\":\"2022-02-01T16:19:34+00:00\",\"dateModified\":\"2022-02-15T15:49:21+00:00\",\"author\":{\"@id\":\"https:\\\/\\\/www.altominho.tv\\\/site\\\/#\\\/schema\\\/person\\\/63f693da3e1899361cbe955c46f3232e\"},\"description\":\"O primeiro-ministro, Ant\u00f3nio Costa, testou hoje positivo ao SARS-CoV-2 num autoteste e depois num teste de antig\u00e9nio.\",\"breadcrumb\":{\"@id\":\"https:\\\/\\\/www.altominho.tv\\\/site\\\/2022\\\/02\\\/01\\\/costa-testa-positivo-sem-sintomas-e-vai-cumprir-isolamento-de-sete-dias\\\/#breadcrumb\"},\"inLanguage\":\"pt-PT\",\"potentialAction\":[{\"@type\":\"ReadAction\",\"target\":[\"https:\\\/\\\/www.altominho.tv\\\/site\\\/2022\\\/02\\\/01\\\/costa-testa-positivo-sem-sintomas-e-vai-cumprir-isolamento-de-sete-dias\\\/\"]}]},{\"@type\":\"ImageObject\",\"inLanguage\":\"pt-PT\",\"@id\":\"https:\\\/\\\/www.altominho.tv\\\/site\\\/2022\\\/02\\\/01\\\/costa-testa-positivo-sem-sintomas-e-vai-cumprir-isolamento-de-sete-dias\\\/#primaryimage\",\"url\":\"https:\\\/\\\/www.altominho.tv\\\/site\\\/wp-content\\\/uploads\\\/2022\\\/02\\\/Anto\u0301niocosta.jpg\",\"contentUrl\":\"https:\\\/\\\/www.altominho.tv\\\/site\\\/wp-content\\\/uploads\\\/2022\\\/02\\\/Anto\u0301niocosta.jpg\",\"width\":1500,\"height\":900},{\"@type\":\"BreadcrumbList\",\"@id\":\"https:\\\/\\\/www.altominho.tv\\\/site\\\/2022\\\/02\\\/01\\\/costa-testa-positivo-sem-sintomas-e-vai-cumprir-isolamento-de-sete-dias\\\/#breadcrumb\",\"itemListElement\":[{\"@type\":\"ListItem\",\"position\":1,\"name\":\"In\u00edcio\",\"item\":\"https:\\\/\\\/www.altominho.tv\\\/site\\\/\"},{\"@type\":\"ListItem\",\"position\":2,\"name\":\"Costa testa positivo sem sintomas e vai cumprir isolamento de sete dias\"}]},{\"@type\":\"WebSite\",\"@id\":\"https:\\\/\\\/www.altominho.tv\\\/site\\\/#website\",\"url\":\"https:\\\/\\\/www.altominho.tv\\\/site\\\/\",\"name\":\"Altominho.tv\",\"description\":\"A sua regi\u00e3o \u00e0 dist\u00e2ncia de um clique...\",\"potentialAction\":[{\"@type\":\"SearchAction\",\"target\":{\"@type\":\"EntryPoint\",\"urlTemplate\":\"https:\\\/\\\/www.altominho.tv\\\/site\\\/?s={search_term_string}\"},\"query-input\":{\"@type\":\"PropertyValueSpecification\",\"valueRequired\":true,\"valueName\":\"search_term_string\"}}],\"inLanguage\":\"pt-PT\"},{\"@type\":\"Person\",\"@id\":\"https:\\\/\\\/www.altominho.tv\\\/site\\\/#\\\/schema\\\/person\\\/63f693da3e1899361cbe955c46f3232e\",\"name\":\"Lusa\",\"image\":{\"@type\":\"ImageObject\",\"inLanguage\":\"pt-PT\",\"@id\":\"https:\\\/\\\/www.altominho.tv\\\/site\\\/wp-content\\\/uploads\\\/2019\\\/08\\\/LUSA_Logo.gif\",\"url\":\"https:\\\/\\\/www.altominho.tv\\\/site\\\/wp-content\\\/uploads\\\/2019\\\/08\\\/LUSA_Logo.gif\",\"contentUrl\":\"https:\\\/\\\/www.altominho.tv\\\/site\\\/wp-content\\\/uploads\\\/2019\\\/08\\\/LUSA_Logo.gif\",\"caption\":\"Lusa\"},\"sameAs\":[\"http:\\\/\\\/\\\/\\\/www.altominho.tv\\\/site\"],\"url\":\"https:\\\/\\\/www.altominho.tv\\\/site\\\/author\\\/lusa\\\/\"}]}<\/script>\n<!-- \/ Yoast SEO Premium plugin. -->","yoast_head_json":{"title":"Costa testa positivo sem sintomas e vai cumprir isolamento de sete dias","description":"O primeiro-ministro, Ant\u00f3nio Costa, testou hoje positivo ao SARS-CoV-2 num autoteste e depois num teste de antig\u00e9nio.","robots":{"index":"index","follow":"follow","max-snippet":"max-snippet:-1","max-image-preview":"max-image-preview:large","max-video-preview":"max-video-preview:-1"},"canonical":"https:\/\/www.altominho.tv\/site\/2022\/02\/01\/costa-testa-positivo-sem-sintomas-e-vai-cumprir-isolamento-de-sete-dias\/","og_locale":"pt_PT","og_type":"article","og_title":"Costa testa positivo sem sintomas e vai cumprir isolamento de sete dias","og_description":"O primeiro-ministro, Ant\u00f3nio Costa, testou hoje positivo ao SARS-CoV-2 num autoteste e depois num teste de antig\u00e9nio.","og_url":"https:\/\/www.altominho.tv\/site\/2022\/02\/01\/costa-testa-positivo-sem-sintomas-e-vai-cumprir-isolamento-de-sete-dias\/","og_site_name":"Altominho.tv","article_publisher":"https:\/\/www.facebook.com\/altominhotv","article_published_time":"2022-02-01T16:19:34+00:00","article_modified_time":"2022-02-15T15:49:21+00:00","og_image":[{"width":1500,"height":900,"url":"https:\/\/www.altominho.tv\/site\/wp-content\/uploads\/2022\/02\/Anto\u0301niocosta.jpg","type":"image\/jpeg"}],"author":"Lusa","twitter_card":"summary_large_image","twitter_creator":"@altominhoTV","twitter_site":"@altominhoTV","twitter_misc":{"Escrito por":"Lusa","Tempo estimado de leitura":"1 minuto"},"schema":{"@context":"https:\/\/schema.org","@graph":[{"@type":"Article","@id":"https:\/\/www.altominho.tv\/site\/2022\/02\/01\/costa-testa-positivo-sem-sintomas-e-vai-cumprir-isolamento-de-sete-dias\/#article","isPartOf":{"@id":"https:\/\/www.altominho.tv\/site\/2022\/02\/01\/costa-testa-positivo-sem-sintomas-e-vai-cumprir-isolamento-de-sete-dias\/"},"author":{"name":"Lusa","@id":"https:\/\/www.altominho.tv\/site\/#\/schema\/person\/63f693da3e1899361cbe955c46f3232e"},"headline":"Costa testa positivo sem sintomas e vai cumprir isolamento de sete dias","datePublished":"2022-02-01T16:19:34+00:00","dateModified":"2022-02-15T15:49:21+00:00","mainEntityOfPage":{"@id":"https:\/\/www.altominho.tv\/site\/2022\/02\/01\/costa-testa-positivo-sem-sintomas-e-vai-cumprir-isolamento-de-sete-dias\/"},"wordCount":189,"image":{"@id":"https:\/\/www.altominho.tv\/site\/2022\/02\/01\/costa-testa-positivo-sem-sintomas-e-vai-cumprir-isolamento-de-sete-dias\/#primaryimage"},"thumbnailUrl":"https:\/\/www.altominho.tv\/site\/wp-content\/uploads\/2022\/02\/Anto\u0301niocosta.jpg","keywords":["Sa\u00fade","Sociedade"],"articleSection":["Pa\u00eds"],"inLanguage":"pt-PT","copyrightYear":"2022","copyrightHolder":{"@id":"https:\/\/www.altominho.tv\/site\/#organization"}},{"@type":"WebPage","@id":"https:\/\/www.altominho.tv\/site\/2022\/02\/01\/costa-testa-positivo-sem-sintomas-e-vai-cumprir-isolamento-de-sete-dias\/","url":"https:\/\/www.altominho.tv\/site\/2022\/02\/01\/costa-testa-positivo-sem-sintomas-e-vai-cumprir-isolamento-de-sete-dias\/","name":"Costa testa positivo sem sintomas e vai cumprir isolamento de sete dias","isPartOf":{"@id":"https:\/\/www.altominho.tv\/site\/#website"},"primaryImageOfPage":{"@id":"https:\/\/www.altominho.tv\/site\/2022\/02\/01\/costa-testa-positivo-sem-sintomas-e-vai-cumprir-isolamento-de-sete-dias\/#primaryimage"},"image":{"@id":"https:\/\/www.altominho.tv\/site\/2022\/02\/01\/costa-testa-positivo-sem-sintomas-e-vai-cumprir-isolamento-de-sete-dias\/#primaryimage"},"thumbnailUrl":"https:\/\/www.altominho.tv\/site\/wp-content\/uploads\/2022\/02\/Anto\u0301niocosta.jpg","datePublished":"2022-02-01T16:19:34+00:00","dateModified":"2022-02-15T15:49:21+00:00","author":{"@id":"https:\/\/www.altominho.tv\/site\/#\/schema\/person\/63f693da3e1899361cbe955c46f3232e"},"description":"O primeiro-ministro, Ant\u00f3nio Costa, testou hoje positivo ao SARS-CoV-2 num autoteste e depois num teste de antig\u00e9nio.","breadcrumb":{"@id":"https:\/\/www.altominho.tv\/site\/2022\/02\/01\/costa-testa-positivo-sem-sintomas-e-vai-cumprir-isolamento-de-sete-dias\/#breadcrumb"},"inLanguage":"pt-PT","potentialAction":[{"@type":"ReadAction","target":["https:\/\/www.altominho.tv\/site\/2022\/02\/01\/costa-testa-positivo-sem-sintomas-e-vai-cumprir-isolamento-de-sete-dias\/"]}]},{"@type":"ImageObject","inLanguage":"pt-PT","@id":"https:\/\/www.altominho.tv\/site\/2022\/02\/01\/costa-testa-positivo-sem-sintomas-e-vai-cumprir-isolamento-de-sete-dias\/#primaryimage","url":"https:\/\/www.altominho.tv\/site\/wp-content\/uploads\/2022\/02\/Anto\u0301niocosta.jpg","contentUrl":"https:\/\/www.altominho.tv\/site\/wp-content\/uploads\/2022\/02\/Anto\u0301niocosta.jpg","width":1500,"height":900},{"@type":"BreadcrumbList","@id":"https:\/\/www.altominho.tv\/site\/2022\/02\/01\/costa-testa-positivo-sem-sintomas-e-vai-cumprir-isolamento-de-sete-dias\/#breadcrumb","itemListElement":[{"@type":"ListItem","position":1,"name":"In\u00edcio","item":"https:\/\/www.altominho.tv\/site\/"},{"@type":"ListItem","position":2,"name":"Costa testa positivo sem sintomas e vai cumprir isolamento de sete dias"}]},{"@type":"WebSite","@id":"https:\/\/www.altominho.tv\/site\/#website","url":"https:\/\/www.altominho.tv\/site\/","name":"Altominho.tv","description":"A sua regi\u00e3o \u00e0 dist\u00e2ncia de um clique...","potentialAction":[{"@type":"SearchAction","target":{"@type":"EntryPoint","urlTemplate":"https:\/\/www.altominho.tv\/site\/?s={search_term_string}"},"query-input":{"@type":"PropertyValueSpecification","valueRequired":true,"valueName":"search_term_string"}}],"inLanguage":"pt-PT"},{"@type":"Person","@id":"https:\/\/www.altominho.tv\/site\/#\/schema\/person\/63f693da3e1899361cbe955c46f3232e","name":"Lusa","image":{"@type":"ImageObject","inLanguage":"pt-PT","@id":"https:\/\/www.altominho.tv\/site\/wp-content\/uploads\/2019\/08\/LUSA_Logo.gif","url":"https:\/\/www.altominho.tv\/site\/wp-content\/uploads\/2019\/08\/LUSA_Logo.gif","contentUrl":"https:\/\/www.altominho.tv\/site\/wp-content\/uploads\/2019\/08\/LUSA_Logo.gif","caption":"Lusa"},"sameAs":["http:\/\/\/\/www.altominho.tv\/site"],"url":"https:\/\/www.altominho.tv\/site\/author\/lusa\/"}]}},"_links":{"self":[{"href":"https:\/\/www.altominho.tv\/site\/wp-json\/wp\/v2\/posts\/75804","targetHints":{"allow":["GET"]}}],"collection":[{"href":"https:\/\/www.altominho.tv\/site\/wp-json\/wp\/v2\/posts"}],"about":[{"href":"https:\/\/www.altominho.tv\/site\/wp-json\/wp\/v2\/types\/post"}],"author":[{"embeddable":true,"href":"https:\/\/www.altominho.tv\/site\/wp-json\/wp\/v2\/users\/13"}],"replies":[{"embeddable":true,"href":"https:\/\/www.altominho.tv\/site\/wp-json\/wp\/v2\/comments?post=75804"}],"version-history":[{"count":0,"href":"https:\/\/www.altominho.tv\/site\/wp-json\/wp\/v2\/posts\/75804\/revisions"}],"wp:featuredmedia":[{"embeddable":true,"href":"https:\/\/www.altominho.tv\/site\/wp-json\/wp\/v2\/media\/75805"}],"wp:attachment":[{"href":"https:\/\/www.altominho.tv\/site\/wp-json\/wp\/v2\/media?parent=75804"}],"wp:term":[{"taxonomy":"category","embeddable":true,"href":"https:\/\/www.altominho.tv\/site\/wp-json\/wp\/v2\/categories?post=75804"},{"taxonomy":"post_tag","embeddable":true,"href":"https:\/\/www.altominho.tv\/site\/wp-json\/wp\/v2\/tags?post=75804"}],"curies":[{"name":"wp","href":"https:\/\/api.w.org\/{rel}","templated":true}]}}