{"id":75794,"date":"2022-02-01T15:00:27","date_gmt":"2022-02-01T15:00:27","guid":{"rendered":"https:\/\/www.altominho.tv\/site\/?p=75794"},"modified":"2022-02-01T15:00:32","modified_gmt":"2022-02-01T15:00:32","slug":"curso-teatro-alunos-ensino-basico","status":"publish","type":"post","link":"https:\/\/www.altominho.tv\/site\/2022\/02\/01\/curso-teatro-alunos-ensino-basico\/","title":{"rendered":"Escolas v\u00e3o ter curso de teatro para alunos do b\u00e1sico no pr\u00f3ximo ano letivo"},"content":{"rendered":"<p>Os alunos do 5.\u00ba e do 7.\u00ba anos v\u00e3o poder inscrever-se, no pr\u00f3ximo ano letivo, no curso b\u00e1sico de Teatro, o novo curso art\u00edstico especializado que passa a fazer parte da oferta educativa do ensino b\u00e1sico.<\/p>\n<p>A medida foi publicada hoje em Di\u00e1rio da Rep\u00fablica numa portaria que introduz o curso b\u00e1sico de teatro para os alunos do 2.\u00ba e do 3.\u00ba ciclos do ensino b\u00e1sico, ou seja, do 5.\u00ba ao 9.\u00ba ano de escolaridade.<\/p>\n<p>\u00c0 semelhan\u00e7a do que j\u00e1 acontecia com os cursos b\u00e1sicos de m\u00fasica, dan\u00e7a e canto gregoriano, os estudantes v\u00e3o poder optar pelo curso de Teatro.<\/p>\n<p>Este novo curso destina-se aos alunos que \u201cpretendam prosseguir estudos na carreira art\u00edstica, nomeadamente como atores, cen\u00f3grafos, produtores, entre outros, facultando os conhecimentos necess\u00e1rios \u00e0 compreens\u00e3o das manifesta\u00e7\u00f5es est\u00e9ticas e culturais e o aperfei\u00e7oamento da express\u00e3o art\u00edstica teatral\u201d, l\u00ea-se na portaria assinada a 20 de janeiro pelo ent\u00e3o secret\u00e1rio de estado Adjunto e da Educa\u00e7\u00e3o, Jo\u00e3o Costa.<\/p>\n<p>No pr\u00f3ximo ano letivo abrem as turmas para os alunos do 5.\u00ba e do 7.\u00ba ano de escolaridade e, em setembro de 2023, abrem as turmas do 6.\u00ba e 8.\u00ba anos. Finalmente, no ano letivo de 2024\/2025 dever\u00e3o estar a funcionar todos os anos, com o arranque do 9.\u00ba ano de escolaridade, segundo o calend\u00e1rio definido na portaria.<\/p>\n<p>Tal como acontece com os outros cursos art\u00edsticos, tamb\u00e9m o curso de teatro poder\u00e1 ser frequentado em regime integrado ou articulado, e para entrar \u00e9 preciso fazer uma prova de sele\u00e7\u00e3o aplicada pelo estabelecimento de ensino.<\/p>\n<p>As escolas de ensino b\u00e1sico geral e as escolas do ensino art\u00edstico especializado devem estabelecer protocolos com vista ao funcionamento do ensino articulado, \u201cdevendo aquelas aceitar os alunos que se matriculem nos Cursos B\u00e1sicos de Dan\u00e7a, de M\u00fasica, de Canto Gregoriano ou de Teatro em regime articulado, independentemente da \u00e1rea de resid\u00eancia dos seus encarregados de educa\u00e7\u00e3o e sem preju\u00edzo da aplica\u00e7\u00e3o dos demais crit\u00e9rios de distribui\u00e7\u00e3o de alunos estabelecidos em regulamenta\u00e7\u00e3o pr\u00f3pria\u201d, define a portaria 65\/2022.<\/p>\n<p>As escolas do ensino b\u00e1sico geral devem integrar na mesma turma os alunos que frequentam, em regime integrado ou articulado, os Cursos B\u00e1sicos de Dan\u00e7a, de M\u00fasica, de Canto Gregoriano ou de Teatro.<\/p>\n<p>Caso tal n\u00e3o seja poss\u00edvel, estes alunos podem integrar outras turmas, n\u00e3o exclusivamente constitu\u00eddas por alunos do ensino art\u00edstico especializado, devendo, nesse caso, frequentar as disciplinas comuns das \u00e1reas disciplinares da forma\u00e7\u00e3o geral com a carga letiva adotada pela escola de ensino geral.<\/p>\n<p>O diploma estabelece ainda que as disciplinas de Inicia\u00e7\u00e3o \u00e0 Pr\u00e1tica Vocal e de Pr\u00e1tica Vocal, do Curso B\u00e1sico de Canto Gregoriano e de Voz, do Curso B\u00e1sico de Teatro s\u00e3o lecionadas a grupos de dois a cinco alunos.<\/p>\n","protected":false},"excerpt":{"rendered":"<p>Os alunos do 5.\u00ba e do 7.\u00ba anos v\u00e3o poder inscrever-se, no pr\u00f3ximo ano letivo, no curso b\u00e1sico de Teatro, o novo curso art\u00edstico especializado que passa a fazer parte da oferta educativa do ensino b\u00e1sico. A medida foi publicada hoje em Di\u00e1rio da Rep\u00fablica numa portaria que introduz o curso b\u00e1sico de teatro para [&hellip;]<\/p>\n","protected":false},"author":13,"featured_media":75795,"comment_status":"closed","ping_status":"closed","sticky":false,"template":"","format":"standard","meta":{"_exactmetrics_skip_tracking":false,"_exactmetrics_sitenote_active":false,"_exactmetrics_sitenote_note":"","_exactmetrics_sitenote_category":0,"footnotes":""},"categories":[56325],"tags":[22],"class_list":["post-75794","post","type-post","status-publish","format-standard","has-post-thumbnail","hentry","category-pais","tag-educacao"],"yoast_head":"<!-- This site is optimized with the Yoast SEO Premium plugin v27.4 (Yoast SEO v27.4) - https:\/\/yoast.com\/product\/yoast-seo-premium-wordpress\/ -->\n<title>Escolas v\u00e3o ter curso de teatro para alunos do b\u00e1sico no pr\u00f3ximo ano letivo<\/title>\n<meta name=\"description\" content=\"Os alunos do 5.\u00ba e do 7.\u00ba anos v\u00e3o poder inscrever-se, no pr\u00f3ximo ano letivo, no curso b\u00e1sico de Teatro, o novo curso art\u00edstico especializado que passa a fazer parte da oferta educativa do ensino b\u00e1sico.\" \/>\n<meta name=\"robots\" content=\"index, follow, max-snippet:-1, max-image-preview:large, max-video-preview:-1\" \/>\n<link rel=\"canonical\" href=\"https:\/\/www.altominho.tv\/site\/2022\/02\/01\/curso-teatro-alunos-ensino-basico\/\" \/>\n<meta property=\"og:locale\" content=\"pt_PT\" \/>\n<meta property=\"og:type\" content=\"article\" \/>\n<meta property=\"og:title\" content=\"Escolas v\u00e3o ter curso de teatro para alunos do b\u00e1sico no pr\u00f3ximo ano letivo\" \/>\n<meta property=\"og:description\" content=\"Os alunos do 5.\u00ba e do 7.\u00ba anos v\u00e3o poder inscrever-se, no pr\u00f3ximo ano letivo, no curso b\u00e1sico de Teatro, o novo curso art\u00edstico especializado que passa a fazer parte da oferta educativa do ensino b\u00e1sico.\" \/>\n<meta property=\"og:url\" content=\"https:\/\/www.altominho.tv\/site\/2022\/02\/01\/curso-teatro-alunos-ensino-basico\/\" \/>\n<meta property=\"og:site_name\" content=\"Altominho.tv\" \/>\n<meta property=\"article:publisher\" content=\"https:\/\/www.facebook.com\/altominhotv\" \/>\n<meta property=\"article:published_time\" content=\"2022-02-01T15:00:27+00:00\" \/>\n<meta property=\"article:modified_time\" content=\"2022-02-01T15:00:32+00:00\" \/>\n<meta property=\"og:image\" content=\"https:\/\/www.altominho.tv\/site\/wp-content\/uploads\/2022\/02\/Teatro-.png\" \/>\n\t<meta property=\"og:image:width\" content=\"800\" \/>\n\t<meta property=\"og:image:height\" content=\"600\" \/>\n\t<meta property=\"og:image:type\" content=\"image\/png\" \/>\n<meta name=\"author\" content=\"Lusa\" \/>\n<meta name=\"twitter:card\" content=\"summary_large_image\" \/>\n<meta name=\"twitter:creator\" content=\"@altominhoTV\" \/>\n<meta name=\"twitter:site\" content=\"@altominhoTV\" \/>\n<meta name=\"twitter:label1\" content=\"Escrito por\" \/>\n\t<meta name=\"twitter:data1\" content=\"Lusa\" \/>\n\t<meta name=\"twitter:label2\" content=\"Tempo estimado de leitura\" \/>\n\t<meta name=\"twitter:data2\" content=\"3 minutos\" \/>\n<script type=\"application\/ld+json\" class=\"yoast-schema-graph\">{\"@context\":\"https:\\\/\\\/schema.org\",\"@graph\":[{\"@type\":\"Article\",\"@id\":\"https:\\\/\\\/www.altominho.tv\\\/site\\\/2022\\\/02\\\/01\\\/curso-teatro-alunos-ensino-basico\\\/#article\",\"isPartOf\":{\"@id\":\"https:\\\/\\\/www.altominho.tv\\\/site\\\/2022\\\/02\\\/01\\\/curso-teatro-alunos-ensino-basico\\\/\"},\"author\":{\"name\":\"Lusa\",\"@id\":\"https:\\\/\\\/www.altominho.tv\\\/site\\\/#\\\/schema\\\/person\\\/63f693da3e1899361cbe955c46f3232e\"},\"headline\":\"Escolas v\u00e3o ter curso de teatro para alunos do b\u00e1sico no pr\u00f3ximo ano letivo\",\"datePublished\":\"2022-02-01T15:00:27+00:00\",\"dateModified\":\"2022-02-01T15:00:32+00:00\",\"mainEntityOfPage\":{\"@id\":\"https:\\\/\\\/www.altominho.tv\\\/site\\\/2022\\\/02\\\/01\\\/curso-teatro-alunos-ensino-basico\\\/\"},\"wordCount\":504,\"image\":{\"@id\":\"https:\\\/\\\/www.altominho.tv\\\/site\\\/2022\\\/02\\\/01\\\/curso-teatro-alunos-ensino-basico\\\/#primaryimage\"},\"thumbnailUrl\":\"https:\\\/\\\/www.altominho.tv\\\/site\\\/wp-content\\\/uploads\\\/2022\\\/02\\\/Teatro-.png\",\"keywords\":[\"Educa\u00e7\u00e3o\"],\"articleSection\":[\"Pa\u00eds\"],\"inLanguage\":\"pt-PT\",\"copyrightYear\":\"2022\",\"copyrightHolder\":{\"@id\":\"https:\\\/\\\/www.altominho.tv\\\/site\\\/#organization\"}},{\"@type\":\"WebPage\",\"@id\":\"https:\\\/\\\/www.altominho.tv\\\/site\\\/2022\\\/02\\\/01\\\/curso-teatro-alunos-ensino-basico\\\/\",\"url\":\"https:\\\/\\\/www.altominho.tv\\\/site\\\/2022\\\/02\\\/01\\\/curso-teatro-alunos-ensino-basico\\\/\",\"name\":\"Escolas v\u00e3o ter curso de teatro para alunos do b\u00e1sico no pr\u00f3ximo ano letivo\",\"isPartOf\":{\"@id\":\"https:\\\/\\\/www.altominho.tv\\\/site\\\/#website\"},\"primaryImageOfPage\":{\"@id\":\"https:\\\/\\\/www.altominho.tv\\\/site\\\/2022\\\/02\\\/01\\\/curso-teatro-alunos-ensino-basico\\\/#primaryimage\"},\"image\":{\"@id\":\"https:\\\/\\\/www.altominho.tv\\\/site\\\/2022\\\/02\\\/01\\\/curso-teatro-alunos-ensino-basico\\\/#primaryimage\"},\"thumbnailUrl\":\"https:\\\/\\\/www.altominho.tv\\\/site\\\/wp-content\\\/uploads\\\/2022\\\/02\\\/Teatro-.png\",\"datePublished\":\"2022-02-01T15:00:27+00:00\",\"dateModified\":\"2022-02-01T15:00:32+00:00\",\"author\":{\"@id\":\"https:\\\/\\\/www.altominho.tv\\\/site\\\/#\\\/schema\\\/person\\\/63f693da3e1899361cbe955c46f3232e\"},\"description\":\"Os alunos do 5.\u00ba e do 7.\u00ba anos v\u00e3o poder inscrever-se, no pr\u00f3ximo ano letivo, no curso b\u00e1sico de Teatro, o novo curso art\u00edstico especializado que passa a fazer parte da oferta educativa do ensino b\u00e1sico.\",\"breadcrumb\":{\"@id\":\"https:\\\/\\\/www.altominho.tv\\\/site\\\/2022\\\/02\\\/01\\\/curso-teatro-alunos-ensino-basico\\\/#breadcrumb\"},\"inLanguage\":\"pt-PT\",\"potentialAction\":[{\"@type\":\"ReadAction\",\"target\":[\"https:\\\/\\\/www.altominho.tv\\\/site\\\/2022\\\/02\\\/01\\\/curso-teatro-alunos-ensino-basico\\\/\"]}]},{\"@type\":\"ImageObject\",\"inLanguage\":\"pt-PT\",\"@id\":\"https:\\\/\\\/www.altominho.tv\\\/site\\\/2022\\\/02\\\/01\\\/curso-teatro-alunos-ensino-basico\\\/#primaryimage\",\"url\":\"https:\\\/\\\/www.altominho.tv\\\/site\\\/wp-content\\\/uploads\\\/2022\\\/02\\\/Teatro-.png\",\"contentUrl\":\"https:\\\/\\\/www.altominho.tv\\\/site\\\/wp-content\\\/uploads\\\/2022\\\/02\\\/Teatro-.png\",\"width\":800,\"height\":600},{\"@type\":\"BreadcrumbList\",\"@id\":\"https:\\\/\\\/www.altominho.tv\\\/site\\\/2022\\\/02\\\/01\\\/curso-teatro-alunos-ensino-basico\\\/#breadcrumb\",\"itemListElement\":[{\"@type\":\"ListItem\",\"position\":1,\"name\":\"In\u00edcio\",\"item\":\"https:\\\/\\\/www.altominho.tv\\\/site\\\/\"},{\"@type\":\"ListItem\",\"position\":2,\"name\":\"Escolas v\u00e3o ter curso de teatro para alunos do b\u00e1sico no pr\u00f3ximo ano letivo\"}]},{\"@type\":\"WebSite\",\"@id\":\"https:\\\/\\\/www.altominho.tv\\\/site\\\/#website\",\"url\":\"https:\\\/\\\/www.altominho.tv\\\/site\\\/\",\"name\":\"Altominho.tv\",\"description\":\"A sua regi\u00e3o \u00e0 dist\u00e2ncia de um clique...\",\"potentialAction\":[{\"@type\":\"SearchAction\",\"target\":{\"@type\":\"EntryPoint\",\"urlTemplate\":\"https:\\\/\\\/www.altominho.tv\\\/site\\\/?s={search_term_string}\"},\"query-input\":{\"@type\":\"PropertyValueSpecification\",\"valueRequired\":true,\"valueName\":\"search_term_string\"}}],\"inLanguage\":\"pt-PT\"},{\"@type\":\"Person\",\"@id\":\"https:\\\/\\\/www.altominho.tv\\\/site\\\/#\\\/schema\\\/person\\\/63f693da3e1899361cbe955c46f3232e\",\"name\":\"Lusa\",\"image\":{\"@type\":\"ImageObject\",\"inLanguage\":\"pt-PT\",\"@id\":\"https:\\\/\\\/www.altominho.tv\\\/site\\\/wp-content\\\/uploads\\\/2019\\\/08\\\/LUSA_Logo.gif\",\"url\":\"https:\\\/\\\/www.altominho.tv\\\/site\\\/wp-content\\\/uploads\\\/2019\\\/08\\\/LUSA_Logo.gif\",\"contentUrl\":\"https:\\\/\\\/www.altominho.tv\\\/site\\\/wp-content\\\/uploads\\\/2019\\\/08\\\/LUSA_Logo.gif\",\"caption\":\"Lusa\"},\"sameAs\":[\"http:\\\/\\\/\\\/\\\/www.altominho.tv\\\/site\"],\"url\":\"https:\\\/\\\/www.altominho.tv\\\/site\\\/author\\\/lusa\\\/\"}]}<\/script>\n<!-- \/ Yoast SEO Premium plugin. -->","yoast_head_json":{"title":"Escolas v\u00e3o ter curso de teatro para alunos do b\u00e1sico no pr\u00f3ximo ano letivo","description":"Os alunos do 5.\u00ba e do 7.\u00ba anos v\u00e3o poder inscrever-se, no pr\u00f3ximo ano letivo, no curso b\u00e1sico de Teatro, o novo curso art\u00edstico especializado que passa a fazer parte da oferta educativa do ensino b\u00e1sico.","robots":{"index":"index","follow":"follow","max-snippet":"max-snippet:-1","max-image-preview":"max-image-preview:large","max-video-preview":"max-video-preview:-1"},"canonical":"https:\/\/www.altominho.tv\/site\/2022\/02\/01\/curso-teatro-alunos-ensino-basico\/","og_locale":"pt_PT","og_type":"article","og_title":"Escolas v\u00e3o ter curso de teatro para alunos do b\u00e1sico no pr\u00f3ximo ano letivo","og_description":"Os alunos do 5.\u00ba e do 7.\u00ba anos v\u00e3o poder inscrever-se, no pr\u00f3ximo ano letivo, no curso b\u00e1sico de Teatro, o novo curso art\u00edstico especializado que passa a fazer parte da oferta educativa do ensino b\u00e1sico.","og_url":"https:\/\/www.altominho.tv\/site\/2022\/02\/01\/curso-teatro-alunos-ensino-basico\/","og_site_name":"Altominho.tv","article_publisher":"https:\/\/www.facebook.com\/altominhotv","article_published_time":"2022-02-01T15:00:27+00:00","article_modified_time":"2022-02-01T15:00:32+00:00","og_image":[{"width":800,"height":600,"url":"https:\/\/www.altominho.tv\/site\/wp-content\/uploads\/2022\/02\/Teatro-.png","type":"image\/png"}],"author":"Lusa","twitter_card":"summary_large_image","twitter_creator":"@altominhoTV","twitter_site":"@altominhoTV","twitter_misc":{"Escrito por":"Lusa","Tempo estimado de leitura":"3 minutos"},"schema":{"@context":"https:\/\/schema.org","@graph":[{"@type":"Article","@id":"https:\/\/www.altominho.tv\/site\/2022\/02\/01\/curso-teatro-alunos-ensino-basico\/#article","isPartOf":{"@id":"https:\/\/www.altominho.tv\/site\/2022\/02\/01\/curso-teatro-alunos-ensino-basico\/"},"author":{"name":"Lusa","@id":"https:\/\/www.altominho.tv\/site\/#\/schema\/person\/63f693da3e1899361cbe955c46f3232e"},"headline":"Escolas v\u00e3o ter curso de teatro para alunos do b\u00e1sico no pr\u00f3ximo ano letivo","datePublished":"2022-02-01T15:00:27+00:00","dateModified":"2022-02-01T15:00:32+00:00","mainEntityOfPage":{"@id":"https:\/\/www.altominho.tv\/site\/2022\/02\/01\/curso-teatro-alunos-ensino-basico\/"},"wordCount":504,"image":{"@id":"https:\/\/www.altominho.tv\/site\/2022\/02\/01\/curso-teatro-alunos-ensino-basico\/#primaryimage"},"thumbnailUrl":"https:\/\/www.altominho.tv\/site\/wp-content\/uploads\/2022\/02\/Teatro-.png","keywords":["Educa\u00e7\u00e3o"],"articleSection":["Pa\u00eds"],"inLanguage":"pt-PT","copyrightYear":"2022","copyrightHolder":{"@id":"https:\/\/www.altominho.tv\/site\/#organization"}},{"@type":"WebPage","@id":"https:\/\/www.altominho.tv\/site\/2022\/02\/01\/curso-teatro-alunos-ensino-basico\/","url":"https:\/\/www.altominho.tv\/site\/2022\/02\/01\/curso-teatro-alunos-ensino-basico\/","name":"Escolas v\u00e3o ter curso de teatro para alunos do b\u00e1sico no pr\u00f3ximo ano letivo","isPartOf":{"@id":"https:\/\/www.altominho.tv\/site\/#website"},"primaryImageOfPage":{"@id":"https:\/\/www.altominho.tv\/site\/2022\/02\/01\/curso-teatro-alunos-ensino-basico\/#primaryimage"},"image":{"@id":"https:\/\/www.altominho.tv\/site\/2022\/02\/01\/curso-teatro-alunos-ensino-basico\/#primaryimage"},"thumbnailUrl":"https:\/\/www.altominho.tv\/site\/wp-content\/uploads\/2022\/02\/Teatro-.png","datePublished":"2022-02-01T15:00:27+00:00","dateModified":"2022-02-01T15:00:32+00:00","author":{"@id":"https:\/\/www.altominho.tv\/site\/#\/schema\/person\/63f693da3e1899361cbe955c46f3232e"},"description":"Os alunos do 5.\u00ba e do 7.\u00ba anos v\u00e3o poder inscrever-se, no pr\u00f3ximo ano letivo, no curso b\u00e1sico de Teatro, o novo curso art\u00edstico especializado que passa a fazer parte da oferta educativa do ensino b\u00e1sico.","breadcrumb":{"@id":"https:\/\/www.altominho.tv\/site\/2022\/02\/01\/curso-teatro-alunos-ensino-basico\/#breadcrumb"},"inLanguage":"pt-PT","potentialAction":[{"@type":"ReadAction","target":["https:\/\/www.altominho.tv\/site\/2022\/02\/01\/curso-teatro-alunos-ensino-basico\/"]}]},{"@type":"ImageObject","inLanguage":"pt-PT","@id":"https:\/\/www.altominho.tv\/site\/2022\/02\/01\/curso-teatro-alunos-ensino-basico\/#primaryimage","url":"https:\/\/www.altominho.tv\/site\/wp-content\/uploads\/2022\/02\/Teatro-.png","contentUrl":"https:\/\/www.altominho.tv\/site\/wp-content\/uploads\/2022\/02\/Teatro-.png","width":800,"height":600},{"@type":"BreadcrumbList","@id":"https:\/\/www.altominho.tv\/site\/2022\/02\/01\/curso-teatro-alunos-ensino-basico\/#breadcrumb","itemListElement":[{"@type":"ListItem","position":1,"name":"In\u00edcio","item":"https:\/\/www.altominho.tv\/site\/"},{"@type":"ListItem","position":2,"name":"Escolas v\u00e3o ter curso de teatro para alunos do b\u00e1sico no pr\u00f3ximo ano letivo"}]},{"@type":"WebSite","@id":"https:\/\/www.altominho.tv\/site\/#website","url":"https:\/\/www.altominho.tv\/site\/","name":"Altominho.tv","description":"A sua regi\u00e3o \u00e0 dist\u00e2ncia de um clique...","potentialAction":[{"@type":"SearchAction","target":{"@type":"EntryPoint","urlTemplate":"https:\/\/www.altominho.tv\/site\/?s={search_term_string}"},"query-input":{"@type":"PropertyValueSpecification","valueRequired":true,"valueName":"search_term_string"}}],"inLanguage":"pt-PT"},{"@type":"Person","@id":"https:\/\/www.altominho.tv\/site\/#\/schema\/person\/63f693da3e1899361cbe955c46f3232e","name":"Lusa","image":{"@type":"ImageObject","inLanguage":"pt-PT","@id":"https:\/\/www.altominho.tv\/site\/wp-content\/uploads\/2019\/08\/LUSA_Logo.gif","url":"https:\/\/www.altominho.tv\/site\/wp-content\/uploads\/2019\/08\/LUSA_Logo.gif","contentUrl":"https:\/\/www.altominho.tv\/site\/wp-content\/uploads\/2019\/08\/LUSA_Logo.gif","caption":"Lusa"},"sameAs":["http:\/\/\/\/www.altominho.tv\/site"],"url":"https:\/\/www.altominho.tv\/site\/author\/lusa\/"}]}},"_links":{"self":[{"href":"https:\/\/www.altominho.tv\/site\/wp-json\/wp\/v2\/posts\/75794","targetHints":{"allow":["GET"]}}],"collection":[{"href":"https:\/\/www.altominho.tv\/site\/wp-json\/wp\/v2\/posts"}],"about":[{"href":"https:\/\/www.altominho.tv\/site\/wp-json\/wp\/v2\/types\/post"}],"author":[{"embeddable":true,"href":"https:\/\/www.altominho.tv\/site\/wp-json\/wp\/v2\/users\/13"}],"replies":[{"embeddable":true,"href":"https:\/\/www.altominho.tv\/site\/wp-json\/wp\/v2\/comments?post=75794"}],"version-history":[{"count":0,"href":"https:\/\/www.altominho.tv\/site\/wp-json\/wp\/v2\/posts\/75794\/revisions"}],"wp:featuredmedia":[{"embeddable":true,"href":"https:\/\/www.altominho.tv\/site\/wp-json\/wp\/v2\/media\/75795"}],"wp:attachment":[{"href":"https:\/\/www.altominho.tv\/site\/wp-json\/wp\/v2\/media?parent=75794"}],"wp:term":[{"taxonomy":"category","embeddable":true,"href":"https:\/\/www.altominho.tv\/site\/wp-json\/wp\/v2\/categories?post=75794"},{"taxonomy":"post_tag","embeddable":true,"href":"https:\/\/www.altominho.tv\/site\/wp-json\/wp\/v2\/tags?post=75794"}],"curies":[{"name":"wp","href":"https:\/\/api.w.org\/{rel}","templated":true}]}}