{"id":75763,"date":"2022-02-01T10:29:43","date_gmt":"2022-02-01T10:29:43","guid":{"rendered":"https:\/\/www.altominho.tv\/site\/?p=75763"},"modified":"2022-02-01T10:29:47","modified_gmt":"2022-02-01T10:29:47","slug":"portugal-ja-administrou-cinco-milhoes-de-doses-de-reforco","status":"publish","type":"post","link":"https:\/\/www.altominho.tv\/site\/2022\/02\/01\/portugal-ja-administrou-cinco-milhoes-de-doses-de-reforco\/","title":{"rendered":"Portugal j\u00e1 administrou cinco milh\u00f5es de doses de refor\u00e7o"},"content":{"rendered":"\n<p>Cinco milh\u00f5es de doses de refor\u00e7o da vacina contra a covid-19 j\u00e1 foram administradas em Portugal, revelam dados hoje divulgados pela Dire\u00e7\u00e3o-Geral da Sa\u00fade (DGS), segundo os quais quase 2,1 milh\u00f5es foram dadas a maiores de 65 anos.<\/p>\n\n\n\n<p>A Dire\u00e7\u00e3o-Geral da Sa\u00fade informou esta ter\u00e7a-feira, 1 de fevereiro, que &#8220;j\u00e1 foram administradas 5 milh\u00f5es de doses de refor\u00e7o da vacina contra a covid-19, das quais aproximadamente 2,1 milh\u00f5es a pessoas com 65 ou mais anos&#8221;.<\/p>\n\n\n\n<p>No total, desde o in\u00edcio da campanha de vacina\u00e7\u00e3o contra a covid-19, &#8220;foram administradas mais de 21 milh\u00f5es de vacinas&#8221;.<\/p>\n\n\n\n<p>&#8220;At\u00e9 ao momento, foram vacinadas com dose de refor\u00e7o 93% das pessoas com mais de 80 anos. Entre os 70 e os 79 anos, j\u00e1 est\u00e3o vacinadas 95% das pessoas e, dos 60 aos 69 anos, 88%&#8221;, segundo o \u00faltimo boletim de vacina\u00e7\u00e3o.<\/p>\n\n\n\n<p>A covid-19 provocou mais de 5,66 milh\u00f5es de mortes em todo o mundo desde o in\u00edcio da pandemia, segundo o mais recente balan\u00e7o da ag\u00eancia France-Presse.<\/p>\n\n\n\n<p>Em Portugal, desde mar\u00e7o de 2020, morreram 19.905 pessoas e foram contabilizados 2.639.802 casos de infe\u00e7\u00e3o, segundo a \u00faltima atualiza\u00e7\u00e3o da Dire\u00e7\u00e3o-Geral da Sa\u00fade.<\/p>\n\n\n\n<p>A doen\u00e7a respirat\u00f3ria \u00e9 provocada pelo coronav\u00edrus SARS-CoV-2, detetado no final de 2019 em Wuhan, cidade do centro da China.<\/p>\n\n\n\n<p>A nova variante \u00d3micron, classificada como preocupante e muito contagiosa pela Organiza\u00e7\u00e3o Mundial da Sa\u00fade (OMS), foi detetada na \u00c1frica Austral e, desde que as autoridades sanit\u00e1rias sul-africanas deram o alerta em novembro, tornou-se dominante em v\u00e1rios pa\u00edses, incluindo em Portugal.<\/p>\n","protected":false},"excerpt":{"rendered":"<p>Cinco milh\u00f5es de doses de refor\u00e7o da vacina contra a covid-19 j\u00e1 foram administradas em Portugal, revelam dados hoje divulgados pela Dire\u00e7\u00e3o-Geral da Sa\u00fade (DGS), segundo os quais quase 2,1 milh\u00f5es foram dadas a maiores de 65 anos. A Dire\u00e7\u00e3o-Geral da Sa\u00fade informou esta ter\u00e7a-feira, 1 de fevereiro, que &#8220;j\u00e1 foram administradas 5 milh\u00f5es de [&hellip;]<\/p>\n","protected":false},"author":13,"featured_media":75332,"comment_status":"closed","ping_status":"closed","sticky":false,"template":"","format":"standard","meta":{"_exactmetrics_skip_tracking":false,"_exactmetrics_sitenote_active":false,"_exactmetrics_sitenote_note":"","_exactmetrics_sitenote_category":0,"footnotes":""},"categories":[42722],"tags":[26,27],"class_list":["post-75763","post","type-post","status-publish","format-standard","has-post-thumbnail","hentry","category-covid-19","tag-saude","tag-sociedade"],"yoast_head":"<!-- This site is optimized with the Yoast SEO Premium plugin v27.4 (Yoast SEO v27.4) - https:\/\/yoast.com\/product\/yoast-seo-premium-wordpress\/ -->\n<title>Portugal j\u00e1 administrou cinco milh\u00f5es de doses de refor\u00e7o<\/title>\n<meta name=\"robots\" content=\"index, follow, max-snippet:-1, max-image-preview:large, max-video-preview:-1\" \/>\n<link rel=\"canonical\" href=\"https:\/\/www.altominho.tv\/site\/2022\/02\/01\/portugal-ja-administrou-cinco-milhoes-de-doses-de-reforco\/\" \/>\n<meta property=\"og:locale\" content=\"pt_PT\" \/>\n<meta property=\"og:type\" content=\"article\" \/>\n<meta property=\"og:title\" content=\"Portugal j\u00e1 administrou cinco milh\u00f5es de doses de refor\u00e7o\" \/>\n<meta property=\"og:description\" content=\"Cinco milh\u00f5es de doses de refor\u00e7o da vacina contra a covid-19 j\u00e1 foram administradas em Portugal, revelam dados hoje divulgados pela Dire\u00e7\u00e3o-Geral da Sa\u00fade (DGS), segundo os quais quase 2,1 milh\u00f5es foram dadas a maiores de 65 anos. A Dire\u00e7\u00e3o-Geral da Sa\u00fade informou esta ter\u00e7a-feira, 1 de fevereiro, que &#8220;j\u00e1 foram administradas 5 milh\u00f5es de [&hellip;]\" \/>\n<meta property=\"og:url\" content=\"https:\/\/www.altominho.tv\/site\/2022\/02\/01\/portugal-ja-administrou-cinco-milhoes-de-doses-de-reforco\/\" \/>\n<meta property=\"og:site_name\" content=\"Altominho.tv\" \/>\n<meta property=\"article:publisher\" content=\"https:\/\/www.facebook.com\/altominhotv\" \/>\n<meta property=\"article:published_time\" content=\"2022-02-01T10:29:43+00:00\" \/>\n<meta property=\"article:modified_time\" content=\"2022-02-01T10:29:47+00:00\" \/>\n<meta property=\"og:image\" content=\"https:\/\/www.altominho.tv\/site\/wp-content\/uploads\/2022\/01\/vacinacao-covid-19.jpg\" \/>\n\t<meta property=\"og:image:width\" content=\"1366\" \/>\n\t<meta property=\"og:image:height\" content=\"768\" \/>\n\t<meta property=\"og:image:type\" content=\"image\/jpeg\" \/>\n<meta name=\"author\" content=\"Lusa\" \/>\n<meta name=\"twitter:card\" content=\"summary_large_image\" \/>\n<meta name=\"twitter:creator\" content=\"@altominhoTV\" \/>\n<meta name=\"twitter:site\" content=\"@altominhoTV\" \/>\n<meta name=\"twitter:label1\" content=\"Escrito por\" \/>\n\t<meta name=\"twitter:data1\" content=\"Lusa\" \/>\n\t<meta name=\"twitter:label2\" content=\"Tempo estimado de leitura\" \/>\n\t<meta name=\"twitter:data2\" content=\"2 minutos\" \/>\n<script type=\"application\/ld+json\" class=\"yoast-schema-graph\">{\"@context\":\"https:\\\/\\\/schema.org\",\"@graph\":[{\"@type\":\"Article\",\"@id\":\"https:\\\/\\\/www.altominho.tv\\\/site\\\/2022\\\/02\\\/01\\\/portugal-ja-administrou-cinco-milhoes-de-doses-de-reforco\\\/#article\",\"isPartOf\":{\"@id\":\"https:\\\/\\\/www.altominho.tv\\\/site\\\/2022\\\/02\\\/01\\\/portugal-ja-administrou-cinco-milhoes-de-doses-de-reforco\\\/\"},\"author\":{\"name\":\"Lusa\",\"@id\":\"https:\\\/\\\/www.altominho.tv\\\/site\\\/#\\\/schema\\\/person\\\/63f693da3e1899361cbe955c46f3232e\"},\"headline\":\"Portugal j\u00e1 administrou cinco milh\u00f5es de doses de refor\u00e7o\",\"datePublished\":\"2022-02-01T10:29:43+00:00\",\"dateModified\":\"2022-02-01T10:29:47+00:00\",\"mainEntityOfPage\":{\"@id\":\"https:\\\/\\\/www.altominho.tv\\\/site\\\/2022\\\/02\\\/01\\\/portugal-ja-administrou-cinco-milhoes-de-doses-de-reforco\\\/\"},\"wordCount\":273,\"image\":{\"@id\":\"https:\\\/\\\/www.altominho.tv\\\/site\\\/2022\\\/02\\\/01\\\/portugal-ja-administrou-cinco-milhoes-de-doses-de-reforco\\\/#primaryimage\"},\"thumbnailUrl\":\"https:\\\/\\\/www.altominho.tv\\\/site\\\/wp-content\\\/uploads\\\/2022\\\/01\\\/vacinacao-covid-19.jpg\",\"keywords\":[\"Sa\u00fade\",\"Sociedade\"],\"articleSection\":[\"Coronav\u00edrus\"],\"inLanguage\":\"pt-PT\",\"copyrightYear\":\"2022\",\"copyrightHolder\":{\"@id\":\"https:\\\/\\\/www.altominho.tv\\\/site\\\/#organization\"}},{\"@type\":\"WebPage\",\"@id\":\"https:\\\/\\\/www.altominho.tv\\\/site\\\/2022\\\/02\\\/01\\\/portugal-ja-administrou-cinco-milhoes-de-doses-de-reforco\\\/\",\"url\":\"https:\\\/\\\/www.altominho.tv\\\/site\\\/2022\\\/02\\\/01\\\/portugal-ja-administrou-cinco-milhoes-de-doses-de-reforco\\\/\",\"name\":\"Portugal j\u00e1 administrou cinco milh\u00f5es de doses de refor\u00e7o\",\"isPartOf\":{\"@id\":\"https:\\\/\\\/www.altominho.tv\\\/site\\\/#website\"},\"primaryImageOfPage\":{\"@id\":\"https:\\\/\\\/www.altominho.tv\\\/site\\\/2022\\\/02\\\/01\\\/portugal-ja-administrou-cinco-milhoes-de-doses-de-reforco\\\/#primaryimage\"},\"image\":{\"@id\":\"https:\\\/\\\/www.altominho.tv\\\/site\\\/2022\\\/02\\\/01\\\/portugal-ja-administrou-cinco-milhoes-de-doses-de-reforco\\\/#primaryimage\"},\"thumbnailUrl\":\"https:\\\/\\\/www.altominho.tv\\\/site\\\/wp-content\\\/uploads\\\/2022\\\/01\\\/vacinacao-covid-19.jpg\",\"datePublished\":\"2022-02-01T10:29:43+00:00\",\"dateModified\":\"2022-02-01T10:29:47+00:00\",\"author\":{\"@id\":\"https:\\\/\\\/www.altominho.tv\\\/site\\\/#\\\/schema\\\/person\\\/63f693da3e1899361cbe955c46f3232e\"},\"breadcrumb\":{\"@id\":\"https:\\\/\\\/www.altominho.tv\\\/site\\\/2022\\\/02\\\/01\\\/portugal-ja-administrou-cinco-milhoes-de-doses-de-reforco\\\/#breadcrumb\"},\"inLanguage\":\"pt-PT\",\"potentialAction\":[{\"@type\":\"ReadAction\",\"target\":[\"https:\\\/\\\/www.altominho.tv\\\/site\\\/2022\\\/02\\\/01\\\/portugal-ja-administrou-cinco-milhoes-de-doses-de-reforco\\\/\"]}]},{\"@type\":\"ImageObject\",\"inLanguage\":\"pt-PT\",\"@id\":\"https:\\\/\\\/www.altominho.tv\\\/site\\\/2022\\\/02\\\/01\\\/portugal-ja-administrou-cinco-milhoes-de-doses-de-reforco\\\/#primaryimage\",\"url\":\"https:\\\/\\\/www.altominho.tv\\\/site\\\/wp-content\\\/uploads\\\/2022\\\/01\\\/vacinacao-covid-19.jpg\",\"contentUrl\":\"https:\\\/\\\/www.altominho.tv\\\/site\\\/wp-content\\\/uploads\\\/2022\\\/01\\\/vacinacao-covid-19.jpg\",\"width\":1366,\"height\":768},{\"@type\":\"BreadcrumbList\",\"@id\":\"https:\\\/\\\/www.altominho.tv\\\/site\\\/2022\\\/02\\\/01\\\/portugal-ja-administrou-cinco-milhoes-de-doses-de-reforco\\\/#breadcrumb\",\"itemListElement\":[{\"@type\":\"ListItem\",\"position\":1,\"name\":\"In\u00edcio\",\"item\":\"https:\\\/\\\/www.altominho.tv\\\/site\\\/\"},{\"@type\":\"ListItem\",\"position\":2,\"name\":\"Portugal j\u00e1 administrou cinco milh\u00f5es de doses de refor\u00e7o\"}]},{\"@type\":\"WebSite\",\"@id\":\"https:\\\/\\\/www.altominho.tv\\\/site\\\/#website\",\"url\":\"https:\\\/\\\/www.altominho.tv\\\/site\\\/\",\"name\":\"Altominho.tv\",\"description\":\"A sua regi\u00e3o \u00e0 dist\u00e2ncia de um clique...\",\"potentialAction\":[{\"@type\":\"SearchAction\",\"target\":{\"@type\":\"EntryPoint\",\"urlTemplate\":\"https:\\\/\\\/www.altominho.tv\\\/site\\\/?s={search_term_string}\"},\"query-input\":{\"@type\":\"PropertyValueSpecification\",\"valueRequired\":true,\"valueName\":\"search_term_string\"}}],\"inLanguage\":\"pt-PT\"},{\"@type\":\"Person\",\"@id\":\"https:\\\/\\\/www.altominho.tv\\\/site\\\/#\\\/schema\\\/person\\\/63f693da3e1899361cbe955c46f3232e\",\"name\":\"Lusa\",\"image\":{\"@type\":\"ImageObject\",\"inLanguage\":\"pt-PT\",\"@id\":\"https:\\\/\\\/www.altominho.tv\\\/site\\\/wp-content\\\/uploads\\\/2019\\\/08\\\/LUSA_Logo.gif\",\"url\":\"https:\\\/\\\/www.altominho.tv\\\/site\\\/wp-content\\\/uploads\\\/2019\\\/08\\\/LUSA_Logo.gif\",\"contentUrl\":\"https:\\\/\\\/www.altominho.tv\\\/site\\\/wp-content\\\/uploads\\\/2019\\\/08\\\/LUSA_Logo.gif\",\"caption\":\"Lusa\"},\"sameAs\":[\"http:\\\/\\\/\\\/\\\/www.altominho.tv\\\/site\"],\"url\":\"https:\\\/\\\/www.altominho.tv\\\/site\\\/author\\\/lusa\\\/\"}]}<\/script>\n<!-- \/ Yoast SEO Premium plugin. -->","yoast_head_json":{"title":"Portugal j\u00e1 administrou cinco milh\u00f5es de doses de refor\u00e7o","robots":{"index":"index","follow":"follow","max-snippet":"max-snippet:-1","max-image-preview":"max-image-preview:large","max-video-preview":"max-video-preview:-1"},"canonical":"https:\/\/www.altominho.tv\/site\/2022\/02\/01\/portugal-ja-administrou-cinco-milhoes-de-doses-de-reforco\/","og_locale":"pt_PT","og_type":"article","og_title":"Portugal j\u00e1 administrou cinco milh\u00f5es de doses de refor\u00e7o","og_description":"Cinco milh\u00f5es de doses de refor\u00e7o da vacina contra a covid-19 j\u00e1 foram administradas em Portugal, revelam dados hoje divulgados pela Dire\u00e7\u00e3o-Geral da Sa\u00fade (DGS), segundo os quais quase 2,1 milh\u00f5es foram dadas a maiores de 65 anos. A Dire\u00e7\u00e3o-Geral da Sa\u00fade informou esta ter\u00e7a-feira, 1 de fevereiro, que &#8220;j\u00e1 foram administradas 5 milh\u00f5es de [&hellip;]","og_url":"https:\/\/www.altominho.tv\/site\/2022\/02\/01\/portugal-ja-administrou-cinco-milhoes-de-doses-de-reforco\/","og_site_name":"Altominho.tv","article_publisher":"https:\/\/www.facebook.com\/altominhotv","article_published_time":"2022-02-01T10:29:43+00:00","article_modified_time":"2022-02-01T10:29:47+00:00","og_image":[{"width":1366,"height":768,"url":"https:\/\/www.altominho.tv\/site\/wp-content\/uploads\/2022\/01\/vacinacao-covid-19.jpg","type":"image\/jpeg"}],"author":"Lusa","twitter_card":"summary_large_image","twitter_creator":"@altominhoTV","twitter_site":"@altominhoTV","twitter_misc":{"Escrito por":"Lusa","Tempo estimado de leitura":"2 minutos"},"schema":{"@context":"https:\/\/schema.org","@graph":[{"@type":"Article","@id":"https:\/\/www.altominho.tv\/site\/2022\/02\/01\/portugal-ja-administrou-cinco-milhoes-de-doses-de-reforco\/#article","isPartOf":{"@id":"https:\/\/www.altominho.tv\/site\/2022\/02\/01\/portugal-ja-administrou-cinco-milhoes-de-doses-de-reforco\/"},"author":{"name":"Lusa","@id":"https:\/\/www.altominho.tv\/site\/#\/schema\/person\/63f693da3e1899361cbe955c46f3232e"},"headline":"Portugal j\u00e1 administrou cinco milh\u00f5es de doses de refor\u00e7o","datePublished":"2022-02-01T10:29:43+00:00","dateModified":"2022-02-01T10:29:47+00:00","mainEntityOfPage":{"@id":"https:\/\/www.altominho.tv\/site\/2022\/02\/01\/portugal-ja-administrou-cinco-milhoes-de-doses-de-reforco\/"},"wordCount":273,"image":{"@id":"https:\/\/www.altominho.tv\/site\/2022\/02\/01\/portugal-ja-administrou-cinco-milhoes-de-doses-de-reforco\/#primaryimage"},"thumbnailUrl":"https:\/\/www.altominho.tv\/site\/wp-content\/uploads\/2022\/01\/vacinacao-covid-19.jpg","keywords":["Sa\u00fade","Sociedade"],"articleSection":["Coronav\u00edrus"],"inLanguage":"pt-PT","copyrightYear":"2022","copyrightHolder":{"@id":"https:\/\/www.altominho.tv\/site\/#organization"}},{"@type":"WebPage","@id":"https:\/\/www.altominho.tv\/site\/2022\/02\/01\/portugal-ja-administrou-cinco-milhoes-de-doses-de-reforco\/","url":"https:\/\/www.altominho.tv\/site\/2022\/02\/01\/portugal-ja-administrou-cinco-milhoes-de-doses-de-reforco\/","name":"Portugal j\u00e1 administrou cinco milh\u00f5es de doses de refor\u00e7o","isPartOf":{"@id":"https:\/\/www.altominho.tv\/site\/#website"},"primaryImageOfPage":{"@id":"https:\/\/www.altominho.tv\/site\/2022\/02\/01\/portugal-ja-administrou-cinco-milhoes-de-doses-de-reforco\/#primaryimage"},"image":{"@id":"https:\/\/www.altominho.tv\/site\/2022\/02\/01\/portugal-ja-administrou-cinco-milhoes-de-doses-de-reforco\/#primaryimage"},"thumbnailUrl":"https:\/\/www.altominho.tv\/site\/wp-content\/uploads\/2022\/01\/vacinacao-covid-19.jpg","datePublished":"2022-02-01T10:29:43+00:00","dateModified":"2022-02-01T10:29:47+00:00","author":{"@id":"https:\/\/www.altominho.tv\/site\/#\/schema\/person\/63f693da3e1899361cbe955c46f3232e"},"breadcrumb":{"@id":"https:\/\/www.altominho.tv\/site\/2022\/02\/01\/portugal-ja-administrou-cinco-milhoes-de-doses-de-reforco\/#breadcrumb"},"inLanguage":"pt-PT","potentialAction":[{"@type":"ReadAction","target":["https:\/\/www.altominho.tv\/site\/2022\/02\/01\/portugal-ja-administrou-cinco-milhoes-de-doses-de-reforco\/"]}]},{"@type":"ImageObject","inLanguage":"pt-PT","@id":"https:\/\/www.altominho.tv\/site\/2022\/02\/01\/portugal-ja-administrou-cinco-milhoes-de-doses-de-reforco\/#primaryimage","url":"https:\/\/www.altominho.tv\/site\/wp-content\/uploads\/2022\/01\/vacinacao-covid-19.jpg","contentUrl":"https:\/\/www.altominho.tv\/site\/wp-content\/uploads\/2022\/01\/vacinacao-covid-19.jpg","width":1366,"height":768},{"@type":"BreadcrumbList","@id":"https:\/\/www.altominho.tv\/site\/2022\/02\/01\/portugal-ja-administrou-cinco-milhoes-de-doses-de-reforco\/#breadcrumb","itemListElement":[{"@type":"ListItem","position":1,"name":"In\u00edcio","item":"https:\/\/www.altominho.tv\/site\/"},{"@type":"ListItem","position":2,"name":"Portugal j\u00e1 administrou cinco milh\u00f5es de doses de refor\u00e7o"}]},{"@type":"WebSite","@id":"https:\/\/www.altominho.tv\/site\/#website","url":"https:\/\/www.altominho.tv\/site\/","name":"Altominho.tv","description":"A sua regi\u00e3o \u00e0 dist\u00e2ncia de um clique...","potentialAction":[{"@type":"SearchAction","target":{"@type":"EntryPoint","urlTemplate":"https:\/\/www.altominho.tv\/site\/?s={search_term_string}"},"query-input":{"@type":"PropertyValueSpecification","valueRequired":true,"valueName":"search_term_string"}}],"inLanguage":"pt-PT"},{"@type":"Person","@id":"https:\/\/www.altominho.tv\/site\/#\/schema\/person\/63f693da3e1899361cbe955c46f3232e","name":"Lusa","image":{"@type":"ImageObject","inLanguage":"pt-PT","@id":"https:\/\/www.altominho.tv\/site\/wp-content\/uploads\/2019\/08\/LUSA_Logo.gif","url":"https:\/\/www.altominho.tv\/site\/wp-content\/uploads\/2019\/08\/LUSA_Logo.gif","contentUrl":"https:\/\/www.altominho.tv\/site\/wp-content\/uploads\/2019\/08\/LUSA_Logo.gif","caption":"Lusa"},"sameAs":["http:\/\/\/\/www.altominho.tv\/site"],"url":"https:\/\/www.altominho.tv\/site\/author\/lusa\/"}]}},"_links":{"self":[{"href":"https:\/\/www.altominho.tv\/site\/wp-json\/wp\/v2\/posts\/75763","targetHints":{"allow":["GET"]}}],"collection":[{"href":"https:\/\/www.altominho.tv\/site\/wp-json\/wp\/v2\/posts"}],"about":[{"href":"https:\/\/www.altominho.tv\/site\/wp-json\/wp\/v2\/types\/post"}],"author":[{"embeddable":true,"href":"https:\/\/www.altominho.tv\/site\/wp-json\/wp\/v2\/users\/13"}],"replies":[{"embeddable":true,"href":"https:\/\/www.altominho.tv\/site\/wp-json\/wp\/v2\/comments?post=75763"}],"version-history":[{"count":0,"href":"https:\/\/www.altominho.tv\/site\/wp-json\/wp\/v2\/posts\/75763\/revisions"}],"wp:featuredmedia":[{"embeddable":true,"href":"https:\/\/www.altominho.tv\/site\/wp-json\/wp\/v2\/media\/75332"}],"wp:attachment":[{"href":"https:\/\/www.altominho.tv\/site\/wp-json\/wp\/v2\/media?parent=75763"}],"wp:term":[{"taxonomy":"category","embeddable":true,"href":"https:\/\/www.altominho.tv\/site\/wp-json\/wp\/v2\/categories?post=75763"},{"taxonomy":"post_tag","embeddable":true,"href":"https:\/\/www.altominho.tv\/site\/wp-json\/wp\/v2\/tags?post=75763"}],"curies":[{"name":"wp","href":"https:\/\/api.w.org\/{rel}","templated":true}]}}