{"id":75757,"date":"2022-02-01T08:55:43","date_gmt":"2022-02-01T08:55:43","guid":{"rendered":"https:\/\/www.altominho.tv\/site\/?p=75757"},"modified":"2022-02-15T16:34:46","modified_gmt":"2022-02-15T16:34:46","slug":"vacina-para-menores-de-cinco-da-pfizer-biontech-podera-estar-disponivel-em-fevereiro","status":"publish","type":"post","link":"https:\/\/www.altominho.tv\/site\/2022\/02\/01\/vacina-para-menores-de-cinco-da-pfizer-biontech-podera-estar-disponivel-em-fevereiro\/","title":{"rendered":"Vacina para menores de cinco da Pfizer\/BioNtech poder\u00e1 estar dispon\u00edvel em fevereiro"},"content":{"rendered":"\n<p>A vacina contra a covid-19 para crian\u00e7as com menos de cinco anos de idade a ser preparada por um cons\u00f3rcio de empresas composto pela Pfizer e BioNtech poder\u00e1 estar dispon\u00edvel no final de Fevereiro, segundo o The Washington Post.<\/p>\n\n\n\n<p>Segundo o jornal, que cita fontes familiarizadas com a investiga\u00e7\u00e3o, espera-se que as duas empresas farmac\u00eauticas apresentem hoje um pedido de autoriza\u00e7\u00e3o de utiliza\u00e7\u00e3o de emerg\u00eancia para a nova vers\u00e3o da vacina covid-19 \u00e0 US Food and Drug Administration (FDA).<\/p>\n\n\n\n<p>O medicamento pode ser administrado a crian\u00e7as entre os seis meses e os cinco anos de idade, o que o torna o primeiro a ser comercializado para esta faixa et\u00e1ria.<\/p>\n\n\n\n<p>A FDA instou as empresas a apresentarem o pedido para que os reguladores pudessem come\u00e7ar a rever os dados obtidos pelas empresas ap\u00f3s a administra\u00e7\u00e3o de duas doses da vacina, relata o jornal.<\/p>\n\n\n\n<p>Nos \u00faltimos meses, a empresa farmac\u00eautica tem tamb\u00e9m testado uma terceira dose neste grupo et\u00e1rio, ap\u00f3s os resultados da imuniza\u00e7\u00e3o de duas inje\u00e7\u00f5es n\u00e3o terem sido inteiramente satisfat\u00f3rios.<\/p>\n\n\n\n<p>Ainda assim, de acordo com o jornal, a empresa descobriu que as duas doses da vacina em crian\u00e7as s\u00e3o seguras e est\u00e1 agora a testar os resultados com uma inje\u00e7\u00e3o de refor\u00e7o, embora esta s\u00f3 esteja dispon\u00edvel pelo menos no final de Mar\u00e7o.<\/p>\n\n\n\n<p>Uma vez submetida essa informa\u00e7\u00e3o \u00e0 FDA, espera-se tamb\u00e9m que os reguladores autorizem uma terceira dose da vacina.<\/p>\n\n\n\n<p>Os conselheiros externos da FDA dever\u00e3o reunir-se sobre o pedido de duas doses em meados de fevereiro.<\/p>\n\n\n\n<p>Em dezembro, a Pfizer e a BioNTech anunciaram que duas doses da vacina em crian\u00e7as de 2, 3 e 4 anos n\u00e3o desencadeavam uma resposta imunit\u00e1ria compar\u00e1vel \u00e0 gerada em adolescentes e adultos.<\/p>\n\n\n\n<p>Mas o regime de duas doses criou uma resposta imunit\u00e1ria protetora em crian\u00e7as dos 6 meses aos 2 anos de idade. Os fabricantes de medicamentos adicionaram ent\u00e3o uma terceira inje\u00e7\u00e3o ao ensaio para tentar melhorar a resposta imunit\u00e1ria.<\/p>\n\n\n\n<p>No ensaio, as crian\u00e7as de 6 meses a 5 anos receberam duas doses de 3 inje\u00e7\u00f5es de microgramas, um d\u00e9cimo da dose dada aos adultos, com tr\u00eas semanas de intervalo.<\/p>\n","protected":false},"excerpt":{"rendered":"<p>A vacina contra a covid-19 para crian\u00e7as com menos de cinco anos de idade a ser preparada por um cons\u00f3rcio de empresas composto pela Pfizer e BioNtech poder\u00e1 estar dispon\u00edvel no final de Fevereiro, segundo o The Washington Post. Segundo o jornal, que cita fontes familiarizadas com a investiga\u00e7\u00e3o, espera-se que as duas empresas farmac\u00eauticas [&hellip;]<\/p>\n","protected":false},"author":16,"featured_media":75758,"comment_status":"closed","ping_status":"closed","sticky":false,"template":"","format":"standard","meta":{"_exactmetrics_skip_tracking":false,"_exactmetrics_sitenote_active":false,"_exactmetrics_sitenote_note":"","_exactmetrics_sitenote_category":0,"footnotes":""},"categories":[42722],"tags":[26],"class_list":["post-75757","post","type-post","status-publish","format-standard","has-post-thumbnail","hentry","category-covid-19","tag-saude"],"yoast_head":"<!-- This site is optimized with the Yoast SEO Premium plugin v27.4 (Yoast SEO v27.4) - https:\/\/yoast.com\/product\/yoast-seo-premium-wordpress\/ -->\n<title>Vacina para menores de cinco da Pfizer\/BioNtech poder\u00e1 estar dispon\u00edvel em fevereiro<\/title>\n<meta name=\"description\" content=\"A vacina contra a covid-19 para crian\u00e7as com menos de cinco a ser preparada por um cons\u00f3rcio de empresas composto pela Pfizer e BioNtech poder\u00e1 estar dispon\u00edvel no final de Fevereiro.\" \/>\n<meta name=\"robots\" content=\"index, follow, max-snippet:-1, max-image-preview:large, max-video-preview:-1\" \/>\n<link rel=\"canonical\" href=\"https:\/\/www.altominho.tv\/site\/2022\/02\/01\/vacina-para-menores-de-cinco-da-pfizer-biontech-podera-estar-disponivel-em-fevereiro\/\" \/>\n<meta property=\"og:locale\" content=\"pt_PT\" \/>\n<meta property=\"og:type\" content=\"article\" \/>\n<meta property=\"og:title\" content=\"Vacina para menores de cinco da Pfizer\/BioNtech poder\u00e1 estar dispon\u00edvel em fevereiro\" \/>\n<meta property=\"og:description\" content=\"A vacina contra a covid-19 para crian\u00e7as com menos de cinco a ser preparada por um cons\u00f3rcio de empresas composto pela Pfizer e BioNtech poder\u00e1 estar dispon\u00edvel no final de Fevereiro.\" \/>\n<meta property=\"og:url\" content=\"https:\/\/www.altominho.tv\/site\/2022\/02\/01\/vacina-para-menores-de-cinco-da-pfizer-biontech-podera-estar-disponivel-em-fevereiro\/\" \/>\n<meta property=\"og:site_name\" content=\"Altominho.tv\" \/>\n<meta property=\"article:publisher\" content=\"https:\/\/www.facebook.com\/altominhotv\" \/>\n<meta property=\"article:published_time\" content=\"2022-02-01T08:55:43+00:00\" \/>\n<meta property=\"article:modified_time\" content=\"2022-02-15T16:34:46+00:00\" \/>\n<meta property=\"og:image\" content=\"https:\/\/www.altominho.tv\/site\/wp-content\/uploads\/2022\/02\/vacinacao-infantil.jpeg\" \/>\n\t<meta property=\"og:image:width\" content=\"1024\" \/>\n\t<meta property=\"og:image:height\" content=\"682\" \/>\n\t<meta property=\"og:image:type\" content=\"image\/jpeg\" \/>\n<meta name=\"author\" content=\"Andreia Cunha | Lusa\" \/>\n<meta name=\"twitter:card\" content=\"summary_large_image\" \/>\n<meta name=\"twitter:creator\" content=\"@altominhoTV\" \/>\n<meta name=\"twitter:site\" content=\"@altominhoTV\" \/>\n<meta name=\"twitter:label1\" content=\"Escrito por\" \/>\n\t<meta name=\"twitter:data1\" content=\"Andreia Cunha | Lusa\" \/>\n\t<meta name=\"twitter:label2\" content=\"Tempo estimado de leitura\" \/>\n\t<meta name=\"twitter:data2\" content=\"2 minutos\" \/>\n<script type=\"application\/ld+json\" class=\"yoast-schema-graph\">{\"@context\":\"https:\\\/\\\/schema.org\",\"@graph\":[{\"@type\":\"Article\",\"@id\":\"https:\\\/\\\/www.altominho.tv\\\/site\\\/2022\\\/02\\\/01\\\/vacina-para-menores-de-cinco-da-pfizer-biontech-podera-estar-disponivel-em-fevereiro\\\/#article\",\"isPartOf\":{\"@id\":\"https:\\\/\\\/www.altominho.tv\\\/site\\\/2022\\\/02\\\/01\\\/vacina-para-menores-de-cinco-da-pfizer-biontech-podera-estar-disponivel-em-fevereiro\\\/\"},\"author\":{\"name\":\"Andreia Cunha | Lusa\",\"@id\":\"https:\\\/\\\/www.altominho.tv\\\/site\\\/#\\\/schema\\\/person\\\/dbaf181c01b51ff40c9f461a905d321e\"},\"headline\":\"Vacina para menores de cinco da Pfizer\\\/BioNtech poder\u00e1 estar dispon\u00edvel em fevereiro\",\"datePublished\":\"2022-02-01T08:55:43+00:00\",\"dateModified\":\"2022-02-15T16:34:46+00:00\",\"mainEntityOfPage\":{\"@id\":\"https:\\\/\\\/www.altominho.tv\\\/site\\\/2022\\\/02\\\/01\\\/vacina-para-menores-de-cinco-da-pfizer-biontech-podera-estar-disponivel-em-fevereiro\\\/\"},\"wordCount\":396,\"image\":{\"@id\":\"https:\\\/\\\/www.altominho.tv\\\/site\\\/2022\\\/02\\\/01\\\/vacina-para-menores-de-cinco-da-pfizer-biontech-podera-estar-disponivel-em-fevereiro\\\/#primaryimage\"},\"thumbnailUrl\":\"https:\\\/\\\/www.altominho.tv\\\/site\\\/wp-content\\\/uploads\\\/2022\\\/02\\\/vacinacao-infantil.jpeg\",\"keywords\":[\"Sa\u00fade\"],\"articleSection\":[\"Coronav\u00edrus\"],\"inLanguage\":\"pt-PT\",\"copyrightYear\":\"2022\",\"copyrightHolder\":{\"@id\":\"https:\\\/\\\/www.altominho.tv\\\/site\\\/#organization\"}},{\"@type\":\"WebPage\",\"@id\":\"https:\\\/\\\/www.altominho.tv\\\/site\\\/2022\\\/02\\\/01\\\/vacina-para-menores-de-cinco-da-pfizer-biontech-podera-estar-disponivel-em-fevereiro\\\/\",\"url\":\"https:\\\/\\\/www.altominho.tv\\\/site\\\/2022\\\/02\\\/01\\\/vacina-para-menores-de-cinco-da-pfizer-biontech-podera-estar-disponivel-em-fevereiro\\\/\",\"name\":\"Vacina para menores de cinco da Pfizer\\\/BioNtech poder\u00e1 estar dispon\u00edvel em fevereiro\",\"isPartOf\":{\"@id\":\"https:\\\/\\\/www.altominho.tv\\\/site\\\/#website\"},\"primaryImageOfPage\":{\"@id\":\"https:\\\/\\\/www.altominho.tv\\\/site\\\/2022\\\/02\\\/01\\\/vacina-para-menores-de-cinco-da-pfizer-biontech-podera-estar-disponivel-em-fevereiro\\\/#primaryimage\"},\"image\":{\"@id\":\"https:\\\/\\\/www.altominho.tv\\\/site\\\/2022\\\/02\\\/01\\\/vacina-para-menores-de-cinco-da-pfizer-biontech-podera-estar-disponivel-em-fevereiro\\\/#primaryimage\"},\"thumbnailUrl\":\"https:\\\/\\\/www.altominho.tv\\\/site\\\/wp-content\\\/uploads\\\/2022\\\/02\\\/vacinacao-infantil.jpeg\",\"datePublished\":\"2022-02-01T08:55:43+00:00\",\"dateModified\":\"2022-02-15T16:34:46+00:00\",\"author\":{\"@id\":\"https:\\\/\\\/www.altominho.tv\\\/site\\\/#\\\/schema\\\/person\\\/dbaf181c01b51ff40c9f461a905d321e\"},\"description\":\"A vacina contra a covid-19 para crian\u00e7as com menos de cinco a ser preparada por um cons\u00f3rcio de empresas composto pela Pfizer e BioNtech poder\u00e1 estar dispon\u00edvel no final de Fevereiro.\",\"breadcrumb\":{\"@id\":\"https:\\\/\\\/www.altominho.tv\\\/site\\\/2022\\\/02\\\/01\\\/vacina-para-menores-de-cinco-da-pfizer-biontech-podera-estar-disponivel-em-fevereiro\\\/#breadcrumb\"},\"inLanguage\":\"pt-PT\",\"potentialAction\":[{\"@type\":\"ReadAction\",\"target\":[\"https:\\\/\\\/www.altominho.tv\\\/site\\\/2022\\\/02\\\/01\\\/vacina-para-menores-de-cinco-da-pfizer-biontech-podera-estar-disponivel-em-fevereiro\\\/\"]}]},{\"@type\":\"ImageObject\",\"inLanguage\":\"pt-PT\",\"@id\":\"https:\\\/\\\/www.altominho.tv\\\/site\\\/2022\\\/02\\\/01\\\/vacina-para-menores-de-cinco-da-pfizer-biontech-podera-estar-disponivel-em-fevereiro\\\/#primaryimage\",\"url\":\"https:\\\/\\\/www.altominho.tv\\\/site\\\/wp-content\\\/uploads\\\/2022\\\/02\\\/vacinacao-infantil.jpeg\",\"contentUrl\":\"https:\\\/\\\/www.altominho.tv\\\/site\\\/wp-content\\\/uploads\\\/2022\\\/02\\\/vacinacao-infantil.jpeg\",\"width\":1024,\"height\":682},{\"@type\":\"BreadcrumbList\",\"@id\":\"https:\\\/\\\/www.altominho.tv\\\/site\\\/2022\\\/02\\\/01\\\/vacina-para-menores-de-cinco-da-pfizer-biontech-podera-estar-disponivel-em-fevereiro\\\/#breadcrumb\",\"itemListElement\":[{\"@type\":\"ListItem\",\"position\":1,\"name\":\"In\u00edcio\",\"item\":\"https:\\\/\\\/www.altominho.tv\\\/site\\\/\"},{\"@type\":\"ListItem\",\"position\":2,\"name\":\"Vacina para menores de cinco da Pfizer\\\/BioNtech poder\u00e1 estar dispon\u00edvel em fevereiro\"}]},{\"@type\":\"WebSite\",\"@id\":\"https:\\\/\\\/www.altominho.tv\\\/site\\\/#website\",\"url\":\"https:\\\/\\\/www.altominho.tv\\\/site\\\/\",\"name\":\"Altominho.tv\",\"description\":\"A sua regi\u00e3o \u00e0 dist\u00e2ncia de um clique...\",\"potentialAction\":[{\"@type\":\"SearchAction\",\"target\":{\"@type\":\"EntryPoint\",\"urlTemplate\":\"https:\\\/\\\/www.altominho.tv\\\/site\\\/?s={search_term_string}\"},\"query-input\":{\"@type\":\"PropertyValueSpecification\",\"valueRequired\":true,\"valueName\":\"search_term_string\"}}],\"inLanguage\":\"pt-PT\"},{\"@type\":\"Person\",\"@id\":\"https:\\\/\\\/www.altominho.tv\\\/site\\\/#\\\/schema\\\/person\\\/dbaf181c01b51ff40c9f461a905d321e\",\"name\":\"Andreia Cunha | Lusa\",\"image\":{\"@type\":\"ImageObject\",\"inLanguage\":\"pt-PT\",\"@id\":\"https:\\\/\\\/www.altominho.tv\\\/site\\\/wp-content\\\/uploads\\\/2017\\\/11\\\/Andreia_Cunha-1-150x150.jpg\",\"url\":\"https:\\\/\\\/www.altominho.tv\\\/site\\\/wp-content\\\/uploads\\\/2017\\\/11\\\/Andreia_Cunha-1-150x150.jpg\",\"contentUrl\":\"https:\\\/\\\/www.altominho.tv\\\/site\\\/wp-content\\\/uploads\\\/2017\\\/11\\\/Andreia_Cunha-1-150x150.jpg\",\"caption\":\"Andreia Cunha | Lusa\"},\"sameAs\":[\"https:\\\/\\\/www.altominho.tv\\\/site\"],\"url\":\"https:\\\/\\\/www.altominho.tv\\\/site\\\/author\\\/andreiacunhalusa\\\/\"}]}<\/script>\n<!-- \/ Yoast SEO Premium plugin. -->","yoast_head_json":{"title":"Vacina para menores de cinco da Pfizer\/BioNtech poder\u00e1 estar dispon\u00edvel em fevereiro","description":"A vacina contra a covid-19 para crian\u00e7as com menos de cinco a ser preparada por um cons\u00f3rcio de empresas composto pela Pfizer e BioNtech poder\u00e1 estar dispon\u00edvel no final de Fevereiro.","robots":{"index":"index","follow":"follow","max-snippet":"max-snippet:-1","max-image-preview":"max-image-preview:large","max-video-preview":"max-video-preview:-1"},"canonical":"https:\/\/www.altominho.tv\/site\/2022\/02\/01\/vacina-para-menores-de-cinco-da-pfizer-biontech-podera-estar-disponivel-em-fevereiro\/","og_locale":"pt_PT","og_type":"article","og_title":"Vacina para menores de cinco da Pfizer\/BioNtech poder\u00e1 estar dispon\u00edvel em fevereiro","og_description":"A vacina contra a covid-19 para crian\u00e7as com menos de cinco a ser preparada por um cons\u00f3rcio de empresas composto pela Pfizer e BioNtech poder\u00e1 estar dispon\u00edvel no final de Fevereiro.","og_url":"https:\/\/www.altominho.tv\/site\/2022\/02\/01\/vacina-para-menores-de-cinco-da-pfizer-biontech-podera-estar-disponivel-em-fevereiro\/","og_site_name":"Altominho.tv","article_publisher":"https:\/\/www.facebook.com\/altominhotv","article_published_time":"2022-02-01T08:55:43+00:00","article_modified_time":"2022-02-15T16:34:46+00:00","og_image":[{"width":1024,"height":682,"url":"https:\/\/www.altominho.tv\/site\/wp-content\/uploads\/2022\/02\/vacinacao-infantil.jpeg","type":"image\/jpeg"}],"author":"Andreia Cunha | Lusa","twitter_card":"summary_large_image","twitter_creator":"@altominhoTV","twitter_site":"@altominhoTV","twitter_misc":{"Escrito por":"Andreia Cunha | Lusa","Tempo estimado de leitura":"2 minutos"},"schema":{"@context":"https:\/\/schema.org","@graph":[{"@type":"Article","@id":"https:\/\/www.altominho.tv\/site\/2022\/02\/01\/vacina-para-menores-de-cinco-da-pfizer-biontech-podera-estar-disponivel-em-fevereiro\/#article","isPartOf":{"@id":"https:\/\/www.altominho.tv\/site\/2022\/02\/01\/vacina-para-menores-de-cinco-da-pfizer-biontech-podera-estar-disponivel-em-fevereiro\/"},"author":{"name":"Andreia Cunha | Lusa","@id":"https:\/\/www.altominho.tv\/site\/#\/schema\/person\/dbaf181c01b51ff40c9f461a905d321e"},"headline":"Vacina para menores de cinco da Pfizer\/BioNtech poder\u00e1 estar dispon\u00edvel em fevereiro","datePublished":"2022-02-01T08:55:43+00:00","dateModified":"2022-02-15T16:34:46+00:00","mainEntityOfPage":{"@id":"https:\/\/www.altominho.tv\/site\/2022\/02\/01\/vacina-para-menores-de-cinco-da-pfizer-biontech-podera-estar-disponivel-em-fevereiro\/"},"wordCount":396,"image":{"@id":"https:\/\/www.altominho.tv\/site\/2022\/02\/01\/vacina-para-menores-de-cinco-da-pfizer-biontech-podera-estar-disponivel-em-fevereiro\/#primaryimage"},"thumbnailUrl":"https:\/\/www.altominho.tv\/site\/wp-content\/uploads\/2022\/02\/vacinacao-infantil.jpeg","keywords":["Sa\u00fade"],"articleSection":["Coronav\u00edrus"],"inLanguage":"pt-PT","copyrightYear":"2022","copyrightHolder":{"@id":"https:\/\/www.altominho.tv\/site\/#organization"}},{"@type":"WebPage","@id":"https:\/\/www.altominho.tv\/site\/2022\/02\/01\/vacina-para-menores-de-cinco-da-pfizer-biontech-podera-estar-disponivel-em-fevereiro\/","url":"https:\/\/www.altominho.tv\/site\/2022\/02\/01\/vacina-para-menores-de-cinco-da-pfizer-biontech-podera-estar-disponivel-em-fevereiro\/","name":"Vacina para menores de cinco da Pfizer\/BioNtech poder\u00e1 estar dispon\u00edvel em fevereiro","isPartOf":{"@id":"https:\/\/www.altominho.tv\/site\/#website"},"primaryImageOfPage":{"@id":"https:\/\/www.altominho.tv\/site\/2022\/02\/01\/vacina-para-menores-de-cinco-da-pfizer-biontech-podera-estar-disponivel-em-fevereiro\/#primaryimage"},"image":{"@id":"https:\/\/www.altominho.tv\/site\/2022\/02\/01\/vacina-para-menores-de-cinco-da-pfizer-biontech-podera-estar-disponivel-em-fevereiro\/#primaryimage"},"thumbnailUrl":"https:\/\/www.altominho.tv\/site\/wp-content\/uploads\/2022\/02\/vacinacao-infantil.jpeg","datePublished":"2022-02-01T08:55:43+00:00","dateModified":"2022-02-15T16:34:46+00:00","author":{"@id":"https:\/\/www.altominho.tv\/site\/#\/schema\/person\/dbaf181c01b51ff40c9f461a905d321e"},"description":"A vacina contra a covid-19 para crian\u00e7as com menos de cinco a ser preparada por um cons\u00f3rcio de empresas composto pela Pfizer e BioNtech poder\u00e1 estar dispon\u00edvel no final de Fevereiro.","breadcrumb":{"@id":"https:\/\/www.altominho.tv\/site\/2022\/02\/01\/vacina-para-menores-de-cinco-da-pfizer-biontech-podera-estar-disponivel-em-fevereiro\/#breadcrumb"},"inLanguage":"pt-PT","potentialAction":[{"@type":"ReadAction","target":["https:\/\/www.altominho.tv\/site\/2022\/02\/01\/vacina-para-menores-de-cinco-da-pfizer-biontech-podera-estar-disponivel-em-fevereiro\/"]}]},{"@type":"ImageObject","inLanguage":"pt-PT","@id":"https:\/\/www.altominho.tv\/site\/2022\/02\/01\/vacina-para-menores-de-cinco-da-pfizer-biontech-podera-estar-disponivel-em-fevereiro\/#primaryimage","url":"https:\/\/www.altominho.tv\/site\/wp-content\/uploads\/2022\/02\/vacinacao-infantil.jpeg","contentUrl":"https:\/\/www.altominho.tv\/site\/wp-content\/uploads\/2022\/02\/vacinacao-infantil.jpeg","width":1024,"height":682},{"@type":"BreadcrumbList","@id":"https:\/\/www.altominho.tv\/site\/2022\/02\/01\/vacina-para-menores-de-cinco-da-pfizer-biontech-podera-estar-disponivel-em-fevereiro\/#breadcrumb","itemListElement":[{"@type":"ListItem","position":1,"name":"In\u00edcio","item":"https:\/\/www.altominho.tv\/site\/"},{"@type":"ListItem","position":2,"name":"Vacina para menores de cinco da Pfizer\/BioNtech poder\u00e1 estar dispon\u00edvel em fevereiro"}]},{"@type":"WebSite","@id":"https:\/\/www.altominho.tv\/site\/#website","url":"https:\/\/www.altominho.tv\/site\/","name":"Altominho.tv","description":"A sua regi\u00e3o \u00e0 dist\u00e2ncia de um clique...","potentialAction":[{"@type":"SearchAction","target":{"@type":"EntryPoint","urlTemplate":"https:\/\/www.altominho.tv\/site\/?s={search_term_string}"},"query-input":{"@type":"PropertyValueSpecification","valueRequired":true,"valueName":"search_term_string"}}],"inLanguage":"pt-PT"},{"@type":"Person","@id":"https:\/\/www.altominho.tv\/site\/#\/schema\/person\/dbaf181c01b51ff40c9f461a905d321e","name":"Andreia Cunha | Lusa","image":{"@type":"ImageObject","inLanguage":"pt-PT","@id":"https:\/\/www.altominho.tv\/site\/wp-content\/uploads\/2017\/11\/Andreia_Cunha-1-150x150.jpg","url":"https:\/\/www.altominho.tv\/site\/wp-content\/uploads\/2017\/11\/Andreia_Cunha-1-150x150.jpg","contentUrl":"https:\/\/www.altominho.tv\/site\/wp-content\/uploads\/2017\/11\/Andreia_Cunha-1-150x150.jpg","caption":"Andreia Cunha | Lusa"},"sameAs":["https:\/\/www.altominho.tv\/site"],"url":"https:\/\/www.altominho.tv\/site\/author\/andreiacunhalusa\/"}]}},"_links":{"self":[{"href":"https:\/\/www.altominho.tv\/site\/wp-json\/wp\/v2\/posts\/75757","targetHints":{"allow":["GET"]}}],"collection":[{"href":"https:\/\/www.altominho.tv\/site\/wp-json\/wp\/v2\/posts"}],"about":[{"href":"https:\/\/www.altominho.tv\/site\/wp-json\/wp\/v2\/types\/post"}],"author":[{"embeddable":true,"href":"https:\/\/www.altominho.tv\/site\/wp-json\/wp\/v2\/users\/16"}],"replies":[{"embeddable":true,"href":"https:\/\/www.altominho.tv\/site\/wp-json\/wp\/v2\/comments?post=75757"}],"version-history":[{"count":0,"href":"https:\/\/www.altominho.tv\/site\/wp-json\/wp\/v2\/posts\/75757\/revisions"}],"wp:featuredmedia":[{"embeddable":true,"href":"https:\/\/www.altominho.tv\/site\/wp-json\/wp\/v2\/media\/75758"}],"wp:attachment":[{"href":"https:\/\/www.altominho.tv\/site\/wp-json\/wp\/v2\/media?parent=75757"}],"wp:term":[{"taxonomy":"category","embeddable":true,"href":"https:\/\/www.altominho.tv\/site\/wp-json\/wp\/v2\/categories?post=75757"},{"taxonomy":"post_tag","embeddable":true,"href":"https:\/\/www.altominho.tv\/site\/wp-json\/wp\/v2\/tags?post=75757"}],"curies":[{"name":"wp","href":"https:\/\/api.w.org\/{rel}","templated":true}]}}