{"id":75688,"date":"2022-01-31T12:22:23","date_gmt":"2022-01-31T12:22:23","guid":{"rendered":"https:\/\/www.altominho.tv\/site\/?p=75688"},"modified":"2022-02-15T16:29:33","modified_gmt":"2022-02-15T16:29:33","slug":"casos-ativos-de-covid-19-sobem-para-11-011-no-alto-minho","status":"publish","type":"post","link":"https:\/\/www.altominho.tv\/site\/2022\/01\/31\/casos-ativos-de-covid-19-sobem-para-11-011-no-alto-minho\/","title":{"rendered":"Casos ativos de covid-19 sobem para 11.011 no Alto Minho"},"content":{"rendered":"\n<p>A regi\u00e3o do Alto Minho registou, desde a passada ter\u00e7a-feira, dia 25 de janeiro, 4634 novos casos de infe\u00e7\u00e3o pelo coronav\u00edrus SARS-CoV-2 e 1992 recuperados. H\u00e1 tamb\u00e9m registo de mais quatro mortes no distrito de Viana do Castelo.<\/p>\n\n\n\n<p>Segundo o relat\u00f3rio mais recente da Unidade Local de Sa\u00fade do Alto Minho (ULSAM), o n\u00famero de casos ativos aumentou para 11.011.<\/p>\n\n\n\n<p>O boletim epidemiol\u00f3gico com dados atualizados at\u00e9 a passada sexta-feira, indica que o distrito de Viana do Castelo contabiliza um total de 51.653 casos confirmados, 473 \u00f3bitos e 40.169 recuperados desde o in\u00edcio da pandemia.<\/p>\n\n\n\n<p>O concelho de Viana do Castelo tem um total de 4275 casos positivos. Nos \u00faltimos dias, foram confirmadas 1856 novas infe\u00e7\u00f5es, 759 recupera\u00e7\u00f5es e uma morte.<\/p>\n\n\n\n<p>Em Ponte de Lima foram registadas mais 779 infe\u00e7\u00f5es, 390 recuperados e uma morte, num total de 2122.<\/p>\n\n\n\n<p>Ap\u00f3s confirma\u00e7\u00e3o de 415 novos casos e 131 recupera\u00e7\u00f5es, o concelho de Mon\u00e7\u00e3o tem agora 925 infe\u00e7\u00f5es ativas.<\/p>\n\n\n\n<p>Com 382 casos de Covid-19, dois \u00f3bitos e mais 161 pessoas dadas como recuperadas desde a \u00faltima atualiza\u00e7\u00e3o da ULSAM, o n\u00famero de casos ativos no concelho de Arcos de Valdevez subiu para 882<\/p>\n\n\n\n<p>Em Valen\u00e7a registaram-se 296 casos de infe\u00e7\u00e3o e mais 148 recuperados, subindo para 679 infetados.<\/p>\n\n\n\n<p>O concelho de Caminha tem 638 casos ativos, ap\u00f3s confirma\u00e7\u00e3o de 256 novas infe\u00e7\u00f5es e 109 recuperados.<\/p>\n\n\n\n<p>Ponte da Barca somou mais 216 positivos e mais 71 pessoas recuperaram da doen\u00e7a. O n\u00famero de casos ativos subiu para 472.<\/p>\n\n\n\n<p>Vila Nova de Cerveira registou mais 178 novos casos e 84 recuperados. H\u00e1 471 casos ativos de covid-19 no concelho.<\/p>\n\n\n\n<p>Paredes de Coura conta com mais 160 novos casos e 108 recuperados, sendo 355 o n\u00famero de casos ativos.<\/p>\n\n\n\n<p>Em Melga\u00e7o h\u00e1 192 casos ativos, com 96 novos casos e 31 recuoerados.<\/p>\n\n\n\n<figure class=\"wp-block-image size-large\"><img loading=\"lazy\" decoding=\"async\" width=\"725\" height=\"1024\" src=\"https:\/\/www.altominho.tv\/site\/wp-content\/uploads\/2022\/01\/Dados-Covid--725x1024.jpeg\" alt=\"\" class=\"wp-image-75689\" srcset=\"https:\/\/www.altominho.tv\/site\/wp-content\/uploads\/2022\/01\/Dados-Covid--725x1024.jpeg 725w, https:\/\/www.altominho.tv\/site\/wp-content\/uploads\/2022\/01\/Dados-Covid--306x433.jpeg 306w, https:\/\/www.altominho.tv\/site\/wp-content\/uploads\/2022\/01\/Dados-Covid--768x1085.jpeg 768w, https:\/\/www.altominho.tv\/site\/wp-content\/uploads\/2022\/01\/Dados-Covid--1087x1536.jpeg 1087w, https:\/\/www.altominho.tv\/site\/wp-content\/uploads\/2022\/01\/Dados-Covid--370x523.jpeg 370w, https:\/\/www.altominho.tv\/site\/wp-content\/uploads\/2022\/01\/Dados-Covid--270x382.jpeg 270w, https:\/\/www.altominho.tv\/site\/wp-content\/uploads\/2022\/01\/Dados-Covid--570x806.jpeg 570w, https:\/\/www.altominho.tv\/site\/wp-content\/uploads\/2022\/01\/Dados-Covid--740x1046.jpeg 740w, https:\/\/www.altominho.tv\/site\/wp-content\/uploads\/2022\/01\/Dados-Covid-.jpeg 1241w\" sizes=\"auto, (max-width: 725px) 100vw, 725px\" \/><\/figure>\n","protected":false},"excerpt":{"rendered":"<p>A regi\u00e3o do Alto Minho registou, desde a passada ter\u00e7a-feira, dia 25 de janeiro, 4634 novos casos de infe\u00e7\u00e3o pelo coronav\u00edrus SARS-CoV-2 e 1992 recuperados. H\u00e1 tamb\u00e9m registo de mais quatro mortes no distrito de Viana do Castelo. Segundo o relat\u00f3rio mais recente da Unidade Local de Sa\u00fade do Alto Minho (ULSAM), o n\u00famero de [&hellip;]<\/p>\n","protected":false},"author":7,"featured_media":75002,"comment_status":"closed","ping_status":"closed","sticky":false,"template":"","format":"standard","meta":{"_exactmetrics_skip_tracking":false,"_exactmetrics_sitenote_active":false,"_exactmetrics_sitenote_note":"","_exactmetrics_sitenote_category":0,"footnotes":""},"categories":[73],"tags":[26],"class_list":["post-75688","post","type-post","status-publish","format-standard","has-post-thumbnail","hentry","category-alto-minho","tag-saude"],"yoast_head":"<!-- This site is optimized with the Yoast SEO Premium plugin v27.4 (Yoast SEO v27.4) - https:\/\/yoast.com\/product\/yoast-seo-premium-wordpress\/ -->\n<title>Casos ativos de covid-19 sobem para 11.011 no Alto Minho<\/title>\n<meta name=\"description\" content=\"Segundo o relat\u00f3rio mais recente da Unidade Local de Sa\u00fade do Alto Minho (ULSAM), o n\u00famero de casos ativos aumentou para 11.011.\" \/>\n<meta name=\"robots\" content=\"index, follow, max-snippet:-1, max-image-preview:large, max-video-preview:-1\" \/>\n<link rel=\"canonical\" href=\"https:\/\/www.altominho.tv\/site\/2022\/01\/31\/casos-ativos-de-covid-19-sobem-para-11-011-no-alto-minho\/\" \/>\n<meta property=\"og:locale\" content=\"pt_PT\" \/>\n<meta property=\"og:type\" content=\"article\" \/>\n<meta property=\"og:title\" content=\"Casos ativos de covid-19 sobem para 11.011 no Alto Minho\" \/>\n<meta property=\"og:description\" content=\"Segundo o relat\u00f3rio mais recente da Unidade Local de Sa\u00fade do Alto Minho (ULSAM), o n\u00famero de casos ativos aumentou para 11.011.\" \/>\n<meta property=\"og:url\" content=\"https:\/\/www.altominho.tv\/site\/2022\/01\/31\/casos-ativos-de-covid-19-sobem-para-11-011-no-alto-minho\/\" \/>\n<meta property=\"og:site_name\" content=\"Altominho.tv\" \/>\n<meta property=\"article:publisher\" content=\"https:\/\/www.facebook.com\/altominhotv\" \/>\n<meta property=\"article:published_time\" content=\"2022-01-31T12:22:23+00:00\" \/>\n<meta property=\"article:modified_time\" content=\"2022-02-15T16:29:33+00:00\" \/>\n<meta property=\"og:image\" content=\"https:\/\/www.altominho.tv\/site\/wp-content\/uploads\/2022\/01\/ulsam_ATV-1.jpg\" \/>\n\t<meta property=\"og:image:width\" content=\"940\" \/>\n\t<meta property=\"og:image:height\" content=\"490\" \/>\n\t<meta property=\"og:image:type\" content=\"image\/jpeg\" \/>\n<meta name=\"author\" content=\"Andreia Cunha\" \/>\n<meta name=\"twitter:card\" content=\"summary_large_image\" \/>\n<meta name=\"twitter:creator\" content=\"@altominhoTV\" \/>\n<meta name=\"twitter:site\" content=\"@altominhoTV\" \/>\n<meta name=\"twitter:label1\" content=\"Escrito por\" \/>\n\t<meta name=\"twitter:data1\" content=\"Andreia Cunha\" \/>\n\t<meta name=\"twitter:label2\" content=\"Tempo estimado de leitura\" \/>\n\t<meta name=\"twitter:data2\" content=\"2 minutos\" \/>\n<script type=\"application\/ld+json\" class=\"yoast-schema-graph\">{\"@context\":\"https:\\\/\\\/schema.org\",\"@graph\":[{\"@type\":\"Article\",\"@id\":\"https:\\\/\\\/www.altominho.tv\\\/site\\\/2022\\\/01\\\/31\\\/casos-ativos-de-covid-19-sobem-para-11-011-no-alto-minho\\\/#article\",\"isPartOf\":{\"@id\":\"https:\\\/\\\/www.altominho.tv\\\/site\\\/2022\\\/01\\\/31\\\/casos-ativos-de-covid-19-sobem-para-11-011-no-alto-minho\\\/\"},\"author\":{\"name\":\"Andreia Cunha\",\"@id\":\"https:\\\/\\\/www.altominho.tv\\\/site\\\/#\\\/schema\\\/person\\\/a0e4ef6d041f98ca284393d8f1d97153\"},\"headline\":\"Casos ativos de covid-19 sobem para 11.011 no Alto Minho\",\"datePublished\":\"2022-01-31T12:22:23+00:00\",\"dateModified\":\"2022-02-15T16:29:33+00:00\",\"mainEntityOfPage\":{\"@id\":\"https:\\\/\\\/www.altominho.tv\\\/site\\\/2022\\\/01\\\/31\\\/casos-ativos-de-covid-19-sobem-para-11-011-no-alto-minho\\\/\"},\"wordCount\":298,\"image\":{\"@id\":\"https:\\\/\\\/www.altominho.tv\\\/site\\\/2022\\\/01\\\/31\\\/casos-ativos-de-covid-19-sobem-para-11-011-no-alto-minho\\\/#primaryimage\"},\"thumbnailUrl\":\"https:\\\/\\\/www.altominho.tv\\\/site\\\/wp-content\\\/uploads\\\/2022\\\/01\\\/ulsam_ATV-1.jpg\",\"keywords\":[\"Sa\u00fade\"],\"articleSection\":[\"Alto Minho\"],\"inLanguage\":\"pt-PT\",\"copyrightYear\":\"2022\",\"copyrightHolder\":{\"@id\":\"https:\\\/\\\/www.altominho.tv\\\/site\\\/#organization\"}},{\"@type\":\"WebPage\",\"@id\":\"https:\\\/\\\/www.altominho.tv\\\/site\\\/2022\\\/01\\\/31\\\/casos-ativos-de-covid-19-sobem-para-11-011-no-alto-minho\\\/\",\"url\":\"https:\\\/\\\/www.altominho.tv\\\/site\\\/2022\\\/01\\\/31\\\/casos-ativos-de-covid-19-sobem-para-11-011-no-alto-minho\\\/\",\"name\":\"Casos ativos de covid-19 sobem para 11.011 no Alto Minho\",\"isPartOf\":{\"@id\":\"https:\\\/\\\/www.altominho.tv\\\/site\\\/#website\"},\"primaryImageOfPage\":{\"@id\":\"https:\\\/\\\/www.altominho.tv\\\/site\\\/2022\\\/01\\\/31\\\/casos-ativos-de-covid-19-sobem-para-11-011-no-alto-minho\\\/#primaryimage\"},\"image\":{\"@id\":\"https:\\\/\\\/www.altominho.tv\\\/site\\\/2022\\\/01\\\/31\\\/casos-ativos-de-covid-19-sobem-para-11-011-no-alto-minho\\\/#primaryimage\"},\"thumbnailUrl\":\"https:\\\/\\\/www.altominho.tv\\\/site\\\/wp-content\\\/uploads\\\/2022\\\/01\\\/ulsam_ATV-1.jpg\",\"datePublished\":\"2022-01-31T12:22:23+00:00\",\"dateModified\":\"2022-02-15T16:29:33+00:00\",\"author\":{\"@id\":\"https:\\\/\\\/www.altominho.tv\\\/site\\\/#\\\/schema\\\/person\\\/a0e4ef6d041f98ca284393d8f1d97153\"},\"description\":\"Segundo o relat\u00f3rio mais recente da Unidade Local de Sa\u00fade do Alto Minho (ULSAM), o n\u00famero de casos ativos aumentou para 11.011.\",\"breadcrumb\":{\"@id\":\"https:\\\/\\\/www.altominho.tv\\\/site\\\/2022\\\/01\\\/31\\\/casos-ativos-de-covid-19-sobem-para-11-011-no-alto-minho\\\/#breadcrumb\"},\"inLanguage\":\"pt-PT\",\"potentialAction\":[{\"@type\":\"ReadAction\",\"target\":[\"https:\\\/\\\/www.altominho.tv\\\/site\\\/2022\\\/01\\\/31\\\/casos-ativos-de-covid-19-sobem-para-11-011-no-alto-minho\\\/\"]}]},{\"@type\":\"ImageObject\",\"inLanguage\":\"pt-PT\",\"@id\":\"https:\\\/\\\/www.altominho.tv\\\/site\\\/2022\\\/01\\\/31\\\/casos-ativos-de-covid-19-sobem-para-11-011-no-alto-minho\\\/#primaryimage\",\"url\":\"https:\\\/\\\/www.altominho.tv\\\/site\\\/wp-content\\\/uploads\\\/2022\\\/01\\\/ulsam_ATV-1.jpg\",\"contentUrl\":\"https:\\\/\\\/www.altominho.tv\\\/site\\\/wp-content\\\/uploads\\\/2022\\\/01\\\/ulsam_ATV-1.jpg\",\"width\":940,\"height\":490},{\"@type\":\"BreadcrumbList\",\"@id\":\"https:\\\/\\\/www.altominho.tv\\\/site\\\/2022\\\/01\\\/31\\\/casos-ativos-de-covid-19-sobem-para-11-011-no-alto-minho\\\/#breadcrumb\",\"itemListElement\":[{\"@type\":\"ListItem\",\"position\":1,\"name\":\"In\u00edcio\",\"item\":\"https:\\\/\\\/www.altominho.tv\\\/site\\\/\"},{\"@type\":\"ListItem\",\"position\":2,\"name\":\"Casos ativos de covid-19 sobem para 11.011 no Alto Minho\"}]},{\"@type\":\"WebSite\",\"@id\":\"https:\\\/\\\/www.altominho.tv\\\/site\\\/#website\",\"url\":\"https:\\\/\\\/www.altominho.tv\\\/site\\\/\",\"name\":\"Altominho.tv\",\"description\":\"A sua regi\u00e3o \u00e0 dist\u00e2ncia de um clique...\",\"potentialAction\":[{\"@type\":\"SearchAction\",\"target\":{\"@type\":\"EntryPoint\",\"urlTemplate\":\"https:\\\/\\\/www.altominho.tv\\\/site\\\/?s={search_term_string}\"},\"query-input\":{\"@type\":\"PropertyValueSpecification\",\"valueRequired\":true,\"valueName\":\"search_term_string\"}}],\"inLanguage\":\"pt-PT\"},{\"@type\":\"Person\",\"@id\":\"https:\\\/\\\/www.altominho.tv\\\/site\\\/#\\\/schema\\\/person\\\/a0e4ef6d041f98ca284393d8f1d97153\",\"name\":\"Andreia Cunha\",\"image\":{\"@type\":\"ImageObject\",\"inLanguage\":\"pt-PT\",\"@id\":\"https:\\\/\\\/www.altominho.tv\\\/site\\\/wp-content\\\/uploads\\\/2017\\\/11\\\/Andreia_Cunha-1-150x150.jpg\",\"url\":\"https:\\\/\\\/www.altominho.tv\\\/site\\\/wp-content\\\/uploads\\\/2017\\\/11\\\/Andreia_Cunha-1-150x150.jpg\",\"contentUrl\":\"https:\\\/\\\/www.altominho.tv\\\/site\\\/wp-content\\\/uploads\\\/2017\\\/11\\\/Andreia_Cunha-1-150x150.jpg\",\"caption\":\"Andreia Cunha\"},\"url\":\"https:\\\/\\\/www.altominho.tv\\\/site\\\/author\\\/andreiacunha\\\/\"}]}<\/script>\n<!-- \/ Yoast SEO Premium plugin. -->","yoast_head_json":{"title":"Casos ativos de covid-19 sobem para 11.011 no Alto Minho","description":"Segundo o relat\u00f3rio mais recente da Unidade Local de Sa\u00fade do Alto Minho (ULSAM), o n\u00famero de casos ativos aumentou para 11.011.","robots":{"index":"index","follow":"follow","max-snippet":"max-snippet:-1","max-image-preview":"max-image-preview:large","max-video-preview":"max-video-preview:-1"},"canonical":"https:\/\/www.altominho.tv\/site\/2022\/01\/31\/casos-ativos-de-covid-19-sobem-para-11-011-no-alto-minho\/","og_locale":"pt_PT","og_type":"article","og_title":"Casos ativos de covid-19 sobem para 11.011 no Alto Minho","og_description":"Segundo o relat\u00f3rio mais recente da Unidade Local de Sa\u00fade do Alto Minho (ULSAM), o n\u00famero de casos ativos aumentou para 11.011.","og_url":"https:\/\/www.altominho.tv\/site\/2022\/01\/31\/casos-ativos-de-covid-19-sobem-para-11-011-no-alto-minho\/","og_site_name":"Altominho.tv","article_publisher":"https:\/\/www.facebook.com\/altominhotv","article_published_time":"2022-01-31T12:22:23+00:00","article_modified_time":"2022-02-15T16:29:33+00:00","og_image":[{"width":940,"height":490,"url":"https:\/\/www.altominho.tv\/site\/wp-content\/uploads\/2022\/01\/ulsam_ATV-1.jpg","type":"image\/jpeg"}],"author":"Andreia Cunha","twitter_card":"summary_large_image","twitter_creator":"@altominhoTV","twitter_site":"@altominhoTV","twitter_misc":{"Escrito por":"Andreia Cunha","Tempo estimado de leitura":"2 minutos"},"schema":{"@context":"https:\/\/schema.org","@graph":[{"@type":"Article","@id":"https:\/\/www.altominho.tv\/site\/2022\/01\/31\/casos-ativos-de-covid-19-sobem-para-11-011-no-alto-minho\/#article","isPartOf":{"@id":"https:\/\/www.altominho.tv\/site\/2022\/01\/31\/casos-ativos-de-covid-19-sobem-para-11-011-no-alto-minho\/"},"author":{"name":"Andreia Cunha","@id":"https:\/\/www.altominho.tv\/site\/#\/schema\/person\/a0e4ef6d041f98ca284393d8f1d97153"},"headline":"Casos ativos de covid-19 sobem para 11.011 no Alto Minho","datePublished":"2022-01-31T12:22:23+00:00","dateModified":"2022-02-15T16:29:33+00:00","mainEntityOfPage":{"@id":"https:\/\/www.altominho.tv\/site\/2022\/01\/31\/casos-ativos-de-covid-19-sobem-para-11-011-no-alto-minho\/"},"wordCount":298,"image":{"@id":"https:\/\/www.altominho.tv\/site\/2022\/01\/31\/casos-ativos-de-covid-19-sobem-para-11-011-no-alto-minho\/#primaryimage"},"thumbnailUrl":"https:\/\/www.altominho.tv\/site\/wp-content\/uploads\/2022\/01\/ulsam_ATV-1.jpg","keywords":["Sa\u00fade"],"articleSection":["Alto Minho"],"inLanguage":"pt-PT","copyrightYear":"2022","copyrightHolder":{"@id":"https:\/\/www.altominho.tv\/site\/#organization"}},{"@type":"WebPage","@id":"https:\/\/www.altominho.tv\/site\/2022\/01\/31\/casos-ativos-de-covid-19-sobem-para-11-011-no-alto-minho\/","url":"https:\/\/www.altominho.tv\/site\/2022\/01\/31\/casos-ativos-de-covid-19-sobem-para-11-011-no-alto-minho\/","name":"Casos ativos de covid-19 sobem para 11.011 no Alto Minho","isPartOf":{"@id":"https:\/\/www.altominho.tv\/site\/#website"},"primaryImageOfPage":{"@id":"https:\/\/www.altominho.tv\/site\/2022\/01\/31\/casos-ativos-de-covid-19-sobem-para-11-011-no-alto-minho\/#primaryimage"},"image":{"@id":"https:\/\/www.altominho.tv\/site\/2022\/01\/31\/casos-ativos-de-covid-19-sobem-para-11-011-no-alto-minho\/#primaryimage"},"thumbnailUrl":"https:\/\/www.altominho.tv\/site\/wp-content\/uploads\/2022\/01\/ulsam_ATV-1.jpg","datePublished":"2022-01-31T12:22:23+00:00","dateModified":"2022-02-15T16:29:33+00:00","author":{"@id":"https:\/\/www.altominho.tv\/site\/#\/schema\/person\/a0e4ef6d041f98ca284393d8f1d97153"},"description":"Segundo o relat\u00f3rio mais recente da Unidade Local de Sa\u00fade do Alto Minho (ULSAM), o n\u00famero de casos ativos aumentou para 11.011.","breadcrumb":{"@id":"https:\/\/www.altominho.tv\/site\/2022\/01\/31\/casos-ativos-de-covid-19-sobem-para-11-011-no-alto-minho\/#breadcrumb"},"inLanguage":"pt-PT","potentialAction":[{"@type":"ReadAction","target":["https:\/\/www.altominho.tv\/site\/2022\/01\/31\/casos-ativos-de-covid-19-sobem-para-11-011-no-alto-minho\/"]}]},{"@type":"ImageObject","inLanguage":"pt-PT","@id":"https:\/\/www.altominho.tv\/site\/2022\/01\/31\/casos-ativos-de-covid-19-sobem-para-11-011-no-alto-minho\/#primaryimage","url":"https:\/\/www.altominho.tv\/site\/wp-content\/uploads\/2022\/01\/ulsam_ATV-1.jpg","contentUrl":"https:\/\/www.altominho.tv\/site\/wp-content\/uploads\/2022\/01\/ulsam_ATV-1.jpg","width":940,"height":490},{"@type":"BreadcrumbList","@id":"https:\/\/www.altominho.tv\/site\/2022\/01\/31\/casos-ativos-de-covid-19-sobem-para-11-011-no-alto-minho\/#breadcrumb","itemListElement":[{"@type":"ListItem","position":1,"name":"In\u00edcio","item":"https:\/\/www.altominho.tv\/site\/"},{"@type":"ListItem","position":2,"name":"Casos ativos de covid-19 sobem para 11.011 no Alto Minho"}]},{"@type":"WebSite","@id":"https:\/\/www.altominho.tv\/site\/#website","url":"https:\/\/www.altominho.tv\/site\/","name":"Altominho.tv","description":"A sua regi\u00e3o \u00e0 dist\u00e2ncia de um clique...","potentialAction":[{"@type":"SearchAction","target":{"@type":"EntryPoint","urlTemplate":"https:\/\/www.altominho.tv\/site\/?s={search_term_string}"},"query-input":{"@type":"PropertyValueSpecification","valueRequired":true,"valueName":"search_term_string"}}],"inLanguage":"pt-PT"},{"@type":"Person","@id":"https:\/\/www.altominho.tv\/site\/#\/schema\/person\/a0e4ef6d041f98ca284393d8f1d97153","name":"Andreia Cunha","image":{"@type":"ImageObject","inLanguage":"pt-PT","@id":"https:\/\/www.altominho.tv\/site\/wp-content\/uploads\/2017\/11\/Andreia_Cunha-1-150x150.jpg","url":"https:\/\/www.altominho.tv\/site\/wp-content\/uploads\/2017\/11\/Andreia_Cunha-1-150x150.jpg","contentUrl":"https:\/\/www.altominho.tv\/site\/wp-content\/uploads\/2017\/11\/Andreia_Cunha-1-150x150.jpg","caption":"Andreia Cunha"},"url":"https:\/\/www.altominho.tv\/site\/author\/andreiacunha\/"}]}},"_links":{"self":[{"href":"https:\/\/www.altominho.tv\/site\/wp-json\/wp\/v2\/posts\/75688","targetHints":{"allow":["GET"]}}],"collection":[{"href":"https:\/\/www.altominho.tv\/site\/wp-json\/wp\/v2\/posts"}],"about":[{"href":"https:\/\/www.altominho.tv\/site\/wp-json\/wp\/v2\/types\/post"}],"author":[{"embeddable":true,"href":"https:\/\/www.altominho.tv\/site\/wp-json\/wp\/v2\/users\/7"}],"replies":[{"embeddable":true,"href":"https:\/\/www.altominho.tv\/site\/wp-json\/wp\/v2\/comments?post=75688"}],"version-history":[{"count":0,"href":"https:\/\/www.altominho.tv\/site\/wp-json\/wp\/v2\/posts\/75688\/revisions"}],"wp:featuredmedia":[{"embeddable":true,"href":"https:\/\/www.altominho.tv\/site\/wp-json\/wp\/v2\/media\/75002"}],"wp:attachment":[{"href":"https:\/\/www.altominho.tv\/site\/wp-json\/wp\/v2\/media?parent=75688"}],"wp:term":[{"taxonomy":"category","embeddable":true,"href":"https:\/\/www.altominho.tv\/site\/wp-json\/wp\/v2\/categories?post=75688"},{"taxonomy":"post_tag","embeddable":true,"href":"https:\/\/www.altominho.tv\/site\/wp-json\/wp\/v2\/tags?post=75688"}],"curies":[{"name":"wp","href":"https:\/\/api.w.org\/{rel}","templated":true}]}}