{"id":75582,"date":"2022-01-30T20:52:43","date_gmt":"2022-01-30T20:52:43","guid":{"rendered":"https:\/\/www.altominho.tv\/site\/?p=75582"},"modified":"2022-02-16T10:16:27","modified_gmt":"2022-02-16T10:16:27","slug":"legislativas-paredes-de-coura-da-vitoria-ao-ps","status":"publish","type":"post","link":"https:\/\/www.altominho.tv\/site\/2022\/01\/30\/legislativas-paredes-de-coura-da-vitoria-ao-ps\/","title":{"rendered":"Legislativas: Paredes de Coura d\u00e1 vit\u00f3ria ao PS"},"content":{"rendered":"<p>J\u00e1 s\u00e3o conhecidos os resultados no concelho de Paredes de Coura e o Partido Socialista ficou \u00e0 frente com 52,93%.<\/p>\n<p>De acordo com o Minist\u00e9rio da Administra\u00e7\u00e3o Interna, ap\u00f3s o apuramento das 16 freguesias, o PS conquistou 2359 votos neste concelho, seguido do PSD com 1148.<\/p>\n\n\n<figure class=\"wp-block-image size-full\"><img loading=\"lazy\" decoding=\"async\" width=\"680\" height=\"762\" src=\"https:\/\/www.altominho.tv\/site\/wp-content\/uploads\/2022\/01\/Resultados_legislativas_ParedesCoura.png\" alt=\"\" class=\"wp-image-75583\" srcset=\"https:\/\/www.altominho.tv\/site\/wp-content\/uploads\/2022\/01\/Resultados_legislativas_ParedesCoura.png 680w, https:\/\/www.altominho.tv\/site\/wp-content\/uploads\/2022\/01\/Resultados_legislativas_ParedesCoura-386x433.png 386w, https:\/\/www.altominho.tv\/site\/wp-content\/uploads\/2022\/01\/Resultados_legislativas_ParedesCoura-370x415.png 370w, https:\/\/www.altominho.tv\/site\/wp-content\/uploads\/2022\/01\/Resultados_legislativas_ParedesCoura-270x303.png 270w, https:\/\/www.altominho.tv\/site\/wp-content\/uploads\/2022\/01\/Resultados_legislativas_ParedesCoura-570x639.png 570w\" sizes=\"auto, (max-width: 680px) 100vw, 680px\" \/><\/figure>\n","protected":false},"excerpt":{"rendered":"<p>J\u00e1 s\u00e3o conhecidos os resultados no concelho de Paredes de Coura e o Partido Socialista ficou \u00e0 frente com 52,93%. De acordo com o Minist\u00e9rio da Administra\u00e7\u00e3o Interna, ap\u00f3s o apuramento das 16 freguesias, o PS conquistou 2359 votos neste concelho, seguido do PSD com 1148.<\/p>\n","protected":false},"author":1,"featured_media":75584,"comment_status":"closed","ping_status":"closed","sticky":false,"template":"","format":"standard","meta":{"_exactmetrics_skip_tracking":false,"_exactmetrics_sitenote_active":false,"_exactmetrics_sitenote_note":"","_exactmetrics_sitenote_category":0,"footnotes":""},"categories":[10],"tags":[56326],"class_list":["post-75582","post","type-post","status-publish","format-standard","has-post-thumbnail","hentry","category-paredes-de-coura","tag-politica"],"yoast_head":"<!-- This site is optimized with the Yoast SEO Premium plugin v27.4 (Yoast SEO v27.4) - https:\/\/yoast.com\/product\/yoast-seo-premium-wordpress\/ -->\n<title>Legislativas: Paredes de Coura d\u00e1 vit\u00f3ria ao PS<\/title>\n<meta name=\"description\" content=\"J\u00e1 s\u00e3o conhecidos os resultados no concelho de Paredes de Coura e o Partido Socialista ficou \u00e0 frente com 52,93%.\" \/>\n<meta name=\"robots\" content=\"index, follow, max-snippet:-1, max-image-preview:large, max-video-preview:-1\" \/>\n<link rel=\"canonical\" href=\"https:\/\/www.altominho.tv\/site\/2022\/01\/30\/legislativas-paredes-de-coura-da-vitoria-ao-ps\/\" \/>\n<meta property=\"og:locale\" content=\"pt_PT\" \/>\n<meta property=\"og:type\" content=\"article\" \/>\n<meta property=\"og:title\" content=\"Legislativas: Paredes de Coura d\u00e1 vit\u00f3ria ao PS\" \/>\n<meta property=\"og:description\" content=\"J\u00e1 s\u00e3o conhecidos os resultados no concelho de Paredes de Coura e o Partido Socialista ficou \u00e0 frente com 52,93%.\" \/>\n<meta property=\"og:url\" content=\"https:\/\/www.altominho.tv\/site\/2022\/01\/30\/legislativas-paredes-de-coura-da-vitoria-ao-ps\/\" \/>\n<meta property=\"og:site_name\" content=\"Altominho.tv\" \/>\n<meta property=\"article:publisher\" content=\"https:\/\/www.facebook.com\/altominhotv\" \/>\n<meta property=\"article:published_time\" content=\"2022-01-30T20:52:43+00:00\" \/>\n<meta property=\"article:modified_time\" content=\"2022-02-16T10:16:27+00:00\" \/>\n<meta property=\"og:image\" content=\"https:\/\/www.altominho.tv\/site\/wp-content\/uploads\/2022\/01\/ParedesCoura_CAPA_22.jpg\" \/>\n\t<meta property=\"og:image:width\" content=\"1920\" \/>\n\t<meta property=\"og:image:height\" content=\"1080\" \/>\n\t<meta property=\"og:image:type\" content=\"image\/jpeg\" \/>\n<meta name=\"author\" content=\"Altominho.tv\" \/>\n<meta name=\"twitter:card\" content=\"summary_large_image\" \/>\n<meta name=\"twitter:creator\" content=\"@altominhoTV\" \/>\n<meta name=\"twitter:site\" content=\"@altominhoTV\" \/>\n<meta name=\"twitter:label1\" content=\"Escrito por\" \/>\n\t<meta name=\"twitter:data1\" content=\"Altominho.tv\" \/>\n\t<meta name=\"twitter:label2\" content=\"Tempo estimado de leitura\" \/>\n\t<meta name=\"twitter:data2\" content=\"1 minuto\" \/>\n<script type=\"application\/ld+json\" class=\"yoast-schema-graph\">{\"@context\":\"https:\\\/\\\/schema.org\",\"@graph\":[{\"@type\":\"Article\",\"@id\":\"https:\\\/\\\/www.altominho.tv\\\/site\\\/2022\\\/01\\\/30\\\/legislativas-paredes-de-coura-da-vitoria-ao-ps\\\/#article\",\"isPartOf\":{\"@id\":\"https:\\\/\\\/www.altominho.tv\\\/site\\\/2022\\\/01\\\/30\\\/legislativas-paredes-de-coura-da-vitoria-ao-ps\\\/\"},\"author\":{\"name\":\"Altominho.tv\",\"@id\":\"https:\\\/\\\/www.altominho.tv\\\/site\\\/#\\\/schema\\\/person\\\/4e536851627d7914baf3dac752b6af22\"},\"headline\":\"Legislativas: Paredes de Coura d\u00e1 vit\u00f3ria ao PS\",\"datePublished\":\"2022-01-30T20:52:43+00:00\",\"dateModified\":\"2022-02-16T10:16:27+00:00\",\"mainEntityOfPage\":{\"@id\":\"https:\\\/\\\/www.altominho.tv\\\/site\\\/2022\\\/01\\\/30\\\/legislativas-paredes-de-coura-da-vitoria-ao-ps\\\/\"},\"wordCount\":54,\"image\":{\"@id\":\"https:\\\/\\\/www.altominho.tv\\\/site\\\/2022\\\/01\\\/30\\\/legislativas-paredes-de-coura-da-vitoria-ao-ps\\\/#primaryimage\"},\"thumbnailUrl\":\"https:\\\/\\\/www.altominho.tv\\\/site\\\/wp-content\\\/uploads\\\/2022\\\/01\\\/ParedesCoura_CAPA_22.jpg\",\"keywords\":[\"Pol\u00edtica\"],\"articleSection\":[\"Paredes de Coura\"],\"inLanguage\":\"pt-PT\",\"copyrightYear\":\"2022\",\"copyrightHolder\":{\"@id\":\"https:\\\/\\\/www.altominho.tv\\\/site\\\/#organization\"}},{\"@type\":\"WebPage\",\"@id\":\"https:\\\/\\\/www.altominho.tv\\\/site\\\/2022\\\/01\\\/30\\\/legislativas-paredes-de-coura-da-vitoria-ao-ps\\\/\",\"url\":\"https:\\\/\\\/www.altominho.tv\\\/site\\\/2022\\\/01\\\/30\\\/legislativas-paredes-de-coura-da-vitoria-ao-ps\\\/\",\"name\":\"Legislativas: Paredes de Coura d\u00e1 vit\u00f3ria ao PS\",\"isPartOf\":{\"@id\":\"https:\\\/\\\/www.altominho.tv\\\/site\\\/#website\"},\"primaryImageOfPage\":{\"@id\":\"https:\\\/\\\/www.altominho.tv\\\/site\\\/2022\\\/01\\\/30\\\/legislativas-paredes-de-coura-da-vitoria-ao-ps\\\/#primaryimage\"},\"image\":{\"@id\":\"https:\\\/\\\/www.altominho.tv\\\/site\\\/2022\\\/01\\\/30\\\/legislativas-paredes-de-coura-da-vitoria-ao-ps\\\/#primaryimage\"},\"thumbnailUrl\":\"https:\\\/\\\/www.altominho.tv\\\/site\\\/wp-content\\\/uploads\\\/2022\\\/01\\\/ParedesCoura_CAPA_22.jpg\",\"datePublished\":\"2022-01-30T20:52:43+00:00\",\"dateModified\":\"2022-02-16T10:16:27+00:00\",\"author\":{\"@id\":\"https:\\\/\\\/www.altominho.tv\\\/site\\\/#\\\/schema\\\/person\\\/4e536851627d7914baf3dac752b6af22\"},\"description\":\"J\u00e1 s\u00e3o conhecidos os resultados no concelho de Paredes de Coura e o Partido Socialista ficou \u00e0 frente com 52,93%.\",\"breadcrumb\":{\"@id\":\"https:\\\/\\\/www.altominho.tv\\\/site\\\/2022\\\/01\\\/30\\\/legislativas-paredes-de-coura-da-vitoria-ao-ps\\\/#breadcrumb\"},\"inLanguage\":\"pt-PT\",\"potentialAction\":[{\"@type\":\"ReadAction\",\"target\":[\"https:\\\/\\\/www.altominho.tv\\\/site\\\/2022\\\/01\\\/30\\\/legislativas-paredes-de-coura-da-vitoria-ao-ps\\\/\"]}]},{\"@type\":\"ImageObject\",\"inLanguage\":\"pt-PT\",\"@id\":\"https:\\\/\\\/www.altominho.tv\\\/site\\\/2022\\\/01\\\/30\\\/legislativas-paredes-de-coura-da-vitoria-ao-ps\\\/#primaryimage\",\"url\":\"https:\\\/\\\/www.altominho.tv\\\/site\\\/wp-content\\\/uploads\\\/2022\\\/01\\\/ParedesCoura_CAPA_22.jpg\",\"contentUrl\":\"https:\\\/\\\/www.altominho.tv\\\/site\\\/wp-content\\\/uploads\\\/2022\\\/01\\\/ParedesCoura_CAPA_22.jpg\",\"width\":1920,\"height\":1080},{\"@type\":\"BreadcrumbList\",\"@id\":\"https:\\\/\\\/www.altominho.tv\\\/site\\\/2022\\\/01\\\/30\\\/legislativas-paredes-de-coura-da-vitoria-ao-ps\\\/#breadcrumb\",\"itemListElement\":[{\"@type\":\"ListItem\",\"position\":1,\"name\":\"In\u00edcio\",\"item\":\"https:\\\/\\\/www.altominho.tv\\\/site\\\/\"},{\"@type\":\"ListItem\",\"position\":2,\"name\":\"Legislativas: Paredes de Coura d\u00e1 vit\u00f3ria ao PS\"}]},{\"@type\":\"WebSite\",\"@id\":\"https:\\\/\\\/www.altominho.tv\\\/site\\\/#website\",\"url\":\"https:\\\/\\\/www.altominho.tv\\\/site\\\/\",\"name\":\"Altominho.tv\",\"description\":\"A sua regi\u00e3o \u00e0 dist\u00e2ncia de um clique...\",\"potentialAction\":[{\"@type\":\"SearchAction\",\"target\":{\"@type\":\"EntryPoint\",\"urlTemplate\":\"https:\\\/\\\/www.altominho.tv\\\/site\\\/?s={search_term_string}\"},\"query-input\":{\"@type\":\"PropertyValueSpecification\",\"valueRequired\":true,\"valueName\":\"search_term_string\"}}],\"inLanguage\":\"pt-PT\"},{\"@type\":\"Person\",\"@id\":\"https:\\\/\\\/www.altominho.tv\\\/site\\\/#\\\/schema\\\/person\\\/4e536851627d7914baf3dac752b6af22\",\"name\":\"Altominho.tv\",\"image\":{\"@type\":\"ImageObject\",\"inLanguage\":\"pt-PT\",\"@id\":\"https:\\\/\\\/www.altominho.tv\\\/site\\\/wp-content\\\/uploads\\\/2019\\\/11\\\/Logo_Avatar_2-150x150.jpg\",\"url\":\"https:\\\/\\\/www.altominho.tv\\\/site\\\/wp-content\\\/uploads\\\/2019\\\/11\\\/Logo_Avatar_2-150x150.jpg\",\"contentUrl\":\"https:\\\/\\\/www.altominho.tv\\\/site\\\/wp-content\\\/uploads\\\/2019\\\/11\\\/Logo_Avatar_2-150x150.jpg\",\"caption\":\"Altominho.tv\"},\"url\":\"https:\\\/\\\/www.altominho.tv\\\/site\\\/author\\\/altominhotv-tecnico\\\/\"}]}<\/script>\n<!-- \/ Yoast SEO Premium plugin. -->","yoast_head_json":{"title":"Legislativas: Paredes de Coura d\u00e1 vit\u00f3ria ao PS","description":"J\u00e1 s\u00e3o conhecidos os resultados no concelho de Paredes de Coura e o Partido Socialista ficou \u00e0 frente com 52,93%.","robots":{"index":"index","follow":"follow","max-snippet":"max-snippet:-1","max-image-preview":"max-image-preview:large","max-video-preview":"max-video-preview:-1"},"canonical":"https:\/\/www.altominho.tv\/site\/2022\/01\/30\/legislativas-paredes-de-coura-da-vitoria-ao-ps\/","og_locale":"pt_PT","og_type":"article","og_title":"Legislativas: Paredes de Coura d\u00e1 vit\u00f3ria ao PS","og_description":"J\u00e1 s\u00e3o conhecidos os resultados no concelho de Paredes de Coura e o Partido Socialista ficou \u00e0 frente com 52,93%.","og_url":"https:\/\/www.altominho.tv\/site\/2022\/01\/30\/legislativas-paredes-de-coura-da-vitoria-ao-ps\/","og_site_name":"Altominho.tv","article_publisher":"https:\/\/www.facebook.com\/altominhotv","article_published_time":"2022-01-30T20:52:43+00:00","article_modified_time":"2022-02-16T10:16:27+00:00","og_image":[{"width":1920,"height":1080,"url":"https:\/\/www.altominho.tv\/site\/wp-content\/uploads\/2022\/01\/ParedesCoura_CAPA_22.jpg","type":"image\/jpeg"}],"author":"Altominho.tv","twitter_card":"summary_large_image","twitter_creator":"@altominhoTV","twitter_site":"@altominhoTV","twitter_misc":{"Escrito por":"Altominho.tv","Tempo estimado de leitura":"1 minuto"},"schema":{"@context":"https:\/\/schema.org","@graph":[{"@type":"Article","@id":"https:\/\/www.altominho.tv\/site\/2022\/01\/30\/legislativas-paredes-de-coura-da-vitoria-ao-ps\/#article","isPartOf":{"@id":"https:\/\/www.altominho.tv\/site\/2022\/01\/30\/legislativas-paredes-de-coura-da-vitoria-ao-ps\/"},"author":{"name":"Altominho.tv","@id":"https:\/\/www.altominho.tv\/site\/#\/schema\/person\/4e536851627d7914baf3dac752b6af22"},"headline":"Legislativas: Paredes de Coura d\u00e1 vit\u00f3ria ao PS","datePublished":"2022-01-30T20:52:43+00:00","dateModified":"2022-02-16T10:16:27+00:00","mainEntityOfPage":{"@id":"https:\/\/www.altominho.tv\/site\/2022\/01\/30\/legislativas-paredes-de-coura-da-vitoria-ao-ps\/"},"wordCount":54,"image":{"@id":"https:\/\/www.altominho.tv\/site\/2022\/01\/30\/legislativas-paredes-de-coura-da-vitoria-ao-ps\/#primaryimage"},"thumbnailUrl":"https:\/\/www.altominho.tv\/site\/wp-content\/uploads\/2022\/01\/ParedesCoura_CAPA_22.jpg","keywords":["Pol\u00edtica"],"articleSection":["Paredes de Coura"],"inLanguage":"pt-PT","copyrightYear":"2022","copyrightHolder":{"@id":"https:\/\/www.altominho.tv\/site\/#organization"}},{"@type":"WebPage","@id":"https:\/\/www.altominho.tv\/site\/2022\/01\/30\/legislativas-paredes-de-coura-da-vitoria-ao-ps\/","url":"https:\/\/www.altominho.tv\/site\/2022\/01\/30\/legislativas-paredes-de-coura-da-vitoria-ao-ps\/","name":"Legislativas: Paredes de Coura d\u00e1 vit\u00f3ria ao PS","isPartOf":{"@id":"https:\/\/www.altominho.tv\/site\/#website"},"primaryImageOfPage":{"@id":"https:\/\/www.altominho.tv\/site\/2022\/01\/30\/legislativas-paredes-de-coura-da-vitoria-ao-ps\/#primaryimage"},"image":{"@id":"https:\/\/www.altominho.tv\/site\/2022\/01\/30\/legislativas-paredes-de-coura-da-vitoria-ao-ps\/#primaryimage"},"thumbnailUrl":"https:\/\/www.altominho.tv\/site\/wp-content\/uploads\/2022\/01\/ParedesCoura_CAPA_22.jpg","datePublished":"2022-01-30T20:52:43+00:00","dateModified":"2022-02-16T10:16:27+00:00","author":{"@id":"https:\/\/www.altominho.tv\/site\/#\/schema\/person\/4e536851627d7914baf3dac752b6af22"},"description":"J\u00e1 s\u00e3o conhecidos os resultados no concelho de Paredes de Coura e o Partido Socialista ficou \u00e0 frente com 52,93%.","breadcrumb":{"@id":"https:\/\/www.altominho.tv\/site\/2022\/01\/30\/legislativas-paredes-de-coura-da-vitoria-ao-ps\/#breadcrumb"},"inLanguage":"pt-PT","potentialAction":[{"@type":"ReadAction","target":["https:\/\/www.altominho.tv\/site\/2022\/01\/30\/legislativas-paredes-de-coura-da-vitoria-ao-ps\/"]}]},{"@type":"ImageObject","inLanguage":"pt-PT","@id":"https:\/\/www.altominho.tv\/site\/2022\/01\/30\/legislativas-paredes-de-coura-da-vitoria-ao-ps\/#primaryimage","url":"https:\/\/www.altominho.tv\/site\/wp-content\/uploads\/2022\/01\/ParedesCoura_CAPA_22.jpg","contentUrl":"https:\/\/www.altominho.tv\/site\/wp-content\/uploads\/2022\/01\/ParedesCoura_CAPA_22.jpg","width":1920,"height":1080},{"@type":"BreadcrumbList","@id":"https:\/\/www.altominho.tv\/site\/2022\/01\/30\/legislativas-paredes-de-coura-da-vitoria-ao-ps\/#breadcrumb","itemListElement":[{"@type":"ListItem","position":1,"name":"In\u00edcio","item":"https:\/\/www.altominho.tv\/site\/"},{"@type":"ListItem","position":2,"name":"Legislativas: Paredes de Coura d\u00e1 vit\u00f3ria ao PS"}]},{"@type":"WebSite","@id":"https:\/\/www.altominho.tv\/site\/#website","url":"https:\/\/www.altominho.tv\/site\/","name":"Altominho.tv","description":"A sua regi\u00e3o \u00e0 dist\u00e2ncia de um clique...","potentialAction":[{"@type":"SearchAction","target":{"@type":"EntryPoint","urlTemplate":"https:\/\/www.altominho.tv\/site\/?s={search_term_string}"},"query-input":{"@type":"PropertyValueSpecification","valueRequired":true,"valueName":"search_term_string"}}],"inLanguage":"pt-PT"},{"@type":"Person","@id":"https:\/\/www.altominho.tv\/site\/#\/schema\/person\/4e536851627d7914baf3dac752b6af22","name":"Altominho.tv","image":{"@type":"ImageObject","inLanguage":"pt-PT","@id":"https:\/\/www.altominho.tv\/site\/wp-content\/uploads\/2019\/11\/Logo_Avatar_2-150x150.jpg","url":"https:\/\/www.altominho.tv\/site\/wp-content\/uploads\/2019\/11\/Logo_Avatar_2-150x150.jpg","contentUrl":"https:\/\/www.altominho.tv\/site\/wp-content\/uploads\/2019\/11\/Logo_Avatar_2-150x150.jpg","caption":"Altominho.tv"},"url":"https:\/\/www.altominho.tv\/site\/author\/altominhotv-tecnico\/"}]}},"_links":{"self":[{"href":"https:\/\/www.altominho.tv\/site\/wp-json\/wp\/v2\/posts\/75582","targetHints":{"allow":["GET"]}}],"collection":[{"href":"https:\/\/www.altominho.tv\/site\/wp-json\/wp\/v2\/posts"}],"about":[{"href":"https:\/\/www.altominho.tv\/site\/wp-json\/wp\/v2\/types\/post"}],"author":[{"embeddable":true,"href":"https:\/\/www.altominho.tv\/site\/wp-json\/wp\/v2\/users\/1"}],"replies":[{"embeddable":true,"href":"https:\/\/www.altominho.tv\/site\/wp-json\/wp\/v2\/comments?post=75582"}],"version-history":[{"count":0,"href":"https:\/\/www.altominho.tv\/site\/wp-json\/wp\/v2\/posts\/75582\/revisions"}],"wp:featuredmedia":[{"embeddable":true,"href":"https:\/\/www.altominho.tv\/site\/wp-json\/wp\/v2\/media\/75584"}],"wp:attachment":[{"href":"https:\/\/www.altominho.tv\/site\/wp-json\/wp\/v2\/media?parent=75582"}],"wp:term":[{"taxonomy":"category","embeddable":true,"href":"https:\/\/www.altominho.tv\/site\/wp-json\/wp\/v2\/categories?post=75582"},{"taxonomy":"post_tag","embeddable":true,"href":"https:\/\/www.altominho.tv\/site\/wp-json\/wp\/v2\/tags?post=75582"}],"curies":[{"name":"wp","href":"https:\/\/api.w.org\/{rel}","templated":true}]}}