{"id":75569,"date":"2022-01-30T19:29:44","date_gmt":"2022-01-30T19:29:44","guid":{"rendered":"https:\/\/www.altominho.tv\/site\/?p=75569"},"modified":"2022-02-16T09:40:16","modified_gmt":"2022-02-16T09:40:16","slug":"portugal-tem-ate-783-000-eleitores-isolados-devido-a-covid-19","status":"publish","type":"post","link":"https:\/\/www.altominho.tv\/site\/2022\/01\/30\/portugal-tem-ate-783-000-eleitores-isolados-devido-a-covid-19\/","title":{"rendered":"Portugal tem at\u00e9 783.000 eleitores isolados devido \u00e0 covid-19"},"content":{"rendered":"<p>Portugal tem hoje, dia de elei\u00e7\u00f5es legislativas, entre 671.500 e 783.600 eleitores isolados devido \u00e0 pandemia de covid-19, de acordo com n\u00fameros adiantados pela Dire\u00e7\u00e3o-Geral da Sa\u00fade (DGS).<\/p>\n<p class=\"text-paragraph\">&#8220;Estar\u00e3o em confinamento entre 1.014.600 e 1.176.800 pessoas, das quais entre 671.500 e 783.600 pessoas com 18 ou mais anos&#8221;, l\u00ea-se numa resposta da DGS a quest\u00f5es colocadas pela ag\u00eancia Lusa.<\/p>\n<p class=\"text-paragraph\">Tendo em conta a atual situa\u00e7\u00e3o da pandemia de covid-19, o Governo decidiu que estes eleitores poderiam votar presencialmente, recomendando aos eleitores em isolamento que exercessem o seu direito entre as 18:00 e as 19:00.<\/p>\n<p class=\"text-paragraph\">A DGS explica que &#8220;o n\u00famero de pessoas infetadas nos \u00faltimos sete dias foi de, aproximadamente, 390 mil (com 18 ou mais anos, 271.800) e nos \u00faltimos 10 dias 552.200 (com 18 ou mais anos, 383.900), pelo que o n\u00famero de pessoas isoladas situa-se entre estes dois valores&#8221;.<\/p>\n<p class=\"text-paragraph\">Adicionalmente, &#8220;as pessoas com estado de vigil\u00e2ncia ativa no sistema, com indica\u00e7\u00e3o para isolamento profil\u00e1tico, correspondem a cerca de 624.600, das quais 399.700 com 18 ou mais anos&#8221;, refere a DGS.<\/p>\n<p class=\"text-paragraph\">\u201cO valor de casos ativos apresentado no boletim de hoje, dia 30 de janeiro \u2013 cerca de 597.800 &#8211; corresponde ao n\u00famero de pessoas infetadas que ainda n\u00e3o t\u00eam o estado de recuperado registado no sistema&#8221;, acrescenta-se.<\/p>\n<p class=\"text-paragraph\">&#8220;No entanto, o estado de recupera\u00e7\u00e3o pode n\u00e3o corresponder exatamente ao momento em que o caso deixa de estar em isolamento. Esta diferen\u00e7a ocorre porque o certificado de recupera\u00e7\u00e3o \u00e9 emitido 11 dias ap\u00f3s a realiza\u00e7\u00e3o de teste laboratorial de diagn\u00f3stico com resultado positivo, enquanto que, na maioria dos casos, em que as pessoas n\u00e3o t\u00eam sintomas ligeiros ou s\u00e3o assintom\u00e1ticas, s\u00e3o cumpridos sete dias de isolamento&#8221;, esclarece ainda a entidade dirigida por Gra\u00e7a Freitas.<\/p>\n<p class=\"text-paragraph\"><a href=\"\/\/www.altominho.tv\/site\/2022\/01\/30\/portugal-com-mais-45-335-casos-29-mortes-e-mais-internamentos\/\">Portugal registou 45.335 novas infe\u00e7\u00f5es com o coronav\u00edrus SARS-CoV-2 nas \u00faltimas 24 horas<\/a>, mais 29 mortes associadas \u00e0 covid-19 e um substancial aumento nos internamentos em enfermaria, indicam os n\u00fameros divulgados hoje pela DGS.<\/p>\n<p class=\"text-paragraph\">Relativamente \u00e0s elei\u00e7\u00f5es legislativas, segundo dados do Minist\u00e9rio da Administra\u00e7\u00e3o Interna, mais de 4,9 milh\u00f5es de eleitores tinham votado hoje at\u00e9 \u00e0s 16:00, representando 45,66% dos 10.820.337 eleitores inscritos.<\/p>\n<p class=\"text-paragraph\">Nas anteriores elei\u00e7\u00f5es legislativas, realizadas em 06 de outubro de 2019, tinham votado mais de quatro milh\u00f5es de pessoas no mesmo per\u00edodo, representando 38,59% dos eleitores inscritos.<\/p>\n","protected":false},"excerpt":{"rendered":"<p>Portugal tem hoje, dia de elei\u00e7\u00f5es legislativas, entre 671.500 e 783.600 eleitores isolados devido \u00e0 pandemia de covid-19, de acordo com n\u00fameros adiantados pela Dire\u00e7\u00e3o-Geral da Sa\u00fade (DGS). &#8220;Estar\u00e3o em confinamento entre 1.014.600 e 1.176.800 pessoas, das quais entre 671.500 e 783.600 pessoas com 18 ou mais anos&#8221;, l\u00ea-se numa resposta da DGS a quest\u00f5es [&hellip;]<\/p>\n","protected":false},"author":13,"featured_media":75570,"comment_status":"closed","ping_status":"closed","sticky":false,"template":"","format":"standard","meta":{"_exactmetrics_skip_tracking":false,"_exactmetrics_sitenote_active":false,"_exactmetrics_sitenote_note":"","_exactmetrics_sitenote_category":0,"footnotes":""},"categories":[56325],"tags":[26],"class_list":["post-75569","post","type-post","status-publish","format-standard","has-post-thumbnail","hentry","category-pais","tag-saude"],"yoast_head":"<!-- This site is optimized with the Yoast SEO Premium plugin v27.4 (Yoast SEO v27.4) - https:\/\/yoast.com\/product\/yoast-seo-premium-wordpress\/ -->\n<title>Portugal tem at\u00e9 783.000 eleitores isolados devido \u00e0 covid-19<\/title>\n<meta name=\"description\" content=\"Portugal tem hoje, dia de elei\u00e7\u00f5es legislativas, entre 671.500 e 783.600 eleitores isolados devido \u00e0 pandemia de covid-19.\" \/>\n<meta name=\"robots\" content=\"index, follow, max-snippet:-1, max-image-preview:large, max-video-preview:-1\" \/>\n<link rel=\"canonical\" href=\"https:\/\/www.altominho.tv\/site\/2022\/01\/30\/portugal-tem-ate-783-000-eleitores-isolados-devido-a-covid-19\/\" \/>\n<meta property=\"og:locale\" content=\"pt_PT\" \/>\n<meta property=\"og:type\" content=\"article\" \/>\n<meta property=\"og:title\" content=\"Portugal tem at\u00e9 783.000 eleitores isolados devido \u00e0 covid-19\" \/>\n<meta property=\"og:description\" content=\"Portugal tem hoje, dia de elei\u00e7\u00f5es legislativas, entre 671.500 e 783.600 eleitores isolados devido \u00e0 pandemia de covid-19.\" \/>\n<meta property=\"og:url\" content=\"https:\/\/www.altominho.tv\/site\/2022\/01\/30\/portugal-tem-ate-783-000-eleitores-isolados-devido-a-covid-19\/\" \/>\n<meta property=\"og:site_name\" content=\"Altominho.tv\" \/>\n<meta property=\"article:publisher\" content=\"https:\/\/www.facebook.com\/altominhotv\" \/>\n<meta property=\"article:published_time\" content=\"2022-01-30T19:29:44+00:00\" \/>\n<meta property=\"article:modified_time\" content=\"2022-02-16T09:40:16+00:00\" \/>\n<meta property=\"og:image\" content=\"https:\/\/www.altominho.tv\/site\/wp-content\/uploads\/2022\/01\/Isolamento_votacao.jpeg\" \/>\n\t<meta property=\"og:image:width\" content=\"800\" \/>\n\t<meta property=\"og:image:height\" content=\"533\" \/>\n\t<meta property=\"og:image:type\" content=\"image\/jpeg\" \/>\n<meta name=\"author\" content=\"Lusa\" \/>\n<meta name=\"twitter:card\" content=\"summary_large_image\" \/>\n<meta name=\"twitter:creator\" content=\"@altominhoTV\" \/>\n<meta name=\"twitter:site\" content=\"@altominhoTV\" \/>\n<meta name=\"twitter:label1\" content=\"Escrito por\" \/>\n\t<meta name=\"twitter:data1\" content=\"Lusa\" \/>\n\t<meta name=\"twitter:label2\" content=\"Tempo estimado de leitura\" \/>\n\t<meta name=\"twitter:data2\" content=\"3 minutos\" \/>\n<script type=\"application\/ld+json\" class=\"yoast-schema-graph\">{\"@context\":\"https:\\\/\\\/schema.org\",\"@graph\":[{\"@type\":\"Article\",\"@id\":\"https:\\\/\\\/www.altominho.tv\\\/site\\\/2022\\\/01\\\/30\\\/portugal-tem-ate-783-000-eleitores-isolados-devido-a-covid-19\\\/#article\",\"isPartOf\":{\"@id\":\"https:\\\/\\\/www.altominho.tv\\\/site\\\/2022\\\/01\\\/30\\\/portugal-tem-ate-783-000-eleitores-isolados-devido-a-covid-19\\\/\"},\"author\":{\"name\":\"Lusa\",\"@id\":\"https:\\\/\\\/www.altominho.tv\\\/site\\\/#\\\/schema\\\/person\\\/63f693da3e1899361cbe955c46f3232e\"},\"headline\":\"Portugal tem at\u00e9 783.000 eleitores isolados devido \u00e0 covid-19\",\"datePublished\":\"2022-01-30T19:29:44+00:00\",\"dateModified\":\"2022-02-16T09:40:16+00:00\",\"mainEntityOfPage\":{\"@id\":\"https:\\\/\\\/www.altominho.tv\\\/site\\\/2022\\\/01\\\/30\\\/portugal-tem-ate-783-000-eleitores-isolados-devido-a-covid-19\\\/\"},\"wordCount\":386,\"image\":{\"@id\":\"https:\\\/\\\/www.altominho.tv\\\/site\\\/2022\\\/01\\\/30\\\/portugal-tem-ate-783-000-eleitores-isolados-devido-a-covid-19\\\/#primaryimage\"},\"thumbnailUrl\":\"https:\\\/\\\/www.altominho.tv\\\/site\\\/wp-content\\\/uploads\\\/2022\\\/01\\\/Isolamento_votacao.jpeg\",\"keywords\":[\"Sa\u00fade\"],\"articleSection\":[\"Pa\u00eds\"],\"inLanguage\":\"pt-PT\",\"copyrightYear\":\"2022\",\"copyrightHolder\":{\"@id\":\"https:\\\/\\\/www.altominho.tv\\\/site\\\/#organization\"}},{\"@type\":\"WebPage\",\"@id\":\"https:\\\/\\\/www.altominho.tv\\\/site\\\/2022\\\/01\\\/30\\\/portugal-tem-ate-783-000-eleitores-isolados-devido-a-covid-19\\\/\",\"url\":\"https:\\\/\\\/www.altominho.tv\\\/site\\\/2022\\\/01\\\/30\\\/portugal-tem-ate-783-000-eleitores-isolados-devido-a-covid-19\\\/\",\"name\":\"Portugal tem at\u00e9 783.000 eleitores isolados devido \u00e0 covid-19\",\"isPartOf\":{\"@id\":\"https:\\\/\\\/www.altominho.tv\\\/site\\\/#website\"},\"primaryImageOfPage\":{\"@id\":\"https:\\\/\\\/www.altominho.tv\\\/site\\\/2022\\\/01\\\/30\\\/portugal-tem-ate-783-000-eleitores-isolados-devido-a-covid-19\\\/#primaryimage\"},\"image\":{\"@id\":\"https:\\\/\\\/www.altominho.tv\\\/site\\\/2022\\\/01\\\/30\\\/portugal-tem-ate-783-000-eleitores-isolados-devido-a-covid-19\\\/#primaryimage\"},\"thumbnailUrl\":\"https:\\\/\\\/www.altominho.tv\\\/site\\\/wp-content\\\/uploads\\\/2022\\\/01\\\/Isolamento_votacao.jpeg\",\"datePublished\":\"2022-01-30T19:29:44+00:00\",\"dateModified\":\"2022-02-16T09:40:16+00:00\",\"author\":{\"@id\":\"https:\\\/\\\/www.altominho.tv\\\/site\\\/#\\\/schema\\\/person\\\/63f693da3e1899361cbe955c46f3232e\"},\"description\":\"Portugal tem hoje, dia de elei\u00e7\u00f5es legislativas, entre 671.500 e 783.600 eleitores isolados devido \u00e0 pandemia de covid-19.\",\"breadcrumb\":{\"@id\":\"https:\\\/\\\/www.altominho.tv\\\/site\\\/2022\\\/01\\\/30\\\/portugal-tem-ate-783-000-eleitores-isolados-devido-a-covid-19\\\/#breadcrumb\"},\"inLanguage\":\"pt-PT\",\"potentialAction\":[{\"@type\":\"ReadAction\",\"target\":[\"https:\\\/\\\/www.altominho.tv\\\/site\\\/2022\\\/01\\\/30\\\/portugal-tem-ate-783-000-eleitores-isolados-devido-a-covid-19\\\/\"]}]},{\"@type\":\"ImageObject\",\"inLanguage\":\"pt-PT\",\"@id\":\"https:\\\/\\\/www.altominho.tv\\\/site\\\/2022\\\/01\\\/30\\\/portugal-tem-ate-783-000-eleitores-isolados-devido-a-covid-19\\\/#primaryimage\",\"url\":\"https:\\\/\\\/www.altominho.tv\\\/site\\\/wp-content\\\/uploads\\\/2022\\\/01\\\/Isolamento_votacao.jpeg\",\"contentUrl\":\"https:\\\/\\\/www.altominho.tv\\\/site\\\/wp-content\\\/uploads\\\/2022\\\/01\\\/Isolamento_votacao.jpeg\",\"width\":800,\"height\":533},{\"@type\":\"BreadcrumbList\",\"@id\":\"https:\\\/\\\/www.altominho.tv\\\/site\\\/2022\\\/01\\\/30\\\/portugal-tem-ate-783-000-eleitores-isolados-devido-a-covid-19\\\/#breadcrumb\",\"itemListElement\":[{\"@type\":\"ListItem\",\"position\":1,\"name\":\"In\u00edcio\",\"item\":\"https:\\\/\\\/www.altominho.tv\\\/site\\\/\"},{\"@type\":\"ListItem\",\"position\":2,\"name\":\"Portugal tem at\u00e9 783.000 eleitores isolados devido \u00e0 covid-19\"}]},{\"@type\":\"WebSite\",\"@id\":\"https:\\\/\\\/www.altominho.tv\\\/site\\\/#website\",\"url\":\"https:\\\/\\\/www.altominho.tv\\\/site\\\/\",\"name\":\"Altominho.tv\",\"description\":\"A sua regi\u00e3o \u00e0 dist\u00e2ncia de um clique...\",\"potentialAction\":[{\"@type\":\"SearchAction\",\"target\":{\"@type\":\"EntryPoint\",\"urlTemplate\":\"https:\\\/\\\/www.altominho.tv\\\/site\\\/?s={search_term_string}\"},\"query-input\":{\"@type\":\"PropertyValueSpecification\",\"valueRequired\":true,\"valueName\":\"search_term_string\"}}],\"inLanguage\":\"pt-PT\"},{\"@type\":\"Person\",\"@id\":\"https:\\\/\\\/www.altominho.tv\\\/site\\\/#\\\/schema\\\/person\\\/63f693da3e1899361cbe955c46f3232e\",\"name\":\"Lusa\",\"image\":{\"@type\":\"ImageObject\",\"inLanguage\":\"pt-PT\",\"@id\":\"https:\\\/\\\/www.altominho.tv\\\/site\\\/wp-content\\\/uploads\\\/2019\\\/08\\\/LUSA_Logo.gif\",\"url\":\"https:\\\/\\\/www.altominho.tv\\\/site\\\/wp-content\\\/uploads\\\/2019\\\/08\\\/LUSA_Logo.gif\",\"contentUrl\":\"https:\\\/\\\/www.altominho.tv\\\/site\\\/wp-content\\\/uploads\\\/2019\\\/08\\\/LUSA_Logo.gif\",\"caption\":\"Lusa\"},\"sameAs\":[\"http:\\\/\\\/\\\/\\\/www.altominho.tv\\\/site\"],\"url\":\"https:\\\/\\\/www.altominho.tv\\\/site\\\/author\\\/lusa\\\/\"}]}<\/script>\n<!-- \/ Yoast SEO Premium plugin. -->","yoast_head_json":{"title":"Portugal tem at\u00e9 783.000 eleitores isolados devido \u00e0 covid-19","description":"Portugal tem hoje, dia de elei\u00e7\u00f5es legislativas, entre 671.500 e 783.600 eleitores isolados devido \u00e0 pandemia de covid-19.","robots":{"index":"index","follow":"follow","max-snippet":"max-snippet:-1","max-image-preview":"max-image-preview:large","max-video-preview":"max-video-preview:-1"},"canonical":"https:\/\/www.altominho.tv\/site\/2022\/01\/30\/portugal-tem-ate-783-000-eleitores-isolados-devido-a-covid-19\/","og_locale":"pt_PT","og_type":"article","og_title":"Portugal tem at\u00e9 783.000 eleitores isolados devido \u00e0 covid-19","og_description":"Portugal tem hoje, dia de elei\u00e7\u00f5es legislativas, entre 671.500 e 783.600 eleitores isolados devido \u00e0 pandemia de covid-19.","og_url":"https:\/\/www.altominho.tv\/site\/2022\/01\/30\/portugal-tem-ate-783-000-eleitores-isolados-devido-a-covid-19\/","og_site_name":"Altominho.tv","article_publisher":"https:\/\/www.facebook.com\/altominhotv","article_published_time":"2022-01-30T19:29:44+00:00","article_modified_time":"2022-02-16T09:40:16+00:00","og_image":[{"width":800,"height":533,"url":"https:\/\/www.altominho.tv\/site\/wp-content\/uploads\/2022\/01\/Isolamento_votacao.jpeg","type":"image\/jpeg"}],"author":"Lusa","twitter_card":"summary_large_image","twitter_creator":"@altominhoTV","twitter_site":"@altominhoTV","twitter_misc":{"Escrito por":"Lusa","Tempo estimado de leitura":"3 minutos"},"schema":{"@context":"https:\/\/schema.org","@graph":[{"@type":"Article","@id":"https:\/\/www.altominho.tv\/site\/2022\/01\/30\/portugal-tem-ate-783-000-eleitores-isolados-devido-a-covid-19\/#article","isPartOf":{"@id":"https:\/\/www.altominho.tv\/site\/2022\/01\/30\/portugal-tem-ate-783-000-eleitores-isolados-devido-a-covid-19\/"},"author":{"name":"Lusa","@id":"https:\/\/www.altominho.tv\/site\/#\/schema\/person\/63f693da3e1899361cbe955c46f3232e"},"headline":"Portugal tem at\u00e9 783.000 eleitores isolados devido \u00e0 covid-19","datePublished":"2022-01-30T19:29:44+00:00","dateModified":"2022-02-16T09:40:16+00:00","mainEntityOfPage":{"@id":"https:\/\/www.altominho.tv\/site\/2022\/01\/30\/portugal-tem-ate-783-000-eleitores-isolados-devido-a-covid-19\/"},"wordCount":386,"image":{"@id":"https:\/\/www.altominho.tv\/site\/2022\/01\/30\/portugal-tem-ate-783-000-eleitores-isolados-devido-a-covid-19\/#primaryimage"},"thumbnailUrl":"https:\/\/www.altominho.tv\/site\/wp-content\/uploads\/2022\/01\/Isolamento_votacao.jpeg","keywords":["Sa\u00fade"],"articleSection":["Pa\u00eds"],"inLanguage":"pt-PT","copyrightYear":"2022","copyrightHolder":{"@id":"https:\/\/www.altominho.tv\/site\/#organization"}},{"@type":"WebPage","@id":"https:\/\/www.altominho.tv\/site\/2022\/01\/30\/portugal-tem-ate-783-000-eleitores-isolados-devido-a-covid-19\/","url":"https:\/\/www.altominho.tv\/site\/2022\/01\/30\/portugal-tem-ate-783-000-eleitores-isolados-devido-a-covid-19\/","name":"Portugal tem at\u00e9 783.000 eleitores isolados devido \u00e0 covid-19","isPartOf":{"@id":"https:\/\/www.altominho.tv\/site\/#website"},"primaryImageOfPage":{"@id":"https:\/\/www.altominho.tv\/site\/2022\/01\/30\/portugal-tem-ate-783-000-eleitores-isolados-devido-a-covid-19\/#primaryimage"},"image":{"@id":"https:\/\/www.altominho.tv\/site\/2022\/01\/30\/portugal-tem-ate-783-000-eleitores-isolados-devido-a-covid-19\/#primaryimage"},"thumbnailUrl":"https:\/\/www.altominho.tv\/site\/wp-content\/uploads\/2022\/01\/Isolamento_votacao.jpeg","datePublished":"2022-01-30T19:29:44+00:00","dateModified":"2022-02-16T09:40:16+00:00","author":{"@id":"https:\/\/www.altominho.tv\/site\/#\/schema\/person\/63f693da3e1899361cbe955c46f3232e"},"description":"Portugal tem hoje, dia de elei\u00e7\u00f5es legislativas, entre 671.500 e 783.600 eleitores isolados devido \u00e0 pandemia de covid-19.","breadcrumb":{"@id":"https:\/\/www.altominho.tv\/site\/2022\/01\/30\/portugal-tem-ate-783-000-eleitores-isolados-devido-a-covid-19\/#breadcrumb"},"inLanguage":"pt-PT","potentialAction":[{"@type":"ReadAction","target":["https:\/\/www.altominho.tv\/site\/2022\/01\/30\/portugal-tem-ate-783-000-eleitores-isolados-devido-a-covid-19\/"]}]},{"@type":"ImageObject","inLanguage":"pt-PT","@id":"https:\/\/www.altominho.tv\/site\/2022\/01\/30\/portugal-tem-ate-783-000-eleitores-isolados-devido-a-covid-19\/#primaryimage","url":"https:\/\/www.altominho.tv\/site\/wp-content\/uploads\/2022\/01\/Isolamento_votacao.jpeg","contentUrl":"https:\/\/www.altominho.tv\/site\/wp-content\/uploads\/2022\/01\/Isolamento_votacao.jpeg","width":800,"height":533},{"@type":"BreadcrumbList","@id":"https:\/\/www.altominho.tv\/site\/2022\/01\/30\/portugal-tem-ate-783-000-eleitores-isolados-devido-a-covid-19\/#breadcrumb","itemListElement":[{"@type":"ListItem","position":1,"name":"In\u00edcio","item":"https:\/\/www.altominho.tv\/site\/"},{"@type":"ListItem","position":2,"name":"Portugal tem at\u00e9 783.000 eleitores isolados devido \u00e0 covid-19"}]},{"@type":"WebSite","@id":"https:\/\/www.altominho.tv\/site\/#website","url":"https:\/\/www.altominho.tv\/site\/","name":"Altominho.tv","description":"A sua regi\u00e3o \u00e0 dist\u00e2ncia de um clique...","potentialAction":[{"@type":"SearchAction","target":{"@type":"EntryPoint","urlTemplate":"https:\/\/www.altominho.tv\/site\/?s={search_term_string}"},"query-input":{"@type":"PropertyValueSpecification","valueRequired":true,"valueName":"search_term_string"}}],"inLanguage":"pt-PT"},{"@type":"Person","@id":"https:\/\/www.altominho.tv\/site\/#\/schema\/person\/63f693da3e1899361cbe955c46f3232e","name":"Lusa","image":{"@type":"ImageObject","inLanguage":"pt-PT","@id":"https:\/\/www.altominho.tv\/site\/wp-content\/uploads\/2019\/08\/LUSA_Logo.gif","url":"https:\/\/www.altominho.tv\/site\/wp-content\/uploads\/2019\/08\/LUSA_Logo.gif","contentUrl":"https:\/\/www.altominho.tv\/site\/wp-content\/uploads\/2019\/08\/LUSA_Logo.gif","caption":"Lusa"},"sameAs":["http:\/\/\/\/www.altominho.tv\/site"],"url":"https:\/\/www.altominho.tv\/site\/author\/lusa\/"}]}},"_links":{"self":[{"href":"https:\/\/www.altominho.tv\/site\/wp-json\/wp\/v2\/posts\/75569","targetHints":{"allow":["GET"]}}],"collection":[{"href":"https:\/\/www.altominho.tv\/site\/wp-json\/wp\/v2\/posts"}],"about":[{"href":"https:\/\/www.altominho.tv\/site\/wp-json\/wp\/v2\/types\/post"}],"author":[{"embeddable":true,"href":"https:\/\/www.altominho.tv\/site\/wp-json\/wp\/v2\/users\/13"}],"replies":[{"embeddable":true,"href":"https:\/\/www.altominho.tv\/site\/wp-json\/wp\/v2\/comments?post=75569"}],"version-history":[{"count":0,"href":"https:\/\/www.altominho.tv\/site\/wp-json\/wp\/v2\/posts\/75569\/revisions"}],"wp:featuredmedia":[{"embeddable":true,"href":"https:\/\/www.altominho.tv\/site\/wp-json\/wp\/v2\/media\/75570"}],"wp:attachment":[{"href":"https:\/\/www.altominho.tv\/site\/wp-json\/wp\/v2\/media?parent=75569"}],"wp:term":[{"taxonomy":"category","embeddable":true,"href":"https:\/\/www.altominho.tv\/site\/wp-json\/wp\/v2\/categories?post=75569"},{"taxonomy":"post_tag","embeddable":true,"href":"https:\/\/www.altominho.tv\/site\/wp-json\/wp\/v2\/tags?post=75569"}],"curies":[{"name":"wp","href":"https:\/\/api.w.org\/{rel}","templated":true}]}}