{"id":75565,"date":"2022-01-30T14:51:45","date_gmt":"2022-01-30T14:51:45","guid":{"rendered":"https:\/\/www.altominho.tv\/site\/?p=75565"},"modified":"2022-01-30T14:51:49","modified_gmt":"2022-01-30T14:51:49","slug":"portugal-com-mais-45-335-casos-29-mortes-e-mais-internamentos","status":"publish","type":"post","link":"https:\/\/www.altominho.tv\/site\/2022\/01\/30\/portugal-com-mais-45-335-casos-29-mortes-e-mais-internamentos\/","title":{"rendered":"Portugal com mais 45.335 casos, 29 mortes e mais internamentos"},"content":{"rendered":"<p data-uw-styling-context=\"true\">Portugal registou 45.335 novas infe\u00e7\u00f5es com o coronav\u00edrus SARS-CoV-2 nas \u00faltimas 24 horas, mais 29 mortes associadas \u00e0 covid-19 e um substancial aumento nos internamentos em enfermaria, indicam os n\u00fameros divulgados hoje pela Dire\u00e7\u00e3o-Geral da Sa\u00fade (DGS).<\/p>\n<p class=\"text-paragraph\" data-uw-styling-context=\"true\">O boletim epidemiol\u00f3gico di\u00e1rio da DGS regista hoje mais 105 pessoas internadas em enfermaria, totalizando 2.397, e 160 em unidades de cuidados intensivos, mais sete nas \u00faltimas 24 horas.<\/p>\n<p class=\"text-paragraph\" data-uw-styling-context=\"true\">Os casos ativos voltaram a aumentar nas \u00faltimas 24 horas, totalizando 597.879, mais 5.910 do que no s\u00e1bado, e recuperaram da doen\u00e7a 39.396 pessoas, o que aumenta o total nacional de recuperados para 1.994.151.<\/p>\n<p class=\"text-paragraph\" data-uw-styling-context=\"true\">Casos ativos e contactos em vigil\u00e2ncia continuam a ser mais de um milh\u00e3o de pessoas (1.222.478).<\/p>\n<p class=\"text-paragraph\" data-uw-styling-context=\"true\">Das 29 mortes, 11 ocorreram em Lisboa e Vale do Tejo, seis no Norte, seis no Centro, quatro no Alentejo e duas no Algarve.<\/p>\n<p class=\"text-paragraph\" data-uw-styling-context=\"true\">O boletim revela ainda que do total de mortes hoje registadas 18 foram pessoas com mais de 80 anos, nove entre os 70 e os 79 anos, uma entre os 60 e os 69 anos e uma entre os 50 e os 59 anos.<\/p>\n<p class=\"text-paragraph\" data-uw-styling-context=\"true\">Comparativamente com a situa\u00e7\u00e3o registada em Portugal no mesmo dia h\u00e1 um ano, o pa\u00eds tem hoje mais 32.900 novos casos de infe\u00e7\u00e3o \u2013 contabilizaram-se 12.435 novos casos em 30 de janeiro de 2021.<\/p>\n<p class=\"text-paragraph\" data-uw-styling-context=\"true\">Nesta compara\u00e7\u00e3o, o n\u00famero de internamentos \u00e9 hoje inferior, uma vez que h\u00e1 um ano estavam internadas 6.544 pessoas, 843 das quais em cuidados intensivos, havendo tamb\u00e9m agora menos \u00f3bitos (no mesmo dia de 2021, o boletim da DGS contabilizava 293 mortes nas 24 horas anteriores.<\/p>\n<p class=\"text-paragraph\" data-uw-styling-context=\"true\">O Norte \u00e9 a regi\u00e3o com mais novos casos diagnosticados nas \u00faltimas 24 horas, num total de 19.524, seguindo-se Lisboa e Vale do Tejo (12.928), o Centro (7.158), o Algarve (2.039), o Alentejo (1.779), os A\u00e7ores (1.143) e a Madeira (764).<\/p>\n<p class=\"text-paragraph\" data-uw-styling-context=\"true\">O maior n\u00famero de \u00f3bitos desde o in\u00edcio da pandemia concentra-se nos idosos com mais de 80 anos (12.847), seguindo-se as faixas et\u00e1rias entre os 70 e os 79 anos (4.310) e entre os 60 e os 69 anos (1.829).<\/p>\n<p class=\"text-paragraph\" data-uw-styling-context=\"true\">Desde o in\u00edcio da pandemia, em mar\u00e7o de 2020, a regi\u00e3o de Lisboa e Vale do Tejo registou 959.658 casos e 8.368 mortes.<\/p>\n<p class=\"text-paragraph\" data-uw-styling-context=\"true\">Na regi\u00e3o Norte registaram-se 1.004.400 infe\u00e7\u00f5es e 6.034 \u00f3bitos e a regi\u00e3o Centro tem agora um total acumulado de 364.990 infe\u00e7\u00f5es e 3.487 mortes.<\/p>\n<p class=\"text-paragraph\" data-uw-styling-context=\"true\">O Algarve totaliza 100.422 cont\u00e1gios e 629 \u00f3bitos e o Alentejo soma 86.683 casos e 1.126 mortos por covid-19.<\/p>\n<p class=\"text-paragraph\" data-uw-styling-context=\"true\">A Regi\u00e3o Aut\u00f3noma da Madeira soma desde o in\u00edcio da pandemia 63.448 infe\u00e7\u00f5es e 155 mortes e o arquip\u00e9lago dos A\u00e7ores 32.285 casos e 57 \u00f3bitos.<\/p>\n<p class=\"text-paragraph\" data-uw-styling-context=\"true\">As autoridades regionais dos A\u00e7ores e da Madeira divulgam diariamente os seus dados, que podem n\u00e3o coincidir com a informa\u00e7\u00e3o divulgada no boletim da DGS.<\/p>\n<p class=\"text-paragraph\" data-uw-styling-context=\"true\">Em Portugal, desde mar\u00e7o de 2020, morreram 19.856 pessoas, 10.451 homens e 9.405 mulheres.<\/p>\n","protected":false},"excerpt":{"rendered":"<p>Portugal registou 45.335 novas infe\u00e7\u00f5es com o coronav\u00edrus SARS-CoV-2 nas \u00faltimas 24 horas, mais 29 mortes associadas \u00e0 covid-19 e um substancial aumento nos internamentos em enfermaria, indicam os n\u00fameros divulgados hoje pela Dire\u00e7\u00e3o-Geral da Sa\u00fade (DGS). O boletim epidemiol\u00f3gico di\u00e1rio da DGS regista hoje mais 105 pessoas internadas em enfermaria, totalizando 2.397, e 160 [&hellip;]<\/p>\n","protected":false},"author":13,"featured_media":75566,"comment_status":"closed","ping_status":"closed","sticky":false,"template":"","format":"standard","meta":{"_exactmetrics_skip_tracking":false,"_exactmetrics_sitenote_active":false,"_exactmetrics_sitenote_note":"","_exactmetrics_sitenote_category":0,"footnotes":""},"categories":[42722],"tags":[26],"class_list":["post-75565","post","type-post","status-publish","format-standard","has-post-thumbnail","hentry","category-covid-19","tag-saude"],"yoast_head":"<!-- This site is optimized with the Yoast SEO Premium plugin v27.4 (Yoast SEO v27.4) - https:\/\/yoast.com\/product\/yoast-seo-premium-wordpress\/ -->\n<title>Portugal com mais 45.335 casos, 29 mortes e mais internamentos<\/title>\n<meta name=\"robots\" content=\"index, follow, max-snippet:-1, max-image-preview:large, max-video-preview:-1\" \/>\n<link rel=\"canonical\" href=\"https:\/\/www.altominho.tv\/site\/2022\/01\/30\/portugal-com-mais-45-335-casos-29-mortes-e-mais-internamentos\/\" \/>\n<meta property=\"og:locale\" content=\"pt_PT\" \/>\n<meta property=\"og:type\" content=\"article\" \/>\n<meta property=\"og:title\" content=\"Portugal com mais 45.335 casos, 29 mortes e mais internamentos\" \/>\n<meta property=\"og:description\" content=\"Portugal registou 45.335 novas infe\u00e7\u00f5es com o coronav\u00edrus SARS-CoV-2 nas \u00faltimas 24 horas, mais 29 mortes associadas \u00e0 covid-19 e um substancial aumento nos internamentos em enfermaria, indicam os n\u00fameros divulgados hoje pela Dire\u00e7\u00e3o-Geral da Sa\u00fade (DGS). O boletim epidemiol\u00f3gico di\u00e1rio da DGS regista hoje mais 105 pessoas internadas em enfermaria, totalizando 2.397, e 160 [&hellip;]\" \/>\n<meta property=\"og:url\" content=\"https:\/\/www.altominho.tv\/site\/2022\/01\/30\/portugal-com-mais-45-335-casos-29-mortes-e-mais-internamentos\/\" \/>\n<meta property=\"og:site_name\" content=\"Altominho.tv\" \/>\n<meta property=\"article:publisher\" content=\"https:\/\/www.facebook.com\/altominhotv\" \/>\n<meta property=\"article:published_time\" content=\"2022-01-30T14:51:45+00:00\" \/>\n<meta property=\"article:modified_time\" content=\"2022-01-30T14:51:49+00:00\" \/>\n<meta property=\"og:image\" content=\"https:\/\/www.altominho.tv\/site\/wp-content\/uploads\/2022\/01\/Pessoas_Rua_Covid.jpeg\" \/>\n\t<meta property=\"og:image:width\" content=\"640\" \/>\n\t<meta property=\"og:image:height\" content=\"360\" \/>\n\t<meta property=\"og:image:type\" content=\"image\/jpeg\" \/>\n<meta name=\"author\" content=\"Lusa\" \/>\n<meta name=\"twitter:card\" content=\"summary_large_image\" \/>\n<meta name=\"twitter:creator\" content=\"@altominhoTV\" \/>\n<meta name=\"twitter:site\" content=\"@altominhoTV\" \/>\n<meta name=\"twitter:label1\" content=\"Escrito por\" \/>\n\t<meta name=\"twitter:data1\" content=\"Lusa\" \/>\n\t<meta name=\"twitter:label2\" content=\"Tempo estimado de leitura\" \/>\n\t<meta name=\"twitter:data2\" content=\"3 minutos\" \/>\n<script type=\"application\/ld+json\" class=\"yoast-schema-graph\">{\"@context\":\"https:\\\/\\\/schema.org\",\"@graph\":[{\"@type\":\"Article\",\"@id\":\"https:\\\/\\\/www.altominho.tv\\\/site\\\/2022\\\/01\\\/30\\\/portugal-com-mais-45-335-casos-29-mortes-e-mais-internamentos\\\/#article\",\"isPartOf\":{\"@id\":\"https:\\\/\\\/www.altominho.tv\\\/site\\\/2022\\\/01\\\/30\\\/portugal-com-mais-45-335-casos-29-mortes-e-mais-internamentos\\\/\"},\"author\":{\"name\":\"Lusa\",\"@id\":\"https:\\\/\\\/www.altominho.tv\\\/site\\\/#\\\/schema\\\/person\\\/63f693da3e1899361cbe955c46f3232e\"},\"headline\":\"Portugal com mais 45.335 casos, 29 mortes e mais internamentos\",\"datePublished\":\"2022-01-30T14:51:45+00:00\",\"dateModified\":\"2022-01-30T14:51:49+00:00\",\"mainEntityOfPage\":{\"@id\":\"https:\\\/\\\/www.altominho.tv\\\/site\\\/2022\\\/01\\\/30\\\/portugal-com-mais-45-335-casos-29-mortes-e-mais-internamentos\\\/\"},\"wordCount\":453,\"image\":{\"@id\":\"https:\\\/\\\/www.altominho.tv\\\/site\\\/2022\\\/01\\\/30\\\/portugal-com-mais-45-335-casos-29-mortes-e-mais-internamentos\\\/#primaryimage\"},\"thumbnailUrl\":\"https:\\\/\\\/www.altominho.tv\\\/site\\\/wp-content\\\/uploads\\\/2022\\\/01\\\/Pessoas_Rua_Covid.jpeg\",\"keywords\":[\"Sa\u00fade\"],\"articleSection\":[\"Coronav\u00edrus\"],\"inLanguage\":\"pt-PT\",\"copyrightYear\":\"2022\",\"copyrightHolder\":{\"@id\":\"https:\\\/\\\/www.altominho.tv\\\/site\\\/#organization\"}},{\"@type\":\"WebPage\",\"@id\":\"https:\\\/\\\/www.altominho.tv\\\/site\\\/2022\\\/01\\\/30\\\/portugal-com-mais-45-335-casos-29-mortes-e-mais-internamentos\\\/\",\"url\":\"https:\\\/\\\/www.altominho.tv\\\/site\\\/2022\\\/01\\\/30\\\/portugal-com-mais-45-335-casos-29-mortes-e-mais-internamentos\\\/\",\"name\":\"Portugal com mais 45.335 casos, 29 mortes e mais internamentos\",\"isPartOf\":{\"@id\":\"https:\\\/\\\/www.altominho.tv\\\/site\\\/#website\"},\"primaryImageOfPage\":{\"@id\":\"https:\\\/\\\/www.altominho.tv\\\/site\\\/2022\\\/01\\\/30\\\/portugal-com-mais-45-335-casos-29-mortes-e-mais-internamentos\\\/#primaryimage\"},\"image\":{\"@id\":\"https:\\\/\\\/www.altominho.tv\\\/site\\\/2022\\\/01\\\/30\\\/portugal-com-mais-45-335-casos-29-mortes-e-mais-internamentos\\\/#primaryimage\"},\"thumbnailUrl\":\"https:\\\/\\\/www.altominho.tv\\\/site\\\/wp-content\\\/uploads\\\/2022\\\/01\\\/Pessoas_Rua_Covid.jpeg\",\"datePublished\":\"2022-01-30T14:51:45+00:00\",\"dateModified\":\"2022-01-30T14:51:49+00:00\",\"author\":{\"@id\":\"https:\\\/\\\/www.altominho.tv\\\/site\\\/#\\\/schema\\\/person\\\/63f693da3e1899361cbe955c46f3232e\"},\"breadcrumb\":{\"@id\":\"https:\\\/\\\/www.altominho.tv\\\/site\\\/2022\\\/01\\\/30\\\/portugal-com-mais-45-335-casos-29-mortes-e-mais-internamentos\\\/#breadcrumb\"},\"inLanguage\":\"pt-PT\",\"potentialAction\":[{\"@type\":\"ReadAction\",\"target\":[\"https:\\\/\\\/www.altominho.tv\\\/site\\\/2022\\\/01\\\/30\\\/portugal-com-mais-45-335-casos-29-mortes-e-mais-internamentos\\\/\"]}]},{\"@type\":\"ImageObject\",\"inLanguage\":\"pt-PT\",\"@id\":\"https:\\\/\\\/www.altominho.tv\\\/site\\\/2022\\\/01\\\/30\\\/portugal-com-mais-45-335-casos-29-mortes-e-mais-internamentos\\\/#primaryimage\",\"url\":\"https:\\\/\\\/www.altominho.tv\\\/site\\\/wp-content\\\/uploads\\\/2022\\\/01\\\/Pessoas_Rua_Covid.jpeg\",\"contentUrl\":\"https:\\\/\\\/www.altominho.tv\\\/site\\\/wp-content\\\/uploads\\\/2022\\\/01\\\/Pessoas_Rua_Covid.jpeg\",\"width\":640,\"height\":360},{\"@type\":\"BreadcrumbList\",\"@id\":\"https:\\\/\\\/www.altominho.tv\\\/site\\\/2022\\\/01\\\/30\\\/portugal-com-mais-45-335-casos-29-mortes-e-mais-internamentos\\\/#breadcrumb\",\"itemListElement\":[{\"@type\":\"ListItem\",\"position\":1,\"name\":\"In\u00edcio\",\"item\":\"https:\\\/\\\/www.altominho.tv\\\/site\\\/\"},{\"@type\":\"ListItem\",\"position\":2,\"name\":\"Portugal com mais 45.335 casos, 29 mortes e mais internamentos\"}]},{\"@type\":\"WebSite\",\"@id\":\"https:\\\/\\\/www.altominho.tv\\\/site\\\/#website\",\"url\":\"https:\\\/\\\/www.altominho.tv\\\/site\\\/\",\"name\":\"Altominho.tv\",\"description\":\"A sua regi\u00e3o \u00e0 dist\u00e2ncia de um clique...\",\"potentialAction\":[{\"@type\":\"SearchAction\",\"target\":{\"@type\":\"EntryPoint\",\"urlTemplate\":\"https:\\\/\\\/www.altominho.tv\\\/site\\\/?s={search_term_string}\"},\"query-input\":{\"@type\":\"PropertyValueSpecification\",\"valueRequired\":true,\"valueName\":\"search_term_string\"}}],\"inLanguage\":\"pt-PT\"},{\"@type\":\"Person\",\"@id\":\"https:\\\/\\\/www.altominho.tv\\\/site\\\/#\\\/schema\\\/person\\\/63f693da3e1899361cbe955c46f3232e\",\"name\":\"Lusa\",\"image\":{\"@type\":\"ImageObject\",\"inLanguage\":\"pt-PT\",\"@id\":\"https:\\\/\\\/www.altominho.tv\\\/site\\\/wp-content\\\/uploads\\\/2019\\\/08\\\/LUSA_Logo.gif\",\"url\":\"https:\\\/\\\/www.altominho.tv\\\/site\\\/wp-content\\\/uploads\\\/2019\\\/08\\\/LUSA_Logo.gif\",\"contentUrl\":\"https:\\\/\\\/www.altominho.tv\\\/site\\\/wp-content\\\/uploads\\\/2019\\\/08\\\/LUSA_Logo.gif\",\"caption\":\"Lusa\"},\"sameAs\":[\"http:\\\/\\\/\\\/\\\/www.altominho.tv\\\/site\"],\"url\":\"https:\\\/\\\/www.altominho.tv\\\/site\\\/author\\\/lusa\\\/\"}]}<\/script>\n<!-- \/ Yoast SEO Premium plugin. -->","yoast_head_json":{"title":"Portugal com mais 45.335 casos, 29 mortes e mais internamentos","robots":{"index":"index","follow":"follow","max-snippet":"max-snippet:-1","max-image-preview":"max-image-preview:large","max-video-preview":"max-video-preview:-1"},"canonical":"https:\/\/www.altominho.tv\/site\/2022\/01\/30\/portugal-com-mais-45-335-casos-29-mortes-e-mais-internamentos\/","og_locale":"pt_PT","og_type":"article","og_title":"Portugal com mais 45.335 casos, 29 mortes e mais internamentos","og_description":"Portugal registou 45.335 novas infe\u00e7\u00f5es com o coronav\u00edrus SARS-CoV-2 nas \u00faltimas 24 horas, mais 29 mortes associadas \u00e0 covid-19 e um substancial aumento nos internamentos em enfermaria, indicam os n\u00fameros divulgados hoje pela Dire\u00e7\u00e3o-Geral da Sa\u00fade (DGS). O boletim epidemiol\u00f3gico di\u00e1rio da DGS regista hoje mais 105 pessoas internadas em enfermaria, totalizando 2.397, e 160 [&hellip;]","og_url":"https:\/\/www.altominho.tv\/site\/2022\/01\/30\/portugal-com-mais-45-335-casos-29-mortes-e-mais-internamentos\/","og_site_name":"Altominho.tv","article_publisher":"https:\/\/www.facebook.com\/altominhotv","article_published_time":"2022-01-30T14:51:45+00:00","article_modified_time":"2022-01-30T14:51:49+00:00","og_image":[{"width":640,"height":360,"url":"https:\/\/www.altominho.tv\/site\/wp-content\/uploads\/2022\/01\/Pessoas_Rua_Covid.jpeg","type":"image\/jpeg"}],"author":"Lusa","twitter_card":"summary_large_image","twitter_creator":"@altominhoTV","twitter_site":"@altominhoTV","twitter_misc":{"Escrito por":"Lusa","Tempo estimado de leitura":"3 minutos"},"schema":{"@context":"https:\/\/schema.org","@graph":[{"@type":"Article","@id":"https:\/\/www.altominho.tv\/site\/2022\/01\/30\/portugal-com-mais-45-335-casos-29-mortes-e-mais-internamentos\/#article","isPartOf":{"@id":"https:\/\/www.altominho.tv\/site\/2022\/01\/30\/portugal-com-mais-45-335-casos-29-mortes-e-mais-internamentos\/"},"author":{"name":"Lusa","@id":"https:\/\/www.altominho.tv\/site\/#\/schema\/person\/63f693da3e1899361cbe955c46f3232e"},"headline":"Portugal com mais 45.335 casos, 29 mortes e mais internamentos","datePublished":"2022-01-30T14:51:45+00:00","dateModified":"2022-01-30T14:51:49+00:00","mainEntityOfPage":{"@id":"https:\/\/www.altominho.tv\/site\/2022\/01\/30\/portugal-com-mais-45-335-casos-29-mortes-e-mais-internamentos\/"},"wordCount":453,"image":{"@id":"https:\/\/www.altominho.tv\/site\/2022\/01\/30\/portugal-com-mais-45-335-casos-29-mortes-e-mais-internamentos\/#primaryimage"},"thumbnailUrl":"https:\/\/www.altominho.tv\/site\/wp-content\/uploads\/2022\/01\/Pessoas_Rua_Covid.jpeg","keywords":["Sa\u00fade"],"articleSection":["Coronav\u00edrus"],"inLanguage":"pt-PT","copyrightYear":"2022","copyrightHolder":{"@id":"https:\/\/www.altominho.tv\/site\/#organization"}},{"@type":"WebPage","@id":"https:\/\/www.altominho.tv\/site\/2022\/01\/30\/portugal-com-mais-45-335-casos-29-mortes-e-mais-internamentos\/","url":"https:\/\/www.altominho.tv\/site\/2022\/01\/30\/portugal-com-mais-45-335-casos-29-mortes-e-mais-internamentos\/","name":"Portugal com mais 45.335 casos, 29 mortes e mais internamentos","isPartOf":{"@id":"https:\/\/www.altominho.tv\/site\/#website"},"primaryImageOfPage":{"@id":"https:\/\/www.altominho.tv\/site\/2022\/01\/30\/portugal-com-mais-45-335-casos-29-mortes-e-mais-internamentos\/#primaryimage"},"image":{"@id":"https:\/\/www.altominho.tv\/site\/2022\/01\/30\/portugal-com-mais-45-335-casos-29-mortes-e-mais-internamentos\/#primaryimage"},"thumbnailUrl":"https:\/\/www.altominho.tv\/site\/wp-content\/uploads\/2022\/01\/Pessoas_Rua_Covid.jpeg","datePublished":"2022-01-30T14:51:45+00:00","dateModified":"2022-01-30T14:51:49+00:00","author":{"@id":"https:\/\/www.altominho.tv\/site\/#\/schema\/person\/63f693da3e1899361cbe955c46f3232e"},"breadcrumb":{"@id":"https:\/\/www.altominho.tv\/site\/2022\/01\/30\/portugal-com-mais-45-335-casos-29-mortes-e-mais-internamentos\/#breadcrumb"},"inLanguage":"pt-PT","potentialAction":[{"@type":"ReadAction","target":["https:\/\/www.altominho.tv\/site\/2022\/01\/30\/portugal-com-mais-45-335-casos-29-mortes-e-mais-internamentos\/"]}]},{"@type":"ImageObject","inLanguage":"pt-PT","@id":"https:\/\/www.altominho.tv\/site\/2022\/01\/30\/portugal-com-mais-45-335-casos-29-mortes-e-mais-internamentos\/#primaryimage","url":"https:\/\/www.altominho.tv\/site\/wp-content\/uploads\/2022\/01\/Pessoas_Rua_Covid.jpeg","contentUrl":"https:\/\/www.altominho.tv\/site\/wp-content\/uploads\/2022\/01\/Pessoas_Rua_Covid.jpeg","width":640,"height":360},{"@type":"BreadcrumbList","@id":"https:\/\/www.altominho.tv\/site\/2022\/01\/30\/portugal-com-mais-45-335-casos-29-mortes-e-mais-internamentos\/#breadcrumb","itemListElement":[{"@type":"ListItem","position":1,"name":"In\u00edcio","item":"https:\/\/www.altominho.tv\/site\/"},{"@type":"ListItem","position":2,"name":"Portugal com mais 45.335 casos, 29 mortes e mais internamentos"}]},{"@type":"WebSite","@id":"https:\/\/www.altominho.tv\/site\/#website","url":"https:\/\/www.altominho.tv\/site\/","name":"Altominho.tv","description":"A sua regi\u00e3o \u00e0 dist\u00e2ncia de um clique...","potentialAction":[{"@type":"SearchAction","target":{"@type":"EntryPoint","urlTemplate":"https:\/\/www.altominho.tv\/site\/?s={search_term_string}"},"query-input":{"@type":"PropertyValueSpecification","valueRequired":true,"valueName":"search_term_string"}}],"inLanguage":"pt-PT"},{"@type":"Person","@id":"https:\/\/www.altominho.tv\/site\/#\/schema\/person\/63f693da3e1899361cbe955c46f3232e","name":"Lusa","image":{"@type":"ImageObject","inLanguage":"pt-PT","@id":"https:\/\/www.altominho.tv\/site\/wp-content\/uploads\/2019\/08\/LUSA_Logo.gif","url":"https:\/\/www.altominho.tv\/site\/wp-content\/uploads\/2019\/08\/LUSA_Logo.gif","contentUrl":"https:\/\/www.altominho.tv\/site\/wp-content\/uploads\/2019\/08\/LUSA_Logo.gif","caption":"Lusa"},"sameAs":["http:\/\/\/\/www.altominho.tv\/site"],"url":"https:\/\/www.altominho.tv\/site\/author\/lusa\/"}]}},"_links":{"self":[{"href":"https:\/\/www.altominho.tv\/site\/wp-json\/wp\/v2\/posts\/75565","targetHints":{"allow":["GET"]}}],"collection":[{"href":"https:\/\/www.altominho.tv\/site\/wp-json\/wp\/v2\/posts"}],"about":[{"href":"https:\/\/www.altominho.tv\/site\/wp-json\/wp\/v2\/types\/post"}],"author":[{"embeddable":true,"href":"https:\/\/www.altominho.tv\/site\/wp-json\/wp\/v2\/users\/13"}],"replies":[{"embeddable":true,"href":"https:\/\/www.altominho.tv\/site\/wp-json\/wp\/v2\/comments?post=75565"}],"version-history":[{"count":0,"href":"https:\/\/www.altominho.tv\/site\/wp-json\/wp\/v2\/posts\/75565\/revisions"}],"wp:featuredmedia":[{"embeddable":true,"href":"https:\/\/www.altominho.tv\/site\/wp-json\/wp\/v2\/media\/75566"}],"wp:attachment":[{"href":"https:\/\/www.altominho.tv\/site\/wp-json\/wp\/v2\/media?parent=75565"}],"wp:term":[{"taxonomy":"category","embeddable":true,"href":"https:\/\/www.altominho.tv\/site\/wp-json\/wp\/v2\/categories?post=75565"},{"taxonomy":"post_tag","embeddable":true,"href":"https:\/\/www.altominho.tv\/site\/wp-json\/wp\/v2\/tags?post=75565"}],"curies":[{"name":"wp","href":"https:\/\/api.w.org\/{rel}","templated":true}]}}