{"id":75558,"date":"2022-01-29T14:58:12","date_gmt":"2022-01-29T14:58:12","guid":{"rendered":"https:\/\/www.altominho.tv\/site\/?p=75558"},"modified":"2022-01-29T14:58:17","modified_gmt":"2022-01-29T14:58:17","slug":"portugal-com-mais-59-194-casos-39-mortes-e-menos-internamentos","status":"publish","type":"post","link":"https:\/\/www.altominho.tv\/site\/2022\/01\/29\/portugal-com-mais-59-194-casos-39-mortes-e-menos-internamentos\/","title":{"rendered":"Portugal com mais 59.194 casos, 39 mortes e menos internamentos"},"content":{"rendered":"<p data-uw-styling-context=\"true\">Portugal registou 59.194 novas infe\u00e7\u00f5es com o coronav\u00edrus SARS-CoV-2 nas \u00faltimas 24 horas, mais 39 mortes associadas \u00e0 covid-19 e uma redu\u00e7\u00e3o nos internamentos em enfermaria, indicam os n\u00fameros divulgados hoje pela Dire\u00e7\u00e3o-Geral da Sa\u00fade (DGS).<\/p>\n<p class=\"text-paragraph\" data-uw-styling-context=\"true\">O boletim epidemiol\u00f3gico di\u00e1rio da DGS regista menos 28 pessoas internadas em enfermaria, totalizando hoje 2.292 e 153 em unidades de cuidados intensivos, mais uma nas \u00faltimas 24 horas.<\/p>\n<p class=\"text-paragraph\" data-uw-styling-context=\"true\">Os casos ativos voltaram a aumentar nas \u00faltimas 24 horas, totalizando 591.969, mais 12.599 do que na sexta-feira, e recuperaram da doen\u00e7a 46.556 pessoas, o que aumenta o total nacional de recuperados para 1.954.755.<\/p>\n<p class=\"text-paragraph\" data-uw-styling-context=\"true\">Casos ativos e contactos em vigil\u00e2ncia continuam a ser mais de um milh\u00e3o de pessoas (1.203.011).<\/p>\n<p class=\"text-paragraph\" data-uw-styling-context=\"true\">Das 39 mortes, 17 ocorreram em Lisboa e Vale do Tejo, oito no Norte, sete no Centro, tr\u00eas no Alentejo, tr\u00eas no Algarve e uma na Madeira.<\/p>\n<p class=\"text-paragraph\" data-uw-styling-context=\"true\">O boletim revela ainda que do total de mortes hoje registadas 28 foram pessoas com mais de 80 anos, sete entre os 70 e os 79 anos, tr\u00eas entre os 60 e os 69 anos e uma entre os 40 e os 49 anos.<\/p>\n<p class=\"text-paragraph\" data-uw-styling-context=\"true\">Comparativamente com a situa\u00e7\u00e3o registada em Portugal no mesmo dia h\u00e1 um ano, o pa\u00eds tem hoje mais 45.994 novos casos de infe\u00e7\u00e3o \u2013 contabilizaram-se 13.200 novos casos em 29 de janeiro de 2021.<\/p>\n<p class=\"text-paragraph\" data-uw-styling-context=\"true\">Nesta compara\u00e7\u00e3o, o n\u00famero de internamentos \u00e9 hoje inferior, uma vez que h\u00e1 um ano estavam internadas 6.627 pessoas, 806 das quais em cuidados intensivos, havendo tamb\u00e9m agora menos \u00f3bitos (no mesmo dia de 2021, o boletim da DGS contabilizava 278 mortes nas 24 horas anteriores.<\/p>\n<p class=\"text-paragraph\" data-uw-styling-context=\"true\">O Norte \u00e9 a regi\u00e3o com mais novos casos diagnosticados nas \u00faltimas 24 horas, num total de 24.665, seguindo-se Lisboa e Vale do Tejo (17.263), o Centro (10.569), o Algarve (2.344), o Alentejo (1.771), os A\u00e7ores (1.611) e a Madeira (981).<\/p>\n<p class=\"text-paragraph\" data-uw-styling-context=\"true\">O maior n\u00famero de \u00f3bitos desde o in\u00edcio da pandemia concentra-se nos idosos com mais de 80 anos (12.829), seguindo-se as faixas et\u00e1rias entre os 70 e os 79 anos (4.301) e entre os 60 e os 69 anos (1.828).<\/p>\n<p class=\"text-paragraph\" data-uw-styling-context=\"true\">Desde o in\u00edcio da pandemia, em mar\u00e7o de 2020, a regi\u00e3o de Lisboa e Vale do Tejo registou 946.730 casos e 8.357 mortes.<\/p>\n<p class=\"text-paragraph\" data-uw-styling-context=\"true\">Na regi\u00e3o Norte registaram-se 984.876 infe\u00e7\u00f5es e 6.028 \u00f3bitos e a regi\u00e3o Centro tem agora um total acumulado de 357.832 infe\u00e7\u00f5es e 3.481 mortes.<\/p>\n<p class=\"text-paragraph\" data-uw-styling-context=\"true\">O Algarve totaliza 98.383 cont\u00e1gios e 627 \u00f3bitos e o Alentejo soma 84.904 casos e 1.122 mortos por covid-19.<\/p>\n<p class=\"text-paragraph\" data-uw-styling-context=\"true\">A Regi\u00e3o Aut\u00f3noma da Madeira soma desde o in\u00edcio da pandemia 62.684 infe\u00e7\u00f5es e 155 mortes e o arquip\u00e9lago dos A\u00e7ores 31.142 casos e 57 \u00f3bitos.<\/p>\n<p class=\"text-paragraph\" data-uw-styling-context=\"true\">As autoridades regionais dos A\u00e7ores e da Madeira divulgam diariamente os seus dados, que podem n\u00e3o coincidir com a informa\u00e7\u00e3o divulgada no boletim da DGS.<\/p>\n<p class=\"text-paragraph\" data-uw-styling-context=\"true\">Em Portugal, desde mar\u00e7o de 2020, morreram 19.827 pessoas, 10.431 homens e 9.396 mulheres.<\/p>\n","protected":false},"excerpt":{"rendered":"<p>Portugal registou 59.194 novas infe\u00e7\u00f5es com o coronav\u00edrus SARS-CoV-2 nas \u00faltimas 24 horas, mais 39 mortes associadas \u00e0 covid-19 e uma redu\u00e7\u00e3o nos internamentos em enfermaria, indicam os n\u00fameros divulgados hoje pela Dire\u00e7\u00e3o-Geral da Sa\u00fade (DGS). O boletim epidemiol\u00f3gico di\u00e1rio da DGS regista menos 28 pessoas internadas em enfermaria, totalizando hoje 2.292 e 153 em [&hellip;]<\/p>\n","protected":false},"author":13,"featured_media":74092,"comment_status":"closed","ping_status":"closed","sticky":false,"template":"","format":"standard","meta":{"_exactmetrics_skip_tracking":false,"_exactmetrics_sitenote_active":false,"_exactmetrics_sitenote_note":"","_exactmetrics_sitenote_category":0,"footnotes":""},"categories":[42722],"tags":[26],"class_list":["post-75558","post","type-post","status-publish","format-standard","has-post-thumbnail","hentry","category-covid-19","tag-saude"],"yoast_head":"<!-- This site is optimized with the Yoast SEO Premium plugin v27.4 (Yoast SEO v27.4) - https:\/\/yoast.com\/product\/yoast-seo-premium-wordpress\/ -->\n<title>Portugal com mais 59.194 casos, 39 mortes e menos internamentos<\/title>\n<meta name=\"robots\" content=\"index, follow, max-snippet:-1, max-image-preview:large, max-video-preview:-1\" \/>\n<link rel=\"canonical\" href=\"https:\/\/www.altominho.tv\/site\/2022\/01\/29\/portugal-com-mais-59-194-casos-39-mortes-e-menos-internamentos\/\" \/>\n<meta property=\"og:locale\" content=\"pt_PT\" \/>\n<meta property=\"og:type\" content=\"article\" \/>\n<meta property=\"og:title\" content=\"Portugal com mais 59.194 casos, 39 mortes e menos internamentos\" \/>\n<meta property=\"og:description\" content=\"Portugal registou 59.194 novas infe\u00e7\u00f5es com o coronav\u00edrus SARS-CoV-2 nas \u00faltimas 24 horas, mais 39 mortes associadas \u00e0 covid-19 e uma redu\u00e7\u00e3o nos internamentos em enfermaria, indicam os n\u00fameros divulgados hoje pela Dire\u00e7\u00e3o-Geral da Sa\u00fade (DGS). O boletim epidemiol\u00f3gico di\u00e1rio da DGS regista menos 28 pessoas internadas em enfermaria, totalizando hoje 2.292 e 153 em [&hellip;]\" \/>\n<meta property=\"og:url\" content=\"https:\/\/www.altominho.tv\/site\/2022\/01\/29\/portugal-com-mais-59-194-casos-39-mortes-e-menos-internamentos\/\" \/>\n<meta property=\"og:site_name\" content=\"Altominho.tv\" \/>\n<meta property=\"article:publisher\" content=\"https:\/\/www.facebook.com\/altominhotv\" \/>\n<meta property=\"article:published_time\" content=\"2022-01-29T14:58:12+00:00\" \/>\n<meta property=\"article:modified_time\" content=\"2022-01-29T14:58:17+00:00\" \/>\n<meta property=\"og:image\" content=\"https:\/\/www.altominho.tv\/site\/wp-content\/uploads\/2021\/12\/20200401171904490031e.jpeg\" \/>\n\t<meta property=\"og:image:width\" content=\"660\" \/>\n\t<meta property=\"og:image:height\" content=\"360\" \/>\n\t<meta property=\"og:image:type\" content=\"image\/jpeg\" \/>\n<meta name=\"author\" content=\"Lusa\" \/>\n<meta name=\"twitter:card\" content=\"summary_large_image\" \/>\n<meta name=\"twitter:creator\" content=\"@altominhoTV\" \/>\n<meta name=\"twitter:site\" content=\"@altominhoTV\" \/>\n<meta name=\"twitter:label1\" content=\"Escrito por\" \/>\n\t<meta name=\"twitter:data1\" content=\"Lusa\" \/>\n\t<meta name=\"twitter:label2\" content=\"Tempo estimado de leitura\" \/>\n\t<meta name=\"twitter:data2\" content=\"3 minutos\" \/>\n<script type=\"application\/ld+json\" class=\"yoast-schema-graph\">{\"@context\":\"https:\\\/\\\/schema.org\",\"@graph\":[{\"@type\":\"Article\",\"@id\":\"https:\\\/\\\/www.altominho.tv\\\/site\\\/2022\\\/01\\\/29\\\/portugal-com-mais-59-194-casos-39-mortes-e-menos-internamentos\\\/#article\",\"isPartOf\":{\"@id\":\"https:\\\/\\\/www.altominho.tv\\\/site\\\/2022\\\/01\\\/29\\\/portugal-com-mais-59-194-casos-39-mortes-e-menos-internamentos\\\/\"},\"author\":{\"name\":\"Lusa\",\"@id\":\"https:\\\/\\\/www.altominho.tv\\\/site\\\/#\\\/schema\\\/person\\\/63f693da3e1899361cbe955c46f3232e\"},\"headline\":\"Portugal com mais 59.194 casos, 39 mortes e menos internamentos\",\"datePublished\":\"2022-01-29T14:58:12+00:00\",\"dateModified\":\"2022-01-29T14:58:17+00:00\",\"mainEntityOfPage\":{\"@id\":\"https:\\\/\\\/www.altominho.tv\\\/site\\\/2022\\\/01\\\/29\\\/portugal-com-mais-59-194-casos-39-mortes-e-menos-internamentos\\\/\"},\"wordCount\":458,\"image\":{\"@id\":\"https:\\\/\\\/www.altominho.tv\\\/site\\\/2022\\\/01\\\/29\\\/portugal-com-mais-59-194-casos-39-mortes-e-menos-internamentos\\\/#primaryimage\"},\"thumbnailUrl\":\"https:\\\/\\\/www.altominho.tv\\\/site\\\/wp-content\\\/uploads\\\/2021\\\/12\\\/20200401171904490031e.jpeg\",\"keywords\":[\"Sa\u00fade\"],\"articleSection\":[\"Coronav\u00edrus\"],\"inLanguage\":\"pt-PT\",\"copyrightYear\":\"2022\",\"copyrightHolder\":{\"@id\":\"https:\\\/\\\/www.altominho.tv\\\/site\\\/#organization\"}},{\"@type\":\"WebPage\",\"@id\":\"https:\\\/\\\/www.altominho.tv\\\/site\\\/2022\\\/01\\\/29\\\/portugal-com-mais-59-194-casos-39-mortes-e-menos-internamentos\\\/\",\"url\":\"https:\\\/\\\/www.altominho.tv\\\/site\\\/2022\\\/01\\\/29\\\/portugal-com-mais-59-194-casos-39-mortes-e-menos-internamentos\\\/\",\"name\":\"Portugal com mais 59.194 casos, 39 mortes e menos internamentos\",\"isPartOf\":{\"@id\":\"https:\\\/\\\/www.altominho.tv\\\/site\\\/#website\"},\"primaryImageOfPage\":{\"@id\":\"https:\\\/\\\/www.altominho.tv\\\/site\\\/2022\\\/01\\\/29\\\/portugal-com-mais-59-194-casos-39-mortes-e-menos-internamentos\\\/#primaryimage\"},\"image\":{\"@id\":\"https:\\\/\\\/www.altominho.tv\\\/site\\\/2022\\\/01\\\/29\\\/portugal-com-mais-59-194-casos-39-mortes-e-menos-internamentos\\\/#primaryimage\"},\"thumbnailUrl\":\"https:\\\/\\\/www.altominho.tv\\\/site\\\/wp-content\\\/uploads\\\/2021\\\/12\\\/20200401171904490031e.jpeg\",\"datePublished\":\"2022-01-29T14:58:12+00:00\",\"dateModified\":\"2022-01-29T14:58:17+00:00\",\"author\":{\"@id\":\"https:\\\/\\\/www.altominho.tv\\\/site\\\/#\\\/schema\\\/person\\\/63f693da3e1899361cbe955c46f3232e\"},\"breadcrumb\":{\"@id\":\"https:\\\/\\\/www.altominho.tv\\\/site\\\/2022\\\/01\\\/29\\\/portugal-com-mais-59-194-casos-39-mortes-e-menos-internamentos\\\/#breadcrumb\"},\"inLanguage\":\"pt-PT\",\"potentialAction\":[{\"@type\":\"ReadAction\",\"target\":[\"https:\\\/\\\/www.altominho.tv\\\/site\\\/2022\\\/01\\\/29\\\/portugal-com-mais-59-194-casos-39-mortes-e-menos-internamentos\\\/\"]}]},{\"@type\":\"ImageObject\",\"inLanguage\":\"pt-PT\",\"@id\":\"https:\\\/\\\/www.altominho.tv\\\/site\\\/2022\\\/01\\\/29\\\/portugal-com-mais-59-194-casos-39-mortes-e-menos-internamentos\\\/#primaryimage\",\"url\":\"https:\\\/\\\/www.altominho.tv\\\/site\\\/wp-content\\\/uploads\\\/2021\\\/12\\\/20200401171904490031e.jpeg\",\"contentUrl\":\"https:\\\/\\\/www.altominho.tv\\\/site\\\/wp-content\\\/uploads\\\/2021\\\/12\\\/20200401171904490031e.jpeg\",\"width\":660,\"height\":360},{\"@type\":\"BreadcrumbList\",\"@id\":\"https:\\\/\\\/www.altominho.tv\\\/site\\\/2022\\\/01\\\/29\\\/portugal-com-mais-59-194-casos-39-mortes-e-menos-internamentos\\\/#breadcrumb\",\"itemListElement\":[{\"@type\":\"ListItem\",\"position\":1,\"name\":\"In\u00edcio\",\"item\":\"https:\\\/\\\/www.altominho.tv\\\/site\\\/\"},{\"@type\":\"ListItem\",\"position\":2,\"name\":\"Portugal com mais 59.194 casos, 39 mortes e menos internamentos\"}]},{\"@type\":\"WebSite\",\"@id\":\"https:\\\/\\\/www.altominho.tv\\\/site\\\/#website\",\"url\":\"https:\\\/\\\/www.altominho.tv\\\/site\\\/\",\"name\":\"Altominho.tv\",\"description\":\"A sua regi\u00e3o \u00e0 dist\u00e2ncia de um clique...\",\"potentialAction\":[{\"@type\":\"SearchAction\",\"target\":{\"@type\":\"EntryPoint\",\"urlTemplate\":\"https:\\\/\\\/www.altominho.tv\\\/site\\\/?s={search_term_string}\"},\"query-input\":{\"@type\":\"PropertyValueSpecification\",\"valueRequired\":true,\"valueName\":\"search_term_string\"}}],\"inLanguage\":\"pt-PT\"},{\"@type\":\"Person\",\"@id\":\"https:\\\/\\\/www.altominho.tv\\\/site\\\/#\\\/schema\\\/person\\\/63f693da3e1899361cbe955c46f3232e\",\"name\":\"Lusa\",\"image\":{\"@type\":\"ImageObject\",\"inLanguage\":\"pt-PT\",\"@id\":\"https:\\\/\\\/www.altominho.tv\\\/site\\\/wp-content\\\/uploads\\\/2019\\\/08\\\/LUSA_Logo.gif\",\"url\":\"https:\\\/\\\/www.altominho.tv\\\/site\\\/wp-content\\\/uploads\\\/2019\\\/08\\\/LUSA_Logo.gif\",\"contentUrl\":\"https:\\\/\\\/www.altominho.tv\\\/site\\\/wp-content\\\/uploads\\\/2019\\\/08\\\/LUSA_Logo.gif\",\"caption\":\"Lusa\"},\"sameAs\":[\"http:\\\/\\\/\\\/\\\/www.altominho.tv\\\/site\"],\"url\":\"https:\\\/\\\/www.altominho.tv\\\/site\\\/author\\\/lusa\\\/\"}]}<\/script>\n<!-- \/ Yoast SEO Premium plugin. -->","yoast_head_json":{"title":"Portugal com mais 59.194 casos, 39 mortes e menos internamentos","robots":{"index":"index","follow":"follow","max-snippet":"max-snippet:-1","max-image-preview":"max-image-preview:large","max-video-preview":"max-video-preview:-1"},"canonical":"https:\/\/www.altominho.tv\/site\/2022\/01\/29\/portugal-com-mais-59-194-casos-39-mortes-e-menos-internamentos\/","og_locale":"pt_PT","og_type":"article","og_title":"Portugal com mais 59.194 casos, 39 mortes e menos internamentos","og_description":"Portugal registou 59.194 novas infe\u00e7\u00f5es com o coronav\u00edrus SARS-CoV-2 nas \u00faltimas 24 horas, mais 39 mortes associadas \u00e0 covid-19 e uma redu\u00e7\u00e3o nos internamentos em enfermaria, indicam os n\u00fameros divulgados hoje pela Dire\u00e7\u00e3o-Geral da Sa\u00fade (DGS). O boletim epidemiol\u00f3gico di\u00e1rio da DGS regista menos 28 pessoas internadas em enfermaria, totalizando hoje 2.292 e 153 em [&hellip;]","og_url":"https:\/\/www.altominho.tv\/site\/2022\/01\/29\/portugal-com-mais-59-194-casos-39-mortes-e-menos-internamentos\/","og_site_name":"Altominho.tv","article_publisher":"https:\/\/www.facebook.com\/altominhotv","article_published_time":"2022-01-29T14:58:12+00:00","article_modified_time":"2022-01-29T14:58:17+00:00","og_image":[{"width":660,"height":360,"url":"https:\/\/www.altominho.tv\/site\/wp-content\/uploads\/2021\/12\/20200401171904490031e.jpeg","type":"image\/jpeg"}],"author":"Lusa","twitter_card":"summary_large_image","twitter_creator":"@altominhoTV","twitter_site":"@altominhoTV","twitter_misc":{"Escrito por":"Lusa","Tempo estimado de leitura":"3 minutos"},"schema":{"@context":"https:\/\/schema.org","@graph":[{"@type":"Article","@id":"https:\/\/www.altominho.tv\/site\/2022\/01\/29\/portugal-com-mais-59-194-casos-39-mortes-e-menos-internamentos\/#article","isPartOf":{"@id":"https:\/\/www.altominho.tv\/site\/2022\/01\/29\/portugal-com-mais-59-194-casos-39-mortes-e-menos-internamentos\/"},"author":{"name":"Lusa","@id":"https:\/\/www.altominho.tv\/site\/#\/schema\/person\/63f693da3e1899361cbe955c46f3232e"},"headline":"Portugal com mais 59.194 casos, 39 mortes e menos internamentos","datePublished":"2022-01-29T14:58:12+00:00","dateModified":"2022-01-29T14:58:17+00:00","mainEntityOfPage":{"@id":"https:\/\/www.altominho.tv\/site\/2022\/01\/29\/portugal-com-mais-59-194-casos-39-mortes-e-menos-internamentos\/"},"wordCount":458,"image":{"@id":"https:\/\/www.altominho.tv\/site\/2022\/01\/29\/portugal-com-mais-59-194-casos-39-mortes-e-menos-internamentos\/#primaryimage"},"thumbnailUrl":"https:\/\/www.altominho.tv\/site\/wp-content\/uploads\/2021\/12\/20200401171904490031e.jpeg","keywords":["Sa\u00fade"],"articleSection":["Coronav\u00edrus"],"inLanguage":"pt-PT","copyrightYear":"2022","copyrightHolder":{"@id":"https:\/\/www.altominho.tv\/site\/#organization"}},{"@type":"WebPage","@id":"https:\/\/www.altominho.tv\/site\/2022\/01\/29\/portugal-com-mais-59-194-casos-39-mortes-e-menos-internamentos\/","url":"https:\/\/www.altominho.tv\/site\/2022\/01\/29\/portugal-com-mais-59-194-casos-39-mortes-e-menos-internamentos\/","name":"Portugal com mais 59.194 casos, 39 mortes e menos internamentos","isPartOf":{"@id":"https:\/\/www.altominho.tv\/site\/#website"},"primaryImageOfPage":{"@id":"https:\/\/www.altominho.tv\/site\/2022\/01\/29\/portugal-com-mais-59-194-casos-39-mortes-e-menos-internamentos\/#primaryimage"},"image":{"@id":"https:\/\/www.altominho.tv\/site\/2022\/01\/29\/portugal-com-mais-59-194-casos-39-mortes-e-menos-internamentos\/#primaryimage"},"thumbnailUrl":"https:\/\/www.altominho.tv\/site\/wp-content\/uploads\/2021\/12\/20200401171904490031e.jpeg","datePublished":"2022-01-29T14:58:12+00:00","dateModified":"2022-01-29T14:58:17+00:00","author":{"@id":"https:\/\/www.altominho.tv\/site\/#\/schema\/person\/63f693da3e1899361cbe955c46f3232e"},"breadcrumb":{"@id":"https:\/\/www.altominho.tv\/site\/2022\/01\/29\/portugal-com-mais-59-194-casos-39-mortes-e-menos-internamentos\/#breadcrumb"},"inLanguage":"pt-PT","potentialAction":[{"@type":"ReadAction","target":["https:\/\/www.altominho.tv\/site\/2022\/01\/29\/portugal-com-mais-59-194-casos-39-mortes-e-menos-internamentos\/"]}]},{"@type":"ImageObject","inLanguage":"pt-PT","@id":"https:\/\/www.altominho.tv\/site\/2022\/01\/29\/portugal-com-mais-59-194-casos-39-mortes-e-menos-internamentos\/#primaryimage","url":"https:\/\/www.altominho.tv\/site\/wp-content\/uploads\/2021\/12\/20200401171904490031e.jpeg","contentUrl":"https:\/\/www.altominho.tv\/site\/wp-content\/uploads\/2021\/12\/20200401171904490031e.jpeg","width":660,"height":360},{"@type":"BreadcrumbList","@id":"https:\/\/www.altominho.tv\/site\/2022\/01\/29\/portugal-com-mais-59-194-casos-39-mortes-e-menos-internamentos\/#breadcrumb","itemListElement":[{"@type":"ListItem","position":1,"name":"In\u00edcio","item":"https:\/\/www.altominho.tv\/site\/"},{"@type":"ListItem","position":2,"name":"Portugal com mais 59.194 casos, 39 mortes e menos internamentos"}]},{"@type":"WebSite","@id":"https:\/\/www.altominho.tv\/site\/#website","url":"https:\/\/www.altominho.tv\/site\/","name":"Altominho.tv","description":"A sua regi\u00e3o \u00e0 dist\u00e2ncia de um clique...","potentialAction":[{"@type":"SearchAction","target":{"@type":"EntryPoint","urlTemplate":"https:\/\/www.altominho.tv\/site\/?s={search_term_string}"},"query-input":{"@type":"PropertyValueSpecification","valueRequired":true,"valueName":"search_term_string"}}],"inLanguage":"pt-PT"},{"@type":"Person","@id":"https:\/\/www.altominho.tv\/site\/#\/schema\/person\/63f693da3e1899361cbe955c46f3232e","name":"Lusa","image":{"@type":"ImageObject","inLanguage":"pt-PT","@id":"https:\/\/www.altominho.tv\/site\/wp-content\/uploads\/2019\/08\/LUSA_Logo.gif","url":"https:\/\/www.altominho.tv\/site\/wp-content\/uploads\/2019\/08\/LUSA_Logo.gif","contentUrl":"https:\/\/www.altominho.tv\/site\/wp-content\/uploads\/2019\/08\/LUSA_Logo.gif","caption":"Lusa"},"sameAs":["http:\/\/\/\/www.altominho.tv\/site"],"url":"https:\/\/www.altominho.tv\/site\/author\/lusa\/"}]}},"_links":{"self":[{"href":"https:\/\/www.altominho.tv\/site\/wp-json\/wp\/v2\/posts\/75558","targetHints":{"allow":["GET"]}}],"collection":[{"href":"https:\/\/www.altominho.tv\/site\/wp-json\/wp\/v2\/posts"}],"about":[{"href":"https:\/\/www.altominho.tv\/site\/wp-json\/wp\/v2\/types\/post"}],"author":[{"embeddable":true,"href":"https:\/\/www.altominho.tv\/site\/wp-json\/wp\/v2\/users\/13"}],"replies":[{"embeddable":true,"href":"https:\/\/www.altominho.tv\/site\/wp-json\/wp\/v2\/comments?post=75558"}],"version-history":[{"count":0,"href":"https:\/\/www.altominho.tv\/site\/wp-json\/wp\/v2\/posts\/75558\/revisions"}],"wp:featuredmedia":[{"embeddable":true,"href":"https:\/\/www.altominho.tv\/site\/wp-json\/wp\/v2\/media\/74092"}],"wp:attachment":[{"href":"https:\/\/www.altominho.tv\/site\/wp-json\/wp\/v2\/media?parent=75558"}],"wp:term":[{"taxonomy":"category","embeddable":true,"href":"https:\/\/www.altominho.tv\/site\/wp-json\/wp\/v2\/categories?post=75558"},{"taxonomy":"post_tag","embeddable":true,"href":"https:\/\/www.altominho.tv\/site\/wp-json\/wp\/v2\/tags?post=75558"}],"curies":[{"name":"wp","href":"https:\/\/api.w.org\/{rel}","templated":true}]}}