{"id":75549,"date":"2022-01-29T12:14:13","date_gmt":"2022-01-29T12:14:13","guid":{"rendered":"https:\/\/www.altominho.tv\/site\/?p=75549"},"modified":"2022-01-29T15:41:57","modified_gmt":"2022-01-29T15:41:57","slug":"aect-rio-minho-cim-alto-minho-e-deputacion-de-pontevedra-concertam-posicao-contra-proposta-do-novo-interreg","status":"publish","type":"post","link":"https:\/\/www.altominho.tv\/site\/2022\/01\/29\/aect-rio-minho-cim-alto-minho-e-deputacion-de-pontevedra-concertam-posicao-contra-proposta-do-novo-interreg\/","title":{"rendered":"AECT Rio Minho, CIM Alto Minho e Deputaci\u00f3n de Pontevedra concertam posi\u00e7\u00e3o contra proposta do novo Interreg"},"content":{"rendered":"<p id=\":mv\" class=\"a3s aiL \">O Agrupamento Europeu de Coopera\u00e7\u00e3o Territorial (AECT) Rio Minho, a Comunidade Intermunicipal (CIM) do Alto Minho e a Deputa\u00e7\u00e3o de Pontevedra (Espanha) criticaram hoje os moldes do novo programa de coopera\u00e7\u00e3o transfronteiri\u00e7a POCTEP Interreg, que consideram \u201caltamente insatisfat\u00f3rio\u201d.<\/p>\n<p class=\"a3s aiL \">&#8220;Os representantes das tr\u00eas entidades reuniram, esta quinta-feira, para analisar o novo Programa de Coopera\u00e7\u00e3o Transfronteiri\u00e7a Portugal-Espanha 2021-2027 \u2013 POCTEP_Interreg, que consideram como &#8216;altamente insatisfat\u00f3rio&#8217; para os interesses do territ\u00f3rio fronteiri\u00e7o&#8221;, pode ler-se numa nota de imprensa enviada hoje \u00e0s reda\u00e7\u00f5es.<\/p>\n<p class=\"a3s aiL \">No entender das tr\u00eas entidades, o programa &#8220;distorce os fundamentos e objetivos da UE [Uni\u00e3o Europeia] para o programa de apoio aos territ\u00f3rios de fronteira com din\u00e2micas e sinergias pr\u00f3prias&#8221;.<\/p>\n<p class=\"a3s aiL \">&#8220;O AECT Rio Minho, a CIM Alto Minho e a Deputaci\u00f3n de Pontevedra encontram-se alinhados numa reivindica\u00e7\u00e3o conjunta para que grande parte dos fundos Interreg sejam verdadeiramente investidos, na sua maioria, em territ\u00f3rios efetivamente de fronteira&#8221;, explicam.<\/p>\n<p class=\"a3s aiL \">A respons\u00e1vel da Deputa\u00e7\u00e3o de Pontevedra, Carmela Silva, o presidente da CIM do Alto Minho, Manoel Batista, e o diretor e o vice-diretor do AECT Rio Minho, Rui Teixeira e Ux\u00edo Ben\u00edtez, &#8220;acordaram ainda em solicitar reuni\u00f5es aos representantes dos Governos de Portugal e de Espanha, al\u00e9m da Comiss\u00e3o Europeia, de modo a apresentar as suas posi\u00e7\u00f5es sobre esta proposta do Programa Interreg&#8221;.<\/p>\n<p class=\"a3s aiL \">&#8220;O principal assunto em discuss\u00e3o e que suscita um grande desconforto por parte dos territ\u00f3rios fronteiri\u00e7os \u00e9 o texto das bases do novo Programa de Coopera\u00e7\u00e3o\u00a0 Transfronteiri\u00e7a Interreg 2021-2027, que admite que territ\u00f3rios mais afastados da &#8216;raia&#8217; fronteiri\u00e7a sejam benefici\u00e1rios dos fundos de coopera\u00e7\u00e3o transfronteiri\u00e7a&#8221;, refere o comunicado da AECT Rio Minho.<\/p>\n<p class=\"a3s aiL \">Em causa est\u00e3o territ\u00f3rios como as prov\u00edncias de Lugo, Sevilha, C\u00f3rdoba ou Valladolid, em Espanha, bem como todo o territ\u00f3rio continental de Portugal, \u00e0 exce\u00e7\u00e3o da \u00c1rea Metropolitana de Lisboa e da Lez\u00edria do Tejo.<\/p>\n<p class=\"a3s aiL \">&#8220;Perante o atual processo de consulta p\u00fablica, as tr\u00eas entidades \u2013 AECT Rio Minho, CIM Alto Minho e Deputaci\u00f3n de Pontevedra \u2013 consideram ser imperioso reclamar que estes fundos n\u00e3o voltem a ser deturpados&#8221;, contestam as entidades.<\/p>\n<p class=\"a3s aiL \">O objetivo \u00e9 que os fundos se &#8220;destinem na sua maioria aos territ\u00f3rios com elevado dinamismo social, econ\u00f3mico, cultural e a par dos recursos ambientais conjuntos de fronteira&#8221;.<\/p>\n<p class=\"a3s aiL \">&#8220;N\u00e3o obstante, o AECT Rio Minho reivindica ainda a implementa\u00e7\u00e3o de uma Interven\u00e7\u00e3o Territorial Integrada (ITI) para a \u00e1rea funcional do Rio Minho, que permitir\u00e1 executar investimentos concretos no \u00e2mbito da Estrat\u00e9gia Rio Minho 2030&#8221;, pode ler-se, tamb\u00e9m, no texto.<\/p>\n<p class=\"a3s aiL \">O agrupamento transfronteiri\u00e7o quer tamb\u00e9m alocar aos AECT a gest\u00e3o da &#8220;medida designada como \u2018small projects\u2019, que tem como objetivo apoiar pequenas iniciativas de coopera\u00e7\u00e3o transfronteiri\u00e7a, mas que s\u00e3o fundamentais para o territ\u00f3rio do Alto Minho Transfronteiri\u00e7o&#8221;.<\/p>\n","protected":false},"excerpt":{"rendered":"<p>O Agrupamento Europeu de Coopera\u00e7\u00e3o Territorial (AECT) Rio Minho, a Comunidade Intermunicipal (CIM) do Alto Minho e a Deputa\u00e7\u00e3o de Pontevedra (Espanha) criticaram hoje os moldes do novo programa de coopera\u00e7\u00e3o transfronteiri\u00e7a POCTEP Interreg, que consideram \u201caltamente insatisfat\u00f3rio\u201d. &#8220;Os representantes das tr\u00eas entidades reuniram, esta quinta-feira, para analisar o novo Programa de Coopera\u00e7\u00e3o Transfronteiri\u00e7a Portugal-Espanha [&hellip;]<\/p>\n","protected":false},"author":1,"featured_media":75550,"comment_status":"closed","ping_status":"closed","sticky":false,"template":"","format":"standard","meta":{"_exactmetrics_skip_tracking":false,"_exactmetrics_sitenote_active":false,"_exactmetrics_sitenote_note":"","_exactmetrics_sitenote_category":0,"footnotes":""},"categories":[73],"tags":[21,27],"class_list":["post-75549","post","type-post","status-publish","format-standard","has-post-thumbnail","hentry","category-alto-minho","tag-economia","tag-sociedade"],"yoast_head":"<!-- This site is optimized with the Yoast SEO Premium plugin v27.4 (Yoast SEO v27.4) - https:\/\/yoast.com\/product\/yoast-seo-premium-wordpress\/ -->\n<title>AECT Rio Minho, CIM Alto Minho e Deputaci\u00f3n de Pontevedra concertam posi\u00e7\u00e3o contra proposta do novo Interreg<\/title>\n<meta name=\"description\" content=\"O AECT Rio Minho, a CIM Alto Minho e a Deputaci\u00f3n e Pontevedra, pretendem que os fundos Interreg sejam investidos em territ\u00f3rios de fronteira\" \/>\n<meta name=\"robots\" content=\"index, follow, max-snippet:-1, max-image-preview:large, max-video-preview:-1\" \/>\n<link rel=\"canonical\" href=\"https:\/\/www.altominho.tv\/site\/2022\/01\/29\/aect-rio-minho-cim-alto-minho-e-deputacion-de-pontevedra-concertam-posicao-contra-proposta-do-novo-interreg\/\" \/>\n<meta property=\"og:locale\" content=\"pt_PT\" \/>\n<meta property=\"og:type\" content=\"article\" \/>\n<meta property=\"og:title\" content=\"AECT Rio Minho, CIM Alto Minho e Deputaci\u00f3n de Pontevedra concertam posi\u00e7\u00e3o contra proposta do novo Interreg\" \/>\n<meta property=\"og:description\" content=\"O AECT Rio Minho, a CIM Alto Minho e a Deputaci\u00f3n e Pontevedra, pretendem que os fundos Interreg sejam investidos em territ\u00f3rios de fronteira\" \/>\n<meta property=\"og:url\" content=\"https:\/\/www.altominho.tv\/site\/2022\/01\/29\/aect-rio-minho-cim-alto-minho-e-deputacion-de-pontevedra-concertam-posicao-contra-proposta-do-novo-interreg\/\" \/>\n<meta property=\"og:site_name\" content=\"Altominho.tv\" \/>\n<meta property=\"article:publisher\" content=\"https:\/\/www.facebook.com\/altominhotv\" \/>\n<meta property=\"article:published_time\" content=\"2022-01-29T12:14:13+00:00\" \/>\n<meta property=\"article:modified_time\" content=\"2022-01-29T15:41:57+00:00\" \/>\n<meta property=\"og:image\" content=\"https:\/\/www.altominho.tv\/site\/wp-content\/uploads\/2022\/01\/Reuniao_AECT_DEPO_CIM_AM_27jan_22.jpg\" \/>\n\t<meta property=\"og:image:width\" content=\"1923\" \/>\n\t<meta property=\"og:image:height\" content=\"1081\" \/>\n\t<meta property=\"og:image:type\" content=\"image\/jpeg\" \/>\n<meta name=\"author\" content=\"Altominho.tv\" \/>\n<meta name=\"twitter:card\" content=\"summary_large_image\" \/>\n<meta name=\"twitter:creator\" content=\"@altominhoTV\" \/>\n<meta name=\"twitter:site\" content=\"@altominhoTV\" \/>\n<meta name=\"twitter:label1\" content=\"Escrito por\" \/>\n\t<meta name=\"twitter:data1\" content=\"Altominho.tv\" \/>\n\t<meta name=\"twitter:label2\" content=\"Tempo estimado de leitura\" \/>\n\t<meta name=\"twitter:data2\" content=\"3 minutos\" \/>\n<script type=\"application\/ld+json\" class=\"yoast-schema-graph\">{\"@context\":\"https:\\\/\\\/schema.org\",\"@graph\":[{\"@type\":\"Article\",\"@id\":\"https:\\\/\\\/www.altominho.tv\\\/site\\\/2022\\\/01\\\/29\\\/aect-rio-minho-cim-alto-minho-e-deputacion-de-pontevedra-concertam-posicao-contra-proposta-do-novo-interreg\\\/#article\",\"isPartOf\":{\"@id\":\"https:\\\/\\\/www.altominho.tv\\\/site\\\/2022\\\/01\\\/29\\\/aect-rio-minho-cim-alto-minho-e-deputacion-de-pontevedra-concertam-posicao-contra-proposta-do-novo-interreg\\\/\"},\"author\":{\"name\":\"Altominho.tv\",\"@id\":\"https:\\\/\\\/www.altominho.tv\\\/site\\\/#\\\/schema\\\/person\\\/4e536851627d7914baf3dac752b6af22\"},\"headline\":\"AECT Rio Minho, CIM Alto Minho e Deputaci\u00f3n de Pontevedra concertam posi\u00e7\u00e3o contra proposta do novo Interreg\",\"datePublished\":\"2022-01-29T12:14:13+00:00\",\"dateModified\":\"2022-01-29T15:41:57+00:00\",\"mainEntityOfPage\":{\"@id\":\"https:\\\/\\\/www.altominho.tv\\\/site\\\/2022\\\/01\\\/29\\\/aect-rio-minho-cim-alto-minho-e-deputacion-de-pontevedra-concertam-posicao-contra-proposta-do-novo-interreg\\\/\"},\"wordCount\":515,\"image\":{\"@id\":\"https:\\\/\\\/www.altominho.tv\\\/site\\\/2022\\\/01\\\/29\\\/aect-rio-minho-cim-alto-minho-e-deputacion-de-pontevedra-concertam-posicao-contra-proposta-do-novo-interreg\\\/#primaryimage\"},\"thumbnailUrl\":\"https:\\\/\\\/www.altominho.tv\\\/site\\\/wp-content\\\/uploads\\\/2022\\\/01\\\/Reuniao_AECT_DEPO_CIM_AM_27jan_22.jpg\",\"keywords\":[\"Economia\",\"Sociedade\"],\"articleSection\":[\"Alto Minho\"],\"inLanguage\":\"pt-PT\",\"copyrightYear\":\"2022\",\"copyrightHolder\":{\"@id\":\"https:\\\/\\\/www.altominho.tv\\\/site\\\/#organization\"}},{\"@type\":\"WebPage\",\"@id\":\"https:\\\/\\\/www.altominho.tv\\\/site\\\/2022\\\/01\\\/29\\\/aect-rio-minho-cim-alto-minho-e-deputacion-de-pontevedra-concertam-posicao-contra-proposta-do-novo-interreg\\\/\",\"url\":\"https:\\\/\\\/www.altominho.tv\\\/site\\\/2022\\\/01\\\/29\\\/aect-rio-minho-cim-alto-minho-e-deputacion-de-pontevedra-concertam-posicao-contra-proposta-do-novo-interreg\\\/\",\"name\":\"AECT Rio Minho, CIM Alto Minho e Deputaci\u00f3n de Pontevedra concertam posi\u00e7\u00e3o contra proposta do novo Interreg\",\"isPartOf\":{\"@id\":\"https:\\\/\\\/www.altominho.tv\\\/site\\\/#website\"},\"primaryImageOfPage\":{\"@id\":\"https:\\\/\\\/www.altominho.tv\\\/site\\\/2022\\\/01\\\/29\\\/aect-rio-minho-cim-alto-minho-e-deputacion-de-pontevedra-concertam-posicao-contra-proposta-do-novo-interreg\\\/#primaryimage\"},\"image\":{\"@id\":\"https:\\\/\\\/www.altominho.tv\\\/site\\\/2022\\\/01\\\/29\\\/aect-rio-minho-cim-alto-minho-e-deputacion-de-pontevedra-concertam-posicao-contra-proposta-do-novo-interreg\\\/#primaryimage\"},\"thumbnailUrl\":\"https:\\\/\\\/www.altominho.tv\\\/site\\\/wp-content\\\/uploads\\\/2022\\\/01\\\/Reuniao_AECT_DEPO_CIM_AM_27jan_22.jpg\",\"datePublished\":\"2022-01-29T12:14:13+00:00\",\"dateModified\":\"2022-01-29T15:41:57+00:00\",\"author\":{\"@id\":\"https:\\\/\\\/www.altominho.tv\\\/site\\\/#\\\/schema\\\/person\\\/4e536851627d7914baf3dac752b6af22\"},\"description\":\"O AECT Rio Minho, a CIM Alto Minho e a Deputaci\u00f3n e Pontevedra, pretendem que os fundos Interreg sejam investidos em territ\u00f3rios de fronteira\",\"breadcrumb\":{\"@id\":\"https:\\\/\\\/www.altominho.tv\\\/site\\\/2022\\\/01\\\/29\\\/aect-rio-minho-cim-alto-minho-e-deputacion-de-pontevedra-concertam-posicao-contra-proposta-do-novo-interreg\\\/#breadcrumb\"},\"inLanguage\":\"pt-PT\",\"potentialAction\":[{\"@type\":\"ReadAction\",\"target\":[\"https:\\\/\\\/www.altominho.tv\\\/site\\\/2022\\\/01\\\/29\\\/aect-rio-minho-cim-alto-minho-e-deputacion-de-pontevedra-concertam-posicao-contra-proposta-do-novo-interreg\\\/\"]}]},{\"@type\":\"ImageObject\",\"inLanguage\":\"pt-PT\",\"@id\":\"https:\\\/\\\/www.altominho.tv\\\/site\\\/2022\\\/01\\\/29\\\/aect-rio-minho-cim-alto-minho-e-deputacion-de-pontevedra-concertam-posicao-contra-proposta-do-novo-interreg\\\/#primaryimage\",\"url\":\"https:\\\/\\\/www.altominho.tv\\\/site\\\/wp-content\\\/uploads\\\/2022\\\/01\\\/Reuniao_AECT_DEPO_CIM_AM_27jan_22.jpg\",\"contentUrl\":\"https:\\\/\\\/www.altominho.tv\\\/site\\\/wp-content\\\/uploads\\\/2022\\\/01\\\/Reuniao_AECT_DEPO_CIM_AM_27jan_22.jpg\",\"width\":1923,\"height\":1081},{\"@type\":\"BreadcrumbList\",\"@id\":\"https:\\\/\\\/www.altominho.tv\\\/site\\\/2022\\\/01\\\/29\\\/aect-rio-minho-cim-alto-minho-e-deputacion-de-pontevedra-concertam-posicao-contra-proposta-do-novo-interreg\\\/#breadcrumb\",\"itemListElement\":[{\"@type\":\"ListItem\",\"position\":1,\"name\":\"In\u00edcio\",\"item\":\"https:\\\/\\\/www.altominho.tv\\\/site\\\/\"},{\"@type\":\"ListItem\",\"position\":2,\"name\":\"AECT Rio Minho, CIM Alto Minho e Deputaci\u00f3n de Pontevedra concertam posi\u00e7\u00e3o contra proposta do novo Interreg\"}]},{\"@type\":\"WebSite\",\"@id\":\"https:\\\/\\\/www.altominho.tv\\\/site\\\/#website\",\"url\":\"https:\\\/\\\/www.altominho.tv\\\/site\\\/\",\"name\":\"Altominho.tv\",\"description\":\"A sua regi\u00e3o \u00e0 dist\u00e2ncia de um clique...\",\"potentialAction\":[{\"@type\":\"SearchAction\",\"target\":{\"@type\":\"EntryPoint\",\"urlTemplate\":\"https:\\\/\\\/www.altominho.tv\\\/site\\\/?s={search_term_string}\"},\"query-input\":{\"@type\":\"PropertyValueSpecification\",\"valueRequired\":true,\"valueName\":\"search_term_string\"}}],\"inLanguage\":\"pt-PT\"},{\"@type\":\"Person\",\"@id\":\"https:\\\/\\\/www.altominho.tv\\\/site\\\/#\\\/schema\\\/person\\\/4e536851627d7914baf3dac752b6af22\",\"name\":\"Altominho.tv\",\"image\":{\"@type\":\"ImageObject\",\"inLanguage\":\"pt-PT\",\"@id\":\"https:\\\/\\\/www.altominho.tv\\\/site\\\/wp-content\\\/uploads\\\/2019\\\/11\\\/Logo_Avatar_2-150x150.jpg\",\"url\":\"https:\\\/\\\/www.altominho.tv\\\/site\\\/wp-content\\\/uploads\\\/2019\\\/11\\\/Logo_Avatar_2-150x150.jpg\",\"contentUrl\":\"https:\\\/\\\/www.altominho.tv\\\/site\\\/wp-content\\\/uploads\\\/2019\\\/11\\\/Logo_Avatar_2-150x150.jpg\",\"caption\":\"Altominho.tv\"},\"url\":\"https:\\\/\\\/www.altominho.tv\\\/site\\\/author\\\/altominhotv-tecnico\\\/\"}]}<\/script>\n<!-- \/ Yoast SEO Premium plugin. -->","yoast_head_json":{"title":"AECT Rio Minho, CIM Alto Minho e Deputaci\u00f3n de Pontevedra concertam posi\u00e7\u00e3o contra proposta do novo Interreg","description":"O AECT Rio Minho, a CIM Alto Minho e a Deputaci\u00f3n e Pontevedra, pretendem que os fundos Interreg sejam investidos em territ\u00f3rios de fronteira","robots":{"index":"index","follow":"follow","max-snippet":"max-snippet:-1","max-image-preview":"max-image-preview:large","max-video-preview":"max-video-preview:-1"},"canonical":"https:\/\/www.altominho.tv\/site\/2022\/01\/29\/aect-rio-minho-cim-alto-minho-e-deputacion-de-pontevedra-concertam-posicao-contra-proposta-do-novo-interreg\/","og_locale":"pt_PT","og_type":"article","og_title":"AECT Rio Minho, CIM Alto Minho e Deputaci\u00f3n de Pontevedra concertam posi\u00e7\u00e3o contra proposta do novo Interreg","og_description":"O AECT Rio Minho, a CIM Alto Minho e a Deputaci\u00f3n e Pontevedra, pretendem que os fundos Interreg sejam investidos em territ\u00f3rios de fronteira","og_url":"https:\/\/www.altominho.tv\/site\/2022\/01\/29\/aect-rio-minho-cim-alto-minho-e-deputacion-de-pontevedra-concertam-posicao-contra-proposta-do-novo-interreg\/","og_site_name":"Altominho.tv","article_publisher":"https:\/\/www.facebook.com\/altominhotv","article_published_time":"2022-01-29T12:14:13+00:00","article_modified_time":"2022-01-29T15:41:57+00:00","og_image":[{"width":1923,"height":1081,"url":"https:\/\/www.altominho.tv\/site\/wp-content\/uploads\/2022\/01\/Reuniao_AECT_DEPO_CIM_AM_27jan_22.jpg","type":"image\/jpeg"}],"author":"Altominho.tv","twitter_card":"summary_large_image","twitter_creator":"@altominhoTV","twitter_site":"@altominhoTV","twitter_misc":{"Escrito por":"Altominho.tv","Tempo estimado de leitura":"3 minutos"},"schema":{"@context":"https:\/\/schema.org","@graph":[{"@type":"Article","@id":"https:\/\/www.altominho.tv\/site\/2022\/01\/29\/aect-rio-minho-cim-alto-minho-e-deputacion-de-pontevedra-concertam-posicao-contra-proposta-do-novo-interreg\/#article","isPartOf":{"@id":"https:\/\/www.altominho.tv\/site\/2022\/01\/29\/aect-rio-minho-cim-alto-minho-e-deputacion-de-pontevedra-concertam-posicao-contra-proposta-do-novo-interreg\/"},"author":{"name":"Altominho.tv","@id":"https:\/\/www.altominho.tv\/site\/#\/schema\/person\/4e536851627d7914baf3dac752b6af22"},"headline":"AECT Rio Minho, CIM Alto Minho e Deputaci\u00f3n de Pontevedra concertam posi\u00e7\u00e3o contra proposta do novo Interreg","datePublished":"2022-01-29T12:14:13+00:00","dateModified":"2022-01-29T15:41:57+00:00","mainEntityOfPage":{"@id":"https:\/\/www.altominho.tv\/site\/2022\/01\/29\/aect-rio-minho-cim-alto-minho-e-deputacion-de-pontevedra-concertam-posicao-contra-proposta-do-novo-interreg\/"},"wordCount":515,"image":{"@id":"https:\/\/www.altominho.tv\/site\/2022\/01\/29\/aect-rio-minho-cim-alto-minho-e-deputacion-de-pontevedra-concertam-posicao-contra-proposta-do-novo-interreg\/#primaryimage"},"thumbnailUrl":"https:\/\/www.altominho.tv\/site\/wp-content\/uploads\/2022\/01\/Reuniao_AECT_DEPO_CIM_AM_27jan_22.jpg","keywords":["Economia","Sociedade"],"articleSection":["Alto Minho"],"inLanguage":"pt-PT","copyrightYear":"2022","copyrightHolder":{"@id":"https:\/\/www.altominho.tv\/site\/#organization"}},{"@type":"WebPage","@id":"https:\/\/www.altominho.tv\/site\/2022\/01\/29\/aect-rio-minho-cim-alto-minho-e-deputacion-de-pontevedra-concertam-posicao-contra-proposta-do-novo-interreg\/","url":"https:\/\/www.altominho.tv\/site\/2022\/01\/29\/aect-rio-minho-cim-alto-minho-e-deputacion-de-pontevedra-concertam-posicao-contra-proposta-do-novo-interreg\/","name":"AECT Rio Minho, CIM Alto Minho e Deputaci\u00f3n de Pontevedra concertam posi\u00e7\u00e3o contra proposta do novo Interreg","isPartOf":{"@id":"https:\/\/www.altominho.tv\/site\/#website"},"primaryImageOfPage":{"@id":"https:\/\/www.altominho.tv\/site\/2022\/01\/29\/aect-rio-minho-cim-alto-minho-e-deputacion-de-pontevedra-concertam-posicao-contra-proposta-do-novo-interreg\/#primaryimage"},"image":{"@id":"https:\/\/www.altominho.tv\/site\/2022\/01\/29\/aect-rio-minho-cim-alto-minho-e-deputacion-de-pontevedra-concertam-posicao-contra-proposta-do-novo-interreg\/#primaryimage"},"thumbnailUrl":"https:\/\/www.altominho.tv\/site\/wp-content\/uploads\/2022\/01\/Reuniao_AECT_DEPO_CIM_AM_27jan_22.jpg","datePublished":"2022-01-29T12:14:13+00:00","dateModified":"2022-01-29T15:41:57+00:00","author":{"@id":"https:\/\/www.altominho.tv\/site\/#\/schema\/person\/4e536851627d7914baf3dac752b6af22"},"description":"O AECT Rio Minho, a CIM Alto Minho e a Deputaci\u00f3n e Pontevedra, pretendem que os fundos Interreg sejam investidos em territ\u00f3rios de fronteira","breadcrumb":{"@id":"https:\/\/www.altominho.tv\/site\/2022\/01\/29\/aect-rio-minho-cim-alto-minho-e-deputacion-de-pontevedra-concertam-posicao-contra-proposta-do-novo-interreg\/#breadcrumb"},"inLanguage":"pt-PT","potentialAction":[{"@type":"ReadAction","target":["https:\/\/www.altominho.tv\/site\/2022\/01\/29\/aect-rio-minho-cim-alto-minho-e-deputacion-de-pontevedra-concertam-posicao-contra-proposta-do-novo-interreg\/"]}]},{"@type":"ImageObject","inLanguage":"pt-PT","@id":"https:\/\/www.altominho.tv\/site\/2022\/01\/29\/aect-rio-minho-cim-alto-minho-e-deputacion-de-pontevedra-concertam-posicao-contra-proposta-do-novo-interreg\/#primaryimage","url":"https:\/\/www.altominho.tv\/site\/wp-content\/uploads\/2022\/01\/Reuniao_AECT_DEPO_CIM_AM_27jan_22.jpg","contentUrl":"https:\/\/www.altominho.tv\/site\/wp-content\/uploads\/2022\/01\/Reuniao_AECT_DEPO_CIM_AM_27jan_22.jpg","width":1923,"height":1081},{"@type":"BreadcrumbList","@id":"https:\/\/www.altominho.tv\/site\/2022\/01\/29\/aect-rio-minho-cim-alto-minho-e-deputacion-de-pontevedra-concertam-posicao-contra-proposta-do-novo-interreg\/#breadcrumb","itemListElement":[{"@type":"ListItem","position":1,"name":"In\u00edcio","item":"https:\/\/www.altominho.tv\/site\/"},{"@type":"ListItem","position":2,"name":"AECT Rio Minho, CIM Alto Minho e Deputaci\u00f3n de Pontevedra concertam posi\u00e7\u00e3o contra proposta do novo Interreg"}]},{"@type":"WebSite","@id":"https:\/\/www.altominho.tv\/site\/#website","url":"https:\/\/www.altominho.tv\/site\/","name":"Altominho.tv","description":"A sua regi\u00e3o \u00e0 dist\u00e2ncia de um clique...","potentialAction":[{"@type":"SearchAction","target":{"@type":"EntryPoint","urlTemplate":"https:\/\/www.altominho.tv\/site\/?s={search_term_string}"},"query-input":{"@type":"PropertyValueSpecification","valueRequired":true,"valueName":"search_term_string"}}],"inLanguage":"pt-PT"},{"@type":"Person","@id":"https:\/\/www.altominho.tv\/site\/#\/schema\/person\/4e536851627d7914baf3dac752b6af22","name":"Altominho.tv","image":{"@type":"ImageObject","inLanguage":"pt-PT","@id":"https:\/\/www.altominho.tv\/site\/wp-content\/uploads\/2019\/11\/Logo_Avatar_2-150x150.jpg","url":"https:\/\/www.altominho.tv\/site\/wp-content\/uploads\/2019\/11\/Logo_Avatar_2-150x150.jpg","contentUrl":"https:\/\/www.altominho.tv\/site\/wp-content\/uploads\/2019\/11\/Logo_Avatar_2-150x150.jpg","caption":"Altominho.tv"},"url":"https:\/\/www.altominho.tv\/site\/author\/altominhotv-tecnico\/"}]}},"_links":{"self":[{"href":"https:\/\/www.altominho.tv\/site\/wp-json\/wp\/v2\/posts\/75549","targetHints":{"allow":["GET"]}}],"collection":[{"href":"https:\/\/www.altominho.tv\/site\/wp-json\/wp\/v2\/posts"}],"about":[{"href":"https:\/\/www.altominho.tv\/site\/wp-json\/wp\/v2\/types\/post"}],"author":[{"embeddable":true,"href":"https:\/\/www.altominho.tv\/site\/wp-json\/wp\/v2\/users\/1"}],"replies":[{"embeddable":true,"href":"https:\/\/www.altominho.tv\/site\/wp-json\/wp\/v2\/comments?post=75549"}],"version-history":[{"count":0,"href":"https:\/\/www.altominho.tv\/site\/wp-json\/wp\/v2\/posts\/75549\/revisions"}],"wp:featuredmedia":[{"embeddable":true,"href":"https:\/\/www.altominho.tv\/site\/wp-json\/wp\/v2\/media\/75550"}],"wp:attachment":[{"href":"https:\/\/www.altominho.tv\/site\/wp-json\/wp\/v2\/media?parent=75549"}],"wp:term":[{"taxonomy":"category","embeddable":true,"href":"https:\/\/www.altominho.tv\/site\/wp-json\/wp\/v2\/categories?post=75549"},{"taxonomy":"post_tag","embeddable":true,"href":"https:\/\/www.altominho.tv\/site\/wp-json\/wp\/v2\/tags?post=75549"}],"curies":[{"name":"wp","href":"https:\/\/api.w.org\/{rel}","templated":true}]}}