{"id":75530,"date":"2022-01-28T15:20:16","date_gmt":"2022-01-28T15:20:16","guid":{"rendered":"https:\/\/www.altominho.tv\/site\/?p=75530"},"modified":"2022-02-16T09:49:49","modified_gmt":"2022-02-16T09:49:49","slug":"portugal-com-mais-63-833-casos-de-infecao-e-44-mortes","status":"publish","type":"post","link":"https:\/\/www.altominho.tv\/site\/2022\/01\/28\/portugal-com-mais-63-833-casos-de-infecao-e-44-mortes\/","title":{"rendered":"Portugal com mais 63.833 casos de infe\u00e7\u00e3o e 44 mortes"},"content":{"rendered":"<p>Portugal registou, pelo terceiro dia consecutivo, mais de 60 mil casos de Covid-19. H\u00e1 mais&nbsp;&nbsp;63.833 novas infe\u00e7\u00f5es com o coronav\u00edrus SARS-CoV-2 e mais 44 mortes associadas \u00e0 Covid-19.<\/p>\n<p>Os dados foram divulgados esta sexta-feira pela Dire\u00e7\u00e3o-Geral da Sa\u00fade (DGS) e d\u00e3o ainda conta de mais 42.548 pessoas dadas como recuperadas, o que aumenta o total nacional de recuperados para 1.908.199.<\/p>\n<p>No total, foram confirmados 2.507.357 casos positivos e 19.788 \u00f3bitos desde o in\u00edcio da pandemia, em mar\u00e7o de 2020.<\/p>\n<p class=\"text-paragraph\">O boletim epidemiol\u00f3gico di\u00e1rio da DGS regista um aumento do n\u00famero de pessoas internadas. Nos hospitais portugueses est\u00e3o 2320 doentes, mais 71 do que na \u00faltima atualiza\u00e7\u00e3o, 152 dos quais em unidades de cuidados intensivos, mais cinco.<\/p>\n<p class=\"text-paragraph\">Os casos ativos voltaram a aumentar nas \u00faltimas 24 horas, totalizando 579.370, mais 21.241 do que no dia anterior.<\/p>\n","protected":false},"excerpt":{"rendered":"<p>Portugal registou, pelo terceiro dia consecutivo, mais de 60 mil casos de Covid-19. H\u00e1 mais&nbsp;&nbsp;63.833 novas infe\u00e7\u00f5es com o coronav\u00edrus SARS-CoV-2 e mais 44 mortes associadas \u00e0 Covid-19. Os dados foram divulgados esta sexta-feira pela Dire\u00e7\u00e3o-Geral da Sa\u00fade (DGS) e d\u00e3o ainda conta de mais 42.548 pessoas dadas como recuperadas, o que aumenta o total [&hellip;]<\/p>\n","protected":false},"author":12,"featured_media":67434,"comment_status":"closed","ping_status":"closed","sticky":false,"template":"","format":"standard","meta":{"_exactmetrics_skip_tracking":false,"_exactmetrics_sitenote_active":false,"_exactmetrics_sitenote_note":"","_exactmetrics_sitenote_category":0,"footnotes":""},"categories":[42722],"tags":[26,27],"class_list":["post-75530","post","type-post","status-publish","format-standard","has-post-thumbnail","hentry","category-covid-19","tag-saude","tag-sociedade"],"yoast_head":"<!-- This site is optimized with the Yoast SEO Premium plugin v27.4 (Yoast SEO v27.4) - https:\/\/yoast.com\/product\/yoast-seo-premium-wordpress\/ -->\n<title>Portugal com mais 63.833 casos de infe\u00e7\u00e3o e 44 mortes<\/title>\n<meta name=\"description\" content=\"Portugal registou, pelo terceiro dia consecutivo, mais de 60 mil casos de Covid-19. H\u00e1 mais\u00a063.833 novas infe\u00e7\u00f5es com o coronav\u00edrus e mais 44 mortes.\" \/>\n<meta name=\"robots\" content=\"index, follow, max-snippet:-1, max-image-preview:large, max-video-preview:-1\" \/>\n<link rel=\"canonical\" href=\"https:\/\/www.altominho.tv\/site\/2022\/01\/28\/portugal-com-mais-63-833-casos-de-infecao-e-44-mortes\/\" \/>\n<meta property=\"og:locale\" content=\"pt_PT\" \/>\n<meta property=\"og:type\" content=\"article\" \/>\n<meta property=\"og:title\" content=\"Portugal com mais 63.833 casos de infe\u00e7\u00e3o e 44 mortes\" \/>\n<meta property=\"og:description\" content=\"Portugal registou, pelo terceiro dia consecutivo, mais de 60 mil casos de Covid-19. H\u00e1 mais\u00a063.833 novas infe\u00e7\u00f5es com o coronav\u00edrus e mais 44 mortes.\" \/>\n<meta property=\"og:url\" content=\"https:\/\/www.altominho.tv\/site\/2022\/01\/28\/portugal-com-mais-63-833-casos-de-infecao-e-44-mortes\/\" \/>\n<meta property=\"og:site_name\" content=\"Altominho.tv\" \/>\n<meta property=\"article:publisher\" content=\"https:\/\/www.facebook.com\/altominhotv\" \/>\n<meta property=\"article:published_time\" content=\"2022-01-28T15:20:16+00:00\" \/>\n<meta property=\"article:modified_time\" content=\"2022-02-16T09:49:49+00:00\" \/>\n<meta property=\"og:image\" content=\"https:\/\/www.altominho.tv\/site\/wp-content\/uploads\/2021\/06\/covid19-1.jpg\" \/>\n\t<meta property=\"og:image:width\" content=\"1024\" \/>\n\t<meta property=\"og:image:height\" content=\"576\" \/>\n\t<meta property=\"og:image:type\" content=\"image\/jpeg\" \/>\n<meta name=\"author\" content=\"Andreia Ferreira\" \/>\n<meta name=\"twitter:card\" content=\"summary_large_image\" \/>\n<meta name=\"twitter:creator\" content=\"@altominhoTV\" \/>\n<meta name=\"twitter:site\" content=\"@altominhoTV\" \/>\n<meta name=\"twitter:label1\" content=\"Escrito por\" \/>\n\t<meta name=\"twitter:data1\" content=\"Andreia Ferreira\" \/>\n\t<meta name=\"twitter:label2\" content=\"Tempo estimado de leitura\" \/>\n\t<meta name=\"twitter:data2\" content=\"1 minuto\" \/>\n<script type=\"application\/ld+json\" class=\"yoast-schema-graph\">{\"@context\":\"https:\\\/\\\/schema.org\",\"@graph\":[{\"@type\":\"Article\",\"@id\":\"https:\\\/\\\/www.altominho.tv\\\/site\\\/2022\\\/01\\\/28\\\/portugal-com-mais-63-833-casos-de-infecao-e-44-mortes\\\/#article\",\"isPartOf\":{\"@id\":\"https:\\\/\\\/www.altominho.tv\\\/site\\\/2022\\\/01\\\/28\\\/portugal-com-mais-63-833-casos-de-infecao-e-44-mortes\\\/\"},\"author\":{\"name\":\"Andreia Ferreira\",\"@id\":\"https:\\\/\\\/www.altominho.tv\\\/site\\\/#\\\/schema\\\/person\\\/d9be4265364723f14ea8e0d56a1d38cd\"},\"headline\":\"Portugal com mais 63.833 casos de infe\u00e7\u00e3o e 44 mortes\",\"datePublished\":\"2022-01-28T15:20:16+00:00\",\"dateModified\":\"2022-02-16T09:49:49+00:00\",\"mainEntityOfPage\":{\"@id\":\"https:\\\/\\\/www.altominho.tv\\\/site\\\/2022\\\/01\\\/28\\\/portugal-com-mais-63-833-casos-de-infecao-e-44-mortes\\\/\"},\"wordCount\":144,\"image\":{\"@id\":\"https:\\\/\\\/www.altominho.tv\\\/site\\\/2022\\\/01\\\/28\\\/portugal-com-mais-63-833-casos-de-infecao-e-44-mortes\\\/#primaryimage\"},\"thumbnailUrl\":\"https:\\\/\\\/www.altominho.tv\\\/site\\\/wp-content\\\/uploads\\\/2021\\\/06\\\/covid19-1.jpg\",\"keywords\":[\"Sa\u00fade\",\"Sociedade\"],\"articleSection\":[\"Coronav\u00edrus\"],\"inLanguage\":\"pt-PT\",\"copyrightYear\":\"2022\",\"copyrightHolder\":{\"@id\":\"https:\\\/\\\/www.altominho.tv\\\/site\\\/#organization\"}},{\"@type\":\"WebPage\",\"@id\":\"https:\\\/\\\/www.altominho.tv\\\/site\\\/2022\\\/01\\\/28\\\/portugal-com-mais-63-833-casos-de-infecao-e-44-mortes\\\/\",\"url\":\"https:\\\/\\\/www.altominho.tv\\\/site\\\/2022\\\/01\\\/28\\\/portugal-com-mais-63-833-casos-de-infecao-e-44-mortes\\\/\",\"name\":\"Portugal com mais 63.833 casos de infe\u00e7\u00e3o e 44 mortes\",\"isPartOf\":{\"@id\":\"https:\\\/\\\/www.altominho.tv\\\/site\\\/#website\"},\"primaryImageOfPage\":{\"@id\":\"https:\\\/\\\/www.altominho.tv\\\/site\\\/2022\\\/01\\\/28\\\/portugal-com-mais-63-833-casos-de-infecao-e-44-mortes\\\/#primaryimage\"},\"image\":{\"@id\":\"https:\\\/\\\/www.altominho.tv\\\/site\\\/2022\\\/01\\\/28\\\/portugal-com-mais-63-833-casos-de-infecao-e-44-mortes\\\/#primaryimage\"},\"thumbnailUrl\":\"https:\\\/\\\/www.altominho.tv\\\/site\\\/wp-content\\\/uploads\\\/2021\\\/06\\\/covid19-1.jpg\",\"datePublished\":\"2022-01-28T15:20:16+00:00\",\"dateModified\":\"2022-02-16T09:49:49+00:00\",\"author\":{\"@id\":\"https:\\\/\\\/www.altominho.tv\\\/site\\\/#\\\/schema\\\/person\\\/d9be4265364723f14ea8e0d56a1d38cd\"},\"description\":\"Portugal registou, pelo terceiro dia consecutivo, mais de 60 mil casos de Covid-19. H\u00e1 mais\u00a063.833 novas infe\u00e7\u00f5es com o coronav\u00edrus e mais 44 mortes.\",\"breadcrumb\":{\"@id\":\"https:\\\/\\\/www.altominho.tv\\\/site\\\/2022\\\/01\\\/28\\\/portugal-com-mais-63-833-casos-de-infecao-e-44-mortes\\\/#breadcrumb\"},\"inLanguage\":\"pt-PT\",\"potentialAction\":[{\"@type\":\"ReadAction\",\"target\":[\"https:\\\/\\\/www.altominho.tv\\\/site\\\/2022\\\/01\\\/28\\\/portugal-com-mais-63-833-casos-de-infecao-e-44-mortes\\\/\"]}]},{\"@type\":\"ImageObject\",\"inLanguage\":\"pt-PT\",\"@id\":\"https:\\\/\\\/www.altominho.tv\\\/site\\\/2022\\\/01\\\/28\\\/portugal-com-mais-63-833-casos-de-infecao-e-44-mortes\\\/#primaryimage\",\"url\":\"https:\\\/\\\/www.altominho.tv\\\/site\\\/wp-content\\\/uploads\\\/2021\\\/06\\\/covid19-1.jpg\",\"contentUrl\":\"https:\\\/\\\/www.altominho.tv\\\/site\\\/wp-content\\\/uploads\\\/2021\\\/06\\\/covid19-1.jpg\",\"width\":1024,\"height\":576},{\"@type\":\"BreadcrumbList\",\"@id\":\"https:\\\/\\\/www.altominho.tv\\\/site\\\/2022\\\/01\\\/28\\\/portugal-com-mais-63-833-casos-de-infecao-e-44-mortes\\\/#breadcrumb\",\"itemListElement\":[{\"@type\":\"ListItem\",\"position\":1,\"name\":\"In\u00edcio\",\"item\":\"https:\\\/\\\/www.altominho.tv\\\/site\\\/\"},{\"@type\":\"ListItem\",\"position\":2,\"name\":\"Portugal com mais 63.833 casos de infe\u00e7\u00e3o e 44 mortes\"}]},{\"@type\":\"WebSite\",\"@id\":\"https:\\\/\\\/www.altominho.tv\\\/site\\\/#website\",\"url\":\"https:\\\/\\\/www.altominho.tv\\\/site\\\/\",\"name\":\"Altominho.tv\",\"description\":\"A sua regi\u00e3o \u00e0 dist\u00e2ncia de um clique...\",\"potentialAction\":[{\"@type\":\"SearchAction\",\"target\":{\"@type\":\"EntryPoint\",\"urlTemplate\":\"https:\\\/\\\/www.altominho.tv\\\/site\\\/?s={search_term_string}\"},\"query-input\":{\"@type\":\"PropertyValueSpecification\",\"valueRequired\":true,\"valueName\":\"search_term_string\"}}],\"inLanguage\":\"pt-PT\"},{\"@type\":\"Person\",\"@id\":\"https:\\\/\\\/www.altominho.tv\\\/site\\\/#\\\/schema\\\/person\\\/d9be4265364723f14ea8e0d56a1d38cd\",\"name\":\"Andreia Ferreira\",\"image\":{\"@type\":\"ImageObject\",\"inLanguage\":\"pt-PT\",\"@id\":\"https:\\\/\\\/www.altominho.tv\\\/site\\\/wp-content\\\/uploads\\\/2021\\\/01\\\/AndreiaFerreira-150x150.jpg\",\"url\":\"https:\\\/\\\/www.altominho.tv\\\/site\\\/wp-content\\\/uploads\\\/2021\\\/01\\\/AndreiaFerreira-150x150.jpg\",\"contentUrl\":\"https:\\\/\\\/www.altominho.tv\\\/site\\\/wp-content\\\/uploads\\\/2021\\\/01\\\/AndreiaFerreira-150x150.jpg\",\"caption\":\"Andreia Ferreira\"},\"url\":\"https:\\\/\\\/www.altominho.tv\\\/site\\\/author\\\/andreiaferreira\\\/\"}]}<\/script>\n<!-- \/ Yoast SEO Premium plugin. -->","yoast_head_json":{"title":"Portugal com mais 63.833 casos de infe\u00e7\u00e3o e 44 mortes","description":"Portugal registou, pelo terceiro dia consecutivo, mais de 60 mil casos de Covid-19. H\u00e1 mais\u00a063.833 novas infe\u00e7\u00f5es com o coronav\u00edrus e mais 44 mortes.","robots":{"index":"index","follow":"follow","max-snippet":"max-snippet:-1","max-image-preview":"max-image-preview:large","max-video-preview":"max-video-preview:-1"},"canonical":"https:\/\/www.altominho.tv\/site\/2022\/01\/28\/portugal-com-mais-63-833-casos-de-infecao-e-44-mortes\/","og_locale":"pt_PT","og_type":"article","og_title":"Portugal com mais 63.833 casos de infe\u00e7\u00e3o e 44 mortes","og_description":"Portugal registou, pelo terceiro dia consecutivo, mais de 60 mil casos de Covid-19. H\u00e1 mais\u00a063.833 novas infe\u00e7\u00f5es com o coronav\u00edrus e mais 44 mortes.","og_url":"https:\/\/www.altominho.tv\/site\/2022\/01\/28\/portugal-com-mais-63-833-casos-de-infecao-e-44-mortes\/","og_site_name":"Altominho.tv","article_publisher":"https:\/\/www.facebook.com\/altominhotv","article_published_time":"2022-01-28T15:20:16+00:00","article_modified_time":"2022-02-16T09:49:49+00:00","og_image":[{"width":1024,"height":576,"url":"https:\/\/www.altominho.tv\/site\/wp-content\/uploads\/2021\/06\/covid19-1.jpg","type":"image\/jpeg"}],"author":"Andreia Ferreira","twitter_card":"summary_large_image","twitter_creator":"@altominhoTV","twitter_site":"@altominhoTV","twitter_misc":{"Escrito por":"Andreia Ferreira","Tempo estimado de leitura":"1 minuto"},"schema":{"@context":"https:\/\/schema.org","@graph":[{"@type":"Article","@id":"https:\/\/www.altominho.tv\/site\/2022\/01\/28\/portugal-com-mais-63-833-casos-de-infecao-e-44-mortes\/#article","isPartOf":{"@id":"https:\/\/www.altominho.tv\/site\/2022\/01\/28\/portugal-com-mais-63-833-casos-de-infecao-e-44-mortes\/"},"author":{"name":"Andreia Ferreira","@id":"https:\/\/www.altominho.tv\/site\/#\/schema\/person\/d9be4265364723f14ea8e0d56a1d38cd"},"headline":"Portugal com mais 63.833 casos de infe\u00e7\u00e3o e 44 mortes","datePublished":"2022-01-28T15:20:16+00:00","dateModified":"2022-02-16T09:49:49+00:00","mainEntityOfPage":{"@id":"https:\/\/www.altominho.tv\/site\/2022\/01\/28\/portugal-com-mais-63-833-casos-de-infecao-e-44-mortes\/"},"wordCount":144,"image":{"@id":"https:\/\/www.altominho.tv\/site\/2022\/01\/28\/portugal-com-mais-63-833-casos-de-infecao-e-44-mortes\/#primaryimage"},"thumbnailUrl":"https:\/\/www.altominho.tv\/site\/wp-content\/uploads\/2021\/06\/covid19-1.jpg","keywords":["Sa\u00fade","Sociedade"],"articleSection":["Coronav\u00edrus"],"inLanguage":"pt-PT","copyrightYear":"2022","copyrightHolder":{"@id":"https:\/\/www.altominho.tv\/site\/#organization"}},{"@type":"WebPage","@id":"https:\/\/www.altominho.tv\/site\/2022\/01\/28\/portugal-com-mais-63-833-casos-de-infecao-e-44-mortes\/","url":"https:\/\/www.altominho.tv\/site\/2022\/01\/28\/portugal-com-mais-63-833-casos-de-infecao-e-44-mortes\/","name":"Portugal com mais 63.833 casos de infe\u00e7\u00e3o e 44 mortes","isPartOf":{"@id":"https:\/\/www.altominho.tv\/site\/#website"},"primaryImageOfPage":{"@id":"https:\/\/www.altominho.tv\/site\/2022\/01\/28\/portugal-com-mais-63-833-casos-de-infecao-e-44-mortes\/#primaryimage"},"image":{"@id":"https:\/\/www.altominho.tv\/site\/2022\/01\/28\/portugal-com-mais-63-833-casos-de-infecao-e-44-mortes\/#primaryimage"},"thumbnailUrl":"https:\/\/www.altominho.tv\/site\/wp-content\/uploads\/2021\/06\/covid19-1.jpg","datePublished":"2022-01-28T15:20:16+00:00","dateModified":"2022-02-16T09:49:49+00:00","author":{"@id":"https:\/\/www.altominho.tv\/site\/#\/schema\/person\/d9be4265364723f14ea8e0d56a1d38cd"},"description":"Portugal registou, pelo terceiro dia consecutivo, mais de 60 mil casos de Covid-19. H\u00e1 mais\u00a063.833 novas infe\u00e7\u00f5es com o coronav\u00edrus e mais 44 mortes.","breadcrumb":{"@id":"https:\/\/www.altominho.tv\/site\/2022\/01\/28\/portugal-com-mais-63-833-casos-de-infecao-e-44-mortes\/#breadcrumb"},"inLanguage":"pt-PT","potentialAction":[{"@type":"ReadAction","target":["https:\/\/www.altominho.tv\/site\/2022\/01\/28\/portugal-com-mais-63-833-casos-de-infecao-e-44-mortes\/"]}]},{"@type":"ImageObject","inLanguage":"pt-PT","@id":"https:\/\/www.altominho.tv\/site\/2022\/01\/28\/portugal-com-mais-63-833-casos-de-infecao-e-44-mortes\/#primaryimage","url":"https:\/\/www.altominho.tv\/site\/wp-content\/uploads\/2021\/06\/covid19-1.jpg","contentUrl":"https:\/\/www.altominho.tv\/site\/wp-content\/uploads\/2021\/06\/covid19-1.jpg","width":1024,"height":576},{"@type":"BreadcrumbList","@id":"https:\/\/www.altominho.tv\/site\/2022\/01\/28\/portugal-com-mais-63-833-casos-de-infecao-e-44-mortes\/#breadcrumb","itemListElement":[{"@type":"ListItem","position":1,"name":"In\u00edcio","item":"https:\/\/www.altominho.tv\/site\/"},{"@type":"ListItem","position":2,"name":"Portugal com mais 63.833 casos de infe\u00e7\u00e3o e 44 mortes"}]},{"@type":"WebSite","@id":"https:\/\/www.altominho.tv\/site\/#website","url":"https:\/\/www.altominho.tv\/site\/","name":"Altominho.tv","description":"A sua regi\u00e3o \u00e0 dist\u00e2ncia de um clique...","potentialAction":[{"@type":"SearchAction","target":{"@type":"EntryPoint","urlTemplate":"https:\/\/www.altominho.tv\/site\/?s={search_term_string}"},"query-input":{"@type":"PropertyValueSpecification","valueRequired":true,"valueName":"search_term_string"}}],"inLanguage":"pt-PT"},{"@type":"Person","@id":"https:\/\/www.altominho.tv\/site\/#\/schema\/person\/d9be4265364723f14ea8e0d56a1d38cd","name":"Andreia Ferreira","image":{"@type":"ImageObject","inLanguage":"pt-PT","@id":"https:\/\/www.altominho.tv\/site\/wp-content\/uploads\/2021\/01\/AndreiaFerreira-150x150.jpg","url":"https:\/\/www.altominho.tv\/site\/wp-content\/uploads\/2021\/01\/AndreiaFerreira-150x150.jpg","contentUrl":"https:\/\/www.altominho.tv\/site\/wp-content\/uploads\/2021\/01\/AndreiaFerreira-150x150.jpg","caption":"Andreia Ferreira"},"url":"https:\/\/www.altominho.tv\/site\/author\/andreiaferreira\/"}]}},"_links":{"self":[{"href":"https:\/\/www.altominho.tv\/site\/wp-json\/wp\/v2\/posts\/75530","targetHints":{"allow":["GET"]}}],"collection":[{"href":"https:\/\/www.altominho.tv\/site\/wp-json\/wp\/v2\/posts"}],"about":[{"href":"https:\/\/www.altominho.tv\/site\/wp-json\/wp\/v2\/types\/post"}],"author":[{"embeddable":true,"href":"https:\/\/www.altominho.tv\/site\/wp-json\/wp\/v2\/users\/12"}],"replies":[{"embeddable":true,"href":"https:\/\/www.altominho.tv\/site\/wp-json\/wp\/v2\/comments?post=75530"}],"version-history":[{"count":0,"href":"https:\/\/www.altominho.tv\/site\/wp-json\/wp\/v2\/posts\/75530\/revisions"}],"wp:featuredmedia":[{"embeddable":true,"href":"https:\/\/www.altominho.tv\/site\/wp-json\/wp\/v2\/media\/67434"}],"wp:attachment":[{"href":"https:\/\/www.altominho.tv\/site\/wp-json\/wp\/v2\/media?parent=75530"}],"wp:term":[{"taxonomy":"category","embeddable":true,"href":"https:\/\/www.altominho.tv\/site\/wp-json\/wp\/v2\/categories?post=75530"},{"taxonomy":"post_tag","embeddable":true,"href":"https:\/\/www.altominho.tv\/site\/wp-json\/wp\/v2\/tags?post=75530"}],"curies":[{"name":"wp","href":"https:\/\/api.w.org\/{rel}","templated":true}]}}